{"id":26297,"date":"2018-09-04T18:14:01","date_gmt":"2018-09-04T23:14:01","guid":{"rendered":"http:\/\/www.grieta.org.mx\/?p=26297"},"modified":"2018-09-08T18:24:08","modified_gmt":"2018-09-08T23:24:08","slug":"276-desaparecidas-durante-2017-no-ha-merecido-alerta-de-genero-en-el-pequeno-estado-de-puebla","status":"publish","type":"post","link":"https:\/\/www.grieta.org.mx\/index.php\/2018\/09\/04\/276-desaparecidas-durante-2017-no-ha-merecido-alerta-de-genero-en-el-pequeno-estado-de-puebla\/","title":{"rendered":"276 desaparecidas durante 2017 no ha merecido Alerta de G\u00e9nero en el peque\u00f1o estado de Puebla"},"content":{"rendered":"<p><img loading=\"lazy\" decoding=\"async\" data-attachment-id=\"26298\" data-permalink=\"https:\/\/www.grieta.org.mx\/index.php\/2018\/09\/04\/276-desaparecidas-durante-2017-no-ha-merecido-alerta-de-genero-en-el-pequeno-estado-de-puebla\/mujeres-puebla\/\" data-orig-file=\"https:\/\/www.grieta.org.mx\/wp-content\/uploads\/2018\/09\/mujeres-puebla.jpg\" data-orig-size=\"1100,580\" data-comments-opened=\"0\" data-image-meta=\"{&quot;aperture&quot;:&quot;0&quot;,&quot;credit&quot;:&quot;&quot;,&quot;camera&quot;:&quot;&quot;,&quot;caption&quot;:&quot;&quot;,&quot;created_timestamp&quot;:&quot;0&quot;,&quot;copyright&quot;:&quot;&quot;,&quot;focal_length&quot;:&quot;0&quot;,&quot;iso&quot;:&quot;0&quot;,&quot;shutter_speed&quot;:&quot;0&quot;,&quot;title&quot;:&quot;&quot;,&quot;orientation&quot;:&quot;0&quot;}\" data-image-title=\"mujeres puebla\" data-image-description=\"\" data-image-caption=\"\" data-medium-file=\"https:\/\/www.grieta.org.mx\/wp-content\/uploads\/2018\/09\/mujeres-puebla-300x158.jpg\" data-large-file=\"https:\/\/www.grieta.org.mx\/wp-content\/uploads\/2018\/09\/mujeres-puebla-1024x540.jpg\" src=\"http:\/\/www.grieta.org.mx\/wp-content\/uploads\/2018\/09\/mujeres-puebla-1024x540.jpg\" alt=\"\" width=\"702\" height=\"468\" class=\"aligncenter size-large wp-image-26298\" \/><\/p>\n<p>Puebla acumula desapariciones de mujeres y feminicidios a\u00fan as\u00ed no se decreta la Alerta de G\u00e9nero. Entre 2016 y 2017, una solicitud de la medida contra la violencia ya fue rechazada y otra \u2013que agrupa tres peticiones\u2013 est\u00e1 en tr\u00e1mite.<\/p>\n<p>Grupos civiles promoventes ya impugnaron la negativa de la primera y para la segunda el proceso tambi\u00e9n ya est\u00e1 en tribunales ante lo que consideran omisiones y an\u00e1lisis superficiales de la problem\u00e1tica que padecen las mujeres en la entidad.<\/p>\n<p>Ciudad de M\u00e9xico, 4 de septiembre (SinEmbargo).\u2013 Puebla, con apenas 6 millones de habitantes, atraviesa una crisis de desaparici\u00f3n de mujeres y ni\u00f1as. Pero el desinter\u00e9s de la Secretar\u00eda de Gobernaci\u00f3n (Segob) por investigar a fondo este fen\u00f3meno y su relaci\u00f3n con delitos el feminicidio puede derivar en que, por segunda ocasi\u00f3n, se rechace la declaratoria de la Alerta de Violencia de G\u00e9nero contra las Mujeres (AVGM) en la entidad, alertan organizaciones civiles.<\/p>\n<p>El temor de las activistas no es menor, pues la entidad acumula dos solicitudes de Alerta de G\u00e9nero: la primera impulsada por la organizaci\u00f3n \u201cTodos para Todos\u201d, que fue rechazada y se encuentra en tribunales; y otra que actualmente est\u00e1 en tr\u00e1mite, en la que se agruparon las peticiones de la Comisi\u00f3n Nacional de Derechos Humanos (CNDH), la organizaci\u00f3n Protecci\u00f3n Popular y la agrupaci\u00f3n civil Academia, Litigio Estrat\u00e9gico e Incidencia en Derechos Humanos (ALEIDHAC), y cuyo proceso ya fue impugnado.<\/p>\n<p>La \u00faltima petici\u00f3n realizada, en noviembre del a\u00f1o pasado, enfatiza en que se investiguen las desapariciones de mujeres en la entidad, adem\u00e1s de los casos de violencia feminicida.<\/p>\n<p>Datos de la Fiscal\u00eda General del Estado \u2013obtenidos v\u00eda transparencia por el Observatorio Ciudadano Nacional del Feminicidio (OCNF)\u2013 se\u00f1alan que entre 2015 y 2016 desaparecieron 820 mujeres, a seis de ellas las encontraron muertas y 300 no fueron localizadas. Para el a\u00f1o 2017 se registraron 276 casos y s\u00f3lo de 27 se supo el paradero.<br \/>\nLa cifra de feminicidios reconocidos por la Fiscal\u00eda de Puebla fue de 12 en el a\u00f1o 2016, para el siguiente a\u00f1o aument\u00f3 a 27 y hasta julio de este a\u00f1o se investigan 13.<\/p>\n<p>Los datos reflejan s\u00f3lo las investigaciones que son tipificadas bajo ese delito por las autoridades locales, aunque detr\u00e1s podr\u00eda haber m\u00e1s y que se califican s\u00f3lo como homicidios dolosos ante una falta de investigaci\u00f3n adecuada de las autoridades, seg\u00fan han alertado diferentes organizaciones sociales.<\/p>\n<p>El Instituto Nacional de Estad\u00edstica y Geograf\u00eda (INEGI) reporta que en Puebla hubo 91 homicidios de mujeres en 2015, la misma cifra en 2016, para 2017 se reportaron 140. Mientras que la prensa local ha contabilizado al menos 64 muertes violentas en lo que va de 2018.<\/p>\n<p>EL TORTUOSO CAMINO<\/p>\n<p>La implementaci\u00f3n de la AVG en Puebla se solicit\u00f3 por primera vez desde 2016. En marzo de ese a\u00f1o \u2013con Rafael Moreno Valle como Gobernador de la entidad\u2013 la organizaci\u00f3n \u201cTodos para Todos\u201d solicit\u00f3 la medida de emergencia y el 7 de julio \u2013ya con Antonio Gali Fayad al frente de la administraci\u00f3n estatal\u2013 se notific\u00f3 la no procedencia.<\/p>\n<p>\u201cTodos para Todos\u201d obtuvo un amparo contra la resoluci\u00f3n de la Segob, con el que el Juzgado Cuarto en Materia Civil Administrativa del Trabajo y Juicios Federal del Sexto Circuito presion\u00f3 a la instancia para reconsiderar la implementaci\u00f3n de la AVGM o renovar las recomendaciones que hizo al Gobierno poblano en esa ocasi\u00f3n para erradicar la violencia de g\u00e9nero contra las mujeres de la entidad.<\/p>\n<figure id=\"attachment_26299\" aria-describedby=\"caption-attachment-26299\" style=\"width: 700px\" class=\"wp-caption aligncenter\"><img loading=\"lazy\" decoding=\"async\" data-attachment-id=\"26299\" data-permalink=\"https:\/\/www.grieta.org.mx\/index.php\/2018\/09\/04\/276-desaparecidas-durante-2017-no-ha-merecido-alerta-de-genero-en-el-pequeno-estado-de-puebla\/puebla-violencia-contra-mujeres\/\" data-orig-file=\"https:\/\/www.grieta.org.mx\/wp-content\/uploads\/2018\/09\/puebla-violencia-contra-mujeres.jpg\" data-orig-size=\"700,467\" data-comments-opened=\"0\" data-image-meta=\"{&quot;aperture&quot;:&quot;0&quot;,&quot;credit&quot;:&quot;&quot;,&quot;camera&quot;:&quot;&quot;,&quot;caption&quot;:&quot;&quot;,&quot;created_timestamp&quot;:&quot;1510988120&quot;,&quot;copyright&quot;:&quot;&quot;,&quot;focal_length&quot;:&quot;0&quot;,&quot;iso&quot;:&quot;0&quot;,&quot;shutter_speed&quot;:&quot;0&quot;,&quot;title&quot;:&quot;&quot;,&quot;orientation&quot;:&quot;0&quot;}\" data-image-title=\"puebla-violencia-contra-mujeres\" data-image-description=\"\" data-image-caption=\"&lt;p&gt;En 2016 \u2013con Rafael Moreno Valle como Gobernador de la entidad\u2013 la organizaci\u00f3n \u201cTodos para Todos\u201d solicit\u00f3 la medida de emergencia y el 7 de julio se notific\u00f3 la no procedencia. Foto: Hilda R\u00edos, Cuartoscuro.&lt;\/p&gt;\n\" data-medium-file=\"https:\/\/www.grieta.org.mx\/wp-content\/uploads\/2018\/09\/puebla-violencia-contra-mujeres-300x200.jpg\" data-large-file=\"https:\/\/www.grieta.org.mx\/wp-content\/uploads\/2018\/09\/puebla-violencia-contra-mujeres.jpg\" src=\"http:\/\/www.grieta.org.mx\/wp-content\/uploads\/2018\/09\/puebla-violencia-contra-mujeres.jpg\" alt=\"\" width=\"700\" height=\"467\" class=\"size-full wp-image-26299\" srcset=\"https:\/\/www.grieta.org.mx\/wp-content\/uploads\/2018\/09\/puebla-violencia-contra-mujeres.jpg 700w, https:\/\/www.grieta.org.mx\/wp-content\/uploads\/2018\/09\/puebla-violencia-contra-mujeres-300x200.jpg 300w\" sizes=\"auto, (max-width: 700px) 100vw, 700px\" \/><figcaption id=\"caption-attachment-26299\" class=\"wp-caption-text\">En 2016 \u2013con Rafael Moreno Valle como Gobernador de la entidad\u2013 la organizaci\u00f3n \u201cTodos para Todos\u201d solicit\u00f3 la medida de emergencia y el 7 de julio se notific\u00f3 la no procedencia. Foto: Hilda R\u00edos, Cuartoscuro.<br \/><\/figcaption><\/figure>\n<p>La primera solicitud fue denegada por la Segob porque concluy\u00f3 que el Gobierno estatal hab\u00eda cumplido con las recomendaciones que le dio, sin embargo, este a\u00f1o la Comisi\u00f3n Nacional de V\u00edctimas (Conavim) \u2013que se encarga de coordinar el grupo de trabajo de evaluaci\u00f3n\u2013 volvi\u00f3 a solicitar las mismas medidas, como la capacitaci\u00f3n de funcionarios p\u00fablicos, adem\u00e1s de tres diagn\u00f3sticos: sobre educaci\u00f3n en temas de g\u00e9nero, trata de personas y atenci\u00f3n a v\u00edctimas de violencia y la creaci\u00f3n de una fiscal\u00eda especializada en atender delitos de g\u00e9nero.<\/p>\n<p>\u201cEso evidencia que el Gobierno de Puebla simul\u00f3 que cumpli\u00f3 las recomendaciones de 2016, y la Conavim lo aprob\u00f3. [Con esa simulaci\u00f3n] S\u00f3lo ponen en riesgo la vida de ni\u00f1as y mujeres\u201d, reclama Mariel Guzm\u00e1n Cort\u00e9s, coordinadora del programa de igualdad y justicia del Observatorio Ciudadano de Derechos Sexuales y Reproductivos, AC (Odesyr), que da seguimiento a la alerta.<br \/>\nLa activista resalta que lo m\u00e1s preocupante es que la Conavim s\u00f3lo apuesta a las acciones estructurales a largo plazo e \u201cignora\u201d que la AVGM se cre\u00f3 para actuar de manera inmediata ante contextos de violencia de g\u00e9nero extrema que ponen en riesgo la vida de mujeres y ni\u00f1as.<\/p>\n<p>En 2017 \u2013dos meses despu\u00e9s de que la Segob neg\u00f3 la AVGM en Puebla\u2013 el feminicidio de la estudiante Mara Castilla en San Andr\u00e9s Cholula constern\u00f3 a la ciudadan\u00eda. Ella abord\u00f3 un taxi Cabify, fue reportada como desparecida y posteriormente la encontraron asesinada y con signos de violencia sexual. Ante este contexto la Comisi\u00f3n Nacional de Derechos Humanos solicit\u00f3 una segunda alerta en octubre de 2017 por violencia feminicida, misma que la Conavim agrup\u00f3 con la petici\u00f3n que las organizaciones Protecci\u00f3n Popular Nacional y Sumando por Guerrero hicieron ese mismo mes, as\u00ed como con la de la Academia, Litigio Estrat\u00e9gico e Incidencia en Derechos Humanos, A.C.; la petici\u00f3n se admiti\u00f3 a tr\u00e1mite en noviembre de 2017.<\/p>\n<p>El grupo de trabajo coordinado por la Conavim realiz\u00f3 el informe sobre el contexto en la entidad y lo present\u00f3 hasta mediados de julio de 2018, a\u00fan cuando el reglamento de operaci\u00f3n de la Alerta de G\u00e9nero establece un plazo de dos meses para hacerlo. \u201c[La Conavim] no respeta ni su reglamento\u201d, resalta Guzm\u00e1n Cort\u00e9s.<\/p>\n<p>El Gobierno de Gali Fayad tiene un plazo de seis meses para cumplir las 15 recomendaciones realizadas por el grupo de trabajo, de no hacerlo la AVGM tendr\u00eda que decretarse.<\/p>\n<p>Ante las irregularidades y omisiones el Observatorio Ciudadano Nacional del Feminicidio (OCNF) y Academia, Litigio Estrat\u00e9gico impugnaron el proceso de la elaboraci\u00f3n del diagn\u00f3stico y los resultados de la Conavim.<\/p>\n<p>La coordinadora del OCNF), Mar\u00eda de la Luz Estrada, pone como ejemplo que el diagn\u00f3stico sobre desaparici\u00f3n es \u201csuperficial\u201d: incluye datos que no est\u00e1n actualizados \u2013contiene cifras del 2015\u2013 y se pretende relacionar todos lo casos con la trata de personas, cuando organizaciones civiles ya han identificado otros patrones.<\/p>\n<p>\u201cHay mujeres que son constantemente violentadas en sus relaciones y tiempo despu\u00e9s desaparecen, este tipo de factores no los contempl\u00f3 la Conavim. Queremos que se investiguen todas las posibilidades para garantizar a las v\u00edctimas y sus familias el derecho a la justicia\u201d, demanda Luz Estrada.<\/p>\n<figure id=\"attachment_26300\" aria-describedby=\"caption-attachment-26300\" style=\"width: 700px\" class=\"wp-caption aligncenter\"><img loading=\"lazy\" decoding=\"async\" data-attachment-id=\"26300\" data-permalink=\"https:\/\/www.grieta.org.mx\/index.php\/2018\/09\/04\/276-desaparecidas-durante-2017-no-ha-merecido-alerta-de-genero-en-el-pequeno-estado-de-puebla\/violencia-mujeres-puebla-2\/\" data-orig-file=\"https:\/\/www.grieta.org.mx\/wp-content\/uploads\/2018\/09\/violencia-mujeres-puebla-2.jpg\" data-orig-size=\"700,467\" data-comments-opened=\"0\" data-image-meta=\"{&quot;aperture&quot;:&quot;0&quot;,&quot;credit&quot;:&quot;&quot;,&quot;camera&quot;:&quot;&quot;,&quot;caption&quot;:&quot;&quot;,&quot;created_timestamp&quot;:&quot;1505631911&quot;,&quot;copyright&quot;:&quot;&quot;,&quot;focal_length&quot;:&quot;0&quot;,&quot;iso&quot;:&quot;0&quot;,&quot;shutter_speed&quot;:&quot;0&quot;,&quot;title&quot;:&quot;&quot;,&quot;orientation&quot;:&quot;0&quot;}\" data-image-title=\"violencia-mujeres-puebla-2\" data-image-description=\"\" data-image-caption=\"&lt;p&gt;En 2017, dos meses despu\u00e9s de que la Segob neg\u00f3 la AVGM en Puebla, el feminicidio de la estudiante Mara Castilla en Cholula constern\u00f3 a la ciudadan\u00eda. Foto: Cuartoscuro.&lt;\/p&gt;\n\" data-medium-file=\"https:\/\/www.grieta.org.mx\/wp-content\/uploads\/2018\/09\/violencia-mujeres-puebla-2-300x200.jpg\" data-large-file=\"https:\/\/www.grieta.org.mx\/wp-content\/uploads\/2018\/09\/violencia-mujeres-puebla-2.jpg\" src=\"http:\/\/www.grieta.org.mx\/wp-content\/uploads\/2018\/09\/violencia-mujeres-puebla-2.jpg\" alt=\"\" width=\"700\" height=\"467\" class=\"size-full wp-image-26300\" srcset=\"https:\/\/www.grieta.org.mx\/wp-content\/uploads\/2018\/09\/violencia-mujeres-puebla-2.jpg 700w, https:\/\/www.grieta.org.mx\/wp-content\/uploads\/2018\/09\/violencia-mujeres-puebla-2-300x200.jpg 300w\" sizes=\"auto, (max-width: 700px) 100vw, 700px\" \/><figcaption id=\"caption-attachment-26300\" class=\"wp-caption-text\">En 2017, dos meses despu\u00e9s de que la Segob neg\u00f3 la AVGM en Puebla, el feminicidio de la estudiante Mara Castilla en Cholula constern\u00f3 a la ciudadan\u00eda. Foto: Cuartoscuro.<\/figcaption><\/figure>\n<p>El amparo ante un juzgado federal pretende obligar a la instancia a investigar de nuevo todos los factores que influyen en las desapariciones de mujeres, as\u00ed como en la violencia de g\u00e9nero en Puebla y con ello  emitir nuevas recomendaciones para enfrentar el problema.<\/p>\n<p>En la demanda, en manos de SinEmbargo, la organizaci\u00f3n argumenta que la Conavim  violent\u00f3 el debido proceso e incumpli\u00f3 su reglamento, \u201cpues no garantiza la debida diligencia y perspectiva de g\u00e9nero\u201d, adem\u00e1s de entregar un informe basado en una investigaci\u00f3n inefectiva.<\/p>\n<p>Muestra de esto, se\u00f1ala la solicitud de amparo, es que aunque en el informe se reconoce el incremento del crimen organizado en algunas regiones del estado y el \u201centorno geogr\u00e1fico que rodea la trata y la explotaci\u00f3n sexual de las mujeres en el llamado corredor Puebla-Tlaxcala\u201d, el grupo de trabajo de la Conavim redujo las recomendaciones a acciones que ya son obligatorias y est\u00e1n establecidas en la Ley General de Acceso de las Mujeres a una Vida Libre de Violencia, en la Ley General de Igualdad, as\u00ed como en sus hom\u00f3logas estatales.<\/p>\n<p>\u201cEjemplo de ello es la recomendaci\u00f3n de un \u2018Programa \u00fanico de capacitaci\u00f3n sobre violencia feminicida, violencia sexual y trata de personas con fines de explotaci\u00f3n sexual as\u00ed como b\u00fasqueda y desaparici\u00f3n\u2019 cuando -dado el car\u00e1cter emergente de la AVG- las acciones tienen que ser principalmente estructurales y a corto plazo\u201d, argumentan el Observatorio Ciudadano Nacional del Feminicidio y la Academia, Litigio Estrat\u00e9gico en su solicitud de amparo.<br \/>\nEl recurso interpuesto tiene un mayor alcance y de ganarse, la Conavim estar\u00eda doblemente obligada a cambiar su diagn\u00f3stico sobre la violencia de g\u00e9nero en el estado, pues lo tendr\u00eda que hacer tambi\u00e9n para la primera solicitud que fue rechazada.<\/p>\n<p>La coordinadora del OCNF lamenta que sea necesario recurrir a recursos penales para obligar a la Segob a atender la violencia contra las mujeres y se\u00f1ala que \u201cno es que la AVGM no funcione, lo que no funciona son los malos informes que no est\u00e1n atacando el problema, que no est\u00e1n haciendo una investigaci\u00f3n seria que permita recomendar a partir de un contexto que est\u00e1 poniendo en riesgo a las mujeres\u201d.<\/p>\n<figure id=\"attachment_26302\" aria-describedby=\"caption-attachment-26302\" style=\"width: 700px\" class=\"wp-caption aligncenter\"><img loading=\"lazy\" decoding=\"async\" data-attachment-id=\"26302\" data-permalink=\"https:\/\/www.grieta.org.mx\/index.php\/2018\/09\/04\/276-desaparecidas-durante-2017-no-ha-merecido-alerta-de-genero-en-el-pequeno-estado-de-puebla\/violencia-mujeres-puebla\/\" data-orig-file=\"https:\/\/www.grieta.org.mx\/wp-content\/uploads\/2018\/09\/violencia-mujeres-puebla.jpg\" data-orig-size=\"700,467\" data-comments-opened=\"0\" data-image-meta=\"{&quot;aperture&quot;:&quot;0&quot;,&quot;credit&quot;:&quot;&quot;,&quot;camera&quot;:&quot;&quot;,&quot;caption&quot;:&quot;&quot;,&quot;created_timestamp&quot;:&quot;1510988560&quot;,&quot;copyright&quot;:&quot;&quot;,&quot;focal_length&quot;:&quot;0&quot;,&quot;iso&quot;:&quot;0&quot;,&quot;shutter_speed&quot;:&quot;0&quot;,&quot;title&quot;:&quot;&quot;,&quot;orientation&quot;:&quot;0&quot;}\" data-image-title=\"violencia-mujeres-puebla\" data-image-description=\"\" data-image-caption=\"&lt;p&gt;Datos de la Fiscal\u00eda General del Estado \u2013obtenidos v\u00eda transparencia por el Observatorio Ciudadano Nacional del Feminicidio (OCNF)\u2013 se\u00f1alan que entre 2015 y 2016 desaparecieron 820 mujeres. Foto: Cuartoscuro.&lt;\/p&gt;\n\" data-medium-file=\"https:\/\/www.grieta.org.mx\/wp-content\/uploads\/2018\/09\/violencia-mujeres-puebla-300x200.jpg\" data-large-file=\"https:\/\/www.grieta.org.mx\/wp-content\/uploads\/2018\/09\/violencia-mujeres-puebla.jpg\" src=\"http:\/\/www.grieta.org.mx\/wp-content\/uploads\/2018\/09\/violencia-mujeres-puebla.jpg\" alt=\"\" width=\"700\" height=\"467\" class=\"size-full wp-image-26302\" srcset=\"https:\/\/www.grieta.org.mx\/wp-content\/uploads\/2018\/09\/violencia-mujeres-puebla.jpg 700w, https:\/\/www.grieta.org.mx\/wp-content\/uploads\/2018\/09\/violencia-mujeres-puebla-300x200.jpg 300w\" sizes=\"auto, (max-width: 700px) 100vw, 700px\" \/><figcaption id=\"caption-attachment-26302\" class=\"wp-caption-text\">Datos de la Fiscal\u00eda General del Estado \u2013obtenidos v\u00eda transparencia por el Observatorio Ciudadano Nacional del Feminicidio (OCNF)\u2013 se\u00f1alan que entre 2015 y 2016 desaparecieron 820 mujeres. Foto: Cuartoscuro.<\/figcaption><\/figure>\n<p>La defensora de derechos humanos Mariel Guzm\u00e1n tambi\u00e9n identifica una serie de irregularidades en el proceso para solicitar la alerta en la entidad. La primera es que la Conavim agrup\u00f3 tres solicitudes que hacen \u00e9nfasis en temas distintos: la violencia feminicida, sexual y las desapariciones, pero ninguno de ellos se analiz\u00f3 a fondo, lo que se constata en el informe final de evaluaci\u00f3n, donde, al contexto de delitos sexuales se le dedican dos p\u00e1rrafos y la desaparici\u00f3n de mujeres y ni\u00f1as s\u00f3lo un apartado de menos una cuartilla de extensi\u00f3n.<\/p>\n<p>La coordinadora del Observatorio Ciudadano Nacional del Feminicidio explica que los funcionarios federales usan la coyuntura pol\u00edtica para obstaculizar la medida de emergencia. \u201cEn la Segob ponen de pretexto que ya se van y nadie se hace responsable de nada, con dolo ignoran actuar ante situaciones que vulneran la vida de las mujeres \u201d, denuncia.<br \/>\nEn d\u00edas pasados, el OCNF y las m\u00e1s de 80 asociaciones que conforman la Red Nacional de Organismos Civiles de Derechos Humanos Todos los Derechos Para Todos (Red TDT) reclamaron al Gobierno de Enrique Pe\u00f1a Nieto y al titular de la Segob, Alfonso Navarrete Prida, su inacci\u00f3n para prevenir, atender, sancionar y erradicar  la violencia contra las mujeres y recalcaron que a\u00fan queda un centenar para que su mandato concluya.<\/p>\n<p>Y al Gobierno Federal electo, encabezado por Andr\u00e9s Manuel L\u00f3pez Obrador, lo llamaron a evitar retrocesos en la pol\u00edtica de combate a la violencia hacia las mujeres, de manera espec\u00edfica se dirigieron a la nueva Secretaria de Gobernaci\u00f3n, Olga S\u00e1nchez Cordero, a quien solicitaron fortalecer  la Conavim.<\/p>\n<p><a href=\"http:\/\/www.sinembargo.mx\/04-09-2018\/3464431\">http:\/\/www.sinembargo.mx\/04-09-2018\/3464431<\/a><\/p>\n","protected":false},"excerpt":{"rendered":"<p>Puebla acumula desapariciones de mujeres y feminicidios a\u00fan as\u00ed no se decreta la Alerta de G\u00e9nero. Entre 2016 y 2017, una solicitud de la medida contra la violencia ya fue &hellip; <a href=\"https:\/\/www.grieta.org.mx\/index.php\/2018\/09\/04\/276-desaparecidas-durante-2017-no-ha-merecido-alerta-de-genero-en-el-pequeno-estado-de-puebla\/\" class=\"more-link\">Leer m\u00e1s<\/a><\/p>\n","protected":false},"author":2,"featured_media":26302,"comment_status":"closed","ping_status":"closed","sticky":false,"template":"","format":"standard","meta":{"ngg_post_thumbnail":0,"_jetpack_newsletter_access":"","_jetpack_dont_email_post_to_subs":false,"_jetpack_newsletter_tier_id":0,"_jetpack_memberships_contains_paywalled_content":false,"_jetpack_memberships_contains_paid_content":false,"footnotes":""},"categories":[80,87,1045,84,1244,2,26,83],"tags":[1223,631,81],"class_list":["post-26297","post","type-post","status-publish","format-standard","has-post-thumbnail","hentry","category-cintillo","category-desaparecidos","category-desaparecidos-en-puebla","category-feminicidios","category-feminicidios-en-puebla","category-noticias-nacionales","category-puebla","category-temas-nacionales","tag-alerta-de-genero","tag-desaparecidas","tag-feminicidios","entry"],"jetpack_featured_media_url":"https:\/\/www.grieta.org.mx\/wp-content\/uploads\/2018\/09\/violencia-mujeres-puebla.jpg","jetpack_sharing_enabled":true,"jetpack_shortlink":"https:\/\/wp.me\/p7ZJR4-6Q9","jetpack_likes_enabled":false,"jetpack-related-posts":[{"id":1494,"url":"https:\/\/www.grieta.org.mx\/index.php\/2016\/09\/04\/feminicidios-en-puebla\/","url_meta":{"origin":26297,"position":0},"title":"Feminicidios en Puebla","author":"grieta","date":"4 septiembre, 2016","format":false,"excerpt":"04\/09\/16. Omisi\u00f3n de personal de Salud es factor en el aumento de muertes de mujeres (Puebla) Lado B 04\/07\/16. Asesinatos contra mujeres: de 2009 a marzo de 2016 se perpetraron 527 (Puebla) La Jornada de Oriente 23\/06\/16. Feminicidios: foco rojo de Puebla Digitall Post 23\/06\/16. Puebla a un paso de\u2026","rel":"","context":"En &quot;Feminicidios&quot;","block_context":{"text":"Feminicidios","link":"https:\/\/www.grieta.org.mx\/index.php\/category\/temas-nacionales\/feminicidios\/"},"img":{"alt_text":"","src":"https:\/\/i0.wp.com\/www.grieta.org.mx\/wp-content\/uploads\/2018\/03\/14524434_1106112876131411_958039263622046936_o.jpg?resize=350%2C200&ssl=1","width":350,"height":200,"srcset":"https:\/\/i0.wp.com\/www.grieta.org.mx\/wp-content\/uploads\/2018\/03\/14524434_1106112876131411_958039263622046936_o.jpg?resize=350%2C200&ssl=1 1x, https:\/\/i0.wp.com\/www.grieta.org.mx\/wp-content\/uploads\/2018\/03\/14524434_1106112876131411_958039263622046936_o.jpg?resize=525%2C300&ssl=1 1.5x, https:\/\/i0.wp.com\/www.grieta.org.mx\/wp-content\/uploads\/2018\/03\/14524434_1106112876131411_958039263622046936_o.jpg?resize=700%2C400&ssl=1 2x"},"classes":[]},{"id":15137,"url":"https:\/\/www.grieta.org.mx\/index.php\/2016\/06\/23\/feminicidios-foco-rojo-de-puebla\/","url_meta":{"origin":26297,"position":1},"title":"Feminicidios: foco rojo de Puebla","author":"grieta","date":"23 junio, 2016","format":false,"excerpt":"PUEBLA, PUEBLA.- El feminicidio va en aumento en Puebla. A la fecha, son ya 44 los hechos y la cifra ya rebasa los 37 asesinatos de mujeres que se registraron en todo el 2015. Esto, pese a que el estado en los \u00faltimos meses, el gobierno ha lanzado una campa\u00f1a\u2026","rel":"","context":"En &quot;CINTILLO&quot;","block_context":{"text":"CINTILLO","link":"https:\/\/www.grieta.org.mx\/index.php\/category\/cintillo\/"},"img":{"alt_text":"","src":"https:\/\/i0.wp.com\/www.grieta.org.mx\/wp-content\/uploads\/2016\/06\/digitallpost_feminiciosmexico-1024x683.jpg?resize=350%2C200&ssl=1","width":350,"height":200,"srcset":"https:\/\/i0.wp.com\/www.grieta.org.mx\/wp-content\/uploads\/2016\/06\/digitallpost_feminiciosmexico-1024x683.jpg?resize=350%2C200&ssl=1 1x, https:\/\/i0.wp.com\/www.grieta.org.mx\/wp-content\/uploads\/2016\/06\/digitallpost_feminiciosmexico-1024x683.jpg?resize=525%2C300&ssl=1 1.5x, https:\/\/i0.wp.com\/www.grieta.org.mx\/wp-content\/uploads\/2016\/06\/digitallpost_feminiciosmexico-1024x683.jpg?resize=700%2C400&ssl=1 2x"},"classes":[]},{"id":15231,"url":"https:\/\/www.grieta.org.mx\/index.php\/2016\/06\/23\/puebla-a-un-paso-de-recibir-la-alerta-de-genero\/","url_meta":{"origin":26297,"position":2},"title":"Puebla a un paso de recibir la Alerta de G\u00e9nero","author":"grieta","date":"23 junio, 2016","format":false,"excerpt":"Por Jorge Castillo Puebla est\u00e1 a un paso de recibir la alerta de g\u00e9nero tras una investigaci\u00f3n de la Comisi\u00f3n Nacional para Prevenir y Erradicar la Violencia contra las Mujeres (CONAVIM), que si encontr\u00f3 elementos de riesgo en la entidad. De acuerdo a Manuel Galv\u00e1n, integrante del Instituto Mexicano de\u2026","rel":"","context":"En &quot;CINTILLO&quot;","block_context":{"text":"CINTILLO","link":"https:\/\/www.grieta.org.mx\/index.php\/category\/cintillo\/"},"img":{"alt_text":"","src":"https:\/\/i0.wp.com\/www.grieta.org.mx\/wp-content\/uploads\/2016\/06\/puebla-a-un-paso-de-recibir-la-alerta-de-genero.jpg?resize=350%2C200&ssl=1","width":350,"height":200,"srcset":"https:\/\/i0.wp.com\/www.grieta.org.mx\/wp-content\/uploads\/2016\/06\/puebla-a-un-paso-de-recibir-la-alerta-de-genero.jpg?resize=350%2C200&ssl=1 1x, https:\/\/i0.wp.com\/www.grieta.org.mx\/wp-content\/uploads\/2016\/06\/puebla-a-un-paso-de-recibir-la-alerta-de-genero.jpg?resize=525%2C300&ssl=1 1.5x"},"classes":[]},{"id":27251,"url":"https:\/\/www.grieta.org.mx\/index.php\/2018\/10\/11\/en-puebla-180-menores-de-edad-han-desaparecido-2\/","url_meta":{"origin":26297,"position":3},"title":"En Puebla, 180 menores de edad han desaparecido","author":"grieta","date":"11 octubre, 2018","format":false,"excerpt":"El Popular En Puebla la interseccionalidad refiere que las condiciones de g\u00e9nero contra ni\u00f1as y adolescentes en el estado es relativa a la raza, la identidad de g\u00e9nero, la condici\u00f3n etaria o la clase, motivo por el cual, esta problem\u00e1tica sigue es relacionada con la modalidad comunitaria y feminicida. De\u2026","rel":"","context":"En &quot;CINTILLO&quot;","block_context":{"text":"CINTILLO","link":"https:\/\/www.grieta.org.mx\/index.php\/category\/cintillo\/"},"img":{"alt_text":"","src":"https:\/\/i0.wp.com\/www.grieta.org.mx\/wp-content\/uploads\/2018\/10\/WhatsApp-Image-2018-10-11-at-9_41_39-PM.jpg?resize=350%2C200&ssl=1","width":350,"height":200,"srcset":"https:\/\/i0.wp.com\/www.grieta.org.mx\/wp-content\/uploads\/2018\/10\/WhatsApp-Image-2018-10-11-at-9_41_39-PM.jpg?resize=350%2C200&ssl=1 1x, https:\/\/i0.wp.com\/www.grieta.org.mx\/wp-content\/uploads\/2018\/10\/WhatsApp-Image-2018-10-11-at-9_41_39-PM.jpg?resize=525%2C300&ssl=1 1.5x, https:\/\/i0.wp.com\/www.grieta.org.mx\/wp-content\/uploads\/2018\/10\/WhatsApp-Image-2018-10-11-at-9_41_39-PM.jpg?resize=700%2C400&ssl=1 2x"},"classes":[]},{"id":1538,"url":"https:\/\/www.grieta.org.mx\/index.php\/2015\/12\/29\/faltan-voluntad-e-informacion-para-alerta-de-genero-en-puebla-ongs\/","url_meta":{"origin":26297,"position":4},"title":"Faltan voluntad e informaci\u00f3n para alerta de g\u00e9nero en Puebla: ONGs","author":"grieta","date":"29 diciembre, 2015","format":false,"excerpt":"diciembre 29, 2015 Samantha P\u00e1ez, Puebla Organizaciones civiles se\u00f1alaron que aunque la alerta de g\u00e9nero es necesaria en Puebla, era previsible que la Comisi\u00f3n de Derechos Humanos (CDH) Puebla no la solicitara debido la actitud que en ocasiones anteriores mostr\u00f3 ante la violencia de g\u00e9nero y a la falta de\u2026","rel":"","context":"En &quot;CINTILLO&quot;","block_context":{"text":"CINTILLO","link":"https:\/\/www.grieta.org.mx\/index.php\/category\/cintillo\/"},"img":{"alt_text":"","src":"https:\/\/i0.wp.com\/www.grieta.org.mx\/wp-content\/uploads\/2018\/03\/14524434_1106112876131411_958039263622046936_o.jpg?resize=350%2C200&ssl=1","width":350,"height":200,"srcset":"https:\/\/i0.wp.com\/www.grieta.org.mx\/wp-content\/uploads\/2018\/03\/14524434_1106112876131411_958039263622046936_o.jpg?resize=350%2C200&ssl=1 1x, https:\/\/i0.wp.com\/www.grieta.org.mx\/wp-content\/uploads\/2018\/03\/14524434_1106112876131411_958039263622046936_o.jpg?resize=525%2C300&ssl=1 1.5x, https:\/\/i0.wp.com\/www.grieta.org.mx\/wp-content\/uploads\/2018\/03\/14524434_1106112876131411_958039263622046936_o.jpg?resize=700%2C400&ssl=1 2x"},"classes":[]},{"id":1531,"url":"https:\/\/www.grieta.org.mx\/index.php\/2015\/12\/28\/la-cdh-se-niega-a-solicitar-una-alerta-de-genero-para-puebla\/","url_meta":{"origin":26297,"position":5},"title":"La CDH se niega a solicitar una alerta de g\u00e9nero para Puebla","author":"grieta","date":"28 diciembre, 2015","format":false,"excerpt":"diciembre 28, 2015 Samantha P\u00e1ez, Puebla La Comisi\u00f3n de Derechos Humanos (CDH) de Puebla no solicitar\u00e1 una alerta de g\u00e9nero para el estado, dado que \u201cno existen elementos objetivos\u201d para hacerlo y \u201cno se re\u00fanen los requisitos para tal solicitud\u201d. Sin embargo, advirti\u00f3 la necesidad de que las instituciones p\u00fablicas\u2026","rel":"","context":"En &quot;CINTILLO&quot;","block_context":{"text":"CINTILLO","link":"https:\/\/www.grieta.org.mx\/index.php\/category\/cintillo\/"},"img":{"alt_text":"","src":"https:\/\/i0.wp.com\/www.grieta.org.mx\/wp-content\/uploads\/2018\/03\/14524434_1106112876131411_958039263622046936_o.jpg?resize=350%2C200&ssl=1","width":350,"height":200,"srcset":"https:\/\/i0.wp.com\/www.grieta.org.mx\/wp-content\/uploads\/2018\/03\/14524434_1106112876131411_958039263622046936_o.jpg?resize=350%2C200&ssl=1 1x, https:\/\/i0.wp.com\/www.grieta.org.mx\/wp-content\/uploads\/2018\/03\/14524434_1106112876131411_958039263622046936_o.jpg?resize=525%2C300&ssl=1 1.5x, https:\/\/i0.wp.com\/www.grieta.org.mx\/wp-content\/uploads\/2018\/03\/14524434_1106112876131411_958039263622046936_o.jpg?resize=700%2C400&ssl=1 2x"},"classes":[]}],"_links":{"self":[{"href":"https:\/\/www.grieta.org.mx\/index.php\/wp-json\/wp\/v2\/posts\/26297","targetHints":{"allow":["GET"]}}],"collection":[{"href":"https:\/\/www.grieta.org.mx\/index.php\/wp-json\/wp\/v2\/posts"}],"about":[{"href":"https:\/\/www.grieta.org.mx\/index.php\/wp-json\/wp\/v2\/types\/post"}],"author":[{"embeddable":true,"href":"https:\/\/www.grieta.org.mx\/index.php\/wp-json\/wp\/v2\/users\/2"}],"replies":[{"embeddable":true,"href":"https:\/\/www.grieta.org.mx\/index.php\/wp-json\/wp\/v2\/comments?post=26297"}],"version-history":[{"count":1,"href":"https:\/\/www.grieta.org.mx\/index.php\/wp-json\/wp\/v2\/posts\/26297\/revisions"}],"predecessor-version":[{"id":26305,"href":"https:\/\/www.grieta.org.mx\/index.php\/wp-json\/wp\/v2\/posts\/26297\/revisions\/26305"}],"wp:featuredmedia":[{"embeddable":true,"href":"https:\/\/www.grieta.org.mx\/index.php\/wp-json\/wp\/v2\/media\/26302"}],"wp:attachment":[{"href":"https:\/\/www.grieta.org.mx\/index.php\/wp-json\/wp\/v2\/media?parent=26297"}],"wp:term":[{"taxonomy":"category","embeddable":true,"href":"https:\/\/www.grieta.org.mx\/index.php\/wp-json\/wp\/v2\/categories?post=26297"},{"taxonomy":"post_tag","embeddable":true,"href":"https:\/\/www.grieta.org.mx\/index.php\/wp-json\/wp\/v2\/tags?post=26297"}],"curies":[{"name":"wp","href":"https:\/\/api.w.org\/{rel}","templated":true}]}}