{"id":26294,"date":"2018-08-20T18:04:09","date_gmt":"2018-08-20T23:04:09","guid":{"rendered":"http:\/\/www.grieta.org.mx\/?p=26294"},"modified":"2018-09-08T18:10:16","modified_gmt":"2018-09-08T23:10:16","slug":"campesinos-de-totimehuacan-demandaran-a-volkswagen-por-ahuyentar-las-lluvias-puebla","status":"publish","type":"post","link":"https:\/\/www.grieta.org.mx\/index.php\/2018\/08\/20\/campesinos-de-totimehuacan-demandaran-a-volkswagen-por-ahuyentar-las-lluvias-puebla\/","title":{"rendered":"Campesinos de Totimehuacan demandar\u00e1n a Volkswagen por ahuyentar las lluvias (Puebla)"},"content":{"rendered":"<figure id=\"attachment_26295\" aria-describedby=\"caption-attachment-26295\" style=\"width: 860px\" class=\"wp-caption aligncenter\"><img loading=\"lazy\" decoding=\"async\" data-attachment-id=\"26295\" data-permalink=\"https:\/\/www.grieta.org.mx\/index.php\/2018\/08\/20\/campesinos-de-totimehuacan-demandaran-a-volkswagen-por-ahuyentar-las-lluvias-puebla\/5881-extra-02b-860x574\/\" data-orig-file=\"https:\/\/www.grieta.org.mx\/wp-content\/uploads\/2018\/09\/5881-extra-02b-860x574.jpg\" data-orig-size=\"860,574\" data-comments-opened=\"0\" data-image-meta=\"{&quot;aperture&quot;:&quot;0&quot;,&quot;credit&quot;:&quot;&quot;,&quot;camera&quot;:&quot;&quot;,&quot;caption&quot;:&quot;&quot;,&quot;created_timestamp&quot;:&quot;0&quot;,&quot;copyright&quot;:&quot;&quot;,&quot;focal_length&quot;:&quot;0&quot;,&quot;iso&quot;:&quot;0&quot;,&quot;shutter_speed&quot;:&quot;0&quot;,&quot;title&quot;:&quot;&quot;,&quot;orientation&quot;:&quot;0&quot;}\" data-image-title=\"5881-extra-02b-860&amp;#215;574\" data-image-description=\"\" data-image-caption=\"&lt;p&gt;Campesinos de Totimehuacan demandar\u00e1n a Volkswagen por ahuyentar las lluvias a causa de la activaci\u00f3n de los dispositivos s\u00f3nicos antigranizo ?? Foto: Jos\u00e9 Casta\u00f1ares&lt;\/p&gt;\n\" data-medium-file=\"https:\/\/www.grieta.org.mx\/wp-content\/uploads\/2018\/09\/5881-extra-02b-860x574-300x200.jpg\" data-large-file=\"https:\/\/www.grieta.org.mx\/wp-content\/uploads\/2018\/09\/5881-extra-02b-860x574.jpg\" src=\"http:\/\/www.grieta.org.mx\/wp-content\/uploads\/2018\/09\/5881-extra-02b-860x574.jpg\" alt=\"\" width=\"702\" height=\"468\" class=\"size-full wp-image-26295\" srcset=\"https:\/\/www.grieta.org.mx\/wp-content\/uploads\/2018\/09\/5881-extra-02b-860x574.jpg 860w, https:\/\/www.grieta.org.mx\/wp-content\/uploads\/2018\/09\/5881-extra-02b-860x574-300x200.jpg 300w, https:\/\/www.grieta.org.mx\/wp-content\/uploads\/2018\/09\/5881-extra-02b-860x574-768x513.jpg 768w, https:\/\/www.grieta.org.mx\/wp-content\/uploads\/2018\/09\/5881-extra-02b-860x574-749x500.jpg 749w\" sizes=\"auto, (max-width: 702px) 100vw, 702px\" \/><figcaption id=\"caption-attachment-26295\" class=\"wp-caption-text\">Campesinos de Totimehuacan demandar\u00e1n a Volkswagen por ahuyentar las lluvias a causa de la activaci\u00f3n de los dispositivos s\u00f3nicos antigranizo ?? Foto: Jos\u00e9 Casta\u00f1ares<\/figcaption><\/figure>\n<p>Este a\u00f1o no hay elotes para hervir con peric\u00f3n, tampoco calabazas y mucho menos frijol; la falta de agua termin\u00f3 por secar las plantas, por \u201cencebollar\u201d las milpas.<\/p>\n<p>El des\u00e1nimo es evidente en su voz y en sus rostros, son campesinos de San Francisco Totimehuacan que se aferran a continuar cultivando los terrenos que compraron o que les heredaron sus padres o abuelos.<\/p>\n<p>La \u00faltima vez que llovi\u00f3, recuerdan, fue por el 20 de mayo y a partir de ah\u00ed notaron una alteraci\u00f3n en el ciclo y no creen que sea natural, sino consecuencia de agentes externos.<\/p>\n<p>En un recorrido que realiz\u00f3 La Jornada de Oriente por dicha junta auxiliar de Puebla, se constat\u00f3 que pr\u00e1cticamente la totalidad de los terrenos sembrados, en su mayor\u00eda con ma\u00edz, las plantas no alcanzaron la madurez suficiente para dar elotes y actualmente se encuentran secas o en el todav\u00eda peor de los casos ni siquiera naci\u00f3 la semilla sembrada.<\/p>\n<p>Her\u00f3n Garc\u00eda Mart\u00ednez, acad\u00e9mico de la UAP y productor en Totimehuacan, sostiene que la activaci\u00f3n de los dispositivos s\u00f3nicos antigranizo adquiridos por Volkswagen de M\u00e9xico son los culpables de que las precipitaciones pluviales no llegaran a las tierras agr\u00edcolas.<\/p>\n<p>Es por eso que un grupo de tres abogados ya se encuentran documentando el caso para interponer una denuncia contra la armadora alemana, la cual instal\u00f3 dos de sus ca\u00f1ones en su planta ubicada en Cuautlancingo y otro m\u00e1s en la zona del estadio Cuauht\u00e9moc, a fin de evitar que la ca\u00edda de granizo da\u00f1ara sus veh\u00edculos nuevos.<\/p>\n<p>\u201cEllos no tienen derecho de alterar al ciclo natural en aras de ganancias extraordinarias que le puede producir el hecho de que no llueva. Ellos a lo mejor ganan, pero nos han jodido totalmente la vida y han jodido totalmente los terrenos. Seco totalmente, en algunos lugares ya hasta se est\u00e1 cuarteando la tierra\u201d.<\/p>\n<p>Derivado de esa situaci\u00f3n tambi\u00e9n recurrir\u00e1n a la Comisi\u00f3n Nacional de Derechos Humanos para interponer una queja.<\/p>\n<p>San Francisco cuenta con siete barrios: Santa Catarina, Guadalupe Tlatelpa, La Asunci\u00f3n, Los Reyes, San Miguel, Santa Clara y San Juan; ninguno de los terrenos de cultivo ubicados en ellos se salv\u00f3 de la devastadora sequ\u00eda, la cual rechazan los campesinos sea consecuencia de la can\u00edcula.<\/p>\n<p>Her\u00f3n Garc\u00eda estima que son entre 80 y 100 hect\u00e1reas \u2013que pertenecen a aproximadamente 80 productores\u2013 las afectadas, lo que implica p\u00e9rdidas estimadas en 30 millones de pesos.<\/p>\n<p>\u201cEntonces en los pr\u00f3ximos d\u00edas vamos a buscar la forma de interponer una demanda en contra de la empresa trasnacional para que se vean cu\u00e1les son las responsabilidades y tambi\u00e9n para que nos puedan compensar y pagar todo esto\u201d.<\/p>\n<p>No existe forma de recuperar sus cosechas, pero les sigue preocupando que la ausencia de precipitaciones pluviales, pues algunos terrenos se est\u00e1n partiendo ante la falta de humedad, algo que no se hab\u00eda visto en a\u00f1os.<\/p>\n<p>\u201cNos da much\u00edsimo gusto en la tarde que vemos que ya est\u00e1 la lluvia, ya est\u00e1 a punto de llover, pero se va. Yo creo que hay muchos residuos en el espacio que hace que se altere todo esto\u201d.<\/p>\n<p>Hasta ahora la Secretar\u00eda de Desarrollo Rural, Sustentabilidad y Ordenamiento Territorial no se ha acercado a esta parte de la ciudad de Puebla para ofrecer ayuda a los afectados.<\/p>\n<p>En tanto que los propietarios de los terrenos no est\u00e1n cerrados a tener di\u00e1logo con la autoridades estatales, lo anterior especialmente porque para sembrar sus terrenos nadie los apoya y todo lo hacen con recursos propios.<\/p>\n<p>La firma germana, cabe recordar, sostiene que el uso de los ca\u00f1ones est\u00e1 respaldado en publicaciones de instituciones como la UNAM y que cuentan el permiso de la SDRSOT para poder operar los ca\u00f1ones.<\/p>\n<p>\u201cEs des\u00e1nimo, de repente dices ya no voy a sembrar\u201d<\/p>\n<p>Pisa su terreno ubicado en la colonia Atotonilco, su semblante es tristeza y de incredulidad. Tiene 55 a\u00f1os y desde los 10 comenz\u00f3 a trabajar en el campo, pero nunca se hab\u00eda encontrado en una situaci\u00f3n as\u00ed.<\/p>\n<p>Es \u00d3scar Huey Mu\u00f1oz, campesino de San Francisco Totimehuacan, quien en este a\u00f1o sembr\u00f3 casi cuatro hect\u00e1reas, pero esta vez no cosechar\u00e1 nada porque las lluvias nunca llegaron.<\/p>\n<p>Est\u00e1 en un momento complicado, ya que no solo perdi\u00f3 ilusiones, sino tambi\u00e9n cerca de 20 mil pesos, inversi\u00f3n que destin\u00f3 tan solo en mano de obra.<\/p>\n<p>Pese a ello, tiene un aliento de optimismo y piensa que el a\u00f1o que viene ser\u00e1 mejor.<\/p>\n<p>\u201cEs des\u00e1nimo, de repente dices ya no voy a sembrar, pero afortunadamente el campesino es el que siempre est\u00e1 batalle y batalle\u2026 Ahorita llegas y dices ya no quiero saber nada de esto, pero el a\u00f1o que viene te entra la esperanza, no te puedes quedar quieto, hay que seguir trabajando\u201d.<\/p>\n<p>Aunque no por eso \u00d3scar deja de pedir que se corrobore si los ca\u00f1ones antigranizo son los culpables de las afectaciones en los cultivos, ya que considera que la alteraci\u00f3n del ciclo agr\u00edcola no es obra de la casualidad, sino que algo o alguien tuvo que interferir.<\/p>\n<p>\u201cToda acci\u00f3n tiene un reacci\u00f3n, no s\u00e9 hasta qu\u00e9 punto\u201d, expresa, mientras no deja de observar c\u00f3mo todo su esfuerzo se fue por la borda.<\/p>\n<p>En la misma situaci\u00f3n est\u00e1n Godofredo Romero Caba\u00f1as y Federico M\u00e9ndez Rub\u00e9n, quienes no solo lamentan, sino que est\u00e1n molestos con la situaci\u00f3n por la que atraviesan; sin embargo, esto tambi\u00e9n los ha llevado a actuar y a organizarse para encontrar no solo una explicaci\u00f3n, sino al o los responsables de sus p\u00e9rdidas.<\/p>\n<p><a href=\"http:\/\/www.lajornadadeoriente.com.mx\/puebla\/campesinos-de-totimehuacan\/\">http:\/\/www.lajornadadeoriente.com.mx\/puebla\/campesinos-de-totimehuacan\/<\/a><\/p>\n","protected":false},"excerpt":{"rendered":"<p>Este a\u00f1o no hay elotes para hervir con peric\u00f3n, tampoco calabazas y mucho menos frijol; la falta de agua termin\u00f3 por secar las plantas, por \u201cencebollar\u201d las milpas. El des\u00e1nimo &hellip; <a href=\"https:\/\/www.grieta.org.mx\/index.php\/2018\/08\/20\/campesinos-de-totimehuacan-demandaran-a-volkswagen-por-ahuyentar-las-lluvias-puebla\/\" class=\"more-link\">Leer m\u00e1s<\/a><\/p>\n","protected":false},"author":2,"featured_media":26295,"comment_status":"closed","ping_status":"closed","sticky":false,"template":"","format":"standard","meta":{"ngg_post_thumbnail":0,"_jetpack_newsletter_access":"","_jetpack_dont_email_post_to_subs":false,"_jetpack_newsletter_tier_id":0,"_jetpack_memberships_contains_paywalled_content":false,"_jetpack_memberships_contains_paid_content":false,"footnotes":""},"categories":[80,1248,2,26],"tags":[411,621,1573,1243],"class_list":["post-26294","post","type-post","status-publish","format-standard","has-post-thumbnail","hentry","category-cintillo","category-conflictos-laborales-en-la-industria-automotriz-en-puebla","category-noticias-nacionales","category-puebla","tag-automotriz","tag-campesinos","tag-canones-antigranizo","tag-despojo-de-agua","entry"],"jetpack_featured_media_url":"https:\/\/www.grieta.org.mx\/wp-content\/uploads\/2018\/09\/5881-extra-02b-860x574.jpg","jetpack_sharing_enabled":true,"jetpack_shortlink":"https:\/\/wp.me\/p7ZJR4-6Q6","jetpack_likes_enabled":false,"jetpack-related-posts":[{"id":25387,"url":"https:\/\/www.grieta.org.mx\/index.php\/2018\/08\/15\/campesinos-acusan-a-volkswagen-de-ahuyentar-lluvias-puebla\/","url_meta":{"origin":26294,"position":0},"title":"Campesinos acusan a Volkswagen de ahuyentar lluvias (Puebla)","author":"grieta","date":"15 agosto, 2018","format":false,"excerpt":"Redacci\u00f3n Animal Pol\u00edtico Campesinos de Puebla acusan a la automotriz alemana Volkswagen de afectar sus cosechas por el uso de ca\u00f1ones sonoros antigranizo, pues aseguran que hay 2, 000 hect\u00e1reas que se han secado por la falta de lluvia. Aunque la empresa ha defendido el uso de estos dispositivos, al\u2026","rel":"","context":"En &quot;CINTILLO&quot;","block_context":{"text":"CINTILLO","link":"https:\/\/www.grieta.org.mx\/index.php\/category\/cintillo\/"},"img":{"alt_text":"","src":"https:\/\/i0.wp.com\/www.grieta.org.mx\/wp-content\/uploads\/2018\/08\/direct.jpg?resize=350%2C200&ssl=1","width":350,"height":200,"srcset":"https:\/\/i0.wp.com\/www.grieta.org.mx\/wp-content\/uploads\/2018\/08\/direct.jpg?resize=350%2C200&ssl=1 1x, https:\/\/i0.wp.com\/www.grieta.org.mx\/wp-content\/uploads\/2018\/08\/direct.jpg?resize=525%2C300&ssl=1 1.5x, https:\/\/i0.wp.com\/www.grieta.org.mx\/wp-content\/uploads\/2018\/08\/direct.jpg?resize=700%2C400&ssl=1 2x"},"classes":[]},{"id":25325,"url":"https:\/\/www.grieta.org.mx\/index.php\/2018\/08\/03\/vw-lanza-bombas-antigranizo-para-proteger-sus-vehiculos-y-con-ello-afecta-a-miles-de-campesinos-de-puebla\/","url_meta":{"origin":26294,"position":1},"title":"VW lanza bombas antigranizo para proteger sus veh\u00edculos y con ello afecta a miles de campesinos de Puebla","author":"grieta","date":"3 agosto, 2018","format":false,"excerpt":"Gabriela Hern\u00e1ndez\/ Proceso PUEBLA, Pue. (apro).- Campesinos de las juntas auxiliares de Puebla y Amozoc denunciaron que la planta automotriz Volkswagen ha recurrido al uso de bombas antigranizo para evitar da\u00f1os en los veh\u00edculos que produce, pero con ello ha afectado la producci\u00f3n agr\u00edcola de la regi\u00f3n, de la que\u2026","rel":"","context":"En &quot;CINTILLO&quot;","block_context":{"text":"CINTILLO","link":"https:\/\/www.grieta.org.mx\/index.php\/category\/cintillo\/"},"img":{"alt_text":"","src":"https:\/\/i0.wp.com\/www.grieta.org.mx\/wp-content\/uploads\/2018\/08\/volkswagen-puebla-702x468.jpg?resize=350%2C200&ssl=1","width":350,"height":200,"srcset":"https:\/\/i0.wp.com\/www.grieta.org.mx\/wp-content\/uploads\/2018\/08\/volkswagen-puebla-702x468.jpg?resize=350%2C200&ssl=1 1x, https:\/\/i0.wp.com\/www.grieta.org.mx\/wp-content\/uploads\/2018\/08\/volkswagen-puebla-702x468.jpg?resize=525%2C300&ssl=1 1.5x, https:\/\/i0.wp.com\/www.grieta.org.mx\/wp-content\/uploads\/2018\/08\/volkswagen-puebla-702x468.jpg?resize=700%2C400&ssl=1 2x"},"classes":[]},{"id":24451,"url":"https:\/\/www.grieta.org.mx\/index.php\/2018\/06\/01\/culpan-a-vw-puebla-por-bombardeo-al-cielo-para-evitar-lluvias\/","url_meta":{"origin":26294,"position":2},"title":"Culpan a VW Puebla por bombardeo al cielo para evitar lluvias","author":"grieta","date":"1 junio, 2018","format":false,"excerpt":"Campesinos de Coronango y Cuautlancingo acusaron a la planta de Volkswagen en Puebla de bombardear con qu\u00edmicos el cielo de esa zona para impedir que llueva y caiga granizo, ya que la falta de precipitaciones ha afectado a cultivos locales; por dicha situaci\u00f3n, se manifestaron en la armadora. M\u00e1s de\u2026","rel":"","context":"En &quot;CINTILLO&quot;","block_context":{"text":"CINTILLO","link":"https:\/\/www.grieta.org.mx\/index.php\/category\/cintillo\/"},"img":{"alt_text":"","src":"https:\/\/i0.wp.com\/www.grieta.org.mx\/wp-content\/uploads\/2018\/06\/vw_30.jpg?resize=350%2C200&ssl=1","width":350,"height":200,"srcset":"https:\/\/i0.wp.com\/www.grieta.org.mx\/wp-content\/uploads\/2018\/06\/vw_30.jpg?resize=350%2C200&ssl=1 1x, https:\/\/i0.wp.com\/www.grieta.org.mx\/wp-content\/uploads\/2018\/06\/vw_30.jpg?resize=525%2C300&ssl=1 1.5x"},"classes":[]},{"id":54007,"url":"https:\/\/www.grieta.org.mx\/index.php\/2020\/09\/21\/se-unen-campesinos-de-oaxaca-y-puebla-contra-bombas-antigranizo\/","url_meta":{"origin":26294,"position":3},"title":"Se unen campesinos de Oaxaca y Puebla contra bombas antigranizo","author":"Admin","date":"21 septiembre, 2020","format":false,"excerpt":"Andrea Castillo - e-consulta Campesinos de la Ca\u00f1ada, Mixteca Oaxaque\u00f1a, Mixteca Poblana, Valle y Sierra Negra, se plantaron a las afueras de la empresa PATSA como medida de presi\u00f3n para impedir que las aeronaves que presuntamente utilizan qu\u00edmicos para impedir que llueva, sean sancionadas y reguladas, ya que las p\u00e9rdidas\u2026","rel":"","context":"En &quot;Conflictos por agua en Oaxaca&quot;","block_context":{"text":"Conflictos por agua en Oaxaca","link":"https:\/\/www.grieta.org.mx\/index.php\/category\/noticias-nacionales\/oaxaca\/conflictos-por-agua-en-oaxaca\/"},"img":{"alt_text":"","src":"https:\/\/i0.wp.com\/www.grieta.org.mx\/wp-content\/uploads\/2020\/10\/Captura-de-Pantalla-2020-10-06-a-las-18.41.15.png?resize=350%2C200&ssl=1","width":350,"height":200,"srcset":"https:\/\/i0.wp.com\/www.grieta.org.mx\/wp-content\/uploads\/2020\/10\/Captura-de-Pantalla-2020-10-06-a-las-18.41.15.png?resize=350%2C200&ssl=1 1x, https:\/\/i0.wp.com\/www.grieta.org.mx\/wp-content\/uploads\/2020\/10\/Captura-de-Pantalla-2020-10-06-a-las-18.41.15.png?resize=525%2C300&ssl=1 1.5x, https:\/\/i0.wp.com\/www.grieta.org.mx\/wp-content\/uploads\/2020\/10\/Captura-de-Pantalla-2020-10-06-a-las-18.41.15.png?resize=700%2C400&ssl=1 2x"},"classes":[]},{"id":26290,"url":"https:\/\/www.grieta.org.mx\/index.php\/2018\/08\/20\/volkswagen-suspende-uso-de-canones-anti-granizo-en-puebla\/","url_meta":{"origin":26294,"position":4},"title":"Volkswagen suspende uso de ca\u00f1ones anti granizo en Puebla","author":"grieta","date":"20 agosto, 2018","format":false,"excerpt":"La empresa Volkswagen con sede en el municipio poblano de Cuautlancingo, suspender\u00e1 de manera parcial el uso de ca\u00f1ones anti granizo autom\u00e1tico que causaron protestas campesinas por el supuesto da\u00f1o a sus cultivos. A trav\u00e9s de un comunicado, se explic\u00f3 que la suspensi\u00f3n se acord\u00f3 en una reuni\u00f3n entre funcionarios\u2026","rel":"","context":"En &quot;CINTILLO&quot;","block_context":{"text":"CINTILLO","link":"https:\/\/www.grieta.org.mx\/index.php\/category\/cintillo\/"},"img":{"alt_text":"","src":"https:\/\/i0.wp.com\/www.grieta.org.mx\/wp-content\/uploads\/2018\/09\/vw.png?resize=350%2C200&ssl=1","width":350,"height":200,"srcset":"https:\/\/i0.wp.com\/www.grieta.org.mx\/wp-content\/uploads\/2018\/09\/vw.png?resize=350%2C200&ssl=1 1x, https:\/\/i0.wp.com\/www.grieta.org.mx\/wp-content\/uploads\/2018\/09\/vw.png?resize=525%2C300&ssl=1 1.5x"},"classes":[]},{"id":55869,"url":"https:\/\/www.grieta.org.mx\/index.php\/2020\/09\/03\/se-aduenan-del-agua-del-suelo-ahora-se-apropian-del-agua-del-cielo-puebla\/","url_meta":{"origin":26294,"position":5},"title":"\u201cSe adue\u00f1an del agua del suelo, ahora se apropian del agua del cielo\u201d (Puebla)","author":"Admin","date":"3 septiembre, 2020","format":false,"excerpt":"Texto: Aranzaz\u00fa Ayala Mart\u00ednez \/ Fotos: Olga Valeria Hern\u00e1ndez \/ Lado B \u201cSe adue\u00f1an del agua del suelo, ahora se apropian del agua del cielo\u201d, dice la manta que sostienen dos mujeres campesinas sobre la carretera que va de Libres a Cuyoaco, en el estado de Puebla. Quienes la portan\u2026","rel":"","context":"En &quot;CINTILLO&quot;","block_context":{"text":"CINTILLO","link":"https:\/\/www.grieta.org.mx\/index.php\/category\/cintillo\/"},"img":{"alt_text":"","src":"https:\/\/i0.wp.com\/www.grieta.org.mx\/wp-content\/uploads\/2020\/12\/Libres-8_LadoB.jpg?resize=350%2C200&ssl=1","width":350,"height":200,"srcset":"https:\/\/i0.wp.com\/www.grieta.org.mx\/wp-content\/uploads\/2020\/12\/Libres-8_LadoB.jpg?resize=350%2C200&ssl=1 1x, https:\/\/i0.wp.com\/www.grieta.org.mx\/wp-content\/uploads\/2020\/12\/Libres-8_LadoB.jpg?resize=525%2C300&ssl=1 1.5x, https:\/\/i0.wp.com\/www.grieta.org.mx\/wp-content\/uploads\/2020\/12\/Libres-8_LadoB.jpg?resize=700%2C400&ssl=1 2x"},"classes":[]}],"_links":{"self":[{"href":"https:\/\/www.grieta.org.mx\/index.php\/wp-json\/wp\/v2\/posts\/26294","targetHints":{"allow":["GET"]}}],"collection":[{"href":"https:\/\/www.grieta.org.mx\/index.php\/wp-json\/wp\/v2\/posts"}],"about":[{"href":"https:\/\/www.grieta.org.mx\/index.php\/wp-json\/wp\/v2\/types\/post"}],"author":[{"embeddable":true,"href":"https:\/\/www.grieta.org.mx\/index.php\/wp-json\/wp\/v2\/users\/2"}],"replies":[{"embeddable":true,"href":"https:\/\/www.grieta.org.mx\/index.php\/wp-json\/wp\/v2\/comments?post=26294"}],"version-history":[{"count":1,"href":"https:\/\/www.grieta.org.mx\/index.php\/wp-json\/wp\/v2\/posts\/26294\/revisions"}],"predecessor-version":[{"id":26296,"href":"https:\/\/www.grieta.org.mx\/index.php\/wp-json\/wp\/v2\/posts\/26294\/revisions\/26296"}],"wp:featuredmedia":[{"embeddable":true,"href":"https:\/\/www.grieta.org.mx\/index.php\/wp-json\/wp\/v2\/media\/26295"}],"wp:attachment":[{"href":"https:\/\/www.grieta.org.mx\/index.php\/wp-json\/wp\/v2\/media?parent=26294"}],"wp:term":[{"taxonomy":"category","embeddable":true,"href":"https:\/\/www.grieta.org.mx\/index.php\/wp-json\/wp\/v2\/categories?post=26294"},{"taxonomy":"post_tag","embeddable":true,"href":"https:\/\/www.grieta.org.mx\/index.php\/wp-json\/wp\/v2\/tags?post=26294"}],"curies":[{"name":"wp","href":"https:\/\/api.w.org\/{rel}","templated":true}]}}