{"id":26290,"date":"2018-08-20T17:55:21","date_gmt":"2018-08-20T22:55:21","guid":{"rendered":"http:\/\/www.grieta.org.mx\/?p=26290"},"modified":"2018-09-08T18:02:19","modified_gmt":"2018-09-08T23:02:19","slug":"volkswagen-suspende-uso-de-canones-anti-granizo-en-puebla","status":"publish","type":"post","link":"https:\/\/www.grieta.org.mx\/index.php\/2018\/08\/20\/volkswagen-suspende-uso-de-canones-anti-granizo-en-puebla\/","title":{"rendered":"Volkswagen suspende uso de ca\u00f1ones anti granizo en Puebla"},"content":{"rendered":"<figure id=\"attachment_26292\" aria-describedby=\"caption-attachment-26292\" style=\"width: 654px\" class=\"wp-caption aligncenter\"><img loading=\"lazy\" decoding=\"async\" data-attachment-id=\"26292\" data-permalink=\"https:\/\/www.grieta.org.mx\/index.php\/2018\/08\/20\/volkswagen-suspende-uso-de-canones-anti-granizo-en-puebla\/vw\/\" data-orig-file=\"https:\/\/www.grieta.org.mx\/wp-content\/uploads\/2018\/09\/vw.png\" data-orig-size=\"654,399\" data-comments-opened=\"0\" data-image-meta=\"{&quot;aperture&quot;:&quot;0&quot;,&quot;credit&quot;:&quot;&quot;,&quot;camera&quot;:&quot;&quot;,&quot;caption&quot;:&quot;&quot;,&quot;created_timestamp&quot;:&quot;0&quot;,&quot;copyright&quot;:&quot;&quot;,&quot;focal_length&quot;:&quot;0&quot;,&quot;iso&quot;:&quot;0&quot;,&quot;shutter_speed&quot;:&quot;0&quot;,&quot;title&quot;:&quot;&quot;,&quot;orientation&quot;:&quot;0&quot;}\" data-image-title=\"vw\" data-image-description=\"\" data-image-caption=\"&lt;p&gt;Foto: Reuters \/ Archivo. &lt;\/p&gt;\n\" data-medium-file=\"https:\/\/www.grieta.org.mx\/wp-content\/uploads\/2018\/09\/vw-300x183.png\" data-large-file=\"https:\/\/www.grieta.org.mx\/wp-content\/uploads\/2018\/09\/vw.png\" src=\"http:\/\/www.grieta.org.mx\/wp-content\/uploads\/2018\/09\/vw.png\" alt=\"\" width=\"702\" height=\"468\" class=\"size-full wp-image-26292\" \/><figcaption id=\"caption-attachment-26292\" class=\"wp-caption-text\">Foto: Reuters \/ Archivo.<\/figcaption><\/figure>\n<p>La empresa Volkswagen con sede en el municipio poblano de Cuautlancingo, suspender\u00e1 de manera parcial el uso de ca\u00f1ones anti granizo autom\u00e1tico que causaron protestas campesinas por el supuesto da\u00f1o a sus cultivos.<\/p>\n<p>A trav\u00e9s de un comunicado, se explic\u00f3 que la suspensi\u00f3n se acord\u00f3 en una reuni\u00f3n entre funcionarios del gobierno de Puebla y representantes de la planta armadora alemana.<\/p>\n<p>Sin embargo, la empresa aclar\u00f3 que seguir\u00e1 con el uso de la tecnolog\u00eda de manera manual, cada vez que tengan el pron\u00f3stico de granizo en los patios donde est\u00e1n las unidades ensambladas.<\/p>\n<p>Y es que el uso de ca\u00f1ones lo hac\u00edan de manera autom\u00e1tica cada vez que se observaban nubes lluviosas, sin tener la certeza que vinieran acompa\u00f1adas de granizo.<\/p>\n<p>Volkswagen tambi\u00e9n anunci\u00f3 la colocaci\u00f3n de mallas anti granizo, que ayudar\u00e1 a la protecci\u00f3n de los autos ensamblados en la planta ubicada a un costado de la Autopista M\u00e9xico-Puebla.<\/p>\n<p>\u201cVolkswagen de M\u00e9xico suspender\u00e1 de manera inmediata el uso de estos dispositivos en su modalidad autom\u00e1tica, y s\u00f3lo los accionar\u00e1 de forma manual cuando las condiciones meteorol\u00f3gicas determinen la inminente ca\u00edda de granizo en los patios donde resguarda sus veh\u00edculos\u201d, inform\u00f3 la empresa en un comunicado.<\/p>\n<p>Pobladores de Santa Rita Tlahuapan, Coronango y Cuautlancingo realizaron diversas protestas frente a la planta armadora, para condenar que el uso de esta tecnolog\u00eda afectara sus cosechas, al grado que exigieron 73 millones de pesos de indemnizaci\u00f3n.<\/p>\n<p><a href=\"http:\/\/www.eluniversal.com.mx\/estados\/volkswagen-suspende-uso-de-canones-anti-granizo-en-puebla\">http:\/\/www.eluniversal.com.mx\/estados\/volkswagen-suspende-uso-de-canones-anti-granizo-en-puebla<\/a><\/p>\n","protected":false},"excerpt":{"rendered":"<p>La empresa Volkswagen con sede en el municipio poblano de Cuautlancingo, suspender\u00e1 de manera parcial el uso de ca\u00f1ones anti granizo autom\u00e1tico que causaron protestas campesinas por el supuesto da\u00f1o &hellip; <a href=\"https:\/\/www.grieta.org.mx\/index.php\/2018\/08\/20\/volkswagen-suspende-uso-de-canones-anti-granizo-en-puebla\/\" class=\"more-link\">Leer m\u00e1s<\/a><\/p>\n","protected":false},"author":2,"featured_media":26292,"comment_status":"closed","ping_status":"closed","sticky":false,"template":"","format":"standard","meta":{"ngg_post_thumbnail":0,"_jetpack_newsletter_access":"","_jetpack_dont_email_post_to_subs":false,"_jetpack_newsletter_tier_id":0,"_jetpack_memberships_contains_paywalled_content":false,"_jetpack_memberships_contains_paid_content":false,"footnotes":""},"categories":[80,1248,2,26],"tags":[411,621,1573],"class_list":["post-26290","post","type-post","status-publish","format-standard","has-post-thumbnail","hentry","category-cintillo","category-conflictos-laborales-en-la-industria-automotriz-en-puebla","category-noticias-nacionales","category-puebla","tag-automotriz","tag-campesinos","tag-canones-antigranizo","entry"],"jetpack_featured_media_url":"https:\/\/www.grieta.org.mx\/wp-content\/uploads\/2018\/09\/vw.png","jetpack_sharing_enabled":true,"jetpack_shortlink":"https:\/\/wp.me\/p7ZJR4-6Q2","jetpack_likes_enabled":false,"jetpack-related-posts":[{"id":25387,"url":"https:\/\/www.grieta.org.mx\/index.php\/2018\/08\/15\/campesinos-acusan-a-volkswagen-de-ahuyentar-lluvias-puebla\/","url_meta":{"origin":26290,"position":0},"title":"Campesinos acusan a Volkswagen de ahuyentar lluvias (Puebla)","author":"grieta","date":"15 agosto, 2018","format":false,"excerpt":"Redacci\u00f3n Animal Pol\u00edtico Campesinos de Puebla acusan a la automotriz alemana Volkswagen de afectar sus cosechas por el uso de ca\u00f1ones sonoros antigranizo, pues aseguran que hay 2, 000 hect\u00e1reas que se han secado por la falta de lluvia. Aunque la empresa ha defendido el uso de estos dispositivos, al\u2026","rel":"","context":"En &quot;CINTILLO&quot;","block_context":{"text":"CINTILLO","link":"https:\/\/www.grieta.org.mx\/index.php\/category\/cintillo\/"},"img":{"alt_text":"","src":"https:\/\/i0.wp.com\/www.grieta.org.mx\/wp-content\/uploads\/2018\/08\/direct.jpg?resize=350%2C200&ssl=1","width":350,"height":200,"srcset":"https:\/\/i0.wp.com\/www.grieta.org.mx\/wp-content\/uploads\/2018\/08\/direct.jpg?resize=350%2C200&ssl=1 1x, https:\/\/i0.wp.com\/www.grieta.org.mx\/wp-content\/uploads\/2018\/08\/direct.jpg?resize=525%2C300&ssl=1 1.5x, https:\/\/i0.wp.com\/www.grieta.org.mx\/wp-content\/uploads\/2018\/08\/direct.jpg?resize=700%2C400&ssl=1 2x"},"classes":[]},{"id":24451,"url":"https:\/\/www.grieta.org.mx\/index.php\/2018\/06\/01\/culpan-a-vw-puebla-por-bombardeo-al-cielo-para-evitar-lluvias\/","url_meta":{"origin":26290,"position":1},"title":"Culpan a VW Puebla por bombardeo al cielo para evitar lluvias","author":"grieta","date":"1 junio, 2018","format":false,"excerpt":"Campesinos de Coronango y Cuautlancingo acusaron a la planta de Volkswagen en Puebla de bombardear con qu\u00edmicos el cielo de esa zona para impedir que llueva y caiga granizo, ya que la falta de precipitaciones ha afectado a cultivos locales; por dicha situaci\u00f3n, se manifestaron en la armadora. M\u00e1s de\u2026","rel":"","context":"En &quot;CINTILLO&quot;","block_context":{"text":"CINTILLO","link":"https:\/\/www.grieta.org.mx\/index.php\/category\/cintillo\/"},"img":{"alt_text":"","src":"https:\/\/i0.wp.com\/www.grieta.org.mx\/wp-content\/uploads\/2018\/06\/vw_30.jpg?resize=350%2C200&ssl=1","width":350,"height":200,"srcset":"https:\/\/i0.wp.com\/www.grieta.org.mx\/wp-content\/uploads\/2018\/06\/vw_30.jpg?resize=350%2C200&ssl=1 1x, https:\/\/i0.wp.com\/www.grieta.org.mx\/wp-content\/uploads\/2018\/06\/vw_30.jpg?resize=525%2C300&ssl=1 1.5x"},"classes":[]},{"id":25325,"url":"https:\/\/www.grieta.org.mx\/index.php\/2018\/08\/03\/vw-lanza-bombas-antigranizo-para-proteger-sus-vehiculos-y-con-ello-afecta-a-miles-de-campesinos-de-puebla\/","url_meta":{"origin":26290,"position":2},"title":"VW lanza bombas antigranizo para proteger sus veh\u00edculos y con ello afecta a miles de campesinos de Puebla","author":"grieta","date":"3 agosto, 2018","format":false,"excerpt":"Gabriela Hern\u00e1ndez\/ Proceso PUEBLA, Pue. (apro).- Campesinos de las juntas auxiliares de Puebla y Amozoc denunciaron que la planta automotriz Volkswagen ha recurrido al uso de bombas antigranizo para evitar da\u00f1os en los veh\u00edculos que produce, pero con ello ha afectado la producci\u00f3n agr\u00edcola de la regi\u00f3n, de la que\u2026","rel":"","context":"En &quot;CINTILLO&quot;","block_context":{"text":"CINTILLO","link":"https:\/\/www.grieta.org.mx\/index.php\/category\/cintillo\/"},"img":{"alt_text":"","src":"https:\/\/i0.wp.com\/www.grieta.org.mx\/wp-content\/uploads\/2018\/08\/volkswagen-puebla-702x468.jpg?resize=350%2C200&ssl=1","width":350,"height":200,"srcset":"https:\/\/i0.wp.com\/www.grieta.org.mx\/wp-content\/uploads\/2018\/08\/volkswagen-puebla-702x468.jpg?resize=350%2C200&ssl=1 1x, https:\/\/i0.wp.com\/www.grieta.org.mx\/wp-content\/uploads\/2018\/08\/volkswagen-puebla-702x468.jpg?resize=525%2C300&ssl=1 1.5x, https:\/\/i0.wp.com\/www.grieta.org.mx\/wp-content\/uploads\/2018\/08\/volkswagen-puebla-702x468.jpg?resize=700%2C400&ssl=1 2x"},"classes":[]},{"id":26294,"url":"https:\/\/www.grieta.org.mx\/index.php\/2018\/08\/20\/campesinos-de-totimehuacan-demandaran-a-volkswagen-por-ahuyentar-las-lluvias-puebla\/","url_meta":{"origin":26290,"position":3},"title":"Campesinos de Totimehuacan demandar\u00e1n a Volkswagen por ahuyentar las lluvias (Puebla)","author":"grieta","date":"20 agosto, 2018","format":false,"excerpt":"Este a\u00f1o no hay elotes para hervir con peric\u00f3n, tampoco calabazas y mucho menos frijol; la falta de agua termin\u00f3 por secar las plantas, por \u201cencebollar\u201d las milpas. El des\u00e1nimo es evidente en su voz y en sus rostros, son campesinos de San Francisco Totimehuacan que se aferran a continuar\u2026","rel":"","context":"En &quot;CINTILLO&quot;","block_context":{"text":"CINTILLO","link":"https:\/\/www.grieta.org.mx\/index.php\/category\/cintillo\/"},"img":{"alt_text":"","src":"https:\/\/i0.wp.com\/www.grieta.org.mx\/wp-content\/uploads\/2018\/09\/5881-extra-02b-860x574.jpg?resize=350%2C200&ssl=1","width":350,"height":200,"srcset":"https:\/\/i0.wp.com\/www.grieta.org.mx\/wp-content\/uploads\/2018\/09\/5881-extra-02b-860x574.jpg?resize=350%2C200&ssl=1 1x, https:\/\/i0.wp.com\/www.grieta.org.mx\/wp-content\/uploads\/2018\/09\/5881-extra-02b-860x574.jpg?resize=525%2C300&ssl=1 1.5x, https:\/\/i0.wp.com\/www.grieta.org.mx\/wp-content\/uploads\/2018\/09\/5881-extra-02b-860x574.jpg?resize=700%2C400&ssl=1 2x"},"classes":[]},{"id":55869,"url":"https:\/\/www.grieta.org.mx\/index.php\/2020\/09\/03\/se-aduenan-del-agua-del-suelo-ahora-se-apropian-del-agua-del-cielo-puebla\/","url_meta":{"origin":26290,"position":4},"title":"\u201cSe adue\u00f1an del agua del suelo, ahora se apropian del agua del cielo\u201d (Puebla)","author":"Admin","date":"3 septiembre, 2020","format":false,"excerpt":"Texto: Aranzaz\u00fa Ayala Mart\u00ednez \/ Fotos: Olga Valeria Hern\u00e1ndez \/ Lado B \u201cSe adue\u00f1an del agua del suelo, ahora se apropian del agua del cielo\u201d, dice la manta que sostienen dos mujeres campesinas sobre la carretera que va de Libres a Cuyoaco, en el estado de Puebla. Quienes la portan\u2026","rel":"","context":"En &quot;CINTILLO&quot;","block_context":{"text":"CINTILLO","link":"https:\/\/www.grieta.org.mx\/index.php\/category\/cintillo\/"},"img":{"alt_text":"","src":"https:\/\/i0.wp.com\/www.grieta.org.mx\/wp-content\/uploads\/2020\/12\/Libres-8_LadoB.jpg?resize=350%2C200&ssl=1","width":350,"height":200,"srcset":"https:\/\/i0.wp.com\/www.grieta.org.mx\/wp-content\/uploads\/2020\/12\/Libres-8_LadoB.jpg?resize=350%2C200&ssl=1 1x, https:\/\/i0.wp.com\/www.grieta.org.mx\/wp-content\/uploads\/2020\/12\/Libres-8_LadoB.jpg?resize=525%2C300&ssl=1 1.5x, https:\/\/i0.wp.com\/www.grieta.org.mx\/wp-content\/uploads\/2020\/12\/Libres-8_LadoB.jpg?resize=700%2C400&ssl=1 2x"},"classes":[]},{"id":35767,"url":"https:\/\/www.grieta.org.mx\/index.php\/2019\/07\/01\/exigen-prohibir-uso-de-canones-antigranizo-ultrasonicos-en-slp-san-luis-potosi\/","url_meta":{"origin":26290,"position":5},"title":"Exigen prohibir uso de ca\u00f1ones antigranizo ultras\u00f3nicos en SLP (San Luis Potos\u00ed)","author":"grieta","date":"1 julio, 2019","format":false,"excerpt":"El Heraldo SLP Congreso aprob\u00f3 por mayor\u00eda un punto de acuerdo que propone exhortar al gobernador del estado, Juan Manuel Carreras L\u00f3pez, a emitir un decreto Joel Mart\u00ednez Briones, integrante de \u201cTamatsi Colective\u201d, refiri\u00f3 que en d\u00edas pasados el Congreso del Estado aprob\u00f3 por mayor\u00eda un punto de acuerdo que\u2026","rel":"","context":"En &quot;CINTILLO&quot;","block_context":{"text":"CINTILLO","link":"https:\/\/www.grieta.org.mx\/index.php\/category\/cintillo\/"},"img":{"alt_text":"","src":"https:\/\/i0.wp.com\/www.grieta.org.mx\/wp-content\/uploads\/2019\/07\/Exigen-prohibir-uso-de-ca%C3%B1ones-antigranizo-ultras%C3%B3nicos-en-SLP-jul-268x300.jpg?resize=350%2C200","width":350,"height":200,"srcset":"https:\/\/i0.wp.com\/www.grieta.org.mx\/wp-content\/uploads\/2019\/07\/Exigen-prohibir-uso-de-ca%C3%B1ones-antigranizo-ultras%C3%B3nicos-en-SLP-jul-268x300.jpg?resize=350%2C200 1x, https:\/\/i0.wp.com\/www.grieta.org.mx\/wp-content\/uploads\/2019\/07\/Exigen-prohibir-uso-de-ca%C3%B1ones-antigranizo-ultras%C3%B3nicos-en-SLP-jul-268x300.jpg?resize=525%2C300 1.5x, https:\/\/i0.wp.com\/www.grieta.org.mx\/wp-content\/uploads\/2019\/07\/Exigen-prohibir-uso-de-ca%C3%B1ones-antigranizo-ultras%C3%B3nicos-en-SLP-jul-268x300.jpg?resize=700%2C400 2x"},"classes":[]}],"_links":{"self":[{"href":"https:\/\/www.grieta.org.mx\/index.php\/wp-json\/wp\/v2\/posts\/26290","targetHints":{"allow":["GET"]}}],"collection":[{"href":"https:\/\/www.grieta.org.mx\/index.php\/wp-json\/wp\/v2\/posts"}],"about":[{"href":"https:\/\/www.grieta.org.mx\/index.php\/wp-json\/wp\/v2\/types\/post"}],"author":[{"embeddable":true,"href":"https:\/\/www.grieta.org.mx\/index.php\/wp-json\/wp\/v2\/users\/2"}],"replies":[{"embeddable":true,"href":"https:\/\/www.grieta.org.mx\/index.php\/wp-json\/wp\/v2\/comments?post=26290"}],"version-history":[{"count":1,"href":"https:\/\/www.grieta.org.mx\/index.php\/wp-json\/wp\/v2\/posts\/26290\/revisions"}],"predecessor-version":[{"id":26293,"href":"https:\/\/www.grieta.org.mx\/index.php\/wp-json\/wp\/v2\/posts\/26290\/revisions\/26293"}],"wp:featuredmedia":[{"embeddable":true,"href":"https:\/\/www.grieta.org.mx\/index.php\/wp-json\/wp\/v2\/media\/26292"}],"wp:attachment":[{"href":"https:\/\/www.grieta.org.mx\/index.php\/wp-json\/wp\/v2\/media?parent=26290"}],"wp:term":[{"taxonomy":"category","embeddable":true,"href":"https:\/\/www.grieta.org.mx\/index.php\/wp-json\/wp\/v2\/categories?post=26290"},{"taxonomy":"post_tag","embeddable":true,"href":"https:\/\/www.grieta.org.mx\/index.php\/wp-json\/wp\/v2\/tags?post=26290"}],"curies":[{"name":"wp","href":"https:\/\/api.w.org\/{rel}","templated":true}]}}