{"id":26226,"date":"2018-01-30T22:52:45","date_gmt":"2018-01-31T04:52:45","guid":{"rendered":"http:\/\/www.grieta.org.mx\/?p=26226"},"modified":"2018-09-05T22:59:42","modified_gmt":"2018-09-06T03:59:42","slug":"marichuy-y-concejo-indigena-de-gobierno-son-recibidos-en-oaxaca","status":"publish","type":"post","link":"https:\/\/www.grieta.org.mx\/index.php\/2018\/01\/30\/marichuy-y-concejo-indigena-de-gobierno-son-recibidos-en-oaxaca\/","title":{"rendered":"Marichuy y Concejo Ind\u00edgena de Gobierno son recibidos en Oaxaca"},"content":{"rendered":"<p>Avispa.Midia.<\/p>\n<p>\u00d1an\u00ed Pinto,<\/p>\n<p>Son casi las siete de la noche, el frio arrecia, la gente ha comenzado a llegar desde las 6 de la tarde al z\u00f3calo de la ciudad de Oaxaca, lugar donde ser\u00e1 recibida la vocera del Concejo Ind\u00edgena de Gobierno (CIG), Mar\u00eda de Jes\u00fas Patricio, mejor conocida como Marichuy. Al fin llega acompa\u00f1ada con una banda tradicional que toca a ritmo de chilena oaxaque\u00f1a.<\/p>\n<p><img loading=\"lazy\" decoding=\"async\" data-attachment-id=\"26227\" data-permalink=\"https:\/\/www.grieta.org.mx\/index.php\/2018\/01\/30\/marichuy-y-concejo-indigena-de-gobierno-son-recibidos-en-oaxaca\/marichuy-oaxaca4-768x512\/\" data-orig-file=\"https:\/\/www.grieta.org.mx\/wp-content\/uploads\/2018\/09\/Marichuy-Oaxaca4-768x512.jpg\" data-orig-size=\"768,512\" data-comments-opened=\"0\" data-image-meta=\"{&quot;aperture&quot;:&quot;0&quot;,&quot;credit&quot;:&quot;&quot;,&quot;camera&quot;:&quot;&quot;,&quot;caption&quot;:&quot;&quot;,&quot;created_timestamp&quot;:&quot;0&quot;,&quot;copyright&quot;:&quot;&quot;,&quot;focal_length&quot;:&quot;0&quot;,&quot;iso&quot;:&quot;0&quot;,&quot;shutter_speed&quot;:&quot;0&quot;,&quot;title&quot;:&quot;&quot;,&quot;orientation&quot;:&quot;0&quot;}\" data-image-title=\"Marichuy-Oaxaca4-768&amp;#215;512\" data-image-description=\"\" data-image-caption=\"\" data-medium-file=\"https:\/\/www.grieta.org.mx\/wp-content\/uploads\/2018\/09\/Marichuy-Oaxaca4-768x512-300x200.jpg\" data-large-file=\"https:\/\/www.grieta.org.mx\/wp-content\/uploads\/2018\/09\/Marichuy-Oaxaca4-768x512.jpg\" src=\"http:\/\/www.grieta.org.mx\/wp-content\/uploads\/2018\/09\/Marichuy-Oaxaca4-768x512.jpg\" alt=\"\" width=\"768\" height=\"512\" class=\"aligncenter size-full wp-image-26227\" srcset=\"https:\/\/www.grieta.org.mx\/wp-content\/uploads\/2018\/09\/Marichuy-Oaxaca4-768x512.jpg 768w, https:\/\/www.grieta.org.mx\/wp-content\/uploads\/2018\/09\/Marichuy-Oaxaca4-768x512-300x200.jpg 300w, https:\/\/www.grieta.org.mx\/wp-content\/uploads\/2018\/09\/Marichuy-Oaxaca4-768x512-750x500.jpg 750w\" sizes=\"auto, (max-width: 768px) 100vw, 768px\" \/><\/p>\n<p>En el z\u00f3calo de esta ciudad, que se encuentra frente al palacio de gobierno, centenas de personas se aglutinaron para recibir a la vocera del CIG. En el evento permearon, no los discursos incendiarios que casi siempre terminan en una mesa de negociaci\u00f3n con el gobierno, sino el sentir de los sectores olvidados y excluidos. De acuerdo con Ana Canseco, discapacitada que habl\u00f3 sobre la comunidad discapacitada, Oaxaca es un estado con una pobreza enorme y con una discriminaci\u00f3n enorme y \u201drealmente estamos buscando alternativas anti sist\u00e9micas, hoy vengo con convicci\u00f3n, como la mayor\u00eda de los que esta aqu\u00ed, porque no somos acarreados, estoy aqu\u00ed porque realmente queremos un cambio\u201d, se\u00f1al\u00f3 Ana Canseco.<\/p>\n<p>La poblaci\u00f3n sexo-diversa oaxaque\u00f1a se posiciono con firmeza con la propuesta del CIG. \u201cNosotros hemos experimentado la violencia sist\u00e9mica que la gran mayor\u00eda de las personas reproducen sin siquiera meditar. Varias compa\u00f1eras y compa\u00f1eros huimos de nuestras comunidades porque la vida es insostenible en estas condiciones, sin embargo en las ciudades no encontramos una vida mejor, pues es aqu\u00ed donde el capitalismo machista se agudiza aun m\u00e1s. Pero ese tiempo ha pasado ya, hemos decidido dejar de despreciarnos a nosotrxs mismxs y enfrentar sin miedo a este sistema putrefacto y a todos a quienes le hacen eco\u201d, dijo Pablo Osorio, de la comunidad de la diversidad sexual de Oaxaca.<\/p>\n<p>La poblaci\u00f3n sexo-diversa Oaxaque\u00f1a tambi\u00e9n reafirm\u00f3 que es a partir de esta propuesta que decidieron organizarse. \u201cPor eso hemos respondido a la iniciativa del Concejo Ind\u00edgena de Gobierno. En su inter\u00e9s por impulsar la organizaci\u00f3n de otros pueblos, otros sectores de la poblaci\u00f3n, esto nos ha llevado a comenzar la construcci\u00f3n de la Asamblea Oaxaque\u00f1a de la Diversidad Sexual, en la que podamos retomar la lucha hist\u00f3rica de la rebelde sexo-disidencia. Hoy m\u00e1s que nunca la lucha contra el despojo es una lucha compartida\u201d, agrego la vocera de la comunidad sexo-diversa.<\/p>\n<p>Oaxaca tambi\u00e9n es un estado donde los feminicidios han aumentado dr\u00e1sticamente, tan solo en el a\u00f1o 2017 el n\u00famero de asesinatos de mujeres lleg\u00f3 a 128, pero ning\u00fan pol\u00edtico habla sobre esta situaci\u00f3n. En el encuentro con Marichuy se extern\u00f3 este problema y otros m\u00e1s. \u201cTodos los problemas que escuchamos aqu\u00ed y lo que hemos visto al recorrer los diferentes estados, los diferentes pueblos ind\u00edgenas que hemos visitado y escuchado son problemas que se parecen hermanos. Son problemas que est\u00e1n pasando por todos lados y que en los medios de comunicaci\u00f3n no lo pasan. Es justamente estos problemas lo que nos llevo a tomar la decisi\u00f3n de participar en el proceso electoral, fue con este fin, de visualizar toda la problem\u00e1tica que hay abajo, en los pueblos, en los barrios, en las colonias, en las ciudades y en todos los lugares\u201d, agreg\u00f3 la vocera del CIG.<\/p>\n<p>Como parte del Concejo Ind\u00edgena participo Mar\u00eda Socorro Merina Santos, representante de la comunidad de Santa Mar\u00eda Ostula, Michoac\u00e1n. Antes de compartir su palabra, entre los asistentes se logro o\u00edr la voz de solidaridad para con este pueblo, donde m\u00e1s de 36 ind\u00edgenas han sido asesinados, han sufrido levantones, desaparecidos y hostigamiento. \u201cNosotros como Consejo Ind\u00edgena de Gobierno les venimos a invitar a que se organicen a la lucha, para salir delante de todos los problemas y hostigamientos que nos ha hecho el gobierno. De nosotros depende de que M\u00e9xico cambie, porque la tierra y la semilla es de nosotros y nosotros. La venimos sembrado en todos los rincones del pa\u00eds\u201d, comparti\u00f3 Mar\u00eda Socorro.<\/p>\n<p>Mar\u00eda de Jes\u00fas no va prometiendo nada en su recorrido, tan solo va escuchando y compartiendo su sentir. Pero hace \u00e9nfasis en que la propuesta del CIG es llamar a la organizaci\u00f3n y no llegar a la silla del poder. \u201cNosotros vemos que la \u00fanica forma de poner un hasta aqu\u00ed es organiz\u00e1ndonos, es poni\u00e9ndonos de acuerdo. Es platicando entre nosotros mismos de c\u00f3mo le vamos hacer para empezar a reconstruir todas esas ruinas que va dejando ese sistema capitalista. No queremos llegar arriba a la silla, a esa silla que esta maliciada. Queremos que el pueblo tome el poder en sus manos, que sea el pueblo el que mande y que el gobierno obedezca\u201d, arremete Marichuy.<\/p>\n<p>El recorrido<\/p>\n<p>La vocera del CIG visit\u00f3 en su primer d\u00eda, el 29 de enero, la ciudad de Oaxaca y Huajuapan de Le\u00f3n. Este 30 de enero continua con Tamazulapan Mixes y Zaachila. Despu\u00e9s, el mi\u00e9rcoles, a las 14 horas, llegar\u00e1 a la comunidad zapoteca de Santo Domingo de Morelos. Mientras tanto, el jueves 1 de febrero, estar\u00e1 a las nueve y 12 horas en San Francisco del Mar y San Francisco Ixhuat\u00e1n, comunidades huave y zapoteca.<\/p>\n<p>El s\u00e1bado, acudir\u00e1 a las 11 de la ma\u00f1ana a la comunidad chontal de Santa Mar\u00eda Zapotitl\u00e1n, perteneciente al municipio de Santa Mar\u00eda Ecatepec.<\/p>\n<p>Posteriormente, el domingo acudir\u00e1 a las 11 de la ma\u00f1ana en la comunidad chinanteca El Camalotal, correspondiente a Tuxtepec. Por la tarde, a las 16 horas, estar\u00e1 en la comunidad chinanteca de San Antonio Las Palmas, perteneciente a Santiago Jocotepec.<\/p>\n<p>Y por \u00faltimo, el lunes 5 de febrero, llegar\u00e1 a las 16 horas a la comunidad mazateca de San Agust\u00edn Zaragoza, correspondiente a Huautla de Jim\u00e9nez.<\/p>\n<p>Tambi\u00e9n la acompa\u00f1an medios de comunicaci\u00f3n y auxiliares quienes se han dado a la tarea de reunir un mill\u00f3n de firmas para poder registrar a Marichuy como candidata independiente para las elecciones presidenciales de M\u00e9xico en este a\u00f1o 2018. Solo faltan algunos d\u00edas para reunir las firmas necesarias, espec\u00edficamente se tiene hasta el d\u00eda 18 de febrero para llegar a la meta.<\/p>\n<p><a href=\"https:\/\/avispa.org\/21359-2\/\" rel=\"noopener\" target=\"_blank\">https:\/\/avispa.org\/21359-2\/<\/a><\/p>\n","protected":false},"excerpt":{"rendered":"<p>Avispa.Midia. \u00d1an\u00ed Pinto, Son casi las siete de la noche, el frio arrecia, la gente ha comenzado a llegar desde las 6 de la tarde al z\u00f3calo de la ciudad &hellip; <a href=\"https:\/\/www.grieta.org.mx\/index.php\/2018\/01\/30\/marichuy-y-concejo-indigena-de-gobierno-son-recibidos-en-oaxaca\/\" class=\"more-link\">Leer m\u00e1s<\/a><\/p>\n","protected":false},"author":2,"featured_media":26227,"comment_status":"closed","ping_status":"closed","sticky":false,"template":"","format":"standard","meta":{"ngg_post_thumbnail":0,"_jetpack_newsletter_access":"","_jetpack_dont_email_post_to_subs":false,"_jetpack_newsletter_tier_id":0,"_jetpack_memberships_contains_paywalled_content":false,"_jetpack_memberships_contains_paid_content":false,"footnotes":""},"categories":[80,79,1705,25],"tags":[],"class_list":["post-26226","post","type-post","status-publish","format-standard","has-post-thumbnail","hentry","category-cintillo","category-cni","category-el-camino-del-cin-cig-en-oaxaca","category-oaxaca","entry"],"jetpack_featured_media_url":"https:\/\/www.grieta.org.mx\/wp-content\/uploads\/2018\/09\/Marichuy-Oaxaca4-768x512.jpg","jetpack_sharing_enabled":true,"jetpack_shortlink":"https:\/\/wp.me\/p7ZJR4-6P0","jetpack_likes_enabled":false,"jetpack-related-posts":[{"id":26232,"url":"https:\/\/www.grieta.org.mx\/index.php\/2018\/01\/29\/actividades-del-cig-y-su-vocera-oaxaca\/","url_meta":{"origin":26226,"position":0},"title":"Palabra de Marichuy en Huajuapan de Le\u00f3n, Oaxaca","author":"grieta","date":"29 enero, 2018","format":false,"excerpt":"Actividades del CIG y su vocera (Oaxaca) Palabra de Marichuy en Huajuapan de Le\u00f3n, Oaxaca. 29 de enero Hermanas y hermanos de esta ciudad de Huajuapan de Le\u00f3n. Hermanas y hermanos de los pueblos ind\u00edgenas de la regi\u00f3n y del Movimiento Agrario Ind\u00edgena Zapatista: Nuestro caminar como Concejo Ind\u00edgena de\u2026","rel":"","context":"En &quot;CIG&quot;","block_context":{"text":"CIG","link":"https:\/\/www.grieta.org.mx\/index.php\/category\/cig\/"},"img":{"alt_text":"","src":"https:\/\/i0.wp.com\/www.grieta.org.mx\/wp-content\/uploads\/2018\/03\/14524434_1106112876131411_958039263622046936_o.jpg?resize=350%2C200&ssl=1","width":350,"height":200,"srcset":"https:\/\/i0.wp.com\/www.grieta.org.mx\/wp-content\/uploads\/2018\/03\/14524434_1106112876131411_958039263622046936_o.jpg?resize=350%2C200&ssl=1 1x, https:\/\/i0.wp.com\/www.grieta.org.mx\/wp-content\/uploads\/2018\/03\/14524434_1106112876131411_958039263622046936_o.jpg?resize=525%2C300&ssl=1 1.5x, https:\/\/i0.wp.com\/www.grieta.org.mx\/wp-content\/uploads\/2018\/03\/14524434_1106112876131411_958039263622046936_o.jpg?resize=700%2C400&ssl=1 2x"},"classes":[]},{"id":57851,"url":"https:\/\/www.grieta.org.mx\/index.php\/2021\/03\/22\/el-cni-cig-desconoce-y-desautoriza-la-imagen-de-marichuy-en-propagandas-politicas-del-mal-gobierno\/","url_meta":{"origin":26226,"position":1},"title":"EL CNI- CIG DESCONOCE Y DESAUTORIZA LA IMAGEN DE MARICHUY EN PROPAGANDAS POL\u00cdTICAS DEL MAL GOBIERNO","author":"grieta","date":"22 marzo, 2021","format":false,"excerpt":"A los medios de comunicaci\u00f3nAl pueblo de M\u00e9xico Ante el uso de la imagen de nuestra vocera Mar\u00eda de Jes\u00fas Patricio Mart\u00ednez- Marichuy, por parte Layda Sansores quien trabaja para el partido MORENA, en una publicaci\u00f3n en redes sociales en la que presuntamente condena la discriminaci\u00f3n racial, el Congreso Nacional\u2026","rel":"","context":"En &quot;CIG&quot;","block_context":{"text":"CIG","link":"https:\/\/www.grieta.org.mx\/index.php\/category\/cig\/"},"img":{"alt_text":"","src":"https:\/\/i0.wp.com\/www.grieta.org.mx\/wp-content\/uploads\/2021\/03\/logo-CNI-To.png?resize=350%2C200&ssl=1","width":350,"height":200,"srcset":"https:\/\/i0.wp.com\/www.grieta.org.mx\/wp-content\/uploads\/2021\/03\/logo-CNI-To.png?resize=350%2C200&ssl=1 1x, https:\/\/i0.wp.com\/www.grieta.org.mx\/wp-content\/uploads\/2021\/03\/logo-CNI-To.png?resize=525%2C300&ssl=1 1.5x"},"classes":[]},{"id":28325,"url":"https:\/\/www.grieta.org.mx\/index.php\/2018\/12\/31\/comunicado-del-congreso-nacional-indigena-y-del-concejo-indigena-de-gobierno-al-pueblo-chinanteco-de-san-juan-petlapa-oaxaca\/","url_meta":{"origin":26226,"position":2},"title":"COMUNICADO DEL CONGRESO NACIONAL IND\u00cdGENA Y DEL CONCEJO IND\u00cdGENA DE GOBIERNO AL PUEBLO CHINANTECO DE SAN JUAN PETLAPA, OAXACA","author":"grieta","date":"31 diciembre, 2018","format":false,"excerpt":"A la comunidad de San Juan Petlapa, Oaxaca Al pueblo Chinanteco Al Pueblo de M\u00e9xico A los medios de comunicaci\u00f3n El Congreso Nacional Ind\u00edgena y el Concejo Ind\u00edgena de Gobierno manifestamos nuestro pleno respeto a los modos que los pueblos originarios de nuestro pa\u00eds deciden para el nombramiento de sus\u2026","rel":"","context":"En &quot;CIG&quot;","block_context":{"text":"CIG","link":"https:\/\/www.grieta.org.mx\/index.php\/category\/cig\/"},"img":{"alt_text":"","src":"https:\/\/i0.wp.com\/www.grieta.org.mx\/wp-content\/uploads\/2018\/03\/14524434_1106112876131411_958039263622046936_o.jpg?resize=350%2C200&ssl=1","width":350,"height":200,"srcset":"https:\/\/i0.wp.com\/www.grieta.org.mx\/wp-content\/uploads\/2018\/03\/14524434_1106112876131411_958039263622046936_o.jpg?resize=350%2C200&ssl=1 1x, https:\/\/i0.wp.com\/www.grieta.org.mx\/wp-content\/uploads\/2018\/03\/14524434_1106112876131411_958039263622046936_o.jpg?resize=525%2C300&ssl=1 1.5x, https:\/\/i0.wp.com\/www.grieta.org.mx\/wp-content\/uploads\/2018\/03\/14524434_1106112876131411_958039263622046936_o.jpg?resize=700%2C400&ssl=1 2x"},"classes":[]},{"id":26282,"url":"https:\/\/www.grieta.org.mx\/index.php\/2018\/09\/06\/convocatoria-a-la-segunda-asamblea-nacional-entre-el-concejo-indigena-de-gobierno-y-los-pueblos-que-integran-el-congreso-nacional-indigena\/","url_meta":{"origin":26226,"position":3},"title":"Convocatoria a la segunda asamblea nacional entre el Concejo Ind\u00edgena de Gobierno y los pueblos que integran el Congreso Nacional Ind\u00edgena","author":"grieta","date":"6 septiembre, 2018","format":false,"excerpt":"CONGRESO NACIONAL IND\u00cdGENA CONVOCATORIA Considerando que: PRIMERO.- La iniciativa para conformar el Concejo Ind\u00edgena de Gobierno (CIG) y proponer a su vocera, Marichuy, como candidata a la Presidencia de la Rep\u00fablica, lanzada por el Congreso Nacional Ind\u00edgena (CNI), cumpli\u00f3 una etapa m\u00e1s. La primera etapa consisti\u00f3 en la determinaci\u00f3n que\u2026","rel":"","context":"En &quot;CIG&quot;","block_context":{"text":"CIG","link":"https:\/\/www.grieta.org.mx\/index.php\/category\/cig\/"},"img":{"alt_text":"","src":"https:\/\/i0.wp.com\/www.grieta.org.mx\/wp-content\/uploads\/2018\/07\/logo-CNI-To.png?resize=350%2C200&ssl=1","width":350,"height":200,"srcset":"https:\/\/i0.wp.com\/www.grieta.org.mx\/wp-content\/uploads\/2018\/07\/logo-CNI-To.png?resize=350%2C200&ssl=1 1x, https:\/\/i0.wp.com\/www.grieta.org.mx\/wp-content\/uploads\/2018\/07\/logo-CNI-To.png?resize=525%2C300&ssl=1 1.5x"},"classes":[]},{"id":25044,"url":"https:\/\/www.grieta.org.mx\/index.php\/2018\/07\/18\/comunicado-del-cni-y-el-cig-por-el-asesinato-del-companero-abraham-hernandez-gonzalez-de-codedi-oaxaca\/","url_meta":{"origin":26226,"position":4},"title":"Comunicado del CNI y el CIG por el asesinato del compa\u00f1ero Abraham Hern\u00e1ndez Gonz\u00e1lez de CODEDI (Oaxaca)","author":"grieta","date":"18 julio, 2018","format":false,"excerpt":"Al Comit\u00e9 de Defensa de Derechos Ind\u00edgenas (Codedi) Al pueblo de M\u00e9xico A la Sexta nacional e internacional A los medios de comunicaci\u00f3n Aunque arriba los poderosos se sigan repartiendo nuestra patria, con cualquier rostro viejo o nuevo, abajo nuestra sangre y dolor sigue ba\u00f1ando el territorio. Tambi\u00e9n nuestra resistencia\u2026","rel":"","context":"En &quot;CINTILLO&quot;","block_context":{"text":"CINTILLO","link":"https:\/\/www.grieta.org.mx\/index.php\/category\/cintillo\/"},"img":{"alt_text":"","src":"https:\/\/i0.wp.com\/www.grieta.org.mx\/wp-content\/uploads\/2018\/07\/logo-CNI-T.png?resize=350%2C200&ssl=1","width":350,"height":200,"srcset":"https:\/\/i0.wp.com\/www.grieta.org.mx\/wp-content\/uploads\/2018\/07\/logo-CNI-T.png?resize=350%2C200&ssl=1 1x, https:\/\/i0.wp.com\/www.grieta.org.mx\/wp-content\/uploads\/2018\/07\/logo-CNI-T.png?resize=525%2C300&ssl=1 1.5x"},"classes":[]},{"id":27129,"url":"https:\/\/www.grieta.org.mx\/index.php\/2018\/10\/13\/primer-dia-de-trabajos-de-la-segunda-asamblea-nacional-entre-el-concejo-indigena-de-gobierno-y-el-congreso-nacional-indigena-los-dias-12-13-y-14-de-octubre-del-2018\/","url_meta":{"origin":26226,"position":5},"title":"Primer d\u00eda de trabajos de la segunda Asamblea Nacional entre el Concejo Ind\u00edgena de Gobierno y el Congreso Nacional Ind\u00edgena los d\u00edas 12, 13 y 14 de octubre del 2018.","author":"grieta","date":"13 octubre, 2018","format":false,"excerpt":"Colectivo Grieta \/ 13 de octubre 2018 CIDECI-Unitierra. San Crist\u00f3bal de las Casas Chiapas, M\u00e9xico, 12 de octubre del 2018. El 12 de octubre de 1996, en la Ciudad de M\u00e9xico, la Comandanta Ramona, como delegada del EZLN, dirig\u00eda las siguientes palabras al millar de asistentes y delegaciones de los\u2026","rel":"","context":"En &quot;CIG&quot;","block_context":{"text":"CIG","link":"https:\/\/www.grieta.org.mx\/index.php\/category\/cig\/"},"img":{"alt_text":"","src":"https:\/\/i0.wp.com\/www.grieta.org.mx\/wp-content\/uploads\/2018\/10\/WhatsApp-Image-2018-10-13-at-1.47.54-PM.jpeg?resize=350%2C200&ssl=1","width":350,"height":200,"srcset":"https:\/\/i0.wp.com\/www.grieta.org.mx\/wp-content\/uploads\/2018\/10\/WhatsApp-Image-2018-10-13-at-1.47.54-PM.jpeg?resize=350%2C200&ssl=1 1x, https:\/\/i0.wp.com\/www.grieta.org.mx\/wp-content\/uploads\/2018\/10\/WhatsApp-Image-2018-10-13-at-1.47.54-PM.jpeg?resize=525%2C300&ssl=1 1.5x, https:\/\/i0.wp.com\/www.grieta.org.mx\/wp-content\/uploads\/2018\/10\/WhatsApp-Image-2018-10-13-at-1.47.54-PM.jpeg?resize=700%2C400&ssl=1 2x, https:\/\/i0.wp.com\/www.grieta.org.mx\/wp-content\/uploads\/2018\/10\/WhatsApp-Image-2018-10-13-at-1.47.54-PM.jpeg?resize=1050%2C600&ssl=1 3x"},"classes":[]}],"_links":{"self":[{"href":"https:\/\/www.grieta.org.mx\/index.php\/wp-json\/wp\/v2\/posts\/26226","targetHints":{"allow":["GET"]}}],"collection":[{"href":"https:\/\/www.grieta.org.mx\/index.php\/wp-json\/wp\/v2\/posts"}],"about":[{"href":"https:\/\/www.grieta.org.mx\/index.php\/wp-json\/wp\/v2\/types\/post"}],"author":[{"embeddable":true,"href":"https:\/\/www.grieta.org.mx\/index.php\/wp-json\/wp\/v2\/users\/2"}],"replies":[{"embeddable":true,"href":"https:\/\/www.grieta.org.mx\/index.php\/wp-json\/wp\/v2\/comments?post=26226"}],"version-history":[{"count":1,"href":"https:\/\/www.grieta.org.mx\/index.php\/wp-json\/wp\/v2\/posts\/26226\/revisions"}],"predecessor-version":[{"id":26228,"href":"https:\/\/www.grieta.org.mx\/index.php\/wp-json\/wp\/v2\/posts\/26226\/revisions\/26228"}],"wp:featuredmedia":[{"embeddable":true,"href":"https:\/\/www.grieta.org.mx\/index.php\/wp-json\/wp\/v2\/media\/26227"}],"wp:attachment":[{"href":"https:\/\/www.grieta.org.mx\/index.php\/wp-json\/wp\/v2\/media?parent=26226"}],"wp:term":[{"taxonomy":"category","embeddable":true,"href":"https:\/\/www.grieta.org.mx\/index.php\/wp-json\/wp\/v2\/categories?post=26226"},{"taxonomy":"post_tag","embeddable":true,"href":"https:\/\/www.grieta.org.mx\/index.php\/wp-json\/wp\/v2\/tags?post=26226"}],"curies":[{"name":"wp","href":"https:\/\/api.w.org\/{rel}","templated":true}]}}