{"id":26175,"date":"2018-09-04T22:45:25","date_gmt":"2018-09-05T03:45:25","guid":{"rendered":"http:\/\/www.grieta.org.mx\/?p=26175"},"modified":"2018-10-10T13:18:57","modified_gmt":"2018-10-10T18:18:57","slug":"detencion-arbitraria-e-irregularidades-en-el-proceso-juridico-de-luis-fernando-sotelo-preso-politico","status":"publish","type":"post","link":"https:\/\/www.grieta.org.mx\/index.php\/2018\/09\/04\/detencion-arbitraria-e-irregularidades-en-el-proceso-juridico-de-luis-fernando-sotelo-preso-politico\/","title":{"rendered":"Detenci\u00f3n arbitraria e irregularidades en el proceso jur\u00eddico de Luis Fernando Sotelo, preso pol\u00edtico"},"content":{"rendered":"<p>Colectivo Grieta<\/p>\n<p><img loading=\"lazy\" decoding=\"async\" data-attachment-id=\"26176\" data-permalink=\"https:\/\/www.grieta.org.mx\/index.php\/2018\/09\/04\/detencion-arbitraria-e-irregularidades-en-el-proceso-juridico-de-luis-fernando-sotelo-preso-politico\/eadc378d6776735f192ddbb2a51f03c6_xl\/\" data-orig-file=\"https:\/\/www.grieta.org.mx\/wp-content\/uploads\/2018\/09\/eadc378d6776735f192ddbb2a51f03c6_XL.jpg\" data-orig-size=\"900,900\" data-comments-opened=\"0\" data-image-meta=\"{&quot;aperture&quot;:&quot;0&quot;,&quot;credit&quot;:&quot;&quot;,&quot;camera&quot;:&quot;&quot;,&quot;caption&quot;:&quot;&quot;,&quot;created_timestamp&quot;:&quot;0&quot;,&quot;copyright&quot;:&quot;&quot;,&quot;focal_length&quot;:&quot;0&quot;,&quot;iso&quot;:&quot;0&quot;,&quot;shutter_speed&quot;:&quot;0&quot;,&quot;title&quot;:&quot;&quot;,&quot;orientation&quot;:&quot;0&quot;}\" data-image-title=\"eadc378d6776735f192ddbb2a51f03c6_XL\" data-image-description=\"\" data-image-caption=\"\" data-medium-file=\"https:\/\/www.grieta.org.mx\/wp-content\/uploads\/2018\/09\/eadc378d6776735f192ddbb2a51f03c6_XL-300x300.jpg\" data-large-file=\"https:\/\/www.grieta.org.mx\/wp-content\/uploads\/2018\/09\/eadc378d6776735f192ddbb2a51f03c6_XL.jpg\" src=\"http:\/\/www.grieta.org.mx\/wp-content\/uploads\/2018\/09\/eadc378d6776735f192ddbb2a51f03c6_XL.jpg\" alt=\"\" width=\"702\" height=\"702\" class=\"aligncenter size-full wp-image-26176\" srcset=\"https:\/\/www.grieta.org.mx\/wp-content\/uploads\/2018\/09\/eadc378d6776735f192ddbb2a51f03c6_XL.jpg 900w, https:\/\/www.grieta.org.mx\/wp-content\/uploads\/2018\/09\/eadc378d6776735f192ddbb2a51f03c6_XL-150x150.jpg 150w, https:\/\/www.grieta.org.mx\/wp-content\/uploads\/2018\/09\/eadc378d6776735f192ddbb2a51f03c6_XL-300x300.jpg 300w, https:\/\/www.grieta.org.mx\/wp-content\/uploads\/2018\/09\/eadc378d6776735f192ddbb2a51f03c6_XL-768x768.jpg 768w, https:\/\/www.grieta.org.mx\/wp-content\/uploads\/2018\/09\/eadc378d6776735f192ddbb2a51f03c6_XL-130x130.jpg 130w, https:\/\/www.grieta.org.mx\/wp-content\/uploads\/2018\/09\/eadc378d6776735f192ddbb2a51f03c6_XL-500x500.jpg 500w\" sizes=\"auto, (max-width: 702px) 100vw, 702px\" \/><\/p>\n<blockquote><p>En entrevista el abogado defensor de Luis Fernando Sotelo, estudiante preso pol\u00edtico en el contexto de las manifestaciones contra de desaparici\u00f3n forzada de los 43 de Ayotzinapa, denuncia una serie de irregularidades en el proceso legal. Luis Fernando est\u00e1 detenido desde noviembre de 2014 acusado principalmente de ataques a la paz p\u00fablica y a las v\u00edas de comunicaci\u00f3n.<\/p><\/blockquote>\n<p>El 5 de noviembre de 2014, en el marco de la tercera Jornada de Acci\u00f3n Global por Ayotzinapa, Luis Fernando Sotelo Zambrano y Sergio P\u00e9rez Landeros fueron detenidos en las inmediaciones de Ciudad Universitaria, en la Ciudad de M\u00e9xico, por elementos de la polic\u00eda. Ambos fueron acusados de haber participado en el incendio de la unidad de transporte y la estaci\u00f3n del Metrobus Ciudad Universitaria. La detenci\u00f3n se realiz\u00f3 con base en la declaraci\u00f3n del chofer de dicha unidad de transporte, en la que dec\u00eda reconocer a los dos como responsables de la quema. No obstante, al d\u00eda siguiente, Sergio pudo comprobar que estaba en otro lugar en el momento del ataque gracias a la presentaci\u00f3n de un video del circuito cerrado del Instituto de Biolog\u00eda  de la UNAM y se acredit\u00f3 que no particip\u00f3 en los hechos. Sin embargo, el testimonio del chofer continu\u00f3 imputando a Luis Fernando, aunque al liberar a Sergio, autom\u00e1ticamente se debi\u00f3 desestimar la declaraci\u00f3n del chofer.<\/p>\n<p>Luis Fernando no cont\u00f3 con un video, se encontraba sobre Avenida Insurgentes y no iba acompa\u00f1ado. Los elementos de seguridad capitalina al revisar su mochila y ver que tra\u00eda volantes informativos sobre los estudiantes desaparecidos, lo detuvieron y desde ese momento se le se\u00f1al\u00f3 como uno de los causantes del incendio ocurrido en la estaci\u00f3n del Metrobus. Desde entonces se le acus\u00f3 de ataques a la paz p\u00fablica, ataques a las v\u00edas de comunicaci\u00f3n y da\u00f1os dolosos agravados (portaci\u00f3n de explosivos) en pandilla. Adem\u00e1s, seg\u00fan explican sus abogados, durante la detenci\u00f3n y revisi\u00f3n de sus pertenencias los polic\u00edas le sembraron un fierro en su mochila, que fue la principal \u201cprueba\u201d de que hab\u00eda cometidos dicho delitos.<\/p>\n<p>Entrevistados por Grieta, miembros del Colectivo <strong>los Otros Abogadoz<\/strong> explicaron que tanto Luis Fernando como Sergio tuvieron, desde el principio, un proceso plagado de irregularidades. Desde su detenci\u00f3n, la cual fue totalmente arbitraria, hasta el proceso que actualmente lleva Luis Fernando, se puede ver que se trat\u00f3 m\u00e1s bien de un escarmiento, de un mensaje para la poblaci\u00f3n, sobre todo para los estudiantes, que se manifestaron exigiendo la presentaci\u00f3n con vida de los 43 estudiantes desaparecidos de la Normal Isidro Burgos en Ayotzinapa.  <\/p>\n<p>Luis Fernando fue sentenciado en primera instancia a 33 a\u00f1os 5 meses de prisi\u00f3n, sus abogados presentaron una apelaci\u00f3n que result\u00f3 en la reducci\u00f3n de la pena a 13 a\u00f1os y 15 d\u00edas. Posteriormente se ingres\u00f3 un amparo en contra de la sentencia, el resultado fue el retiro de delitos de da\u00f1os, lo que redujo su condena a 4 a\u00f1os 8 meses y  5 d\u00edas. Nuevamente, la defensa de Luis Fernando apel\u00f3 la sentencia y se le solicito a la Suprema Corte que atrajera el amparo. La corte rechaz\u00f3 la petici\u00f3n, por lo que se qued\u00f3 en el tribunal; en d\u00edas pasados se le notific\u00f3 que le fue negado el amparo, por lo qued\u00f3 confirmada la \u00faltima sentencia. Sus abogados ingresaron el tr\u00e1mite para que en su caso fuera aplicada la Ley de Amnist\u00eda, la cual le fue negada por el juez. Sigue consider\u00e1ndosele culpable por ataques a la paz p\u00fablica y ataques a las v\u00edas de comunicaci\u00f3n. <\/p>\n<p>Luis Fernando podr\u00eda pedir libertad bajo cauci\u00f3n al tener una sentencia menor a 5 a\u00f1os, siempre y cuando pague 70 mil pesos de multa, 20 mil pesos de cauci\u00f3n, adem\u00e1s de 8 millones de pesos que exigen 4 empresas, para reparar da\u00f1os a la estaci\u00f3n.  Estas empresas son:  Corredor Eje 4M, due\u00f1a de la unidad de transporte Metrobus ($2,566,219.31); Promotora de Negocios, a quien pertenecen las c\u00e1maras ($57,067.00); Promotora Inbursa, propietaria de los torniquetes y m\u00e1quinas expendedoras de tarjetas ($628,160.50); y al Organismo P\u00fablico Descentralizado de la Ciudad de M\u00e9xico que es el due\u00f1o de la estaci\u00f3n del Metrobus ($5,461,559.37). Es decir, las leyes mexicanas permiten que la libertad de una persona se subordine a los intereses econ\u00f3micos de un conjunto de empresas que no solo controlan amplias franjas de la v\u00eda p\u00fablica -ahora convertida en propiedad privada- sino que exigen una reparaci\u00f3n econ\u00f3mica imposible de pagar a quienes como Luis Fernando viven de su propio trabajo, sin despojar a nadie, sin explotar a nadie.<\/p>\n<p>Como consecuencia de todo el proceso Luis Fernando y sus abogados exigen la derogaci\u00f3n del Art\u00edculo 362 del C\u00f3digo Penal de la Ciudad de M\u00e9xico, en el que se especifica que se impondr\u00e1 de dos a siete a\u00f1os de prisi\u00f3n y suspensi\u00f3n de derechos pol\u00edticos hasta por 10 a\u00f1os, a quienes, mediante la utilizaci\u00f3n de sustancias t\u00f3xicas, por incendio, por inundaci\u00f3n o violencia, realicen actos que perturben la paz p\u00fablica en contra de los bienes o servicios p\u00fablicos. El colectivo de abogados argumenta que este art\u00edculo debe derogarse ya que el concepto de paz p\u00fablica es muy ambiguo y puede utilizarse en casos como los de Luis Fernando y sobre todo para criminalizar la protesta; ya que este concepto no est\u00e1 definido, es un tipo penal que no es claro y que queda abierto; por lo tanto, violenta el principio de legalidad, pues debes saber exactamente qu\u00e9 conducta es la que te tiene en la c\u00e1rcel. Los abogados opinan que los criterios utilizados en el proceso de Luis Fernando son a conveniencia y responden a intereses pol\u00edticos.<\/p>\n<p><img loading=\"lazy\" decoding=\"async\" data-attachment-id=\"26179\" data-permalink=\"https:\/\/www.grieta.org.mx\/index.php\/2018\/09\/04\/detencion-arbitraria-e-irregularidades-en-el-proceso-juridico-de-luis-fernando-sotelo-preso-politico\/est\/\" data-orig-file=\"https:\/\/www.grieta.org.mx\/wp-content\/uploads\/2018\/09\/est.jpg\" data-orig-size=\"1139,931\" data-comments-opened=\"0\" data-image-meta=\"{&quot;aperture&quot;:&quot;0&quot;,&quot;credit&quot;:&quot;&quot;,&quot;camera&quot;:&quot;&quot;,&quot;caption&quot;:&quot;&quot;,&quot;created_timestamp&quot;:&quot;0&quot;,&quot;copyright&quot;:&quot;&quot;,&quot;focal_length&quot;:&quot;0&quot;,&quot;iso&quot;:&quot;0&quot;,&quot;shutter_speed&quot;:&quot;0&quot;,&quot;title&quot;:&quot;&quot;,&quot;orientation&quot;:&quot;0&quot;}\" data-image-title=\"est\" data-image-description=\"\" data-image-caption=\"\" data-medium-file=\"https:\/\/www.grieta.org.mx\/wp-content\/uploads\/2018\/09\/est-300x245.jpg\" data-large-file=\"https:\/\/www.grieta.org.mx\/wp-content\/uploads\/2018\/09\/est-1024x837.jpg\" src=\"http:\/\/www.grieta.org.mx\/wp-content\/uploads\/2018\/09\/est.jpg\" alt=\"\" width=\"702\" height=\"500\" class=\"aligncenter size-full wp-image-26179\" \/><\/p>\n<p> Desde el d\u00eda de su detenci\u00f3n, diversas organizaciones, colectivos, amigos y compa\u00f1eros de Luis Fernando se manifestaron para exigir su liberaci\u00f3n. Hasta la fecha, esas acciones de solidaridad y protesta se han mantenido, y como se\u00f1alan sus abogados, la presi\u00f3n pol\u00edtica ha sido fundamental para avanzar en el proceso legal, pues gracias a ese acompa\u00f1amiento su sentencia pas\u00f3 de 33 a\u00f1os y 5 meses en prisi\u00f3n, a 4 a\u00f1os, 8 meses y cuatro d\u00edas.<\/p>\n<p>Luis Fernando es un joven anarquista, parte de la Otra Campa\u00f1a, adherente a la Sexta Declaraci\u00f3n de la Selva Lacandona y es el \u00fanico de los detenidos durante esa jornada de protestas, marcada por la represi\u00f3n, que contin\u00faa encarcelado. A punto de cumplir cuatro a\u00f1os preso, ha mantenido lazos de solidaridad con diferentes luchas y organizaciones, particularmente por la libertad de los presos pol\u00edticos y comunes, y con el Congreso Nacional Ind\u00edgena.<\/p>\n<p>La situaci\u00f3n de Luis Fernando en el penal es dif\u00edcil, pues ha sufrido abusos carcelarios, como el cobro por pase de lista o por recibir visitas, venta de celdas, y privilegios. Desde el momento de su detenci\u00f3n, fue separado del resto de la poblaci\u00f3n del penal y se le mantiene aislado. Adicionalmente, y de acuerdo con la \u00faltima denuncia compartida por los compa\u00f1eros de la Campa\u00f1a Luis Fernando libre en julio de este a\u00f1o, le han acortado el tiempo de visitas y es continuamente acosado por los custodios del penal. Actualmente, el colectivo Los Otros Abogadoz lleva la defensa de Luis Fernando Sotelo, de manera gratuita, para ellos, el defender a los presos pol\u00edticos es parte de la lucha en contra de la represi\u00f3n y la criminalizaci\u00f3n de la protesta. Para sostener los gastos que genera el proceso jur\u00eddico organizan junto a los miembros de la Campa\u00f1a <strong>Luis Fernando Libre<\/strong>, rifas, bailes o conciertos. La organizaci\u00f3n ha permitido sostener esta lucha de a\u00f1os por aquello que una famosa canci\u00f3n anarquista llama &#8220;el bien m\u00e1s preciado&#8221;: la libertad.<\/p>\n<p><img loading=\"lazy\" decoding=\"async\" data-attachment-id=\"26180\" data-permalink=\"https:\/\/www.grieta.org.mx\/index.php\/2018\/09\/04\/detencion-arbitraria-e-irregularidades-en-el-proceso-juridico-de-luis-fernando-sotelo-preso-politico\/4b840fef3f76a1200400aeae109a3d97_l\/\" data-orig-file=\"https:\/\/www.grieta.org.mx\/wp-content\/uploads\/2018\/09\/4b840fef3f76a1200400aeae109a3d97_L.jpg\" data-orig-size=\"1280,720\" data-comments-opened=\"0\" data-image-meta=\"{&quot;aperture&quot;:&quot;0&quot;,&quot;credit&quot;:&quot;&quot;,&quot;camera&quot;:&quot;&quot;,&quot;caption&quot;:&quot;&quot;,&quot;created_timestamp&quot;:&quot;0&quot;,&quot;copyright&quot;:&quot;&quot;,&quot;focal_length&quot;:&quot;0&quot;,&quot;iso&quot;:&quot;0&quot;,&quot;shutter_speed&quot;:&quot;0&quot;,&quot;title&quot;:&quot;&quot;,&quot;orientation&quot;:&quot;0&quot;}\" data-image-title=\"4b840fef3f76a1200400aeae109a3d97_L\" data-image-description=\"\" data-image-caption=\"\" data-medium-file=\"https:\/\/www.grieta.org.mx\/wp-content\/uploads\/2018\/09\/4b840fef3f76a1200400aeae109a3d97_L-300x169.jpg\" data-large-file=\"https:\/\/www.grieta.org.mx\/wp-content\/uploads\/2018\/09\/4b840fef3f76a1200400aeae109a3d97_L-1024x576.jpg\" src=\"http:\/\/www.grieta.org.mx\/wp-content\/uploads\/2018\/09\/4b840fef3f76a1200400aeae109a3d97_L.jpg\" alt=\"\" width=\"702\" height=\"468\" class=\"aligncenter size-full wp-image-26180\" \/><\/p>\n","protected":false},"excerpt":{"rendered":"<p>Colectivo Grieta En entrevista el abogado defensor de Luis Fernando Sotelo, estudiante preso pol\u00edtico en el contexto de las manifestaciones contra de desaparici\u00f3n forzada de los 43 de Ayotzinapa, denuncia &hellip; <a href=\"https:\/\/www.grieta.org.mx\/index.php\/2018\/09\/04\/detencion-arbitraria-e-irregularidades-en-el-proceso-juridico-de-luis-fernando-sotelo-preso-politico\/\" class=\"more-link\">Leer m\u00e1s<\/a><\/p>\n","protected":false},"author":2,"featured_media":26176,"comment_status":"closed","ping_status":"closed","sticky":false,"template":"","format":"standard","meta":{"ngg_post_thumbnail":0,"_jetpack_newsletter_access":"","_jetpack_dont_email_post_to_subs":false,"_jetpack_newsletter_tier_id":0,"_jetpack_memberships_contains_paywalled_content":false,"_jetpack_memberships_contains_paid_content":false,"footnotes":""},"categories":[80,14,1775,1163,1670,2,1699],"tags":[1700,131,229],"class_list":["post-26175","post","type-post","status-publish","format-standard","has-post-thumbnail","hentry","category-cintillo","category-ciudad-de-mexico","category-colectivo-grieta","category-movilizaciones-por-los-normalistas-desaparecidos-en-la-ciudad-de-mexico","category-movilizaciones-y-protestas-de-estudiantes-de-la-ciudad-de-mexico","category-noticias-nacionales","category-represion-a-estudiantes-en-la-ciudad-de-mexico","tag-luis-fernado-libre","tag-presos-politicos","tag-solidaridad-con-ayotzinapa","entry"],"jetpack_featured_media_url":"https:\/\/www.grieta.org.mx\/wp-content\/uploads\/2018\/09\/eadc378d6776735f192ddbb2a51f03c6_XL.jpg","jetpack_sharing_enabled":true,"jetpack_shortlink":"https:\/\/wp.me\/p7ZJR4-6Ob","jetpack_likes_enabled":false,"jetpack-related-posts":[{"id":36368,"url":"https:\/\/www.grieta.org.mx\/index.php\/2019\/07\/17\/luis-fernando-sotelo-libre-tras-casi-5-anos-de-injusta-prision\/","url_meta":{"origin":26175,"position":0},"title":"Luis Fernando Sotelo libre tras casi 5 a\u00f1os de injusta prisi\u00f3n","author":"grieta","date":"17 julio, 2019","format":false,"excerpt":"Colectivo Grieta, 15 de julio de 2019. Ciudad de M\u00e9xico.- El pasado 12 de julio Luis Fernando Sotelo Zambrano abandon\u00f3 el Reclusorio Sur luego de 4 a\u00f1os y ocho meses de injusta prisi\u00f3n. Acompa\u00f1ado de colectivos, organizaciones, compa\u00f1eros y compa\u00f1eras, Luis subray\u00f3 la importancia del esfuerzo colectivo y del estado\u2026","rel":"","context":"En &quot;CINTILLO&quot;","block_context":{"text":"CINTILLO","link":"https:\/\/www.grieta.org.mx\/index.php\/category\/cintillo\/"},"img":{"alt_text":"","src":"https:\/\/i0.wp.com\/www.grieta.org.mx\/wp-content\/uploads\/2019\/07\/1c946ee3-437b-49c8-a66f-24eb68fad85e.jpg?resize=350%2C200&ssl=1","width":350,"height":200},"classes":[]},{"id":27186,"url":"https:\/\/www.grieta.org.mx\/index.php\/2018\/10\/15\/niegan-aplicar-ley-de-amnistia-a-luis-fernando-sotelo-preso-politico-desde-2014-cdmx\/","url_meta":{"origin":26175,"position":1},"title":"Niegan aplicar Ley de Amnist\u00eda a Luis Fernando Sotelo, preso pol\u00edtico desde 2014 (CDMX)","author":"grieta","date":"15 octubre, 2018","format":false,"excerpt":"Colectivo Grieta El 5 de octubre, se llev\u00f3 a cabo la audiencia en el Juzgado 32 de lo penal del Reclusorio Sur de la Ciudad de M\u00e9xico para vertir las pruebas y solicitar la aplicaci\u00f3n de la Ley de Amnist\u00eda a Luis Fernando Sotelo, preso pol\u00edtico adherente a la Sexta\u2026","rel":"","context":"En &quot;CINTILLO&quot;","block_context":{"text":"CINTILLO","link":"https:\/\/www.grieta.org.mx\/index.php\/category\/cintillo\/"},"img":{"alt_text":"","src":"https:\/\/i0.wp.com\/www.grieta.org.mx\/wp-content\/uploads\/2018\/10\/WhatsApp-Image-2018-10-07-at-8.27.31-PM-1.jpeg?resize=350%2C200&ssl=1","width":350,"height":200,"srcset":"https:\/\/i0.wp.com\/www.grieta.org.mx\/wp-content\/uploads\/2018\/10\/WhatsApp-Image-2018-10-07-at-8.27.31-PM-1.jpeg?resize=350%2C200&ssl=1 1x, https:\/\/i0.wp.com\/www.grieta.org.mx\/wp-content\/uploads\/2018\/10\/WhatsApp-Image-2018-10-07-at-8.27.31-PM-1.jpeg?resize=525%2C300&ssl=1 1.5x, https:\/\/i0.wp.com\/www.grieta.org.mx\/wp-content\/uploads\/2018\/10\/WhatsApp-Image-2018-10-07-at-8.27.31-PM-1.jpeg?resize=700%2C400&ssl=1 2x, https:\/\/i0.wp.com\/www.grieta.org.mx\/wp-content\/uploads\/2018\/10\/WhatsApp-Image-2018-10-07-at-8.27.31-PM-1.jpeg?resize=1050%2C600&ssl=1 3x"},"classes":[]},{"id":8786,"url":"https:\/\/www.grieta.org.mx\/index.php\/2015\/09\/25\/recuerdan-en-la-uaslp-a-los-43-de-ayotzinapa\/","url_meta":{"origin":26175,"position":2},"title":"Recuerdan en la UASLP a los 43 de Ayotzinapa","author":"grieta","date":"25 septiembre, 2015","format":false,"excerpt":"Con un documental period\u00edstico sobre la desaparici\u00f3n de 43 estudiantes de la Normal Rural \u201cRa\u00fal Isidro Burgos\u201d de Ayotzinapa, el 26 de septiembre de 2014, as\u00ed como una exposici\u00f3n fotogr\u00e1fica, estudiantes de la Universidad Aut\u00f3noma de San Luis Potos\u00ed (UASLP) recordaron el suceso,\u00a0a unas horas que se cumpla un a\u00f1o\u2026","rel":"","context":"En &quot;CINTILLO&quot;","block_context":{"text":"CINTILLO","link":"https:\/\/www.grieta.org.mx\/index.php\/category\/cintillo\/"},"img":{"alt_text":"","src":"https:\/\/i0.wp.com\/www.grieta.org.mx\/wp-content\/uploads\/2018\/03\/14524434_1106112876131411_958039263622046936_o.jpg?resize=350%2C200&ssl=1","width":350,"height":200,"srcset":"https:\/\/i0.wp.com\/www.grieta.org.mx\/wp-content\/uploads\/2018\/03\/14524434_1106112876131411_958039263622046936_o.jpg?resize=350%2C200&ssl=1 1x, https:\/\/i0.wp.com\/www.grieta.org.mx\/wp-content\/uploads\/2018\/03\/14524434_1106112876131411_958039263622046936_o.jpg?resize=525%2C300&ssl=1 1.5x, https:\/\/i0.wp.com\/www.grieta.org.mx\/wp-content\/uploads\/2018\/03\/14524434_1106112876131411_958039263622046936_o.jpg?resize=700%2C400&ssl=1 2x"},"classes":[]},{"id":69898,"url":"https:\/\/www.grieta.org.mx\/index.php\/2024\/09\/30\/a-10-anos-de-la-noche-de-iguala-el-mexico-de-abajo-y-a-la-izquierda-grita-verdad-y-justicia-fotos-audio-y-videos-de-la-marcha\/","url_meta":{"origin":26175,"position":3},"title":"A 10 a\u00f1os de la noche de Iguala, el M\u00e9xico de abajo y a la izquierda grita: &#8220;\u00a1Verdad y justicia!&#8221; (Fotos, audio y videos de la marcha)","author":"grieta","date":"30 septiembre, 2024","format":false,"excerpt":"Colectivo Grieta Ciudad de M\u00e9xico, 26 de septiembre de 2024. A 10 a\u00f1os de la noche en que un grupo de estudiantes de la escuela normal rural \"Ra\u00fal Isidro Burgos\" fuera violentamente atacada por fuerzas combinadas de la polic\u00eda municipal, estatal, federal, ej\u00e9rcito y crimen organizado dejando un saldo de\u2026","rel":"","context":"En &quot;CINTILLO&quot;","block_context":{"text":"CINTILLO","link":"https:\/\/www.grieta.org.mx\/index.php\/category\/cintillo\/"},"img":{"alt_text":"","src":"https:\/\/i0.wp.com\/www.grieta.org.mx\/wp-content\/uploads\/2024\/09\/photo_2024-09-30_10-10-42.jpg?resize=350%2C200&ssl=1","width":350,"height":200,"srcset":"https:\/\/i0.wp.com\/www.grieta.org.mx\/wp-content\/uploads\/2024\/09\/photo_2024-09-30_10-10-42.jpg?resize=350%2C200&ssl=1 1x, https:\/\/i0.wp.com\/www.grieta.org.mx\/wp-content\/uploads\/2024\/09\/photo_2024-09-30_10-10-42.jpg?resize=525%2C300&ssl=1 1.5x, https:\/\/i0.wp.com\/www.grieta.org.mx\/wp-content\/uploads\/2024\/09\/photo_2024-09-30_10-10-42.jpg?resize=700%2C400&ssl=1 2x"},"classes":[]},{"id":459,"url":"https:\/\/www.grieta.org.mx\/index.php\/2015\/10\/27\/encuentro-nacional-por-nuestrs-presos-de-la-red-vs-represion\/","url_meta":{"origin":26175,"position":4},"title":"Encuentro Nacional por Nuestr@s Preso@s de la Red vs Represi\u00f3n","author":"grieta","date":"27 octubre, 2015","format":false,"excerpt":"Radio Zapatista El s\u00e1bado 24 de octubre, organizaciones, colectivos e individuos se reunieron en la comunidad de Tlanixco, en el estado de M\u00e9xico, en el \u201cEncuentro Nacional por Nuestro@s Preso@s\u201c convocado por la Red Vs Represi\u00f3n. En el encuentro se habl\u00f3 de los casos de: Luis Fernando B\u00e1rcenas, Luis Fernando\u2026","rel":"","context":"En &quot;CINTILLO&quot;","block_context":{"text":"CINTILLO","link":"https:\/\/www.grieta.org.mx\/index.php\/category\/cintillo\/"},"img":{"alt_text":"","src":"https:\/\/i0.wp.com\/www.grieta.org.mx\/wp-content\/uploads\/2018\/03\/14524434_1106112876131411_958039263622046936_o.jpg?resize=350%2C200&ssl=1","width":350,"height":200,"srcset":"https:\/\/i0.wp.com\/www.grieta.org.mx\/wp-content\/uploads\/2018\/03\/14524434_1106112876131411_958039263622046936_o.jpg?resize=350%2C200&ssl=1 1x, https:\/\/i0.wp.com\/www.grieta.org.mx\/wp-content\/uploads\/2018\/03\/14524434_1106112876131411_958039263622046936_o.jpg?resize=525%2C300&ssl=1 1.5x, https:\/\/i0.wp.com\/www.grieta.org.mx\/wp-content\/uploads\/2018\/03\/14524434_1106112876131411_958039263622046936_o.jpg?resize=700%2C400&ssl=1 2x"},"classes":[]},{"id":50030,"url":"https:\/\/www.grieta.org.mx\/index.php\/2020\/05\/26\/exigen-justicia-para-los-43-normalistas-a-68-meses-de-su-desaparicion-ciudad-de-mexico\/","url_meta":{"origin":26175,"position":5},"title":"Exigen justicia para los 43 normalistas a 68 meses de su desaparici\u00f3n (Ciudad de M\u00e9xico)","author":"grieta","date":"26 mayo, 2020","format":false,"excerpt":"Foto: David Deolarte \/ La Prensa Andrea P\u00e9rez \/ La Prensa Con pintas conmemorativas y carteles con las fotos de los 43, padres de familia protestaron en el antimonumento A 68 meses de la desaparici\u00f3n de los 43 estudiantes de la Normal de Ayotzinapa, un grupo de activistas y familiares\u2026","rel":"","context":"En &quot;CINTILLO&quot;","block_context":{"text":"CINTILLO","link":"https:\/\/www.grieta.org.mx\/index.php\/category\/cintillo\/"},"img":{"alt_text":"","src":"https:\/\/i0.wp.com\/www.grieta.org.mx\/wp-content\/uploads\/2020\/05\/Exigen-justicia-para-los-43-normalistas-a-68-meses-de-su-desaparici%C3%B3n-cdmx-may.jpg?resize=350%2C200&ssl=1","width":350,"height":200,"srcset":"https:\/\/i0.wp.com\/www.grieta.org.mx\/wp-content\/uploads\/2020\/05\/Exigen-justicia-para-los-43-normalistas-a-68-meses-de-su-desaparici%C3%B3n-cdmx-may.jpg?resize=350%2C200&ssl=1 1x, https:\/\/i0.wp.com\/www.grieta.org.mx\/wp-content\/uploads\/2020\/05\/Exigen-justicia-para-los-43-normalistas-a-68-meses-de-su-desaparici%C3%B3n-cdmx-may.jpg?resize=525%2C300&ssl=1 1.5x, https:\/\/i0.wp.com\/www.grieta.org.mx\/wp-content\/uploads\/2020\/05\/Exigen-justicia-para-los-43-normalistas-a-68-meses-de-su-desaparici%C3%B3n-cdmx-may.jpg?resize=700%2C400&ssl=1 2x"},"classes":[]}],"_links":{"self":[{"href":"https:\/\/www.grieta.org.mx\/index.php\/wp-json\/wp\/v2\/posts\/26175","targetHints":{"allow":["GET"]}}],"collection":[{"href":"https:\/\/www.grieta.org.mx\/index.php\/wp-json\/wp\/v2\/posts"}],"about":[{"href":"https:\/\/www.grieta.org.mx\/index.php\/wp-json\/wp\/v2\/types\/post"}],"author":[{"embeddable":true,"href":"https:\/\/www.grieta.org.mx\/index.php\/wp-json\/wp\/v2\/users\/2"}],"replies":[{"embeddable":true,"href":"https:\/\/www.grieta.org.mx\/index.php\/wp-json\/wp\/v2\/comments?post=26175"}],"version-history":[{"count":1,"href":"https:\/\/www.grieta.org.mx\/index.php\/wp-json\/wp\/v2\/posts\/26175\/revisions"}],"predecessor-version":[{"id":27079,"href":"https:\/\/www.grieta.org.mx\/index.php\/wp-json\/wp\/v2\/posts\/26175\/revisions\/27079"}],"wp:featuredmedia":[{"embeddable":true,"href":"https:\/\/www.grieta.org.mx\/index.php\/wp-json\/wp\/v2\/media\/26176"}],"wp:attachment":[{"href":"https:\/\/www.grieta.org.mx\/index.php\/wp-json\/wp\/v2\/media?parent=26175"}],"wp:term":[{"taxonomy":"category","embeddable":true,"href":"https:\/\/www.grieta.org.mx\/index.php\/wp-json\/wp\/v2\/categories?post=26175"},{"taxonomy":"post_tag","embeddable":true,"href":"https:\/\/www.grieta.org.mx\/index.php\/wp-json\/wp\/v2\/tags?post=26175"}],"curies":[{"name":"wp","href":"https:\/\/api.w.org\/{rel}","templated":true}]}}