{"id":26122,"date":"2018-09-03T15:12:34","date_gmt":"2018-09-03T20:12:34","guid":{"rendered":"http:\/\/www.grieta.org.mx\/?p=26122"},"modified":"2018-09-03T15:13:45","modified_gmt":"2018-09-03T20:13:45","slug":"sindicalizados-de-jumapaang-advierten-de-paro-laboral-por-deuda-sinaloa","status":"publish","type":"post","link":"https:\/\/www.grieta.org.mx\/index.php\/2018\/09\/03\/sindicalizados-de-jumapaang-advierten-de-paro-laboral-por-deuda-sinaloa\/","title":{"rendered":"Sindicalizados de Jumapaang advierten de paro laboral por deuda (Sinaloa)"},"content":{"rendered":"<p><img loading=\"lazy\" decoding=\"async\" data-attachment-id=\"26123\" data-permalink=\"https:\/\/www.grieta.org.mx\/index.php\/2018\/09\/03\/sindicalizados-de-jumapaang-advierten-de-paro-laboral-por-deuda-sinaloa\/whatsapp_image_2018-09-03_at_10_32_58_am_1_crop1535992817024-jpeg_539665225\/\" data-orig-file=\"https:\/\/www.grieta.org.mx\/wp-content\/uploads\/2018\/09\/whatsapp_image_2018-09-03_at_10_32_58_am_1_crop1535992817024.jpeg_539665225.jpeg\" data-orig-size=\"695,521\" data-comments-opened=\"0\" data-image-meta=\"{&quot;aperture&quot;:&quot;0&quot;,&quot;credit&quot;:&quot;&quot;,&quot;camera&quot;:&quot;&quot;,&quot;caption&quot;:&quot;&quot;,&quot;created_timestamp&quot;:&quot;0&quot;,&quot;copyright&quot;:&quot;&quot;,&quot;focal_length&quot;:&quot;0&quot;,&quot;iso&quot;:&quot;0&quot;,&quot;shutter_speed&quot;:&quot;0&quot;,&quot;title&quot;:&quot;&quot;,&quot;orientation&quot;:&quot;0&quot;}\" data-image-title=\"whatsapp_image_2018-09-03_at_10_32_58_am_1_crop1535992817024.jpeg_539665225\" data-image-description=\"\" data-image-caption=\"\" data-medium-file=\"https:\/\/www.grieta.org.mx\/wp-content\/uploads\/2018\/09\/whatsapp_image_2018-09-03_at_10_32_58_am_1_crop1535992817024.jpeg_539665225-300x225.jpeg\" data-large-file=\"https:\/\/www.grieta.org.mx\/wp-content\/uploads\/2018\/09\/whatsapp_image_2018-09-03_at_10_32_58_am_1_crop1535992817024.jpeg_539665225.jpeg\" class=\"aligncenter size-medium wp-image-26123\" src=\"http:\/\/www.grieta.org.mx\/wp-content\/uploads\/2018\/09\/whatsapp_image_2018-09-03_at_10_32_58_am_1_crop1535992817024.jpeg_539665225-300x225.jpeg\" alt=\"\" width=\"300\" height=\"225\" srcset=\"https:\/\/www.grieta.org.mx\/wp-content\/uploads\/2018\/09\/whatsapp_image_2018-09-03_at_10_32_58_am_1_crop1535992817024.jpeg_539665225-300x225.jpeg 300w, https:\/\/www.grieta.org.mx\/wp-content\/uploads\/2018\/09\/whatsapp_image_2018-09-03_at_10_32_58_am_1_crop1535992817024.jpeg_539665225-667x500.jpeg 667w, https:\/\/www.grieta.org.mx\/wp-content\/uploads\/2018\/09\/whatsapp_image_2018-09-03_at_10_32_58_am_1_crop1535992817024.jpeg_539665225.jpeg 695w\" sizes=\"auto, (max-width: 300px) 100vw, 300px\" \/><br \/>\nFotograf\u00eda: Daniel Ayala \/ EL DEBATE<\/p>\n<blockquote><p>Es un mill\u00f3n de pesos lo que la paramunicipal adeuda<\/p><\/blockquote>\n<p>Jasiel Camacho<\/p>\n<p>Angostura, Sinaloa.- Personal sindicalizado de la Junta Municipal de Agua Potable y Alcantarillado de Angostura (Jumapaang) se present\u00f3 a las afueras de la paramunicipal con la finalidad de exigir el monto de un mill\u00f3n de pesos, mismo que se les adeuda por diferentes conceptos entre ellos la quincena, becas para hijos sindicalizados, quinquenios, infonavit y uniformes entre otros m\u00e1s.<\/p>\n<p>Luis Alfonso Castro Inzunza secretario general de la Junta de Agua Potable, pidi\u00f3 disculpas a la ciudadan\u00eda de Angostura por el paro que hicieron, inform\u00f3 que ya son muchos los adeudos de la paramunicipal con el sindicato; &#8220;el presidente municipal ya est\u00e1 enterado de lo que est\u00e1 aconteciendo porque le avisamos, ahorita nos est\u00e1n debiendo como un mill\u00f3n de pesos de deudas, se nos hace que ya hemos sido muy tolerantes nosotros con la Junta de Agua pero si en realidad es mucho lo que se nos debe&#8221;, ponder\u00f3 el l\u00edder.<\/p>\n<p><img loading=\"lazy\" decoding=\"async\" data-attachment-id=\"26125\" data-permalink=\"https:\/\/www.grieta.org.mx\/index.php\/2018\/09\/03\/sindicalizados-de-jumapaang-advierten-de-paro-laboral-por-deuda-sinaloa\/whatsapp_image_2018-09-03_at_10_32_57_am-jpeg_1523629909\/\" data-orig-file=\"https:\/\/www.grieta.org.mx\/wp-content\/uploads\/2018\/09\/whatsapp_image_2018-09-03_at_10_32_57_am.jpeg_1523629909.jpeg\" data-orig-size=\"728,485\" data-comments-opened=\"0\" data-image-meta=\"{&quot;aperture&quot;:&quot;0&quot;,&quot;credit&quot;:&quot;&quot;,&quot;camera&quot;:&quot;&quot;,&quot;caption&quot;:&quot;&quot;,&quot;created_timestamp&quot;:&quot;0&quot;,&quot;copyright&quot;:&quot;&quot;,&quot;focal_length&quot;:&quot;0&quot;,&quot;iso&quot;:&quot;0&quot;,&quot;shutter_speed&quot;:&quot;0&quot;,&quot;title&quot;:&quot;&quot;,&quot;orientation&quot;:&quot;0&quot;}\" data-image-title=\"whatsapp_image_2018-09-03_at_10_32_57_am.jpeg_1523629909\" data-image-description=\"\" data-image-caption=\"\" data-medium-file=\"https:\/\/www.grieta.org.mx\/wp-content\/uploads\/2018\/09\/whatsapp_image_2018-09-03_at_10_32_57_am.jpeg_1523629909-300x200.jpeg\" data-large-file=\"https:\/\/www.grieta.org.mx\/wp-content\/uploads\/2018\/09\/whatsapp_image_2018-09-03_at_10_32_57_am.jpeg_1523629909.jpeg\" class=\"aligncenter size-medium wp-image-26125\" src=\"http:\/\/www.grieta.org.mx\/wp-content\/uploads\/2018\/09\/whatsapp_image_2018-09-03_at_10_32_57_am.jpeg_1523629909-300x200.jpeg\" alt=\"\" width=\"300\" height=\"200\" srcset=\"https:\/\/www.grieta.org.mx\/wp-content\/uploads\/2018\/09\/whatsapp_image_2018-09-03_at_10_32_57_am.jpeg_1523629909-300x200.jpeg 300w, https:\/\/www.grieta.org.mx\/wp-content\/uploads\/2018\/09\/whatsapp_image_2018-09-03_at_10_32_57_am.jpeg_1523629909.jpeg 728w\" sizes=\"auto, (max-width: 300px) 100vw, 300px\" \/><br \/>\nLos trabajadores de la Jumapaang detuvieron los trabajos ante el adeudo \/ Fotograf\u00eda: Daniel Ayala EL DEBATE<\/p>\n<p>Los 58 sindicalizados detuvieron los trabajos durante las primeras horas del d\u00eda, sin embargo, regresaron a la labor, Castro Inzunza puntualiz\u00f3 que tendr\u00e1n una reuni\u00f3n con el alcalde este martes y a m\u00e1s tardar el jueves esperan una respuesta que los favorezca, de lo contrario iniciar\u00e1n con un paro total. Cabe mencionar que durante las tres horas y media que dur\u00f3 el paro, se detuvo el bombeo de aguas en el municipio.<\/p>\n<p><iframe loading=\"lazy\" src=\"https:\/\/www.youtube.com\/embed\/OOv_D_-sew4\" width=\"560\" height=\"315\" frameborder=\"0\" allowfullscreen=\"allowfullscreen\"><\/iframe><\/p>\n<p>&nbsp;<\/p>\n<p>Por su parte Regino Camacho Sotomayor secretario del trabajo del sindicato de la Junta Municipal de Agua Potable y Alcantarillado de Angostura, explic\u00f3 que el panorama es complicado, agreg\u00f3 que no es un problema solo del actual gerente, sino que es un problema ya a\u00f1ejo.<\/p>\n<p>&nbsp;<\/p>\n<p><img loading=\"lazy\" decoding=\"async\" data-attachment-id=\"26127\" data-permalink=\"https:\/\/www.grieta.org.mx\/index.php\/2018\/09\/03\/sindicalizados-de-jumapaang-advierten-de-paro-laboral-por-deuda-sinaloa\/whatsapp_image_2018-09-03_at_10_33_11_am-jpeg_1523629909\/\" data-orig-file=\"https:\/\/www.grieta.org.mx\/wp-content\/uploads\/2018\/09\/whatsapp_image_2018-09-03_at_10_33_11_am.jpeg_1523629909.jpeg\" data-orig-size=\"728,485\" data-comments-opened=\"0\" data-image-meta=\"{&quot;aperture&quot;:&quot;0&quot;,&quot;credit&quot;:&quot;&quot;,&quot;camera&quot;:&quot;&quot;,&quot;caption&quot;:&quot;&quot;,&quot;created_timestamp&quot;:&quot;0&quot;,&quot;copyright&quot;:&quot;&quot;,&quot;focal_length&quot;:&quot;0&quot;,&quot;iso&quot;:&quot;0&quot;,&quot;shutter_speed&quot;:&quot;0&quot;,&quot;title&quot;:&quot;&quot;,&quot;orientation&quot;:&quot;0&quot;}\" data-image-title=\"whatsapp_image_2018-09-03_at_10_33_11_am.jpeg_1523629909\" data-image-description=\"\" data-image-caption=\"\" data-medium-file=\"https:\/\/www.grieta.org.mx\/wp-content\/uploads\/2018\/09\/whatsapp_image_2018-09-03_at_10_33_11_am.jpeg_1523629909-300x200.jpeg\" data-large-file=\"https:\/\/www.grieta.org.mx\/wp-content\/uploads\/2018\/09\/whatsapp_image_2018-09-03_at_10_33_11_am.jpeg_1523629909.jpeg\" class=\"aligncenter size-medium wp-image-26127\" src=\"http:\/\/www.grieta.org.mx\/wp-content\/uploads\/2018\/09\/whatsapp_image_2018-09-03_at_10_33_11_am.jpeg_1523629909-300x200.jpeg\" alt=\"\" width=\"300\" height=\"200\" srcset=\"https:\/\/www.grieta.org.mx\/wp-content\/uploads\/2018\/09\/whatsapp_image_2018-09-03_at_10_33_11_am.jpeg_1523629909-300x200.jpeg 300w, https:\/\/www.grieta.org.mx\/wp-content\/uploads\/2018\/09\/whatsapp_image_2018-09-03_at_10_33_11_am.jpeg_1523629909.jpeg 728w\" sizes=\"auto, (max-width: 300px) 100vw, 300px\" \/><br \/>\nSe\u00f1alan que la problem\u00e1tica no es nueva \/ Fotograf\u00eda: Daniel Ayala EL DEBATE<\/p>\n<p>&#8220;Sabemos y estamos conscientes que no todo es problema del gerente actual, son deudas que ya se vienen arrastrando, ahora le toc\u00f3 a el (gerente) y le estamos exigiendo que nos apoye con los pagos, ese dinero les hace falta mucho a los compa\u00f1eros que no tienen dinero para darles de comer a sus hijos y por eso estamos haciendo este paro a reserva de lo que nos diga el presidente&#8221;.<\/p>\n<p><a href=\"https:\/\/www.debate.com.mx\/guamuchil\/Deuda-Jumapaang-Angostura-Paro-Laboral-20180903-0081.html\" rel=\"noopener\" target=\"_blank\">https:\/\/www.debate.com.mx\/guamuchil\/Deuda-Jumapaang-Angostura-Paro-Laboral-20180903-0081.html<\/a><\/p>\n","protected":false},"excerpt":{"rendered":"<p>Fotograf\u00eda: Daniel Ayala \/ EL DEBATE Es un mill\u00f3n de pesos lo que la paramunicipal adeuda Jasiel Camacho Angostura, Sinaloa.- Personal sindicalizado de la Junta Municipal de Agua Potable y &hellip; <a href=\"https:\/\/www.grieta.org.mx\/index.php\/2018\/09\/03\/sindicalizados-de-jumapaang-advierten-de-paro-laboral-por-deuda-sinaloa\/\" class=\"more-link\">Leer m\u00e1s<\/a><\/p>\n","protected":false},"author":2,"featured_media":26123,"comment_status":"closed","ping_status":"closed","sticky":false,"template":"","format":"standard","meta":{"ngg_post_thumbnail":0,"_jetpack_newsletter_access":"","_jetpack_dont_email_post_to_subs":false,"_jetpack_newsletter_tier_id":0,"_jetpack_memberships_contains_paywalled_content":false,"_jetpack_memberships_contains_paid_content":false,"footnotes":""},"categories":[80,1658,2,30],"tags":[1690,113],"class_list":["post-26122","post","type-post","status-publish","format-standard","has-post-thumbnail","hentry","category-cintillo","category-conflictos-laborales-en-sinaloa","category-noticias-nacionales","category-sinaloa","tag-adeudo-de-salarios","tag-conflictos-laborales","entry"],"jetpack_featured_media_url":"https:\/\/www.grieta.org.mx\/wp-content\/uploads\/2018\/09\/whatsapp_image_2018-09-03_at_10_32_58_am_1_crop1535992817024.jpeg_539665225.jpeg","jetpack_sharing_enabled":true,"jetpack_shortlink":"https:\/\/wp.me\/p7ZJR4-6Nk","jetpack_likes_enabled":false,"jetpack-related-posts":[{"id":32708,"url":"https:\/\/www.grieta.org.mx\/index.php\/2019\/04\/24\/trabajadores-de-jumapae-protestan-por-falta-de-pago-sinaloa\/","url_meta":{"origin":26122,"position":0},"title":"Trabajadores de Jumapae protestan por falta de pago (Sinaloa)","author":"grieta","date":"24 abril, 2019","format":false,"excerpt":"Mar\u00eda Ibarra \/ Debate Escuinapa.- Para exigir el pago de aguinaldos y primas vacacionales personal del Sindicato de Trabajadores de la Junta Municipal de Agua Potable y Alcantarillado de Escuinapa (Jumapae), pararon labores durante dos horas, logrando llegar a un acuerdo con las autoridades para el pago de un mill\u00f3n\u2026","rel":"","context":"En &quot;CINTILLO&quot;","block_context":{"text":"CINTILLO","link":"https:\/\/www.grieta.org.mx\/index.php\/category\/cintillo\/"},"img":{"alt_text":"","src":"https:\/\/i0.wp.com\/www.grieta.org.mx\/wp-content\/uploads\/2019\/04\/protesta_jumapae_escuinapa.jpg_219914347.jpg?resize=350%2C200&ssl=1","width":350,"height":200,"srcset":"https:\/\/i0.wp.com\/www.grieta.org.mx\/wp-content\/uploads\/2019\/04\/protesta_jumapae_escuinapa.jpg_219914347.jpg?resize=350%2C200&ssl=1 1x, https:\/\/i0.wp.com\/www.grieta.org.mx\/wp-content\/uploads\/2019\/04\/protesta_jumapae_escuinapa.jpg_219914347.jpg?resize=525%2C300&ssl=1 1.5x, https:\/\/i0.wp.com\/www.grieta.org.mx\/wp-content\/uploads\/2019\/04\/protesta_jumapae_escuinapa.jpg_219914347.jpg?resize=700%2C400&ssl=1 2x"},"classes":[]},{"id":35461,"url":"https:\/\/www.grieta.org.mx\/index.php\/2019\/06\/26\/mazatlan-sindicalizados-inician-huelga-en-la-jumapae-sinaloa\/","url_meta":{"origin":26122,"position":1},"title":"MAZATL\u00c1N Sindicalizados inician huelga en la Jumapae (Sinaloa)","author":"grieta","date":"26 junio, 2019","format":false,"excerpt":"Foto: El Debate Exigen el pago de m\u00e1s de 1 mill\u00f3n de pesos que se les adeuda por aguinaldos y otras prestaciones\u00a0 Ivette V\u00e1zquez \/ El Debate Escuinapa.- Desesperados ante la nula respuesta al pago de sus prestaciones, trabajadores de la Junta Municipal de Agua Potable y Alcantarillado de Escuinapa\u2026","rel":"","context":"En &quot;CINTILLO&quot;","block_context":{"text":"CINTILLO","link":"https:\/\/www.grieta.org.mx\/index.php\/category\/cintillo\/"},"img":{"alt_text":"","src":"https:\/\/i0.wp.com\/www.grieta.org.mx\/wp-content\/uploads\/2019\/06\/jumape_crop1561585960545.jpg_1727466156.jpg?resize=350%2C200&ssl=1","width":350,"height":200,"srcset":"https:\/\/i0.wp.com\/www.grieta.org.mx\/wp-content\/uploads\/2019\/06\/jumape_crop1561585960545.jpg_1727466156.jpg?resize=350%2C200&ssl=1 1x, https:\/\/i0.wp.com\/www.grieta.org.mx\/wp-content\/uploads\/2019\/06\/jumape_crop1561585960545.jpg_1727466156.jpg?resize=525%2C300&ssl=1 1.5x, https:\/\/i0.wp.com\/www.grieta.org.mx\/wp-content\/uploads\/2019\/06\/jumape_crop1561585960545.jpg_1727466156.jpg?resize=700%2C400&ssl=1 2x"},"classes":[]},{"id":35832,"url":"https:\/\/www.grieta.org.mx\/index.php\/2019\/07\/02\/ni-nos-ven-ni-nos-oyen-reprocha-lider-sindical-en-escuinapa-sinaloa\/","url_meta":{"origin":26122,"position":2},"title":"Ni nos ven ni nos oyen: reprocha l\u00edder sindical en Escuinapa (Sinaloa)","author":"grieta","date":"2 julio, 2019","format":false,"excerpt":"Foto: EL Debate Los trabajadores cumplen una semana en huelga sin que el alcalde acceda a un di\u00e1logo para solucionar el conflicto Mar\u00eda Ibarra \/ El Debate Escuinapa. A una semana de permanecer en huelga, trabajadores sindicalizados de la Junta Municipal de Agua Potable y Alcantarillado de Escuinapa se dicen\u2026","rel":"","context":"En &quot;CINTILLO&quot;","block_context":{"text":"CINTILLO","link":"https:\/\/www.grieta.org.mx\/index.php\/category\/cintillo\/"},"img":{"alt_text":"","src":"https:\/\/i0.wp.com\/www.grieta.org.mx\/wp-content\/uploads\/2019\/07\/jumape_crop1561585960545.jpg_1727466156.jpg?resize=350%2C200&ssl=1","width":350,"height":200,"srcset":"https:\/\/i0.wp.com\/www.grieta.org.mx\/wp-content\/uploads\/2019\/07\/jumape_crop1561585960545.jpg_1727466156.jpg?resize=350%2C200&ssl=1 1x, https:\/\/i0.wp.com\/www.grieta.org.mx\/wp-content\/uploads\/2019\/07\/jumape_crop1561585960545.jpg_1727466156.jpg?resize=525%2C300&ssl=1 1.5x, https:\/\/i0.wp.com\/www.grieta.org.mx\/wp-content\/uploads\/2019\/07\/jumape_crop1561585960545.jpg_1727466156.jpg?resize=700%2C400&ssl=1 2x"},"classes":[]},{"id":34722,"url":"https:\/\/www.grieta.org.mx\/index.php\/2019\/06\/04\/jubilados-de-jumapag-inician-huelga-de-hambre-sinaloa\/","url_meta":{"origin":26122,"position":3},"title":"Jubilados de Jumapag inician huelga de hambre (Sinaloa)","author":"grieta","date":"4 junio, 2019","format":false,"excerpt":"Roberto Acosta, l\u00edder sindical, asegur\u00f3 que no se mover\u00e1n hasta que se les paguen las nueve quincenas pendientes y otras prestaciones Fernanda Ruiz \/ El Debate Guasave, Sinaloa.- Ayer a las 08:30 horas, un total de 14 trabajadores jubilados de la Junta Municipal de Agua Potable y Alcantarillado de Guasave,\u2026","rel":"","context":"En &quot;CINTILLO&quot;","block_context":{"text":"CINTILLO","link":"https:\/\/www.grieta.org.mx\/index.php\/category\/cintillo\/"},"img":{"alt_text":"","src":"https:\/\/i0.wp.com\/www.grieta.org.mx\/wp-content\/uploads\/2019\/06\/jubilados-de-jumapag-inician-huelga-de-hambre_crop1559576573620.jpg_219914347.jpg?resize=350%2C200&ssl=1","width":350,"height":200,"srcset":"https:\/\/i0.wp.com\/www.grieta.org.mx\/wp-content\/uploads\/2019\/06\/jubilados-de-jumapag-inician-huelga-de-hambre_crop1559576573620.jpg_219914347.jpg?resize=350%2C200&ssl=1 1x, https:\/\/i0.wp.com\/www.grieta.org.mx\/wp-content\/uploads\/2019\/06\/jubilados-de-jumapag-inician-huelga-de-hambre_crop1559576573620.jpg_219914347.jpg?resize=525%2C300&ssl=1 1.5x, https:\/\/i0.wp.com\/www.grieta.org.mx\/wp-content\/uploads\/2019\/06\/jubilados-de-jumapag-inician-huelga-de-hambre_crop1559576573620.jpg_219914347.jpg?resize=700%2C400&ssl=1 2x"},"classes":[]},{"id":14331,"url":"https:\/\/www.grieta.org.mx\/index.php\/2016\/06\/02\/ase-auditara-las-finanzas-de-jumapag\/","url_meta":{"origin":26122,"position":4},"title":"ASE auditar\u00e1 las finanzas de Jumapag (Sinaloa)","author":"grieta","date":"2 junio, 2016","format":false,"excerpt":"Yazm\u00edn Ortega, Sinaloa. Culiac\u00e1n, Sinaloa.- A ra\u00edz de la manifestaci\u00f3n que realizaron hoy trabajadores sindicalizados de la Jumapag en el Congreso del Estado, el presidente de la comisi\u00f3n de Fiscalizaci\u00f3n, G\u00f3mer Mon\u00e1rrez Lara, solicit\u00f3 a la Auditor\u00eda Superior del Estado realizar una auditor\u00eda financiera especial respecto a los adeudos que\u2026","rel":"","context":"En &quot;CINTILLO&quot;","block_context":{"text":"CINTILLO","link":"https:\/\/www.grieta.org.mx\/index.php\/category\/cintillo\/"},"img":{"alt_text":"","src":"https:\/\/i0.wp.com\/www.grieta.org.mx\/wp-content\/uploads\/2018\/03\/14524434_1106112876131411_958039263622046936_o.jpg?resize=350%2C200&ssl=1","width":350,"height":200,"srcset":"https:\/\/i0.wp.com\/www.grieta.org.mx\/wp-content\/uploads\/2018\/03\/14524434_1106112876131411_958039263622046936_o.jpg?resize=350%2C200&ssl=1 1x, https:\/\/i0.wp.com\/www.grieta.org.mx\/wp-content\/uploads\/2018\/03\/14524434_1106112876131411_958039263622046936_o.jpg?resize=525%2C300&ssl=1 1.5x, https:\/\/i0.wp.com\/www.grieta.org.mx\/wp-content\/uploads\/2018\/03\/14524434_1106112876131411_958039263622046936_o.jpg?resize=700%2C400&ssl=1 2x"},"classes":[]},{"id":37700,"url":"https:\/\/www.grieta.org.mx\/index.php\/2019\/08\/02\/colonias-continuan-sufriendo-desabasto-de-agua-potable-sinaloa\/","url_meta":{"origin":26122,"position":5},"title":"Colonias contin\u00faan sufriendo desabasto de agua potable (Sinaloa)","author":"grieta","date":"2 agosto, 2019","format":false,"excerpt":"Foto: Segio P\u00e9rez - El Debate Los vecinos de la Flores Mag\u00f3n dicen estar cansados de tener que despertar a las 03:00 horas para ver si les llega el l\u00edquido Mazatl\u00e1n, Sinaloa.- Habitantes de la \u00a0colonia Flores Mag\u00f3n, Lomas del \u00c9bano y sus alrededores sufren la falta de agua desde\u2026","rel":"","context":"En &quot;CINTILLO&quot;","block_context":{"text":"CINTILLO","link":"https:\/\/www.grieta.org.mx\/index.php\/category\/cintillo\/"},"img":{"alt_text":"","src":"https:\/\/i0.wp.com\/www.grieta.org.mx\/wp-content\/uploads\/2019\/08\/desabasto_de_agua1_crop1564761273503.jpg_1727466156.jpg?resize=350%2C200&ssl=1","width":350,"height":200,"srcset":"https:\/\/i0.wp.com\/www.grieta.org.mx\/wp-content\/uploads\/2019\/08\/desabasto_de_agua1_crop1564761273503.jpg_1727466156.jpg?resize=350%2C200&ssl=1 1x, https:\/\/i0.wp.com\/www.grieta.org.mx\/wp-content\/uploads\/2019\/08\/desabasto_de_agua1_crop1564761273503.jpg_1727466156.jpg?resize=525%2C300&ssl=1 1.5x, https:\/\/i0.wp.com\/www.grieta.org.mx\/wp-content\/uploads\/2019\/08\/desabasto_de_agua1_crop1564761273503.jpg_1727466156.jpg?resize=700%2C400&ssl=1 2x"},"classes":[]}],"_links":{"self":[{"href":"https:\/\/www.grieta.org.mx\/index.php\/wp-json\/wp\/v2\/posts\/26122","targetHints":{"allow":["GET"]}}],"collection":[{"href":"https:\/\/www.grieta.org.mx\/index.php\/wp-json\/wp\/v2\/posts"}],"about":[{"href":"https:\/\/www.grieta.org.mx\/index.php\/wp-json\/wp\/v2\/types\/post"}],"author":[{"embeddable":true,"href":"https:\/\/www.grieta.org.mx\/index.php\/wp-json\/wp\/v2\/users\/2"}],"replies":[{"embeddable":true,"href":"https:\/\/www.grieta.org.mx\/index.php\/wp-json\/wp\/v2\/comments?post=26122"}],"version-history":[{"count":1,"href":"https:\/\/www.grieta.org.mx\/index.php\/wp-json\/wp\/v2\/posts\/26122\/revisions"}],"predecessor-version":[{"id":26128,"href":"https:\/\/www.grieta.org.mx\/index.php\/wp-json\/wp\/v2\/posts\/26122\/revisions\/26128"}],"wp:featuredmedia":[{"embeddable":true,"href":"https:\/\/www.grieta.org.mx\/index.php\/wp-json\/wp\/v2\/media\/26123"}],"wp:attachment":[{"href":"https:\/\/www.grieta.org.mx\/index.php\/wp-json\/wp\/v2\/media?parent=26122"}],"wp:term":[{"taxonomy":"category","embeddable":true,"href":"https:\/\/www.grieta.org.mx\/index.php\/wp-json\/wp\/v2\/categories?post=26122"},{"taxonomy":"post_tag","embeddable":true,"href":"https:\/\/www.grieta.org.mx\/index.php\/wp-json\/wp\/v2\/tags?post=26122"}],"curies":[{"name":"wp","href":"https:\/\/api.w.org\/{rel}","templated":true}]}}