{"id":26105,"date":"2018-09-03T14:20:32","date_gmt":"2018-09-03T19:20:32","guid":{"rendered":"http:\/\/www.grieta.org.mx\/?p=26105"},"modified":"2018-09-03T14:20:32","modified_gmt":"2018-09-03T19:20:32","slug":"infonavit-embarga-viviendas-por-falta-de-pagos-sinaloa","status":"publish","type":"post","link":"https:\/\/www.grieta.org.mx\/index.php\/2018\/09\/03\/infonavit-embarga-viviendas-por-falta-de-pagos-sinaloa\/","title":{"rendered":"Infonavit embarga viviendas por falta de pagos (Sinaloa)"},"content":{"rendered":"<p><img loading=\"lazy\" decoding=\"async\" data-attachment-id=\"26106\" data-permalink=\"https:\/\/www.grieta.org.mx\/index.php\/2018\/09\/03\/infonavit-embarga-viviendas-por-falta-de-pagos-sinaloa\/casa_infonavit-jpg_539665225\/\" data-orig-file=\"https:\/\/www.grieta.org.mx\/wp-content\/uploads\/2018\/09\/casa_infonavit.jpg_539665225.jpg\" data-orig-size=\"695,521\" data-comments-opened=\"0\" data-image-meta=\"{&quot;aperture&quot;:&quot;0&quot;,&quot;credit&quot;:&quot;&quot;,&quot;camera&quot;:&quot;&quot;,&quot;caption&quot;:&quot;&quot;,&quot;created_timestamp&quot;:&quot;0&quot;,&quot;copyright&quot;:&quot;&quot;,&quot;focal_length&quot;:&quot;0&quot;,&quot;iso&quot;:&quot;0&quot;,&quot;shutter_speed&quot;:&quot;0&quot;,&quot;title&quot;:&quot;&quot;,&quot;orientation&quot;:&quot;0&quot;}\" data-image-title=\"casa_infonavit.jpg_539665225\" data-image-description=\"\" data-image-caption=\"\" data-medium-file=\"https:\/\/www.grieta.org.mx\/wp-content\/uploads\/2018\/09\/casa_infonavit.jpg_539665225-300x225.jpg\" data-large-file=\"https:\/\/www.grieta.org.mx\/wp-content\/uploads\/2018\/09\/casa_infonavit.jpg_539665225.jpg\" src=\"http:\/\/www.grieta.org.mx\/wp-content\/uploads\/2018\/09\/casa_infonavit.jpg_539665225-300x225.jpg\" alt=\"\" width=\"300\" height=\"225\" class=\"aligncenter size-medium wp-image-26106\" srcset=\"https:\/\/www.grieta.org.mx\/wp-content\/uploads\/2018\/09\/casa_infonavit.jpg_539665225-300x225.jpg 300w, https:\/\/www.grieta.org.mx\/wp-content\/uploads\/2018\/09\/casa_infonavit.jpg_539665225-667x500.jpg 667w, https:\/\/www.grieta.org.mx\/wp-content\/uploads\/2018\/09\/casa_infonavit.jpg_539665225.jpg 695w\" sizes=\"auto, (max-width: 300px) 100vw, 300px\" \/><br \/>\nFoto ilustrativa El Debate<\/p>\n<blockquote><p>En Sinaloa, 70 mil trabajadores est\u00e1n cotizando para acceder a una casa de inter\u00e9s social<\/p><\/blockquote>\n<p>Francisca Mart\u00ednez<\/p>\n<p>Culiac\u00e1n, Sinaloa.- Alrededor de 600 viviendas se han embargado en Sinaloa por adeudos, inform\u00f3 Mar\u00eda Cristina Calvo Acosta.  <\/p>\n<p>La delegada de Infonavit en Sinaloa dio a conocer que las viviendas que se han embargado es debido a que los derechohabientes incumplen con los pagos. <\/p>\n<p><img loading=\"lazy\" decoding=\"async\" data-attachment-id=\"26107\" data-permalink=\"https:\/\/www.grieta.org.mx\/index.php\/2018\/09\/03\/infonavit-embarga-viviendas-por-falta-de-pagos-sinaloa\/casa_infonavit-jpeg_1748969033\/\" data-orig-file=\"https:\/\/www.grieta.org.mx\/wp-content\/uploads\/2018\/09\/casa_infonavit.jpeg_1748969033.jpeg\" data-orig-size=\"728,409\" data-comments-opened=\"0\" data-image-meta=\"{&quot;aperture&quot;:&quot;0&quot;,&quot;credit&quot;:&quot;&quot;,&quot;camera&quot;:&quot;&quot;,&quot;caption&quot;:&quot;&quot;,&quot;created_timestamp&quot;:&quot;0&quot;,&quot;copyright&quot;:&quot;&quot;,&quot;focal_length&quot;:&quot;0&quot;,&quot;iso&quot;:&quot;0&quot;,&quot;shutter_speed&quot;:&quot;0&quot;,&quot;title&quot;:&quot;&quot;,&quot;orientation&quot;:&quot;0&quot;}\" data-image-title=\"casa_infonavit.jpeg_1748969033\" data-image-description=\"\" data-image-caption=\"\" data-medium-file=\"https:\/\/www.grieta.org.mx\/wp-content\/uploads\/2018\/09\/casa_infonavit.jpeg_1748969033-300x169.jpeg\" data-large-file=\"https:\/\/www.grieta.org.mx\/wp-content\/uploads\/2018\/09\/casa_infonavit.jpeg_1748969033.jpeg\" src=\"http:\/\/www.grieta.org.mx\/wp-content\/uploads\/2018\/09\/casa_infonavit.jpeg_1748969033-300x169.jpeg\" alt=\"\" width=\"300\" height=\"169\" class=\"aligncenter size-medium wp-image-26107\" srcset=\"https:\/\/www.grieta.org.mx\/wp-content\/uploads\/2018\/09\/casa_infonavit.jpeg_1748969033-300x169.jpeg 300w, https:\/\/www.grieta.org.mx\/wp-content\/uploads\/2018\/09\/casa_infonavit.jpeg_1748969033.jpeg 728w\" sizes=\"auto, (max-width: 300px) 100vw, 300px\" \/><br \/>\nFoto ilustrativa El Debate<\/p>\n<p>Actualmente se han registrado casos en donde los morosos han dejado de pagar por periodos de hasta m\u00e1s de cinco a\u00f1os. <\/p>\n<blockquote><p>Soluci\u00f3n<\/p><\/blockquote>\n<p>Al no llegar a una alternativa de soluci\u00f3n al trabajador, lamentablemente se llega a los que son las adjudicaciones de las viviendas. <\/p>\n<blockquote><p>Hablando de un par\u00e1metro de porcentaje de estas 21 mil cuentas, alrededor de un 3 por ciento, es donde no se llega a un acuerdo y lamentablemente se llega a las adjudicaciones<\/p><\/blockquote>\n<blockquote><p>Cifras<\/p><\/blockquote>\n<p>Calvo Acosta indic\u00f3 que en Sinaloa se tiene un registro de 199 mil 987 cr\u00e9ditos que se administran como vigentes y vencidos; de esos, se cuenta con 21 mil 451 cuentas vencidas, las cuales son distribuidas para que su recuperaci\u00f3n se haga a trav\u00e9s de los despachos contables contratados por Infonavit.<\/p>\n<p>La delegada se\u00f1al\u00f3 que el objetivo del Infonavit no es quitar las viviendas, sino darle soluci\u00f3n al trabajador, pero muchas veces no hay otra alternativa m\u00e1s que embargar la vivienda.<\/p>\n<blockquote><p>Registro<\/p><\/blockquote>\n<p>De acuerdo con las cifras del Instituto Nacional del Fondo de la Vivienda para los Trabajadores, en Sinaloa se cuenta con una cartera vencida de 12 mil cr\u00e9ditos y actualmente se tiene un registro de 70 mil trabajadores que est\u00e1n cotizando para vivienda. Sin  embargo, para ser apto se tiene que alcanzar un puntaje de 116 puntos y 12 bimestres consecutivos cotizando. <\/p>\n<p>Las viviendas embargadas se comercializan y se ponen a disposici\u00f3n de empresas o inversionistas que las adquieren a trav\u00e9s de paquetes de vivienda para su recuperaci\u00f3n y remodelaci\u00f3n para ponerse a disposici\u00f3n del p\u00fablico.<\/p>\n<p>En la actualidad en los diversos fraccionamientos hay una gran cantidad de casas que fueron quitadas por Infonavit que se est\u00e1n deteriorando solas. Algunas son centros de vicios de j\u00f3venes de los sectores.<\/p>\n<p><a href=\"https:\/\/www.debate.com.mx\/culiacan\/infonavit-quita-embarga-casa-sinaloa-deudas-pagar-culiacan-20180903-0084.html\" rel=\"noopener\" target=\"_blank\">https:\/\/www.debate.com.mx\/culiacan\/infonavit-quita-embarga-casa-sinaloa-deudas-pagar-culiacan-20180903-0084.html<\/a><\/p>\n","protected":false},"excerpt":{"rendered":"<p>Foto ilustrativa El Debate En Sinaloa, 70 mil trabajadores est\u00e1n cotizando para acceder a una casa de inter\u00e9s social Francisca Mart\u00ednez Culiac\u00e1n, Sinaloa.- Alrededor de 600 viviendas se han embargado &hellip; <a href=\"https:\/\/www.grieta.org.mx\/index.php\/2018\/09\/03\/infonavit-embarga-viviendas-por-falta-de-pagos-sinaloa\/\" class=\"more-link\">Leer m\u00e1s<\/a><\/p>\n","protected":false},"author":2,"featured_media":26106,"comment_status":"closed","ping_status":"closed","sticky":false,"template":"","format":"standard","meta":{"ngg_post_thumbnail":0,"_jetpack_newsletter_access":"","_jetpack_dont_email_post_to_subs":false,"_jetpack_newsletter_tier_id":0,"_jetpack_memberships_contains_paywalled_content":false,"_jetpack_memberships_contains_paid_content":false,"footnotes":""},"categories":[80,1684,2,30],"tags":[1685,1686],"class_list":["post-26105","post","type-post","status-publish","format-standard","has-post-thumbnail","hentry","category-cintillo","category-embargos-de-viviendas-de-interes-social-en-sinaloa","category-noticias-nacionales","category-sinaloa","tag-embargos-de-viviendas-de-interes-social","tag-infonavit","entry"],"jetpack_featured_media_url":"https:\/\/www.grieta.org.mx\/wp-content\/uploads\/2018\/09\/casa_infonavit.jpg_539665225.jpg","jetpack_sharing_enabled":true,"jetpack_shortlink":"https:\/\/wp.me\/p7ZJR4-6N3","jetpack_likes_enabled":false,"jetpack-related-posts":[{"id":35840,"url":"https:\/\/www.grieta.org.mx\/index.php\/2019\/07\/02\/van-mas-de-mil-familias-desplazadas-por-la-violencia-en-sinaloa\/","url_meta":{"origin":26105,"position":0},"title":"Van m\u00e1s de mil familias desplazadas por la violencia en Sinaloa","author":"grieta","date":"2 julio, 2019","format":false,"excerpt":"Foto: Ilustrativa El Debate Redacci\u00f3n \/ El Debate Sinaloa. La Secretar\u00eda de Desarrollo Social de Sinaloa ha registrado a m\u00e1s de mil 100 familias desplazadas por la violencia, luego de un censo reciente. Explic\u00f3 que el censo contin\u00faa, pues los casos no han cesado. Hasta el momento se cont\u00f3 con\u2026","rel":"","context":"En &quot;CINTILLO&quot;","block_context":{"text":"CINTILLO","link":"https:\/\/www.grieta.org.mx\/index.php\/category\/cintillo\/"},"img":{"alt_text":"","src":"https:\/\/i0.wp.com\/www.grieta.org.mx\/wp-content\/uploads\/2019\/07\/van_mxs_de_mil_familias_desplazadas_por_la_violencia_en_sinaloa.jpg_219914347.jpg?resize=350%2C200&ssl=1","width":350,"height":200,"srcset":"https:\/\/i0.wp.com\/www.grieta.org.mx\/wp-content\/uploads\/2019\/07\/van_mxs_de_mil_familias_desplazadas_por_la_violencia_en_sinaloa.jpg_219914347.jpg?resize=350%2C200&ssl=1 1x, https:\/\/i0.wp.com\/www.grieta.org.mx\/wp-content\/uploads\/2019\/07\/van_mxs_de_mil_familias_desplazadas_por_la_violencia_en_sinaloa.jpg_219914347.jpg?resize=525%2C300&ssl=1 1.5x, https:\/\/i0.wp.com\/www.grieta.org.mx\/wp-content\/uploads\/2019\/07\/van_mxs_de_mil_familias_desplazadas_por_la_violencia_en_sinaloa.jpg_219914347.jpg?resize=700%2C400&ssl=1 2x"},"classes":[]},{"id":1000,"url":"https:\/\/www.grieta.org.mx\/index.php\/2016\/09\/05\/conflictos-laborales-en-sinaloa\/","url_meta":{"origin":26105,"position":1},"title":"Conflictos laborales en Sinaloa","author":"grieta","date":"5 septiembre, 2016","format":false,"excerpt":"05\/09\/16. Jubilados exigen sus ahorros a Afore XXI (Sinaloa) El Debate 04\/09\/16. Maestros de la UPES paran labores (Sinaloa) El Debate 14\/08\/16. Sindicato de Jumapag espera resoluci\u00f3n a favor (Sinaloa) El Debate 10\/08\/16. Empleados sin salario, en Escuinapa. \u2018Cuando el hambre entra, s\u00ed da coraje\u2019 (Sinaloa) Noroeste 02\/06\/16. ASE auditar\u00e1\u2026","rel":"","context":"En &quot;NOTICIAS NACIONALES&quot;","block_context":{"text":"NOTICIAS NACIONALES","link":"https:\/\/www.grieta.org.mx\/index.php\/category\/noticias-nacionales\/"},"img":{"alt_text":"","src":"https:\/\/i0.wp.com\/www.grieta.org.mx\/wp-content\/uploads\/2018\/03\/14524434_1106112876131411_958039263622046936_o.jpg?resize=350%2C200&ssl=1","width":350,"height":200,"srcset":"https:\/\/i0.wp.com\/www.grieta.org.mx\/wp-content\/uploads\/2018\/03\/14524434_1106112876131411_958039263622046936_o.jpg?resize=350%2C200&ssl=1 1x, https:\/\/i0.wp.com\/www.grieta.org.mx\/wp-content\/uploads\/2018\/03\/14524434_1106112876131411_958039263622046936_o.jpg?resize=525%2C300&ssl=1 1.5x, https:\/\/i0.wp.com\/www.grieta.org.mx\/wp-content\/uploads\/2018\/03\/14524434_1106112876131411_958039263622046936_o.jpg?resize=700%2C400&ssl=1 2x"},"classes":[]},{"id":26113,"url":"https:\/\/www.grieta.org.mx\/index.php\/2018\/08\/31\/paran-labores-trabajadores-del-registro-civil-en-la-use-sinaloa\/","url_meta":{"origin":26105,"position":2},"title":"Paran labores trabajadores del registro civil en la USE (Sinaloa)","author":"grieta","date":"31 agosto, 2018","format":false,"excerpt":"Foto: El Debate Esto se debe a la falta de pagos en distintas participaciones Ram\u00f3n Beltr\u00e1n Sabalza Culiac\u00e1n, Sin.- Por la falta de pagos en participaciones, trabajadores de Registro Civil en la Unidad de Servicios Estatales (USE) dejaron de atender y pararon labores por alrededor de una hora con 20\u2026","rel":"","context":"En &quot;CINTILLO&quot;","block_context":{"text":"CINTILLO","link":"https:\/\/www.grieta.org.mx\/index.php\/category\/cintillo\/"},"img":{"alt_text":"","src":"https:\/\/i0.wp.com\/www.grieta.org.mx\/wp-content\/uploads\/2018\/09\/whatsapp_image_2018-08-31_at_9_23_48_am_x1x_1.jpeg_539665225.jpeg?resize=350%2C200&ssl=1","width":350,"height":200,"srcset":"https:\/\/i0.wp.com\/www.grieta.org.mx\/wp-content\/uploads\/2018\/09\/whatsapp_image_2018-08-31_at_9_23_48_am_x1x_1.jpeg_539665225.jpeg?resize=350%2C200&ssl=1 1x, https:\/\/i0.wp.com\/www.grieta.org.mx\/wp-content\/uploads\/2018\/09\/whatsapp_image_2018-08-31_at_9_23_48_am_x1x_1.jpeg_539665225.jpeg?resize=525%2C300&ssl=1 1.5x"},"classes":[]},{"id":18380,"url":"https:\/\/www.grieta.org.mx\/index.php\/2016\/07\/29\/habitantes-de-la-sierra-claman-por-ayuda-al-ejercito-sinaloa\/","url_meta":{"origin":26105,"position":3},"title":"Habitantes de la sierra claman por ayuda al Ej\u00e9rcito (SINALOA)","author":"grieta","date":"29 julio, 2016","format":false,"excerpt":"Lidia Liz\u00e1rraga, Sinaloa. Sinaloa.- Los habitantes de la sierra, ubicados en los municipios de Concordia, Rosario y Escuinapa son quienes m\u00e1s han solicitado al Ej\u00e9rcito el apoyo para salir de sus comunidades debido a la inseguridad que se vive en los pueblos, reconoci\u00f3 el comandante de la Tercera Regi\u00f3n Militar,\u2026","rel":"","context":"En &quot;CINTILLO&quot;","block_context":{"text":"CINTILLO","link":"https:\/\/www.grieta.org.mx\/index.php\/category\/cintillo\/"},"img":{"alt_text":"","src":"https:\/\/i0.wp.com\/www.grieta.org.mx\/wp-content\/uploads\/2018\/03\/14524434_1106112876131411_958039263622046936_o.jpg?resize=350%2C200&ssl=1","width":350,"height":200,"srcset":"https:\/\/i0.wp.com\/www.grieta.org.mx\/wp-content\/uploads\/2018\/03\/14524434_1106112876131411_958039263622046936_o.jpg?resize=350%2C200&ssl=1 1x, https:\/\/i0.wp.com\/www.grieta.org.mx\/wp-content\/uploads\/2018\/03\/14524434_1106112876131411_958039263622046936_o.jpg?resize=525%2C300&ssl=1 1.5x, https:\/\/i0.wp.com\/www.grieta.org.mx\/wp-content\/uploads\/2018\/03\/14524434_1106112876131411_958039263622046936_o.jpg?resize=700%2C400&ssl=1 2x"},"classes":[]},{"id":33963,"url":"https:\/\/www.grieta.org.mx\/index.php\/2019\/03\/15\/vecinos-de-la-sabalo-country-protestan-sinaloa\/","url_meta":{"origin":26105,"position":4},"title":"Vecinos de la S\u00e1balo Country protestan (Sinaloa)","author":"grieta","date":"15 marzo, 2019","format":false,"excerpt":"Blanca Regalado \/ El Debate Mazatl\u00e1n, Sinaloa.- El hartazgo por el abuso, indolencia, falta de respeto y de atenci\u00f3n de parte de la autoridad hacia los habitantes del fraccionamiento S\u00e1balo Country Club ocasion\u00f3 protestas para exigir alto a las torres que se edifican frente a sus viviendas. El presidente de\u2026","rel":"","context":"En &quot;CINTILLO&quot;","block_context":{"text":"CINTILLO","link":"https:\/\/www.grieta.org.mx\/index.php\/category\/cintillo\/"},"img":{"alt_text":"","src":"https:\/\/i0.wp.com\/www.grieta.org.mx\/wp-content\/uploads\/2018\/03\/14524434_1106112876131411_958039263622046936_o.jpg?resize=350%2C200&ssl=1","width":350,"height":200,"srcset":"https:\/\/i0.wp.com\/www.grieta.org.mx\/wp-content\/uploads\/2018\/03\/14524434_1106112876131411_958039263622046936_o.jpg?resize=350%2C200&ssl=1 1x, https:\/\/i0.wp.com\/www.grieta.org.mx\/wp-content\/uploads\/2018\/03\/14524434_1106112876131411_958039263622046936_o.jpg?resize=525%2C300&ssl=1 1.5x, https:\/\/i0.wp.com\/www.grieta.org.mx\/wp-content\/uploads\/2018\/03\/14524434_1106112876131411_958039263622046936_o.jpg?resize=700%2C400&ssl=1 2x"},"classes":[]},{"id":66711,"url":"https:\/\/www.grieta.org.mx\/index.php\/2023\/03\/27\/alertan-por-neumonia-en-hijos-de-jornaleros-de-sinaloa-por-anos-han-sido-olvidados\/","url_meta":{"origin":26105,"position":5},"title":"Alertan por neumon\u00eda en hijos de jornaleros de Sinaloa. Por a\u00f1os han sido olvidados","author":"grieta","date":"27 marzo, 2023","format":false,"excerpt":"SinEmbargo\/Nora Nancy Gaspar Resendiz Hasta este lunes 20 de marzo, 11 menores, todos hijos de jornaleros agr\u00edcolas, fueron hospitalizados en Sinaloa luego de que presentaron principios de neumon\u00eda. Con s\u00edntomas como v\u00f3mito, fiebre y problemas respiratorios, los pacientes, que van de los cinco meses de nacidos a los cinco a\u00f1os\u2026","rel":"","context":"En &quot;CINTILLO&quot;","block_context":{"text":"CINTILLO","link":"https:\/\/www.grieta.org.mx\/index.php\/category\/cintillo\/"},"img":{"alt_text":"","src":"https:\/\/i0.wp.com\/www.grieta.org.mx\/wp-content\/uploads\/2023\/03\/jornalerosagricolas_1.jpg?resize=350%2C200&ssl=1","width":350,"height":200,"srcset":"https:\/\/i0.wp.com\/www.grieta.org.mx\/wp-content\/uploads\/2023\/03\/jornalerosagricolas_1.jpg?resize=350%2C200&ssl=1 1x, https:\/\/i0.wp.com\/www.grieta.org.mx\/wp-content\/uploads\/2023\/03\/jornalerosagricolas_1.jpg?resize=525%2C300&ssl=1 1.5x, https:\/\/i0.wp.com\/www.grieta.org.mx\/wp-content\/uploads\/2023\/03\/jornalerosagricolas_1.jpg?resize=700%2C400&ssl=1 2x, https:\/\/i0.wp.com\/www.grieta.org.mx\/wp-content\/uploads\/2023\/03\/jornalerosagricolas_1.jpg?resize=1050%2C600&ssl=1 3x, https:\/\/i0.wp.com\/www.grieta.org.mx\/wp-content\/uploads\/2023\/03\/jornalerosagricolas_1.jpg?resize=1400%2C800&ssl=1 4x"},"classes":[]}],"_links":{"self":[{"href":"https:\/\/www.grieta.org.mx\/index.php\/wp-json\/wp\/v2\/posts\/26105","targetHints":{"allow":["GET"]}}],"collection":[{"href":"https:\/\/www.grieta.org.mx\/index.php\/wp-json\/wp\/v2\/posts"}],"about":[{"href":"https:\/\/www.grieta.org.mx\/index.php\/wp-json\/wp\/v2\/types\/post"}],"author":[{"embeddable":true,"href":"https:\/\/www.grieta.org.mx\/index.php\/wp-json\/wp\/v2\/users\/2"}],"replies":[{"embeddable":true,"href":"https:\/\/www.grieta.org.mx\/index.php\/wp-json\/wp\/v2\/comments?post=26105"}],"version-history":[{"count":1,"href":"https:\/\/www.grieta.org.mx\/index.php\/wp-json\/wp\/v2\/posts\/26105\/revisions"}],"predecessor-version":[{"id":26108,"href":"https:\/\/www.grieta.org.mx\/index.php\/wp-json\/wp\/v2\/posts\/26105\/revisions\/26108"}],"wp:featuredmedia":[{"embeddable":true,"href":"https:\/\/www.grieta.org.mx\/index.php\/wp-json\/wp\/v2\/media\/26106"}],"wp:attachment":[{"href":"https:\/\/www.grieta.org.mx\/index.php\/wp-json\/wp\/v2\/media?parent=26105"}],"wp:term":[{"taxonomy":"category","embeddable":true,"href":"https:\/\/www.grieta.org.mx\/index.php\/wp-json\/wp\/v2\/categories?post=26105"},{"taxonomy":"post_tag","embeddable":true,"href":"https:\/\/www.grieta.org.mx\/index.php\/wp-json\/wp\/v2\/tags?post=26105"}],"curies":[{"name":"wp","href":"https:\/\/api.w.org\/{rel}","templated":true}]}}