{"id":26096,"date":"2018-08-30T13:48:32","date_gmt":"2018-08-30T18:48:32","guid":{"rendered":"http:\/\/www.grieta.org.mx\/?p=26096"},"modified":"2018-09-03T13:56:15","modified_gmt":"2018-09-03T18:56:15","slug":"maestros-de-ingles-exigen-certidumbre-laboral-sinaloa","status":"publish","type":"post","link":"https:\/\/www.grieta.org.mx\/index.php\/2018\/08\/30\/maestros-de-ingles-exigen-certidumbre-laboral-sinaloa\/","title":{"rendered":"Maestros de ingl\u00e9s exigen certidumbre laboral (Sinaloa)"},"content":{"rendered":"<p><img loading=\"lazy\" decoding=\"async\" data-attachment-id=\"26097\" data-permalink=\"https:\/\/www.grieta.org.mx\/index.php\/2018\/08\/30\/maestros-de-ingles-exigen-certidumbre-laboral-sinaloa\/whatsapp_image_2018-08-30_at_9_22_46_am_1-jpeg_539665225\/\" data-orig-file=\"https:\/\/www.grieta.org.mx\/wp-content\/uploads\/2018\/09\/whatsapp_image_2018-08-30_at_9_22_46_am_1.jpeg_539665225.jpeg\" data-orig-size=\"695,521\" data-comments-opened=\"0\" data-image-meta=\"{&quot;aperture&quot;:&quot;0&quot;,&quot;credit&quot;:&quot;&quot;,&quot;camera&quot;:&quot;&quot;,&quot;caption&quot;:&quot;&quot;,&quot;created_timestamp&quot;:&quot;0&quot;,&quot;copyright&quot;:&quot;&quot;,&quot;focal_length&quot;:&quot;0&quot;,&quot;iso&quot;:&quot;0&quot;,&quot;shutter_speed&quot;:&quot;0&quot;,&quot;title&quot;:&quot;&quot;,&quot;orientation&quot;:&quot;0&quot;}\" data-image-title=\"whatsapp_image_2018-08-30_at_9_22_46_am_1.jpeg_539665225\" data-image-description=\"\" data-image-caption=\"\" data-medium-file=\"https:\/\/www.grieta.org.mx\/wp-content\/uploads\/2018\/09\/whatsapp_image_2018-08-30_at_9_22_46_am_1.jpeg_539665225-300x225.jpeg\" data-large-file=\"https:\/\/www.grieta.org.mx\/wp-content\/uploads\/2018\/09\/whatsapp_image_2018-08-30_at_9_22_46_am_1.jpeg_539665225.jpeg\" src=\"http:\/\/www.grieta.org.mx\/wp-content\/uploads\/2018\/09\/whatsapp_image_2018-08-30_at_9_22_46_am_1.jpeg_539665225-300x225.jpeg\" alt=\"\" width=\"300\" height=\"225\" class=\"aligncenter size-medium wp-image-26097\" srcset=\"https:\/\/www.grieta.org.mx\/wp-content\/uploads\/2018\/09\/whatsapp_image_2018-08-30_at_9_22_46_am_1.jpeg_539665225-300x225.jpeg 300w, https:\/\/www.grieta.org.mx\/wp-content\/uploads\/2018\/09\/whatsapp_image_2018-08-30_at_9_22_46_am_1.jpeg_539665225-667x500.jpeg 667w, https:\/\/www.grieta.org.mx\/wp-content\/uploads\/2018\/09\/whatsapp_image_2018-08-30_at_9_22_46_am_1.jpeg_539665225.jpeg 695w\" sizes=\"auto, (max-width: 300px) 100vw, 300px\" \/><br \/>\nMaestros de ingl\u00e9s exigen certidumbre laboral. Foto: V\u00edctor Hugo Olivas<\/p>\n<blockquote><p>Se manifestaron a la entrada de las oficinas de Servicios Regionales de la SEPyC<\/p><\/blockquote>\n<p>Blanca Regalado<\/p>\n<p>Mazatl\u00e1n, Sinaloa.- Maestros de ingl\u00e9s se manifestaron a la entrada de las oficinas de Servicios Regionales de la SEPyC  y exigen a la autoridad certidumbre laboral.<\/p>\n<p>Luego de que se dio de baja a 60 trabajadores del \u00e1rea administrativa, que eran el enlace con los maestros en todo el estado, el temor de perder su empleo de los mentores creci\u00f3, por lo que piden certidumbre.<\/p>\n<p><img loading=\"lazy\" decoding=\"async\" data-attachment-id=\"26098\" data-permalink=\"https:\/\/www.grieta.org.mx\/index.php\/2018\/08\/30\/maestros-de-ingles-exigen-certidumbre-laboral-sinaloa\/whatsapp_image_2018-08-30_at_9_19_18_am_x1x_1-jpeg_1454477973\/\" data-orig-file=\"https:\/\/www.grieta.org.mx\/wp-content\/uploads\/2018\/09\/whatsapp_image_2018-08-30_at_9_19_18_am_x1x_1.jpeg_1454477973.jpeg\" data-orig-size=\"724,542\" data-comments-opened=\"0\" data-image-meta=\"{&quot;aperture&quot;:&quot;0&quot;,&quot;credit&quot;:&quot;&quot;,&quot;camera&quot;:&quot;&quot;,&quot;caption&quot;:&quot;&quot;,&quot;created_timestamp&quot;:&quot;0&quot;,&quot;copyright&quot;:&quot;&quot;,&quot;focal_length&quot;:&quot;0&quot;,&quot;iso&quot;:&quot;0&quot;,&quot;shutter_speed&quot;:&quot;0&quot;,&quot;title&quot;:&quot;&quot;,&quot;orientation&quot;:&quot;0&quot;}\" data-image-title=\"whatsapp_image_2018-08-30_at_9_19_18_am_x1x_1.jpeg_1454477973\" data-image-description=\"\" data-image-caption=\"\" data-medium-file=\"https:\/\/www.grieta.org.mx\/wp-content\/uploads\/2018\/09\/whatsapp_image_2018-08-30_at_9_19_18_am_x1x_1.jpeg_1454477973-300x225.jpeg\" data-large-file=\"https:\/\/www.grieta.org.mx\/wp-content\/uploads\/2018\/09\/whatsapp_image_2018-08-30_at_9_19_18_am_x1x_1.jpeg_1454477973.jpeg\" src=\"http:\/\/www.grieta.org.mx\/wp-content\/uploads\/2018\/09\/whatsapp_image_2018-08-30_at_9_19_18_am_x1x_1.jpeg_1454477973-300x225.jpeg\" alt=\"\" width=\"300\" height=\"225\" class=\"aligncenter size-medium wp-image-26098\" srcset=\"https:\/\/www.grieta.org.mx\/wp-content\/uploads\/2018\/09\/whatsapp_image_2018-08-30_at_9_19_18_am_x1x_1.jpeg_1454477973-300x225.jpeg 300w, https:\/\/www.grieta.org.mx\/wp-content\/uploads\/2018\/09\/whatsapp_image_2018-08-30_at_9_19_18_am_x1x_1.jpeg_1454477973-668x500.jpeg 668w, https:\/\/www.grieta.org.mx\/wp-content\/uploads\/2018\/09\/whatsapp_image_2018-08-30_at_9_19_18_am_x1x_1.jpeg_1454477973.jpeg 724w\" sizes=\"auto, (max-width: 300px) 100vw, 300px\" \/><br \/>\nMaestros de ingl\u00e9s exigen certidumbre laboral. Foto: V\u00edctor Hugo Olivas<\/p>\n<p>Ya arranc\u00f3 el ciclo escolar y a\u00fan no les han asignado las horas clase, en el estado son 1, 080 docentes de ingl\u00e9s en la regi\u00f3n sur 300.<\/p>\n<p>Le piden al gobernador del estado, Quirino Ordaz Coppel, que intervenga y se d\u00e9 una soluci\u00f3n ya que la autoridad educativa les ha indicado que no hay recurso para mantener a los maestros de ingl\u00e9s.<\/p>\n<p>Las profesoras Marta Garc\u00eda y Patricia Aldana son fundadoras del programa de ingl\u00e9s en las escuelas de nivel b\u00e1sico, han pasado m\u00e1s de 15 a\u00f1os y no se ha masificado el personal y la hora se la siguen pagando a 60 pesos 02 centavos.<\/p>\n<p>No tienen prestaciones, no les pagan vacaciones y no tienes derecho a enfermarse porque les descuentan el d\u00eda.<\/p>\n<p><a href=\"https:\/\/www.debate.com.mx\/mazatlan\/maestros-de-ingles-manifiestan-despidos-mazatlan-20180830-0061.html\" rel=\"noopener\" target=\"_blank\">https:\/\/www.debate.com.mx\/mazatlan\/maestros-de-ingles-manifiestan-despidos-mazatlan-20180830-0061.html<\/a><\/p>\n","protected":false},"excerpt":{"rendered":"<p>Maestros de ingl\u00e9s exigen certidumbre laboral. Foto: V\u00edctor Hugo Olivas Se manifestaron a la entrada de las oficinas de Servicios Regionales de la SEPyC Blanca Regalado Mazatl\u00e1n, Sinaloa.- Maestros de &hellip; <a href=\"https:\/\/www.grieta.org.mx\/index.php\/2018\/08\/30\/maestros-de-ingles-exigen-certidumbre-laboral-sinaloa\/\" class=\"more-link\">Leer m\u00e1s<\/a><\/p>\n","protected":false},"author":2,"featured_media":26097,"comment_status":"closed","ping_status":"closed","sticky":false,"template":"","format":"standard","meta":{"ngg_post_thumbnail":0,"_jetpack_newsletter_access":"","_jetpack_dont_email_post_to_subs":false,"_jetpack_newsletter_tier_id":0,"_jetpack_memberships_contains_paywalled_content":false,"_jetpack_memberships_contains_paid_content":false,"footnotes":""},"categories":[80,2,1344,30],"tags":[1683,1679],"class_list":["post-26096","post","type-post","status-publish","format-standard","has-post-thumbnail","hentry","category-cintillo","category-noticias-nacionales","category-protestas-del-magisterio-en-sinaloa","category-sinaloa","tag-maestros-de-ingles","tag-protestas-magisteriales","entry"],"jetpack_featured_media_url":"https:\/\/www.grieta.org.mx\/wp-content\/uploads\/2018\/09\/whatsapp_image_2018-08-30_at_9_22_46_am_1.jpeg_539665225.jpeg","jetpack_sharing_enabled":true,"jetpack_shortlink":"https:\/\/wp.me\/p7ZJR4-6MU","jetpack_likes_enabled":false,"jetpack-related-posts":[{"id":31005,"url":"https:\/\/www.grieta.org.mx\/index.php\/2019\/03\/02\/maestros-de-ingles-protestan-por-meses-sin-pago-frente-a-sepyc\/","url_meta":{"origin":26096,"position":0},"title":"Maestros de ingl\u00e9s protestan por meses sin pago frente a Sepyc (Sinaloa)","author":"grieta","date":"2 marzo, 2019","format":false,"excerpt":"Francisca Mart\u00ednez \/ Debate Culiac\u00e1n, Sinaloa.- Ante la\u00a0falta de pago de dos meses de salario\u00a0y por segundo d\u00eda consecutivo, maestras y\u00a0maestros\u00a0del Programa Nacional de\u00a0Ingl\u00e9s\u00a0se\u00a0manifestaron\u00a0en las instalaciones de la Secretar\u00eda de Educaci\u00f3n P\u00fablica y Cultura. La causa de esta inconformidad es la cuesti\u00f3n salarial que no les ha sido cubierta en\u2026","rel":"","context":"En &quot;CINTILLO&quot;","block_context":{"text":"CINTILLO","link":"https:\/\/www.grieta.org.mx\/index.php\/category\/cintillo\/"},"img":{"alt_text":"","src":"https:\/\/i0.wp.com\/www.grieta.org.mx\/wp-content\/uploads\/2019\/03\/maestros_de_inglxs_protestan_por_meses_sin_pago_frente_a_sepyc.jpg_539665225.jpg?resize=350%2C200&ssl=1","width":350,"height":200,"srcset":"https:\/\/i0.wp.com\/www.grieta.org.mx\/wp-content\/uploads\/2019\/03\/maestros_de_inglxs_protestan_por_meses_sin_pago_frente_a_sepyc.jpg_539665225.jpg?resize=350%2C200&ssl=1 1x, https:\/\/i0.wp.com\/www.grieta.org.mx\/wp-content\/uploads\/2019\/03\/maestros_de_inglxs_protestan_por_meses_sin_pago_frente_a_sepyc.jpg_539665225.jpg?resize=525%2C300&ssl=1 1.5x"},"classes":[]},{"id":38803,"url":"https:\/\/www.grieta.org.mx\/index.php\/2019\/09\/03\/maestros-afiliados-al-snte-27-denuncian-acoso-laboral-sinaloa\/","url_meta":{"origin":26096,"position":1},"title":"Maestros afiliados al SNTE 27 denuncian acoso laboral (Sinaloa)","author":"grieta","date":"3 septiembre, 2019","format":false,"excerpt":"Foto: Ilustrativa El Debate Los docentes expresaron que el supervisor de la zona escolar 002, es quien realiza los atropellos en su contra, por lo que piden a Sepyc su intervenci\u00f3n Yamileth Zamudio Garc\u00eda \/ El Debate Sinaloa.- Maestros que est\u00e1n afiliados al Sindicato Nacional de Trabajadores de la Educaci\u00f3n,\u2026","rel":"","context":"En &quot;CINTILLO&quot;","block_context":{"text":"CINTILLO","link":"https:\/\/www.grieta.org.mx\/index.php\/category\/cintillo\/"},"img":{"alt_text":"","src":"https:\/\/i0.wp.com\/www.grieta.org.mx\/wp-content\/uploads\/2019\/09\/maestros_afiliados_al_snte_27_denuncian_acoso_laboral.jpg_219914347.jpg?resize=350%2C200&ssl=1","width":350,"height":200,"srcset":"https:\/\/i0.wp.com\/www.grieta.org.mx\/wp-content\/uploads\/2019\/09\/maestros_afiliados_al_snte_27_denuncian_acoso_laboral.jpg_219914347.jpg?resize=350%2C200&ssl=1 1x, https:\/\/i0.wp.com\/www.grieta.org.mx\/wp-content\/uploads\/2019\/09\/maestros_afiliados_al_snte_27_denuncian_acoso_laboral.jpg_219914347.jpg?resize=525%2C300&ssl=1 1.5x, https:\/\/i0.wp.com\/www.grieta.org.mx\/wp-content\/uploads\/2019\/09\/maestros_afiliados_al_snte_27_denuncian_acoso_laboral.jpg_219914347.jpg?resize=700%2C400&ssl=1 2x"},"classes":[]},{"id":14336,"url":"https:\/\/www.grieta.org.mx\/index.php\/2016\/06\/14\/maestros-continuan-con-protesta-contra-reforma-educativa-sinaloa\/","url_meta":{"origin":26096,"position":2},"title":"Maestros contin\u00faan con protesta contra Reforma Educativa (Sinaloa)","author":"grieta","date":"14 junio, 2016","format":false,"excerpt":"Adriana Ochoa, Sinaloa. Los Mochis, Sinaloa.- Una vez m\u00e1s el grupo de profesores del Movimiento Magisterial Sinaloense se manifest\u00f3 de manera pac\u00edfica, en esta ocasi\u00f3n en las instalaciones de Servicios Regionales de la SEPyC, en exigencia a que se decline la Reforma Educativa. Desde temprana hora y con pancartas en\u2026","rel":"","context":"En &quot;CINTILLO&quot;","block_context":{"text":"CINTILLO","link":"https:\/\/www.grieta.org.mx\/index.php\/category\/cintillo\/"},"img":{"alt_text":"","src":"https:\/\/i0.wp.com\/www.grieta.org.mx\/wp-content\/uploads\/2018\/03\/14524434_1106112876131411_958039263622046936_o.jpg?resize=350%2C200&ssl=1","width":350,"height":200,"srcset":"https:\/\/i0.wp.com\/www.grieta.org.mx\/wp-content\/uploads\/2018\/03\/14524434_1106112876131411_958039263622046936_o.jpg?resize=350%2C200&ssl=1 1x, https:\/\/i0.wp.com\/www.grieta.org.mx\/wp-content\/uploads\/2018\/03\/14524434_1106112876131411_958039263622046936_o.jpg?resize=525%2C300&ssl=1 1.5x, https:\/\/i0.wp.com\/www.grieta.org.mx\/wp-content\/uploads\/2018\/03\/14524434_1106112876131411_958039263622046936_o.jpg?resize=700%2C400&ssl=1 2x"},"classes":[]},{"id":26129,"url":"https:\/\/www.grieta.org.mx\/index.php\/2018\/08\/31\/toman-7-escuelas-federales-de-la-seccion-27-en-ahome-sinaloa\/","url_meta":{"origin":26096,"position":3},"title":"Toman 7 escuelas federales de la secci\u00f3n 27 en Ahome (Sinaloa)","author":"grieta","date":"31 agosto, 2018","format":false,"excerpt":"Toman 7 escuelas federales de la secci\u00f3n 27 en Ahome | EL DEBATE Los inconformes exigen basificaci\u00f3n y m\u00e1s docentes Hugo Mora Los Mochis, Sinaloa.- Maestros de las 7 escuelas secundarias federales de la secci\u00f3n 27 en el municipio de Ahome pararon labores en exigencias de basificaci\u00f3n de docentes y\u2026","rel":"","context":"En &quot;CINTILLO&quot;","block_context":{"text":"CINTILLO","link":"https:\/\/www.grieta.org.mx\/index.php\/category\/cintillo\/"},"img":{"alt_text":"","src":"https:\/\/i0.wp.com\/www.grieta.org.mx\/wp-content\/uploads\/2018\/09\/77e74208-1b72-4e43-a50a-b64845621daf.jpg_539665225.jpg?resize=350%2C200&ssl=1","width":350,"height":200,"srcset":"https:\/\/i0.wp.com\/www.grieta.org.mx\/wp-content\/uploads\/2018\/09\/77e74208-1b72-4e43-a50a-b64845621daf.jpg_539665225.jpg?resize=350%2C200&ssl=1 1x, https:\/\/i0.wp.com\/www.grieta.org.mx\/wp-content\/uploads\/2018\/09\/77e74208-1b72-4e43-a50a-b64845621daf.jpg_539665225.jpg?resize=525%2C300&ssl=1 1.5x"},"classes":[]},{"id":28653,"url":"https:\/\/www.grieta.org.mx\/index.php\/2019\/01\/22\/demandan-maestros-de-ingles-regularizar-su-situacion-laboral-durango\/","url_meta":{"origin":26096,"position":4},"title":"Demandan maestros de Ingl\u00e9s regularizar su situaci\u00f3n laboral (Durango)","author":"grieta","date":"22 enero, 2019","format":false,"excerpt":"Claudia Landeros\/El Siglo de Durango Docentes del Programa Nacional de Ingl\u00e9s (Proni) se manifestaron en la Plaza de Armas de G\u00f3mez Palacio para pedir apoyo a las autoridades que corresponda, a fin de regularizar su situaci\u00f3n laboral ya que de momento est\u00e1n sin empleo. SIN TRABAJO \"Somos maestros que trabajamos\u2026","rel":"","context":"En &quot;CINTILLO&quot;","block_context":{"text":"CINTILLO","link":"https:\/\/www.grieta.org.mx\/index.php\/category\/cintillo\/"},"img":{"alt_text":"","src":"https:\/\/i0.wp.com\/www.grieta.org.mx\/wp-content\/uploads\/2019\/01\/773757.jpeg?resize=350%2C200&ssl=1","width":350,"height":200,"srcset":"https:\/\/i0.wp.com\/www.grieta.org.mx\/wp-content\/uploads\/2019\/01\/773757.jpeg?resize=350%2C200&ssl=1 1x, https:\/\/i0.wp.com\/www.grieta.org.mx\/wp-content\/uploads\/2019\/01\/773757.jpeg?resize=525%2C300&ssl=1 1.5x, https:\/\/i0.wp.com\/www.grieta.org.mx\/wp-content\/uploads\/2019\/01\/773757.jpeg?resize=700%2C400&ssl=1 2x"},"classes":[]},{"id":13944,"url":"https:\/\/www.grieta.org.mx\/index.php\/2016\/06\/03\/maestros-de-guanajuato-sinaloa-y-tabasco-se-unen-a-la-lucha-en-defensa-de-la-educacion-y-los-derechos-laborales\/","url_meta":{"origin":26096,"position":5},"title":"Maestros de Guanajuato, Sinaloa y Tabasco se unen a la lucha en defensa de la educaci\u00f3n y los derechos laborales","author":"grieta","date":"3 junio, 2016","format":false,"excerpt":"Redacci\u00f3n Revoluci\u00f3n 3.0 (03 de junio, 2016).- En Guanajuato, Sinaloa y Tabasco los maestros el d\u00eda de ayer se unieron a las protestas y apoyan el paro nacional realizado la Coordinadora Nacional de Trabajadores de la Educaci\u00f3n (CNTE). La Secretar\u00eda de Educaci\u00f3n P\u00fablica tuvo que suspender labores ante las protestas\u2026","rel":"","context":"En &quot;CINTILLO&quot;","block_context":{"text":"CINTILLO","link":"https:\/\/www.grieta.org.mx\/index.php\/category\/cintillo\/"},"img":{"alt_text":"","src":"https:\/\/i0.wp.com\/www.grieta.org.mx\/wp-content\/uploads\/2018\/03\/14524434_1106112876131411_958039263622046936_o.jpg?resize=350%2C200&ssl=1","width":350,"height":200,"srcset":"https:\/\/i0.wp.com\/www.grieta.org.mx\/wp-content\/uploads\/2018\/03\/14524434_1106112876131411_958039263622046936_o.jpg?resize=350%2C200&ssl=1 1x, https:\/\/i0.wp.com\/www.grieta.org.mx\/wp-content\/uploads\/2018\/03\/14524434_1106112876131411_958039263622046936_o.jpg?resize=525%2C300&ssl=1 1.5x, https:\/\/i0.wp.com\/www.grieta.org.mx\/wp-content\/uploads\/2018\/03\/14524434_1106112876131411_958039263622046936_o.jpg?resize=700%2C400&ssl=1 2x"},"classes":[]}],"_links":{"self":[{"href":"https:\/\/www.grieta.org.mx\/index.php\/wp-json\/wp\/v2\/posts\/26096","targetHints":{"allow":["GET"]}}],"collection":[{"href":"https:\/\/www.grieta.org.mx\/index.php\/wp-json\/wp\/v2\/posts"}],"about":[{"href":"https:\/\/www.grieta.org.mx\/index.php\/wp-json\/wp\/v2\/types\/post"}],"author":[{"embeddable":true,"href":"https:\/\/www.grieta.org.mx\/index.php\/wp-json\/wp\/v2\/users\/2"}],"replies":[{"embeddable":true,"href":"https:\/\/www.grieta.org.mx\/index.php\/wp-json\/wp\/v2\/comments?post=26096"}],"version-history":[{"count":1,"href":"https:\/\/www.grieta.org.mx\/index.php\/wp-json\/wp\/v2\/posts\/26096\/revisions"}],"predecessor-version":[{"id":26099,"href":"https:\/\/www.grieta.org.mx\/index.php\/wp-json\/wp\/v2\/posts\/26096\/revisions\/26099"}],"wp:featuredmedia":[{"embeddable":true,"href":"https:\/\/www.grieta.org.mx\/index.php\/wp-json\/wp\/v2\/media\/26097"}],"wp:attachment":[{"href":"https:\/\/www.grieta.org.mx\/index.php\/wp-json\/wp\/v2\/media?parent=26096"}],"wp:term":[{"taxonomy":"category","embeddable":true,"href":"https:\/\/www.grieta.org.mx\/index.php\/wp-json\/wp\/v2\/categories?post=26096"},{"taxonomy":"post_tag","embeddable":true,"href":"https:\/\/www.grieta.org.mx\/index.php\/wp-json\/wp\/v2\/tags?post=26096"}],"curies":[{"name":"wp","href":"https:\/\/api.w.org\/{rel}","templated":true}]}}