{"id":26078,"date":"2018-09-01T12:53:30","date_gmt":"2018-09-01T17:53:30","guid":{"rendered":"http:\/\/www.grieta.org.mx\/?p=26078"},"modified":"2018-09-03T13:12:26","modified_gmt":"2018-09-03T18:12:26","slug":"alumnos-se-quedan-sin-clases-por-protesta-sinaloa","status":"publish","type":"post","link":"https:\/\/www.grieta.org.mx\/index.php\/2018\/09\/01\/alumnos-se-quedan-sin-clases-por-protesta-sinaloa\/","title":{"rendered":"Alumnos se quedan sin clases por protesta (Sinaloa)"},"content":{"rendered":"<p><img loading=\"lazy\" decoding=\"async\" data-attachment-id=\"26079\" data-permalink=\"https:\/\/www.grieta.org.mx\/index.php\/2018\/09\/01\/alumnos-se-quedan-sin-clases-por-protesta-sinaloa\/alumnos4-jpg_539665225\/\" data-orig-file=\"https:\/\/www.grieta.org.mx\/wp-content\/uploads\/2018\/09\/alumnos4.jpg_539665225.jpg\" data-orig-size=\"695,521\" data-comments-opened=\"0\" data-image-meta=\"{&quot;aperture&quot;:&quot;0&quot;,&quot;credit&quot;:&quot;&quot;,&quot;camera&quot;:&quot;&quot;,&quot;caption&quot;:&quot;&quot;,&quot;created_timestamp&quot;:&quot;0&quot;,&quot;copyright&quot;:&quot;&quot;,&quot;focal_length&quot;:&quot;0&quot;,&quot;iso&quot;:&quot;0&quot;,&quot;shutter_speed&quot;:&quot;0&quot;,&quot;title&quot;:&quot;&quot;,&quot;orientation&quot;:&quot;0&quot;}\" data-image-title=\"alumnos4.jpg_539665225\" data-image-description=\"\" data-image-caption=\"\" data-medium-file=\"https:\/\/www.grieta.org.mx\/wp-content\/uploads\/2018\/09\/alumnos4.jpg_539665225-300x225.jpg\" data-large-file=\"https:\/\/www.grieta.org.mx\/wp-content\/uploads\/2018\/09\/alumnos4.jpg_539665225.jpg\" src=\"http:\/\/www.grieta.org.mx\/wp-content\/uploads\/2018\/09\/alumnos4.jpg_539665225-300x225.jpg\" alt=\"\" width=\"300\" height=\"225\" class=\"aligncenter size-medium wp-image-26079\" srcset=\"https:\/\/www.grieta.org.mx\/wp-content\/uploads\/2018\/09\/alumnos4.jpg_539665225-300x225.jpg 300w, https:\/\/www.grieta.org.mx\/wp-content\/uploads\/2018\/09\/alumnos4.jpg_539665225-667x500.jpg 667w, https:\/\/www.grieta.org.mx\/wp-content\/uploads\/2018\/09\/alumnos4.jpg_539665225.jpg 695w\" sizes=\"auto, (max-width: 300px) 100vw, 300px\" \/><br \/>\nLos alumnos del turno vespertino van llegando al plantel. Foto: V\u00edctor Hugo Olivas\/EL DEBATE<\/p>\n<blockquote><p>En la regi\u00f3n paran las secundarias generales 4 y 5 de Mazatl\u00e1n, 7 de Villa Uni\u00f3n y la de Escuinapa; entre todas son m\u00e1s de 3 mil estudiantes afectados<\/p><\/blockquote>\n<p>Blanca Regalado<\/p>\n<p>Mazatl\u00e1n, Sinaloa.- Mil alumnos de la secundaria general 4, Mariano Escobedo, se quedaron dos horas sin clases por paro de labores de  los docentes de este plantel, asentado en la colonia Ricardo Flores Mag\u00f3n.<\/p>\n<p>El secretario general de la instituci\u00f3n, Isaac Castrej\u00f3n, resalt\u00f3 que hay adeudos de pagos a trabajadores, faltan maestros, y sobre todo, exigen la basificaci\u00f3n de mentores para que ya no tengan problemas con su sueldo.<\/p>\n<p><img loading=\"lazy\" decoding=\"async\" data-attachment-id=\"26080\" data-permalink=\"https:\/\/www.grieta.org.mx\/index.php\/2018\/09\/01\/alumnos-se-quedan-sin-clases-por-protesta-sinaloa\/alumnos6-jpg_2069349288\/\" data-orig-file=\"https:\/\/www.grieta.org.mx\/wp-content\/uploads\/2018\/09\/alumnos6.jpg_2069349288.jpg\" data-orig-size=\"726,484\" data-comments-opened=\"0\" data-image-meta=\"{&quot;aperture&quot;:&quot;0&quot;,&quot;credit&quot;:&quot;&quot;,&quot;camera&quot;:&quot;&quot;,&quot;caption&quot;:&quot;&quot;,&quot;created_timestamp&quot;:&quot;0&quot;,&quot;copyright&quot;:&quot;&quot;,&quot;focal_length&quot;:&quot;0&quot;,&quot;iso&quot;:&quot;0&quot;,&quot;shutter_speed&quot;:&quot;0&quot;,&quot;title&quot;:&quot;&quot;,&quot;orientation&quot;:&quot;0&quot;}\" data-image-title=\"alumnos6.jpg_2069349288\" data-image-description=\"\" data-image-caption=\"\" data-medium-file=\"https:\/\/www.grieta.org.mx\/wp-content\/uploads\/2018\/09\/alumnos6.jpg_2069349288-300x200.jpg\" data-large-file=\"https:\/\/www.grieta.org.mx\/wp-content\/uploads\/2018\/09\/alumnos6.jpg_2069349288.jpg\" src=\"http:\/\/www.grieta.org.mx\/wp-content\/uploads\/2018\/09\/alumnos6.jpg_2069349288-300x200.jpg\" alt=\"\" width=\"300\" height=\"200\" class=\"aligncenter size-medium wp-image-26080\" srcset=\"https:\/\/www.grieta.org.mx\/wp-content\/uploads\/2018\/09\/alumnos6.jpg_2069349288-300x200.jpg 300w, https:\/\/www.grieta.org.mx\/wp-content\/uploads\/2018\/09\/alumnos6.jpg_2069349288.jpg 726w\" sizes=\"auto, (max-width: 300px) 100vw, 300px\" \/><br \/>\nFoto: EL DEBATE<\/p>\n<p>Hay 91 horas sin basificar  que no se cubren, y esto afecta en tutor\u00edas, artes  y talares que afectan a estudiantes, y esto lo saben los padres, por este motivo, apoyan el movimiento.  <\/p>\n<p>Hay interinatos que se cubren pero se tienen adeudos. Este es un problema que existe en las 50 escuelas generales de todo el estado, pero predomina en 30.<\/p>\n<p>En la regi\u00f3n, las que tienen problemas son las generales 4 y 5 en Mazatl\u00e1n, 7 en Villa Uni\u00f3n y la de Escuinapa. Por este motivo se procedi\u00f3 al paro. En la secundaria  Mariano   Escobedo, los trabajadores decidieron  parar las dos \u00faltimas horas del turno matutino y dos del vespertino.<\/p>\n<p><img loading=\"lazy\" decoding=\"async\" data-attachment-id=\"26081\" data-permalink=\"https:\/\/www.grieta.org.mx\/index.php\/2018\/09\/01\/alumnos-se-quedan-sin-clases-por-protesta-sinaloa\/alumnos7-jpg_2069349288\/\" data-orig-file=\"https:\/\/www.grieta.org.mx\/wp-content\/uploads\/2018\/09\/alumnos7.jpg_2069349288.jpg\" data-orig-size=\"726,484\" data-comments-opened=\"0\" data-image-meta=\"{&quot;aperture&quot;:&quot;0&quot;,&quot;credit&quot;:&quot;&quot;,&quot;camera&quot;:&quot;&quot;,&quot;caption&quot;:&quot;&quot;,&quot;created_timestamp&quot;:&quot;0&quot;,&quot;copyright&quot;:&quot;&quot;,&quot;focal_length&quot;:&quot;0&quot;,&quot;iso&quot;:&quot;0&quot;,&quot;shutter_speed&quot;:&quot;0&quot;,&quot;title&quot;:&quot;&quot;,&quot;orientation&quot;:&quot;0&quot;}\" data-image-title=\"alumnos7.jpg_2069349288\" data-image-description=\"\" data-image-caption=\"\" data-medium-file=\"https:\/\/www.grieta.org.mx\/wp-content\/uploads\/2018\/09\/alumnos7.jpg_2069349288-300x200.jpg\" data-large-file=\"https:\/\/www.grieta.org.mx\/wp-content\/uploads\/2018\/09\/alumnos7.jpg_2069349288.jpg\" src=\"http:\/\/www.grieta.org.mx\/wp-content\/uploads\/2018\/09\/alumnos7.jpg_2069349288-300x200.jpg\" alt=\"\" width=\"300\" height=\"200\" class=\"aligncenter size-medium wp-image-26081\" srcset=\"https:\/\/www.grieta.org.mx\/wp-content\/uploads\/2018\/09\/alumnos7.jpg_2069349288-300x200.jpg 300w, https:\/\/www.grieta.org.mx\/wp-content\/uploads\/2018\/09\/alumnos7.jpg_2069349288.jpg 726w\" sizes=\"auto, (max-width: 300px) 100vw, 300px\" \/><br \/>\nFoto: EL DEBATE<\/p>\n<p>Respuesta Sepyc<\/p>\n<p>La mayor\u00eda de las demandas laborales externadas por algunos docentes de secundarias generales est\u00e1n siendo atendidas en coordinaci\u00f3n con la secci\u00f3n 27 del Sindicato Nacional de Trabajadores de la Educaci\u00f3n (SNTE), y ante este escenario, no hay motivo para suspender labores este lunes, inform\u00f3 el subsecretario de Educaci\u00f3n B\u00e1sica, Homobono Rosas.<\/p>\n<p>El funcionario asegur\u00f3 a los padres que el lunes no habr\u00e1 paro pues ya revisan las demandas. <\/p>\n<p><a href=\"https:\/\/www.debate.com.mx\/mazatlan\/clases-escuela-suspension-mazatlan-20180901-0120.html\" rel=\"noopener\" target=\"_blank\">https:\/\/www.debate.com.mx\/mazatlan\/clases-escuela-suspension-mazatlan-20180901-0120.html<\/a><\/p>\n","protected":false},"excerpt":{"rendered":"<p>Los alumnos del turno vespertino van llegando al plantel. Foto: V\u00edctor Hugo Olivas\/EL DEBATE En la regi\u00f3n paran las secundarias generales 4 y 5 de Mazatl\u00e1n, 7 de Villa Uni\u00f3n &hellip; <a href=\"https:\/\/www.grieta.org.mx\/index.php\/2018\/09\/01\/alumnos-se-quedan-sin-clases-por-protesta-sinaloa\/\" class=\"more-link\">Leer m\u00e1s<\/a><\/p>\n","protected":false},"author":2,"featured_media":26079,"comment_status":"closed","ping_status":"closed","sticky":false,"template":"","format":"standard","meta":{"ngg_post_thumbnail":0,"_jetpack_newsletter_access":"","_jetpack_dont_email_post_to_subs":false,"_jetpack_newsletter_tier_id":0,"_jetpack_memberships_contains_paywalled_content":false,"_jetpack_memberships_contains_paid_content":false,"footnotes":""},"categories":[80,2,1344,30],"tags":[113,1677],"class_list":["post-26078","post","type-post","status-publish","format-standard","has-post-thumbnail","hentry","category-cintillo","category-noticias-nacionales","category-protestas-del-magisterio-en-sinaloa","category-sinaloa","tag-conflictos-laborales","tag-escuelas-de-educacion-basica","entry"],"jetpack_featured_media_url":"https:\/\/www.grieta.org.mx\/wp-content\/uploads\/2018\/09\/alumnos4.jpg_539665225.jpg","jetpack_sharing_enabled":true,"jetpack_shortlink":"https:\/\/wp.me\/p7ZJR4-6MC","jetpack_likes_enabled":false,"jetpack-related-posts":[{"id":40016,"url":"https:\/\/www.grieta.org.mx\/index.php\/2019\/10\/03\/alumnos-y-padres-protestan-en-oficinas-de-derechos-humanos-en-mazatlan-sinaloa\/","url_meta":{"origin":26078,"position":0},"title":"Alumnos y padres protestan en oficinas de Derechos Humanos en Mazatl\u00e1n (Sinaloa)","author":"grieta","date":"3 octubre, 2019","format":false,"excerpt":"Foto: El Debate El recorte al presupuesto del 2020 desata la incertidumbre en padres con hijos discapacitados Mayreli Cort\u00e9s \/ El Debate Mazatl\u00e1n.-\u00a0Padres de familia de alumnos inscritos en el Centro de Atenci\u00f3n para Estudiantes con Discapacidad (CAED) del Cetmar 08 protestaron la ma\u00f1ana de ayer en las oficinas de\u2026","rel":"","context":"En &quot;CINTILLO&quot;","block_context":{"text":"CINTILLO","link":"https:\/\/www.grieta.org.mx\/index.php\/category\/cintillo\/"},"img":{"alt_text":"","src":"https:\/\/i0.wp.com\/www.grieta.org.mx\/wp-content\/uploads\/2019\/10\/alumnos_y_padres_protestan_en_oficinas_de_derechos_humanos_crop1570218237280.jpg_219914347.jpg?resize=350%2C200&ssl=1","width":350,"height":200,"srcset":"https:\/\/i0.wp.com\/www.grieta.org.mx\/wp-content\/uploads\/2019\/10\/alumnos_y_padres_protestan_en_oficinas_de_derechos_humanos_crop1570218237280.jpg_219914347.jpg?resize=350%2C200&ssl=1 1x, https:\/\/i0.wp.com\/www.grieta.org.mx\/wp-content\/uploads\/2019\/10\/alumnos_y_padres_protestan_en_oficinas_de_derechos_humanos_crop1570218237280.jpg_219914347.jpg?resize=525%2C300&ssl=1 1.5x, https:\/\/i0.wp.com\/www.grieta.org.mx\/wp-content\/uploads\/2019\/10\/alumnos_y_padres_protestan_en_oficinas_de_derechos_humanos_crop1570218237280.jpg_219914347.jpg?resize=700%2C400&ssl=1 2x"},"classes":[]},{"id":26088,"url":"https:\/\/www.grieta.org.mx\/index.php\/2018\/08\/31\/castiga-duro-el-calor-a-los-alumnos-en-las-higueras-sinaloa\/","url_meta":{"origin":26078,"position":1},"title":"Castiga duro el calor a los alumnos en Las Higueras (Sinaloa)","author":"grieta","date":"31 agosto, 2018","format":false,"excerpt":"Los ni\u00f1os trabajan en aulas cuyos techos se deshacen y en tejabanes. Foto: V\u00edctor Hugo Olivas\/EL DEBATE La escuela tiene 90 alumnos que son atendidos en dos aulas de concreto y una de tejab\u00e1n Blanca Regalado Mazatl\u00e1n, Sinaloa.- Los alumnos de la primaria Antonio Mendoza sufren las altas temperaturas, pues\u2026","rel":"","context":"En &quot;CINTILLO&quot;","block_context":{"text":"CINTILLO","link":"https:\/\/www.grieta.org.mx\/index.php\/category\/cintillo\/"},"img":{"alt_text":"","src":"https:\/\/i0.wp.com\/www.grieta.org.mx\/wp-content\/uploads\/2018\/09\/dsc0050.jpg_539665225.jpg?resize=350%2C200&ssl=1","width":350,"height":200,"srcset":"https:\/\/i0.wp.com\/www.grieta.org.mx\/wp-content\/uploads\/2018\/09\/dsc0050.jpg_539665225.jpg?resize=350%2C200&ssl=1 1x, https:\/\/i0.wp.com\/www.grieta.org.mx\/wp-content\/uploads\/2018\/09\/dsc0050.jpg_539665225.jpg?resize=525%2C300&ssl=1 1.5x"},"classes":[]},{"id":26109,"url":"https:\/\/www.grieta.org.mx\/index.php\/2018\/09\/01\/el-lunes-reanudaran-clases-en-las-escuelas-con-paro-sinaloa\/","url_meta":{"origin":26078,"position":2},"title":"El lunes reanudar\u00e1n clases en las escuelas con paro (Sinaloa)","author":"grieta","date":"1 septiembre, 2018","format":false,"excerpt":"Foto ilustrativa El Debate Directores de los planteles piden que les den la base a los maestros para que tengan seguridad laboral Angelina Corral Culiac\u00e1n, Sinaloa.- Este lunes se reanudar\u00e1n las clases en las escuelas secundarias generales que realizaron plant\u00f3n el pasado jueves y ayer, ante la falta de respuesta\u2026","rel":"","context":"En &quot;CINTILLO&quot;","block_context":{"text":"CINTILLO","link":"https:\/\/www.grieta.org.mx\/index.php\/category\/cintillo\/"},"img":{"alt_text":"","src":"https:\/\/i0.wp.com\/www.grieta.org.mx\/wp-content\/uploads\/2018\/09\/paro_laboral.jpeg_539665225.jpeg?resize=350%2C200&ssl=1","width":350,"height":200,"srcset":"https:\/\/i0.wp.com\/www.grieta.org.mx\/wp-content\/uploads\/2018\/09\/paro_laboral.jpeg_539665225.jpeg?resize=350%2C200&ssl=1 1x, https:\/\/i0.wp.com\/www.grieta.org.mx\/wp-content\/uploads\/2018\/09\/paro_laboral.jpeg_539665225.jpeg?resize=525%2C300&ssl=1 1.5x"},"classes":[]},{"id":39091,"url":"https:\/\/www.grieta.org.mx\/index.php\/2019\/09\/09\/ninos-enferman-por-derrame-de-aguas-negras-en-escuela-sinaloa\/","url_meta":{"origin":26078,"position":3},"title":"Ni\u00f1os enferman por derrame de aguas negras en escuela (Sinaloa)","author":"grieta","date":"9 septiembre, 2019","format":false,"excerpt":"Fot: Ra\u00fal Briones - El Debate Ra\u00fal Briones \/ El Debate Mazatl\u00e1n, Sinaloa.- Padres de familia y alumnos de la escuela\u00a0primaria Jos\u00e9 Cayetano Valad\u00e9s, ubicada en la colonia Luis Echevarr\u00eda, la ma\u00f1ana de hoy se manifestaron afuera del plantel educativo, el cual tomaron sin dejar pasar a nadie, tambi\u00e9n en\u2026","rel":"","context":"En &quot;CINTILLO&quot;","block_context":{"text":"CINTILLO","link":"https:\/\/www.grieta.org.mx\/index.php\/category\/cintillo\/"},"img":{"alt_text":"","src":"https:\/\/i0.wp.com\/www.grieta.org.mx\/wp-content\/uploads\/2019\/09\/prmaria_echeverria_crop1568052510854.jpg_219914347.jpg?resize=350%2C200&ssl=1","width":350,"height":200,"srcset":"https:\/\/i0.wp.com\/www.grieta.org.mx\/wp-content\/uploads\/2019\/09\/prmaria_echeverria_crop1568052510854.jpg_219914347.jpg?resize=350%2C200&ssl=1 1x, https:\/\/i0.wp.com\/www.grieta.org.mx\/wp-content\/uploads\/2019\/09\/prmaria_echeverria_crop1568052510854.jpg_219914347.jpg?resize=525%2C300&ssl=1 1.5x, https:\/\/i0.wp.com\/www.grieta.org.mx\/wp-content\/uploads\/2019\/09\/prmaria_echeverria_crop1568052510854.jpg_219914347.jpg?resize=700%2C400&ssl=1 2x"},"classes":[]},{"id":26083,"url":"https:\/\/www.grieta.org.mx\/index.php\/2018\/08\/31\/nuestros-hijos-estan-corriendo-peligro-sinaloa\/","url_meta":{"origin":26078,"position":4},"title":"\u201cNuestros hijos est\u00e1n corriendo peligro\u201d (Sinaloa)","author":"grieta","date":"31 agosto, 2018","format":false,"excerpt":"Los inconformes durante el bloqueo. Foto: Pedro Quintero\/EL DEBATE Padres de familia y docentes del plantel radicalizan acciones para que la escuela reciba mantenimiento Pedro Quintero El Rosario.- Debido a la poca respuesta que, dicen, han tenido de parte de las autoridades para solucionar el problema de los techos en\u2026","rel":"","context":"En &quot;CINTILLO&quot;","block_context":{"text":"CINTILLO","link":"https:\/\/www.grieta.org.mx\/index.php\/category\/cintillo\/"},"img":{"alt_text":"","src":"https:\/\/i0.wp.com\/www.grieta.org.mx\/wp-content\/uploads\/2018\/09\/rosario7.jpg_539665225.jpg?resize=350%2C200&ssl=1","width":350,"height":200,"srcset":"https:\/\/i0.wp.com\/www.grieta.org.mx\/wp-content\/uploads\/2018\/09\/rosario7.jpg_539665225.jpg?resize=350%2C200&ssl=1 1x, https:\/\/i0.wp.com\/www.grieta.org.mx\/wp-content\/uploads\/2018\/09\/rosario7.jpg_539665225.jpg?resize=525%2C300&ssl=1 1.5x"},"classes":[]},{"id":45856,"url":"https:\/\/www.grieta.org.mx\/index.php\/2020\/03\/10\/galeria-de-fotos-del-dia-internacional-de-la-mujer-en-mazatlan-sinaloa\/","url_meta":{"origin":26078,"position":5},"title":"Galer\u00eda de fotos del d\u00eda Internacional de la Mujer en Mazatl\u00e1n, Sinaloa","author":"Admin","date":"10 marzo, 2020","format":false,"excerpt":"Colectivo Grieta D\u00eda internacional de la mujer. Actividad: Bocina informativa, manta, cartulinas con informaci\u00f3n y mesa con nuestra de nuestro proyecto econ\u00f3mico (toallas ecol\u00f3gicas) y repartimos mo\u00f1os negros Lugar: Mazatl\u00e1n, Sinaloa De: Colectivo Sirenas en Resistencia perteneciente a la Red de Resistencia y Rebeld\u00eda","rel":"","context":"En &quot;CINTILLO&quot;","block_context":{"text":"CINTILLO","link":"https:\/\/www.grieta.org.mx\/index.php\/category\/cintillo\/"},"img":{"alt_text":"","src":"https:\/\/i0.wp.com\/www.grieta.org.mx\/wp-content\/uploads\/2020\/03\/IMG_20200308_103031.jpg?resize=350%2C200&ssl=1","width":350,"height":200,"srcset":"https:\/\/i0.wp.com\/www.grieta.org.mx\/wp-content\/uploads\/2020\/03\/IMG_20200308_103031.jpg?resize=350%2C200&ssl=1 1x, https:\/\/i0.wp.com\/www.grieta.org.mx\/wp-content\/uploads\/2020\/03\/IMG_20200308_103031.jpg?resize=525%2C300&ssl=1 1.5x, https:\/\/i0.wp.com\/www.grieta.org.mx\/wp-content\/uploads\/2020\/03\/IMG_20200308_103031.jpg?resize=700%2C400&ssl=1 2x, https:\/\/i0.wp.com\/www.grieta.org.mx\/wp-content\/uploads\/2020\/03\/IMG_20200308_103031.jpg?resize=1050%2C600&ssl=1 3x, https:\/\/i0.wp.com\/www.grieta.org.mx\/wp-content\/uploads\/2020\/03\/IMG_20200308_103031.jpg?resize=1400%2C800&ssl=1 4x"},"classes":[]}],"_links":{"self":[{"href":"https:\/\/www.grieta.org.mx\/index.php\/wp-json\/wp\/v2\/posts\/26078","targetHints":{"allow":["GET"]}}],"collection":[{"href":"https:\/\/www.grieta.org.mx\/index.php\/wp-json\/wp\/v2\/posts"}],"about":[{"href":"https:\/\/www.grieta.org.mx\/index.php\/wp-json\/wp\/v2\/types\/post"}],"author":[{"embeddable":true,"href":"https:\/\/www.grieta.org.mx\/index.php\/wp-json\/wp\/v2\/users\/2"}],"replies":[{"embeddable":true,"href":"https:\/\/www.grieta.org.mx\/index.php\/wp-json\/wp\/v2\/comments?post=26078"}],"version-history":[{"count":1,"href":"https:\/\/www.grieta.org.mx\/index.php\/wp-json\/wp\/v2\/posts\/26078\/revisions"}],"predecessor-version":[{"id":26082,"href":"https:\/\/www.grieta.org.mx\/index.php\/wp-json\/wp\/v2\/posts\/26078\/revisions\/26082"}],"wp:featuredmedia":[{"embeddable":true,"href":"https:\/\/www.grieta.org.mx\/index.php\/wp-json\/wp\/v2\/media\/26079"}],"wp:attachment":[{"href":"https:\/\/www.grieta.org.mx\/index.php\/wp-json\/wp\/v2\/media?parent=26078"}],"wp:term":[{"taxonomy":"category","embeddable":true,"href":"https:\/\/www.grieta.org.mx\/index.php\/wp-json\/wp\/v2\/categories?post=26078"},{"taxonomy":"post_tag","embeddable":true,"href":"https:\/\/www.grieta.org.mx\/index.php\/wp-json\/wp\/v2\/tags?post=26078"}],"curies":[{"name":"wp","href":"https:\/\/api.w.org\/{rel}","templated":true}]}}