{"id":26050,"date":"2018-08-30T17:19:17","date_gmt":"2018-08-30T22:19:17","guid":{"rendered":"http:\/\/www.grieta.org.mx\/?p=26050"},"modified":"2018-09-01T17:29:32","modified_gmt":"2018-09-01T22:29:32","slug":"a-diario-durante-mas-de-cinco-anos-al-menos-12-personas-han-sido-reportadas-como-desaparecidas-rnped","status":"publish","type":"post","link":"https:\/\/www.grieta.org.mx\/index.php\/2018\/08\/30\/a-diario-durante-mas-de-cinco-anos-al-menos-12-personas-han-sido-reportadas-como-desaparecidas-rnped\/","title":{"rendered":"A diario, durante m\u00e1s de cinco a\u00f1os, al menos 12 personas han sido reportadas como desaparecidas: RNPED"},"content":{"rendered":"<p>Redacci\u00f3n Revoluci\u00f3n 3.0<\/p>\n<p>Cada d\u00eda, durante m\u00e1s de cinco a\u00f1os, al menos 12 personas fueron reportadas como desaparecidas en M\u00e9xico, de acuerdo con el Registro Nacional de Personas Extraviadas o Desaparecidas (RNPED), que dej\u00f3 de actualizarse el 30 de abril pasado, el cual se\u00f1ala que, hasta esa fecha, en M\u00e9xico hab\u00edan 37 mil 435 desaparecidos, denunciados tanto en el fuero com\u00fan como en el federal.<\/p>\n<p>De esas personas, 22 mil 983 fueron vistas por \u00faltima vez entre el 1 de enero de 2013 y el 30 de abril de 2018, es decir, en 64 meses del Gobierno de Enrique Pe\u00f1a Nieto, que est\u00e1 por concluir.<\/p>\n<p>A inicios de la actual Administraci\u00f3n federal, el 26 de febrero de 2013, la entonces subsecretaria de Asuntos Jur\u00eddicos y Derechos Humanos de la Secretar\u00eda de Gobernaci\u00f3n, L\u00eda Lim\u00f3n, inform\u00f3 sobre un registro de 26 mil 121 casos de diciembre de 2006 a noviembre de 2012, periodo en que gobern\u00f3 el panista Felipe Calder\u00f3n.<\/p>\n<p>De acuerdo con esas cifras, en la actual Administraci\u00f3n federal desaparecieron en promedio 359 personas cada mes, apenas tres menos que las 362 registradas mensualmente en el sexenio que encabez\u00f3 Calder\u00f3n, inform\u00f3 Reforma. <\/p>\n<p>Los \u00faltimos datos del RNPED \u2013que ser\u00e1 sustituido por otro registro contemplado en la Ley General sobre Desapariciones\u2013 tambi\u00e9n muestran que, al igual que con los homicidios, 2017 fue el a\u00f1o con mayor casos de desapariciones, con 5 mil 477 personas en esa condici\u00f3n, para un promedio mensual de 456 casos.<\/p>\n<p>Entrevistados por separado por el mismo medio, Santiago Corcuera, ex presidente del Comit\u00e9 contra Desapariciones Forzadas de la ONU, y Humberto Guerrero, investigador de Fundar, coincidieron en que las cifras reflejan la continuidad en la pol\u00edtica de seguridad, a pesar del cambio de gobierno en 2012.<\/p>\n<p>\u201cLa estrategia de seguridad fue exactamente la misma (con Felipe Calder\u00f3n y con Enrique Pe\u00f1a Nieto), tiene que atacarse la causa material del problema, y yo creo que hay que fomentar la idea del gobierno entrante de legalizar las drogas y dejar de perseguir a quienes se dediquen a eso\u201d, opin\u00f3 Corcuera.<\/p>\n<p>Guerrero critic\u00f3 que, durante la primera mitad del Gobierno de Pe\u00f1a Nieto, las autoridades negaran la magnitud del problema.<\/p>\n<p>Seg\u00fan la \u00faltima actualizaci\u00f3n del Registro Nacional de Personas Extraviadas o Desaparecidas, a\u00fan hab\u00edan 13 mil 760 personas desaparecidas entre 2007 y 2013.<\/p>\n<p>Esto representa el 52 por ciento de los 26 mil 121 desaparecidos en el sexenio de Felipe Calder\u00f3n, que en su momento report\u00f3 la Subsecretar\u00eda de Asuntos Jur\u00eddicos y Derechos Humanos de Gobernaci\u00f3n. Adicionalmente, existen 692 casos de personas que desaparecieron antes de 2007 o cuya fecha de desaparici\u00f3n se desconoce, inform\u00f3 Reforma. <\/p>\n<p><a href=\"http:\/\/revoluciontrespuntocero.mx\/a-diario-durante-mas-de-cinco-anos-al-menos-12-personas-han-sido-reportadas-como-desaparecidas-rnped\/\">http:\/\/revoluciontrespuntocero.mx\/a-diario-durante-mas-de-cinco-anos-al-menos-12-personas-han-sido-reportadas-como-desaparecidas-rnped\/<\/a><\/p>\n","protected":false},"excerpt":{"rendered":"<p>Redacci\u00f3n Revoluci\u00f3n 3.0 Cada d\u00eda, durante m\u00e1s de cinco a\u00f1os, al menos 12 personas fueron reportadas como desaparecidas en M\u00e9xico, de acuerdo con el Registro Nacional de Personas Extraviadas o &hellip; <a href=\"https:\/\/www.grieta.org.mx\/index.php\/2018\/08\/30\/a-diario-durante-mas-de-cinco-anos-al-menos-12-personas-han-sido-reportadas-como-desaparecidas-rnped\/\" class=\"more-link\">Leer m\u00e1s<\/a><\/p>\n","protected":false},"author":2,"featured_media":21928,"comment_status":"closed","ping_status":"closed","sticky":false,"template":"","format":"standard","meta":{"ngg_post_thumbnail":0,"_jetpack_newsletter_access":"","_jetpack_dont_email_post_to_subs":false,"_jetpack_newsletter_tier_id":0,"_jetpack_memberships_contains_paywalled_content":false,"_jetpack_memberships_contains_paid_content":false,"footnotes":""},"categories":[80,87,368,83],"tags":[],"class_list":["post-26050","post","type-post","status-publish","format-standard","has-post-thumbnail","hentry","category-cintillo","category-desaparecidos","category-desaparecidos-analisis","category-temas-nacionales","entry"],"jetpack_featured_media_url":"https:\/\/www.grieta.org.mx\/wp-content\/uploads\/2018\/03\/14524434_1106112876131411_958039263622046936_o.jpg","jetpack_sharing_enabled":true,"jetpack_shortlink":"https:\/\/wp.me\/p7ZJR4-6Ma","jetpack_likes_enabled":false,"jetpack-related-posts":[{"id":30189,"url":"https:\/\/www.grieta.org.mx\/index.php\/2019\/03\/04\/desaparecidos-se-disparan-cifras-en-hidalgo\/","url_meta":{"origin":26050,"position":0},"title":"Desaparecidos: se disparan cifras en Hidalgo","author":"grieta","date":"4 marzo, 2019","format":false,"excerpt":"Adriana Hern\u00e1ndez Islas\/El Independiente de Hidalgo En los \u00faltimos 13 a\u00f1os, mil 775 personas fueron reportadas bajo esa causa Pachuca.- En los \u00faltimos 13 a\u00f1os, m\u00e1s de mil 700 personas fueron reportadas como desaparecidas en Hidalgo; sin embargo, las cifras comenzaron a incrementar en los \u00faltimos tres a\u00f1os, pues durante\u2026","rel":"","context":"En &quot;CINTILLO&quot;","block_context":{"text":"CINTILLO","link":"https:\/\/www.grieta.org.mx\/index.php\/category\/cintillo\/"},"img":{"alt_text":"","src":"https:\/\/i0.wp.com\/www.grieta.org.mx\/wp-content\/uploads\/2019\/03\/pchica-agencia-1-696x470.jpg?resize=350%2C200&ssl=1","width":350,"height":200,"srcset":"https:\/\/i0.wp.com\/www.grieta.org.mx\/wp-content\/uploads\/2019\/03\/pchica-agencia-1-696x470.jpg?resize=350%2C200&ssl=1 1x, https:\/\/i0.wp.com\/www.grieta.org.mx\/wp-content\/uploads\/2019\/03\/pchica-agencia-1-696x470.jpg?resize=525%2C300&ssl=1 1.5x"},"classes":[]},{"id":36866,"url":"https:\/\/www.grieta.org.mx\/index.php\/2019\/07\/15\/edomex-el-lugar-con-mas-de-5-mil-personas-reportadas-como-desaparecidas\/","url_meta":{"origin":26050,"position":1},"title":"Edomex, el lugar con m\u00e1s de 5 mil personas reportadas como desaparecidas","author":"grieta","date":"15 julio, 2019","format":false,"excerpt":"Alma R\u00edos\/El Gr\u00e1fico Toluca El 5 de junio del 2018, se report\u00f3 la desaparici\u00f3n, en Donato Guerra, de Rosendo Reyes Ram\u00edrez, estudiante de la Facultad de Derecho; es el segundo lugar con m\u00e1s desapariciones a nivel nacional Luis Fernando Alvarado Orozco, alumno de la Facultad de Contadur\u00eda y Administraci\u00f3n, no\u2026","rel":"","context":"En &quot;CINTILLO&quot;","block_context":{"text":"CINTILLO","link":"https:\/\/www.grieta.org.mx\/index.php\/category\/cintillo\/"},"img":{"alt_text":"","src":"https:\/\/i0.wp.com\/www.grieta.org.mx\/wp-content\/uploads\/2019\/07\/odisea.jpg?resize=350%2C200&ssl=1","width":350,"height":200,"srcset":"https:\/\/i0.wp.com\/www.grieta.org.mx\/wp-content\/uploads\/2019\/07\/odisea.jpg?resize=350%2C200&ssl=1 1x, https:\/\/i0.wp.com\/www.grieta.org.mx\/wp-content\/uploads\/2019\/07\/odisea.jpg?resize=525%2C300&ssl=1 1.5x"},"classes":[]},{"id":11471,"url":"https:\/\/www.grieta.org.mx\/index.php\/2016\/04\/13\/al-menos-456-personas-desaparecidas-en-zacatecas-pgje\/","url_meta":{"origin":26050,"position":2},"title":"Al menos 456 personas desaparecidas en Zacatecas: PGJE","author":"grieta","date":"13 abril, 2016","format":false,"excerpt":"abril 13, 2016 Roc\u00edo Aguilar | El Sol De Zacatecas Zacatecas, Zac.-De 2010 a marzo de este a\u00f1o, ante la Procuradur\u00eda General de Justicia del Estado (PGJE), ha sido denunciada la desaparici\u00f3n de 696 personas, 240 han sido localizadas, de \u00e9stas \u00faltimas 26 fueron encontradas sin vida; actualmente, en la\u2026","rel":"","context":"En &quot;CINTILLO&quot;","block_context":{"text":"CINTILLO","link":"https:\/\/www.grieta.org.mx\/index.php\/category\/cintillo\/"},"img":{"alt_text":"","src":"https:\/\/i0.wp.com\/www.grieta.org.mx\/wp-content\/uploads\/2018\/03\/14524434_1106112876131411_958039263622046936_o.jpg?resize=350%2C200&ssl=1","width":350,"height":200,"srcset":"https:\/\/i0.wp.com\/www.grieta.org.mx\/wp-content\/uploads\/2018\/03\/14524434_1106112876131411_958039263622046936_o.jpg?resize=350%2C200&ssl=1 1x, https:\/\/i0.wp.com\/www.grieta.org.mx\/wp-content\/uploads\/2018\/03\/14524434_1106112876131411_958039263622046936_o.jpg?resize=525%2C300&ssl=1 1.5x, https:\/\/i0.wp.com\/www.grieta.org.mx\/wp-content\/uploads\/2018\/03\/14524434_1106112876131411_958039263622046936_o.jpg?resize=700%2C400&ssl=1 2x"},"classes":[]},{"id":22129,"url":"https:\/\/www.grieta.org.mx\/index.php\/2018\/03\/15\/acumula-puebla-la-septima-mayor-cifra-de-personas-desaparecidas-en-el-pais\/","url_meta":{"origin":26050,"position":3},"title":"Acumula Puebla la s\u00e9ptima mayor cifra de personas desaparecidas en el pa\u00eds","author":"grieta","date":"15 marzo, 2018","format":false,"excerpt":"Al corte del 31 de enero de 2018, el\u00a0estado de Puebla\u00a0tuvo un total de\u00a0mil 852 registros\u00a0de personas relacionadas con averiguaciones previas del fuero com\u00fan que\u00a0permanecen sin localizar, la s\u00e9ptima cifra m\u00e1s alta de las 32 entidades federativas. En el fuero federal las\u00a0averiguaciones previas\u00a0por personas no localizadas en la entidad poblana\u2026","rel":"","context":"En &quot;CINTILLO&quot;","block_context":{"text":"CINTILLO","link":"https:\/\/www.grieta.org.mx\/index.php\/category\/cintillo\/"},"img":{"alt_text":"","src":"https:\/\/i0.wp.com\/www.grieta.org.mx\/wp-content\/uploads\/2018\/03\/desaparecidos-puebla-cifras-nac.jpg?resize=350%2C200&ssl=1","width":350,"height":200,"srcset":"https:\/\/i0.wp.com\/www.grieta.org.mx\/wp-content\/uploads\/2018\/03\/desaparecidos-puebla-cifras-nac.jpg?resize=350%2C200&ssl=1 1x, https:\/\/i0.wp.com\/www.grieta.org.mx\/wp-content\/uploads\/2018\/03\/desaparecidos-puebla-cifras-nac.jpg?resize=525%2C300&ssl=1 1.5x"},"classes":[]},{"id":30737,"url":"https:\/\/www.grieta.org.mx\/index.php\/2019\/03\/11\/durante-periodo-de-jesus-torres-charles-como-procurador-y-fiscal-de-coahuila-se-dispararon-desapariciones\/","url_meta":{"origin":26050,"position":4},"title":"Durante periodo de Jes\u00fas Torres Charles como Procurador y Fiscal de Coahuila se dispararon desapariciones","author":"grieta","date":"11 marzo, 2019","format":false,"excerpt":"Durante la gesti\u00f3n de Procurador y Fiscal de Torres Charles, ocurri\u00f3 la matanza de Allende y la masacre en el penal de Piedras Negras; exigen se le investigue por delitos de alto impacto Armando R\u00edos\/VANGUARDIA MX De acuerdo con el Registro Nacional de Personas Desaparecidas, el 60 por ciento de\u2026","rel":"","context":"En &quot;CINTILLO&quot;","block_context":{"text":"CINTILLO","link":"https:\/\/www.grieta.org.mx\/index.php\/category\/cintillo\/"},"img":{"alt_text":"","src":"https:\/\/i0.wp.com\/www.grieta.org.mx\/wp-content\/uploads\/2018\/03\/14524434_1106112876131411_958039263622046936_o.jpg?resize=350%2C200&ssl=1","width":350,"height":200,"srcset":"https:\/\/i0.wp.com\/www.grieta.org.mx\/wp-content\/uploads\/2018\/03\/14524434_1106112876131411_958039263622046936_o.jpg?resize=350%2C200&ssl=1 1x, https:\/\/i0.wp.com\/www.grieta.org.mx\/wp-content\/uploads\/2018\/03\/14524434_1106112876131411_958039263622046936_o.jpg?resize=525%2C300&ssl=1 1.5x, https:\/\/i0.wp.com\/www.grieta.org.mx\/wp-content\/uploads\/2018\/03\/14524434_1106112876131411_958039263622046936_o.jpg?resize=700%2C400&ssl=1 2x"},"classes":[]},{"id":65527,"url":"https:\/\/www.grieta.org.mx\/index.php\/2022\/10\/09\/en-guadalajara-desaparecen-15-personas-al-mes-4-son-mujeres-jalisco\/","url_meta":{"origin":26050,"position":5},"title":"En Guadalajara desaparecen 15 personas al mes, 4 son mujeres (Jalisco)","author":"grieta","date":"9 octubre, 2022","format":false,"excerpt":"Imagen: Cuartoscuro Isaura L\u00f3pez \/ El Occidental Al mes en Guadalajara se registran 15 desapariciones de personas. En lo que va del a\u00f1o, hay un registro de 157 personas desaparecidas, no localizadas y localizadas: 107 son hombres y 41 son mujeres. Del total de los casos, 52 est\u00e1n bajo el\u2026","rel":"","context":"En &quot;CINTILLO&quot;","block_context":{"text":"CINTILLO","link":"https:\/\/www.grieta.org.mx\/index.php\/category\/cintillo\/"},"img":{"alt_text":"","src":"https:\/\/i0.wp.com\/www.grieta.org.mx\/wp-content\/uploads\/2022\/10\/Desaparecidos-cuartoscuro.jpeg?resize=350%2C200&ssl=1","width":350,"height":200,"srcset":"https:\/\/i0.wp.com\/www.grieta.org.mx\/wp-content\/uploads\/2022\/10\/Desaparecidos-cuartoscuro.jpeg?resize=350%2C200&ssl=1 1x, https:\/\/i0.wp.com\/www.grieta.org.mx\/wp-content\/uploads\/2022\/10\/Desaparecidos-cuartoscuro.jpeg?resize=525%2C300&ssl=1 1.5x, https:\/\/i0.wp.com\/www.grieta.org.mx\/wp-content\/uploads\/2022\/10\/Desaparecidos-cuartoscuro.jpeg?resize=700%2C400&ssl=1 2x"},"classes":[]}],"_links":{"self":[{"href":"https:\/\/www.grieta.org.mx\/index.php\/wp-json\/wp\/v2\/posts\/26050","targetHints":{"allow":["GET"]}}],"collection":[{"href":"https:\/\/www.grieta.org.mx\/index.php\/wp-json\/wp\/v2\/posts"}],"about":[{"href":"https:\/\/www.grieta.org.mx\/index.php\/wp-json\/wp\/v2\/types\/post"}],"author":[{"embeddable":true,"href":"https:\/\/www.grieta.org.mx\/index.php\/wp-json\/wp\/v2\/users\/2"}],"replies":[{"embeddable":true,"href":"https:\/\/www.grieta.org.mx\/index.php\/wp-json\/wp\/v2\/comments?post=26050"}],"version-history":[{"count":1,"href":"https:\/\/www.grieta.org.mx\/index.php\/wp-json\/wp\/v2\/posts\/26050\/revisions"}],"predecessor-version":[{"id":26051,"href":"https:\/\/www.grieta.org.mx\/index.php\/wp-json\/wp\/v2\/posts\/26050\/revisions\/26051"}],"wp:featuredmedia":[{"embeddable":true,"href":"https:\/\/www.grieta.org.mx\/index.php\/wp-json\/wp\/v2\/media\/21928"}],"wp:attachment":[{"href":"https:\/\/www.grieta.org.mx\/index.php\/wp-json\/wp\/v2\/media?parent=26050"}],"wp:term":[{"taxonomy":"category","embeddable":true,"href":"https:\/\/www.grieta.org.mx\/index.php\/wp-json\/wp\/v2\/categories?post=26050"},{"taxonomy":"post_tag","embeddable":true,"href":"https:\/\/www.grieta.org.mx\/index.php\/wp-json\/wp\/v2\/tags?post=26050"}],"curies":[{"name":"wp","href":"https:\/\/api.w.org\/{rel}","templated":true}]}}