{"id":26025,"date":"2018-08-24T14:22:05","date_gmt":"2018-08-24T19:22:05","guid":{"rendered":"http:\/\/www.grieta.org.mx\/?p=26025"},"modified":"2018-09-01T14:43:22","modified_gmt":"2018-09-01T19:43:22","slug":"a-taviche-le-saquearon-las-entranas-mineria-se-llevo-oro-dejo-la-pobreza-oaxaca","status":"publish","type":"post","link":"https:\/\/www.grieta.org.mx\/index.php\/2018\/08\/24\/a-taviche-le-saquearon-las-entranas-mineria-se-llevo-oro-dejo-la-pobreza-oaxaca\/","title":{"rendered":"A Taviche le saquearon las entra\u00f1as; miner\u00eda se llev\u00f3 oro, dej\u00f3 la pobreza (Oaxaca)"},"content":{"rendered":"<p>Noticias.<\/p>\n<p>Miguel Angel,<\/p>\n<p>San Jer\u00f3nimo Taviche, Ocotl\u00e1n.- Los recursos naturales fueron saqueados, los habitantes, olvidados y luego del oro y plata que extrajeron, s\u00f3lo queda la pobreza y el abandono.<\/p>\n<p>La miseria es notoria en San Jer\u00f3nimo Taviche, Ocotl\u00e1n, poblado a escasos 50 kil\u00f3metros de la ciudad de Oaxaca de Ju\u00e1rez; aqu\u00ed los dos mil habitantes mueren, literalmente de hambre, sin medios de producci\u00f3n, sin empleos ni agua para sembrar y cultivar granos b\u00e1sicos en las parcelas.<\/p>\n<p><img loading=\"lazy\" decoding=\"async\" data-attachment-id=\"26031\" data-permalink=\"https:\/\/www.grieta.org.mx\/index.php\/2018\/08\/24\/a-taviche-le-saquearon-las-entranas-mineria-se-llevo-oro-dejo-la-pobreza-oaxaca\/image_25_189-t1\/\" data-orig-file=\"https:\/\/www.grieta.org.mx\/wp-content\/uploads\/2018\/09\/image_25_189-t1.jpg\" data-orig-size=\"1144,645\" data-comments-opened=\"0\" data-image-meta=\"{&quot;aperture&quot;:&quot;0&quot;,&quot;credit&quot;:&quot;&quot;,&quot;camera&quot;:&quot;&quot;,&quot;caption&quot;:&quot;&quot;,&quot;created_timestamp&quot;:&quot;0&quot;,&quot;copyright&quot;:&quot;&quot;,&quot;focal_length&quot;:&quot;0&quot;,&quot;iso&quot;:&quot;0&quot;,&quot;shutter_speed&quot;:&quot;0&quot;,&quot;title&quot;:&quot;&quot;,&quot;orientation&quot;:&quot;0&quot;}\" data-image-title=\"image_25_189 t1\" data-image-description=\"\" data-image-caption=\"\" data-medium-file=\"https:\/\/www.grieta.org.mx\/wp-content\/uploads\/2018\/09\/image_25_189-t1-300x169.jpg\" data-large-file=\"https:\/\/www.grieta.org.mx\/wp-content\/uploads\/2018\/09\/image_25_189-t1-1024x577.jpg\" src=\"http:\/\/www.grieta.org.mx\/wp-content\/uploads\/2018\/09\/image_25_189-t1-300x169.jpg\" alt=\"\" width=\"300\" height=\"169\" class=\"aligncenter size-medium wp-image-26031\" srcset=\"https:\/\/www.grieta.org.mx\/wp-content\/uploads\/2018\/09\/image_25_189-t1-300x169.jpg 300w, https:\/\/www.grieta.org.mx\/wp-content\/uploads\/2018\/09\/image_25_189-t1-768x433.jpg 768w, https:\/\/www.grieta.org.mx\/wp-content\/uploads\/2018\/09\/image_25_189-t1-1024x577.jpg 1024w, https:\/\/www.grieta.org.mx\/wp-content\/uploads\/2018\/09\/image_25_189-t1-887x500.jpg 887w, https:\/\/www.grieta.org.mx\/wp-content\/uploads\/2018\/09\/image_25_189-t1.jpg 1144w\" sizes=\"auto, (max-width: 300px) 100vw, 300px\" \/> Foto: Mario Jim\u00e9nez Leyva<br \/>\nNo hay empleos en San Jer\u00f3nimo Taviche, y la agricultura s\u00f3lo es de autoconsumo.<\/p>\n<p>Los agujeros en las colinas son la prueba, la tierra es rica y bondadosa. Sin embargo el terreno es pedregoso y seco para la siembra de ma\u00edz, frijol y calabaza s\u00f3lo se cultivan para el autoconsumo, sin embargo, en el interior de las monta\u00f1as abundan los metales preciosos.<\/p>\n<p><img loading=\"lazy\" decoding=\"async\" data-attachment-id=\"26032\" data-permalink=\"https:\/\/www.grieta.org.mx\/index.php\/2018\/08\/24\/a-taviche-le-saquearon-las-entranas-mineria-se-llevo-oro-dejo-la-pobreza-oaxaca\/image_26_184-t2\/\" data-orig-file=\"https:\/\/www.grieta.org.mx\/wp-content\/uploads\/2018\/09\/image_26_184-t2.jpg\" data-orig-size=\"1920,1080\" data-comments-opened=\"0\" data-image-meta=\"{&quot;aperture&quot;:&quot;0&quot;,&quot;credit&quot;:&quot;Mario Jimenez Leyva&quot;,&quot;camera&quot;:&quot;&quot;,&quot;caption&quot;:&quot;&quot;,&quot;created_timestamp&quot;:&quot;1534936043&quot;,&quot;copyright&quot;:&quot;NOTICIAS&quot;,&quot;focal_length&quot;:&quot;0&quot;,&quot;iso&quot;:&quot;0&quot;,&quot;shutter_speed&quot;:&quot;0&quot;,&quot;title&quot;:&quot;&quot;,&quot;orientation&quot;:&quot;0&quot;}\" data-image-title=\"image_26_184 t2\" data-image-description=\"\" data-image-caption=\"\" data-medium-file=\"https:\/\/www.grieta.org.mx\/wp-content\/uploads\/2018\/09\/image_26_184-t2-300x169.jpg\" data-large-file=\"https:\/\/www.grieta.org.mx\/wp-content\/uploads\/2018\/09\/image_26_184-t2-1024x576.jpg\" src=\"http:\/\/www.grieta.org.mx\/wp-content\/uploads\/2018\/09\/image_26_184-t2-300x169.jpg\" alt=\"\" width=\"300\" height=\"169\" class=\"aligncenter size-medium wp-image-26032\" srcset=\"https:\/\/www.grieta.org.mx\/wp-content\/uploads\/2018\/09\/image_26_184-t2-300x169.jpg 300w, https:\/\/www.grieta.org.mx\/wp-content\/uploads\/2018\/09\/image_26_184-t2-768x432.jpg 768w, https:\/\/www.grieta.org.mx\/wp-content\/uploads\/2018\/09\/image_26_184-t2-1024x576.jpg 1024w, https:\/\/www.grieta.org.mx\/wp-content\/uploads\/2018\/09\/image_26_184-t2-889x500.jpg 889w, https:\/\/www.grieta.org.mx\/wp-content\/uploads\/2018\/09\/image_26_184-t2.jpg 1920w\" sizes=\"auto, (max-width: 300px) 100vw, 300px\" \/><br \/>\nDe la mina s\u00f3lo quedan las ruinas, pero la miner\u00eda amenaza con regresar. Foto: Mario Jim\u00e9nez<\/p>\n<p>El despojo<\/p>\n<p>Pero de eso, los habitantes de Taviche no saben nada, \u201cmexicanos primero y canadienses despu\u00e9s, llegaron, extrajeron y se llevaron todo, nada dejaron para el pueblo\u201d, explica Magdalena Santiago Reyes, regidora de educaci\u00f3n del municipio.<\/p>\n<p>La mina cerr\u00f3 hace mucho tiempo,\u201cno hab\u00eda bienestar, lo que hab\u00eda era trabajo, pero con sueldos muy bajos\u201d, afirm\u00f3 Santiago Reyes, cuyo padre fue minero. Los empleos, mal pagados, s\u00f3lo se inscribieron como una ef\u00edmera ilusi\u00f3n para un pueblo acostumbrado a vivir en la pobreza ante la desidia gubernamental.<\/p>\n<p>\u201cAqu\u00ed la mayor\u00eda de los hombres mor\u00eda antes de los 50 a\u00f1os\u201d, explica la regidora de educaci\u00f3n, pues la exposici\u00f3n a los gases, y el mal equipo proporcionado hac\u00eda que los trabajadores enfermaran.<\/p>\n<p>La abundancia del oro y la plata fue tal en Taviche que hasta un ferrocarril exclusivo para transportarlo construyeron con ruta Oaxaca-Ocotl\u00e1n-Taviche; pero, cuando la mina cerr\u00f3, tambi\u00e9n dej\u00f3 la ruta el monstruo de acero, \u201cla gente no tiene c\u00f3mo trabajar los minerales, entonces llegaron for\u00e1neos para explorar, pero estos se llevan la riqueza\u201d, se\u00f1ala Santiago Reyes.<\/p>\n<p>Muchas preguntas<\/p>\n<p>Del tren no quedan ni las v\u00edas, que ha sido convertido en un angosto camino de terracer\u00eda, mientras la pregunta eterna de los pobladores es: \u201cpor qu\u00e9 seguimos siendo pobres, por qu\u00e9 hay desnutrici\u00f3n, por qu\u00e9 hay migraci\u00f3n, si nuestra tierra es demasiado rica\u201d.<\/p>\n<p>Recientemente, la Compa\u00f1\u00eda Minera Cuzcatl\u00e1n, que opera en el vecino municipio de San Jos\u00e9 del Progreso, quiso llevarse algunos fierros y un viejo molino que quedaban como reliquias, sin embargo, la poblaci\u00f3n lo impidi\u00f3.<\/p>\n<p><img loading=\"lazy\" decoding=\"async\" data-attachment-id=\"26033\" data-permalink=\"https:\/\/www.grieta.org.mx\/index.php\/2018\/08\/24\/a-taviche-le-saquearon-las-entranas-mineria-se-llevo-oro-dejo-la-pobreza-oaxaca\/image_23_151-t3\/\" data-orig-file=\"https:\/\/www.grieta.org.mx\/wp-content\/uploads\/2018\/09\/image_23_151-t3.jpg\" data-orig-size=\"1920,1080\" data-comments-opened=\"0\" data-image-meta=\"{&quot;aperture&quot;:&quot;0&quot;,&quot;credit&quot;:&quot;Mario Jimenez Leyva&quot;,&quot;camera&quot;:&quot;&quot;,&quot;caption&quot;:&quot;&quot;,&quot;created_timestamp&quot;:&quot;1534934082&quot;,&quot;copyright&quot;:&quot;NOTICIAS&quot;,&quot;focal_length&quot;:&quot;0&quot;,&quot;iso&quot;:&quot;0&quot;,&quot;shutter_speed&quot;:&quot;0&quot;,&quot;title&quot;:&quot;&quot;,&quot;orientation&quot;:&quot;0&quot;}\" data-image-title=\"image_23_151 t3\" data-image-description=\"\" data-image-caption=\"\" data-medium-file=\"https:\/\/www.grieta.org.mx\/wp-content\/uploads\/2018\/09\/image_23_151-t3-300x169.jpg\" data-large-file=\"https:\/\/www.grieta.org.mx\/wp-content\/uploads\/2018\/09\/image_23_151-t3-1024x576.jpg\" src=\"http:\/\/www.grieta.org.mx\/wp-content\/uploads\/2018\/09\/image_23_151-t3-300x169.jpg\" alt=\"\" width=\"300\" height=\"169\" class=\"aligncenter size-medium wp-image-26033\" srcset=\"https:\/\/www.grieta.org.mx\/wp-content\/uploads\/2018\/09\/image_23_151-t3-300x169.jpg 300w, https:\/\/www.grieta.org.mx\/wp-content\/uploads\/2018\/09\/image_23_151-t3-768x432.jpg 768w, https:\/\/www.grieta.org.mx\/wp-content\/uploads\/2018\/09\/image_23_151-t3-1024x576.jpg 1024w, https:\/\/www.grieta.org.mx\/wp-content\/uploads\/2018\/09\/image_23_151-t3-889x500.jpg 889w, https:\/\/www.grieta.org.mx\/wp-content\/uploads\/2018\/09\/image_23_151-t3.jpg 1920w\" sizes=\"auto, (max-width: 300px) 100vw, 300px\" \/><br \/>\nSalvador, hijo de Felipa, no sabe de camas. Foto: Mario Jim\u00e9nez<\/p>\n<p>Adem\u00e1s, esta compa\u00f1\u00eda ha mostrado inter\u00e9s en realizar nuevos estudios de exploraci\u00f3n para conocer si a\u00fan quedan minerales en el municipio de San Jer\u00f3nimo Taviche, \u201cpermitiremos la explotaci\u00f3n nuevamente siempre y cuando el pueblo se beneficie\u201d, asegur\u00f3 la regidora de educaci\u00f3n.<\/p>\n<p>Comer una vez al d\u00eda<\/p>\n<p>Felipa abre los ojos. Durante la noche el agua de lluvia se filtr\u00f3 en la vivienda y se empap\u00f3 el petate en el que dorm\u00eda, junto a sus cuatro hijos y su madre; ella no sabe de camas. Por fortuna logr\u00f3 detener la filtraci\u00f3n con pl\u00e1sticos y tela.<\/p>\n<p>Pero la preocupaci\u00f3n de Felipa no termina ah\u00ed, no hay ma\u00edz y carece de dinero para comprarlo, en la noche no coci\u00f3 el nixtamal, y ahora debe conseguir los 20 pesos para comprar dos kilos del grano.<\/p>\n<p>Sus peque\u00f1os hijos no tardar\u00e1n en despertarse y pedir\u00e1n de comer, y no hay ni tortillas duras para apaciguar el hambre, la m\u00e1s peque\u00f1a, Ximena Elizabeth, tiene dos a\u00f1os, y no entiende de razones, tiene hambre y quiere comer.<\/p>\n<p>De manera desesperada acude a uno de sus vecinos, quien le presta un poco de ma\u00edz, ma\u00f1ana tendr\u00e1 que devolverlo, pero ma\u00f1ana ser\u00e1 otro d\u00eda.<\/p>\n<p>20 pesos para vivir<\/p>\n<p>Felipa Hern\u00e1ndez Mendoza vive en San Jer\u00f3nimo Taviche y es pobre entre los pobres, su \u00fanica pertenencia es un terreno de 20 metros por 10 que le dej\u00f3 su padre, y en donde a duras penas logr\u00f3 construir dos cuartos de l\u00e1mina.<\/p>\n<p>\u201cSoy madre soltera, tengo cuatro hijos y trabajo de lo que sea, lavo ropa, limpio casas\u201d, dice Felipa, \u201ccomo tengo hijos peque\u00f1os, no puedo trabajar todos los d\u00edas, no tengo a nadie m\u00e1s quien me ayude\u201d.<\/p>\n<p>En Taviche forzosamente debes contar con ma\u00edz para comer, pero Felipa no posee terrenos para sembrar, \u201ca veces comemos bien y a veces s\u00f3lo una vez al d\u00eda\u201d, explica mientras l\u00e1grimas recorren sus mejillas.<\/p>\n<p>Vive con la incertidumbre de qu\u00e9 comer\u00e1n ma\u00f1ana, si es que lo hacen, \u201ccon que haya tortillas, a veces hago un huevo o dos, con un pedazo cada quien\u201d, afirma mientras su peque\u00f1a hija de dos a\u00f1os juega con su larga falda.<\/p>\n<p>Pueblo minero y larga historia<\/p>\n<p>Desde la d\u00e9cada de los 30 del siglo pasado la actividad minera en San Jer\u00f3nimo Taviche fue intensa, cuando el Estado declar\u00f3 Reservas Nacional Mineras a diversas zonas con potencial de explotaci\u00f3n mineral, entre ellas los dep\u00f3sitos de oro y plata de Taviche.<\/p>\n<p>La explotaci\u00f3n de los minerales estuvo a cargo de empresas con capital nacional y canadiense; a ellas se les entreg\u00f3, en concesi\u00f3n por 100 a\u00f1os, las v\u00edas del ferrocarril que se construyeron para transportar el oro y la plata.<\/p>\n<p>De 1985 a 1989 el municipio de Taviche fue el segundo productor estatal de plata y oro, s\u00f3lo por detr\u00e1s de la mina de Natividad.<\/p>\n<p>Las condiciones laborales de los mineros de Taviche nunca fueron las mejores, pues percib\u00edan salarios cinco veces menores comparados con sus colegas de Sonora y cuatro veces menos que en Colima. A pesar de eso, en 1990 cerca del 41.75 por ciento de la poblaci\u00f3n econ\u00f3micamente activa era minera.<\/p>\n<p><a href=\"https:\/\/www.nvinoticias.com\/nota\/99681\/taviche-le-saquearon-las-entranas-mineria-se-llevo-oro-dejo-la-pobreza\" rel=\"noopener\" target=\"_blank\">https:\/\/www.nvinoticias.com\/nota\/99681\/taviche-le-saquearon-las-entranas-mineria-se-llevo-oro-dejo-la-pobreza<\/a><\/p>\n","protected":false},"excerpt":{"rendered":"<p>Noticias. Miguel Angel, San Jer\u00f3nimo Taviche, Ocotl\u00e1n.- Los recursos naturales fueron saqueados, los habitantes, olvidados y luego del oro y plata que extrajeron, s\u00f3lo queda la pobreza y el abandono. &hellip; <a href=\"https:\/\/www.grieta.org.mx\/index.php\/2018\/08\/24\/a-taviche-le-saquearon-las-entranas-mineria-se-llevo-oro-dejo-la-pobreza-oaxaca\/\" class=\"more-link\">Leer m\u00e1s<\/a><\/p>\n","protected":false},"author":2,"featured_media":26033,"comment_status":"closed","ping_status":"closed","sticky":false,"template":"","format":"standard","meta":{"ngg_post_thumbnail":0,"_jetpack_newsletter_access":"","_jetpack_dont_email_post_to_subs":false,"_jetpack_newsletter_tier_id":0,"_jetpack_memberships_contains_paywalled_content":false,"_jetpack_memberships_contains_paid_content":false,"footnotes":""},"categories":[80,1357,2,25],"tags":[],"class_list":["post-26025","post","type-post","status-publish","format-standard","has-post-thumbnail","hentry","category-cintillo","category-conflictos-mineros-en-oaxaca","category-noticias-nacionales","category-oaxaca","entry"],"jetpack_featured_media_url":"https:\/\/www.grieta.org.mx\/wp-content\/uploads\/2018\/09\/image_23_151-t3.jpg","jetpack_sharing_enabled":true,"jetpack_shortlink":"https:\/\/wp.me\/p7ZJR4-6LL","jetpack_likes_enabled":false,"jetpack-related-posts":[{"id":61245,"url":"https:\/\/www.grieta.org.mx\/index.php\/2021\/08\/16\/buscan-activar-nueva-mina-en-valles-centrales-de-oaxaca-con-concesion-de-1994\/","url_meta":{"origin":26025,"position":0},"title":"Buscan activar nueva mina en Valles Centrales de Oaxaca con concesi\u00f3n de 1994","author":"grieta","date":"16 agosto, 2021","format":false,"excerpt":"Contral\u00ednea \/ Z\u00f3zimo Camacho. Grupo Albatro HF, SA de CV, ha iniciado los tr\u00e1mites correspondientes para iniciar la operaci\u00f3n de una nueva mina en los Valles Centrales de Oaxaca. Lo anterior, a pesar de la serie de conflictos sociales y ambientales que ya padece la regi\u00f3n a causa de proyectos\u2026","rel":"","context":"En &quot;CINTILLO&quot;","block_context":{"text":"CINTILLO","link":"https:\/\/www.grieta.org.mx\/index.php\/category\/cintillo\/"},"img":{"alt_text":"","src":"https:\/\/i0.wp.com\/www.grieta.org.mx\/wp-content\/uploads\/2021\/08\/Z.jpg?resize=350%2C200&ssl=1","width":350,"height":200,"srcset":"https:\/\/i0.wp.com\/www.grieta.org.mx\/wp-content\/uploads\/2021\/08\/Z.jpg?resize=350%2C200&ssl=1 1x, https:\/\/i0.wp.com\/www.grieta.org.mx\/wp-content\/uploads\/2021\/08\/Z.jpg?resize=525%2C300&ssl=1 1.5x"},"classes":[]},{"id":53651,"url":"https:\/\/www.grieta.org.mx\/index.php\/2020\/09\/19\/concesiones-mineras-vigentes-en-oaxaca-el-gran-negocio-de-las-mineras-transnacionales\/","url_meta":{"origin":26025,"position":1},"title":"Concesiones mineras vigentes en Oaxaca, el gran negocio de las mineras transnacionales","author":"grieta","date":"19 septiembre, 2020","format":false,"excerpt":"Avispa Midia \/ Daniel Arellano Ch\u00e1vez Megastar Development Corp, Inomin Mines, G79 Gold79 Mines Ltd, Minaurum Gold se unen a la lista de m\u00e1s de 400 concesiones vigentes en Oaxaca. En este espacio revelamos que la empresa transnacional Minaurum Gold tiene la intenci\u00f3n de avanzar sobre las tierras de la\u2026","rel":"","context":"En &quot;CINTILLO&quot;","block_context":{"text":"CINTILLO","link":"https:\/\/www.grieta.org.mx\/index.php\/category\/cintillo\/"},"img":{"alt_text":"","src":"https:\/\/i0.wp.com\/www.grieta.org.mx\/wp-content\/uploads\/2020\/09\/Honduras-Mineria.jpg?resize=350%2C200&ssl=1","width":350,"height":200,"srcset":"https:\/\/i0.wp.com\/www.grieta.org.mx\/wp-content\/uploads\/2020\/09\/Honduras-Mineria.jpg?resize=350%2C200&ssl=1 1x, https:\/\/i0.wp.com\/www.grieta.org.mx\/wp-content\/uploads\/2020\/09\/Honduras-Mineria.jpg?resize=525%2C300&ssl=1 1.5x, https:\/\/i0.wp.com\/www.grieta.org.mx\/wp-content\/uploads\/2020\/09\/Honduras-Mineria.jpg?resize=700%2C400&ssl=1 2x, https:\/\/i0.wp.com\/www.grieta.org.mx\/wp-content\/uploads\/2020\/09\/Honduras-Mineria.jpg?resize=1050%2C600&ssl=1 3x"},"classes":[]},{"id":56279,"url":"https:\/\/www.grieta.org.mx\/index.php\/2021\/01\/13\/estado-mexicano-revive-el-libramiento-sur-la-ruta-del-despojo-en-los-valles-centrales-de-oaxaca\/","url_meta":{"origin":26025,"position":2},"title":"Estado mexicano revive el Libramiento Sur: la ruta del despojo en los valles centrales de Oaxaca","author":"grieta","date":"13 enero, 2021","format":false,"excerpt":"Avispa Midia \/ Daniel Arellano Ch\u00e1vez y Javier Abimael Ruiz Garc\u00eda. El d\u00eda jueves 7 de Enero de 2021, la Secretaria de Medio Ambiente y Recursos Naturales (SEMARNAT) hizo p\u00fablica la Manifestaci\u00f3n de Impacto Ambiental (MIA), en su modalidad regional (que implica que dicho estudio abarca m\u00e1s de dos municipios\u2026","rel":"","context":"En &quot;CINTILLO&quot;","block_context":{"text":"CINTILLO","link":"https:\/\/www.grieta.org.mx\/index.php\/category\/cintillo\/"},"img":{"alt_text":"","src":"https:\/\/i0.wp.com\/www.grieta.org.mx\/wp-content\/uploads\/2021\/01\/2-5.jpg?resize=350%2C200&ssl=1","width":350,"height":200,"srcset":"https:\/\/i0.wp.com\/www.grieta.org.mx\/wp-content\/uploads\/2021\/01\/2-5.jpg?resize=350%2C200&ssl=1 1x, https:\/\/i0.wp.com\/www.grieta.org.mx\/wp-content\/uploads\/2021\/01\/2-5.jpg?resize=525%2C300&ssl=1 1.5x, https:\/\/i0.wp.com\/www.grieta.org.mx\/wp-content\/uploads\/2021\/01\/2-5.jpg?resize=700%2C400&ssl=1 2x, https:\/\/i0.wp.com\/www.grieta.org.mx\/wp-content\/uploads\/2021\/01\/2-5.jpg?resize=1050%2C600&ssl=1 3x"},"classes":[]},{"id":12111,"url":"https:\/\/www.grieta.org.mx\/index.php\/2016\/05\/06\/manifestantes-exigen-en-san-jose-del-progreso-oaxaca-la-salida-de-empresa-minera-canadiense\/","url_meta":{"origin":26025,"position":3},"title":"Manifestantes exigen, en San Jos\u00e9 del Progreso, Oaxaca, la salida de empresa minera canadiense","author":"grieta","date":"6 mayo, 2016","format":false,"excerpt":"Redacci\u00f3n Sin Embargo Ciudad de M\u00e9xico, 6 mayo (SinEmbargo).\u2013 Este d\u00eda, instalaciones de la Minera Cuzcatl\u00e1n, ubicada en el municipio de San Jos\u00e9 del Progreso, Oaxaca, fue tomada simb\u00f3licamente por integrantes de la Coordinadora de Pueblos Unidos del Valle de Ocotl\u00e1n que ped\u00edan la salida inmediata de la empresa canadiense\u2026","rel":"","context":"En &quot;CINTILLO&quot;","block_context":{"text":"CINTILLO","link":"https:\/\/www.grieta.org.mx\/index.php\/category\/cintillo\/"},"img":{"alt_text":"","src":"https:\/\/i0.wp.com\/www.grieta.org.mx\/wp-content\/uploads\/2018\/03\/14524434_1106112876131411_958039263622046936_o.jpg?resize=350%2C200&ssl=1","width":350,"height":200,"srcset":"https:\/\/i0.wp.com\/www.grieta.org.mx\/wp-content\/uploads\/2018\/03\/14524434_1106112876131411_958039263622046936_o.jpg?resize=350%2C200&ssl=1 1x, https:\/\/i0.wp.com\/www.grieta.org.mx\/wp-content\/uploads\/2018\/03\/14524434_1106112876131411_958039263622046936_o.jpg?resize=525%2C300&ssl=1 1.5x, https:\/\/i0.wp.com\/www.grieta.org.mx\/wp-content\/uploads\/2018\/03\/14524434_1106112876131411_958039263622046936_o.jpg?resize=700%2C400&ssl=1 2x"},"classes":[]},{"id":27206,"url":"https:\/\/www.grieta.org.mx\/index.php\/2018\/10\/15\/incertidumbre-tras-derrame-minero-en-arroyo-de-magdalena-ocotlan-oaxaca\/","url_meta":{"origin":26025,"position":4},"title":"Incertidumbre, tras derrame minero en arroyo de Magdalena Ocotl\u00e1n (Oaxaca)","author":"grieta","date":"15 octubre, 2018","format":false,"excerpt":"Regeneraci\u00f3n Radio. Daniel Arellano \/ Sandra Suaste Es \"como si le hubieran echado cal a todo el arroyo\", present\u00f3 un olor a \u00f3xido o azufre y se ve de color blanco, se\u00f1alaron los habitantes de Magdalena Ocotl\u00e1n, Oaxaca, luego de un derrumbe de lodo causado por Minera Cuzcatl\u00e1n [Fotuna Silver\u2026","rel":"","context":"En &quot;CINTILLO&quot;","block_context":{"text":"CINTILLO","link":"https:\/\/www.grieta.org.mx\/index.php\/category\/cintillo\/"},"img":{"alt_text":"","src":"https:\/\/i0.wp.com\/www.grieta.org.mx\/wp-content\/uploads\/2018\/10\/RN1.png?resize=350%2C200&ssl=1","width":350,"height":200,"srcset":"https:\/\/i0.wp.com\/www.grieta.org.mx\/wp-content\/uploads\/2018\/10\/RN1.png?resize=350%2C200&ssl=1 1x, https:\/\/i0.wp.com\/www.grieta.org.mx\/wp-content\/uploads\/2018\/10\/RN1.png?resize=525%2C300&ssl=1 1.5x"},"classes":[]},{"id":149,"url":"https:\/\/www.grieta.org.mx\/index.php\/2015\/11\/30\/comuneros-de-oaxaca-firman-declaratoria-para-impedir-operacion-de-18-minas-de-oro-y-plata\/","url_meta":{"origin":26025,"position":5},"title":"Comuneros de Oaxaca firman declaratoria para impedir operaci\u00f3n de 18 minas de oro y plata","author":"grieta","date":"30 noviembre, 2015","format":false,"excerpt":"Redacci\u00f3n Revoluci\u00f3n 3.0, Oaxaca (30 de noviembre, 2015).- Comuneros de 9 poblaciones de Oaxaca firmaron una declaratoria para impedir la operaci\u00f3n de 18 minas de oro y plata y advirtieron que sus territorios est\u00e1n prohibidos para la Miner\u00eda. Con el documento y la uni\u00f3n de las comunidades como Tlacolula, Ejutla\u2026","rel":"","context":"En &quot;CINTILLO&quot;","block_context":{"text":"CINTILLO","link":"https:\/\/www.grieta.org.mx\/index.php\/category\/cintillo\/"},"img":{"alt_text":"","src":"https:\/\/i0.wp.com\/www.grieta.org.mx\/wp-content\/uploads\/2018\/03\/14524434_1106112876131411_958039263622046936_o.jpg?resize=350%2C200&ssl=1","width":350,"height":200,"srcset":"https:\/\/i0.wp.com\/www.grieta.org.mx\/wp-content\/uploads\/2018\/03\/14524434_1106112876131411_958039263622046936_o.jpg?resize=350%2C200&ssl=1 1x, https:\/\/i0.wp.com\/www.grieta.org.mx\/wp-content\/uploads\/2018\/03\/14524434_1106112876131411_958039263622046936_o.jpg?resize=525%2C300&ssl=1 1.5x, https:\/\/i0.wp.com\/www.grieta.org.mx\/wp-content\/uploads\/2018\/03\/14524434_1106112876131411_958039263622046936_o.jpg?resize=700%2C400&ssl=1 2x"},"classes":[]}],"_links":{"self":[{"href":"https:\/\/www.grieta.org.mx\/index.php\/wp-json\/wp\/v2\/posts\/26025","targetHints":{"allow":["GET"]}}],"collection":[{"href":"https:\/\/www.grieta.org.mx\/index.php\/wp-json\/wp\/v2\/posts"}],"about":[{"href":"https:\/\/www.grieta.org.mx\/index.php\/wp-json\/wp\/v2\/types\/post"}],"author":[{"embeddable":true,"href":"https:\/\/www.grieta.org.mx\/index.php\/wp-json\/wp\/v2\/users\/2"}],"replies":[{"embeddable":true,"href":"https:\/\/www.grieta.org.mx\/index.php\/wp-json\/wp\/v2\/comments?post=26025"}],"version-history":[{"count":1,"href":"https:\/\/www.grieta.org.mx\/index.php\/wp-json\/wp\/v2\/posts\/26025\/revisions"}],"predecessor-version":[{"id":26034,"href":"https:\/\/www.grieta.org.mx\/index.php\/wp-json\/wp\/v2\/posts\/26025\/revisions\/26034"}],"wp:featuredmedia":[{"embeddable":true,"href":"https:\/\/www.grieta.org.mx\/index.php\/wp-json\/wp\/v2\/media\/26033"}],"wp:attachment":[{"href":"https:\/\/www.grieta.org.mx\/index.php\/wp-json\/wp\/v2\/media?parent=26025"}],"wp:term":[{"taxonomy":"category","embeddable":true,"href":"https:\/\/www.grieta.org.mx\/index.php\/wp-json\/wp\/v2\/categories?post=26025"},{"taxonomy":"post_tag","embeddable":true,"href":"https:\/\/www.grieta.org.mx\/index.php\/wp-json\/wp\/v2\/tags?post=26025"}],"curies":[{"name":"wp","href":"https:\/\/api.w.org\/{rel}","templated":true}]}}