{"id":26019,"date":"2018-08-29T23:47:27","date_gmt":"2018-08-30T04:47:27","guid":{"rendered":"http:\/\/www.grieta.org.mx\/?p=26019"},"modified":"2018-08-31T23:55:13","modified_gmt":"2018-09-01T04:55:13","slug":"el-desplazamiento-forzado-no-cesa-en-la-sierra-tarahumara-chihuahua","status":"publish","type":"post","link":"https:\/\/www.grieta.org.mx\/index.php\/2018\/08\/29\/el-desplazamiento-forzado-no-cesa-en-la-sierra-tarahumara-chihuahua\/","title":{"rendered":"El desplazamiento forzado no cesa en la Sierra Tarahumara (Chihuahua)"},"content":{"rendered":"<p><img loading=\"lazy\" decoding=\"async\" data-attachment-id=\"26020\" data-permalink=\"https:\/\/www.grieta.org.mx\/index.php\/2018\/08\/29\/el-desplazamiento-forzado-no-cesa-en-la-sierra-tarahumara-chihuahua\/tarahu\/\" data-orig-file=\"https:\/\/www.grieta.org.mx\/wp-content\/uploads\/2018\/08\/tarahu.jpg\" data-orig-size=\"1078,808\" data-comments-opened=\"0\" data-image-meta=\"{&quot;aperture&quot;:&quot;0&quot;,&quot;credit&quot;:&quot;&quot;,&quot;camera&quot;:&quot;&quot;,&quot;caption&quot;:&quot;&quot;,&quot;created_timestamp&quot;:&quot;0&quot;,&quot;copyright&quot;:&quot;&quot;,&quot;focal_length&quot;:&quot;0&quot;,&quot;iso&quot;:&quot;0&quot;,&quot;shutter_speed&quot;:&quot;0&quot;,&quot;title&quot;:&quot;&quot;,&quot;orientation&quot;:&quot;0&quot;}\" data-image-title=\"tarahu\" data-image-description=\"\" data-image-caption=\"\" data-medium-file=\"https:\/\/www.grieta.org.mx\/wp-content\/uploads\/2018\/08\/tarahu-300x225.jpg\" data-large-file=\"https:\/\/www.grieta.org.mx\/wp-content\/uploads\/2018\/08\/tarahu-1024x768.jpg\" src=\"http:\/\/www.grieta.org.mx\/wp-content\/uploads\/2018\/08\/tarahu-1024x768.jpg\" alt=\"\" width=\"769\" height=\"576\" class=\"aligncenter size-large wp-image-26020\" srcset=\"https:\/\/www.grieta.org.mx\/wp-content\/uploads\/2018\/08\/tarahu-1024x768.jpg 1024w, https:\/\/www.grieta.org.mx\/wp-content\/uploads\/2018\/08\/tarahu-300x225.jpg 300w, https:\/\/www.grieta.org.mx\/wp-content\/uploads\/2018\/08\/tarahu-768x576.jpg 768w, https:\/\/www.grieta.org.mx\/wp-content\/uploads\/2018\/08\/tarahu-667x500.jpg 667w, https:\/\/www.grieta.org.mx\/wp-content\/uploads\/2018\/08\/tarahu.jpg 1078w\" sizes=\"auto, (max-width: 769px) 100vw, 769px\" \/><\/p>\n<p>Patricia Mayorga\/ PROCESO<\/p>\n<p>CIUDAD DE M\u00c9XICO (apro).- Despu\u00e9s de tres a\u00f1os de dejar sus tierras en Urique y Guazapares, para salvar su vida, familias de las comunidades ind\u00edgenas de El Manzano y Monterde fueron a ver sus propiedades, pero al regresar a la capital del estado les informaron del asesinato de un hombre y su hijo, en Monterde, como represalia por la visita.<\/p>\n<p>La doble ejecuci\u00f3n evidencia el control del crimen organizado en la Sierra Tarahumara, donde el desplazamiento forzado no ha cesado desde el 2015. Y sucedi\u00f3 justo una semana antes de la visita a Chihuahua de la Relatora Especial de la ONU sobre los derechos humanos de los desplazados internos, Cecilia Jim\u00e9nez- Damary.<\/p>\n<p>Gabino G\u00f3mez Esc\u00e1rcega, encargado del \u00e1rea de personas v\u00edctimas de desapariciones y desplazamiento forzado en el Centro de Derechos Humanos de las Mujeres (Cedehm), dio a conocer que para las personas desplazadas de aquellas dos comunidades era un anhelo ir a ver su tierra, para ver c\u00f3mo se encontraban sus casas.<\/p>\n<p>Record\u00f3 que las familias \u2013con alrededor de 185 personas desplazadas (135 de El Manzano y 50 de Monterde)- abandonaron sus propiedades sin poder sacar sus pertenencias. Tuvieron que huir s\u00f3lo con lo que llevaban puesto.<\/p>\n<p>Primero sali\u00f3 un grupo de personas de la familia S\u00e1nchez, en marzo de 2015. Posteriormente los alcanzaron integrantes de la familia Gir\u00f3n. El a\u00f1o pasado debieron abandonar su tierra los Soto, de Monterde y recientemente llegaron los Gir\u00f3n, de esa misma comunidad. El Manzano se ubica en el municipio de Urique y Monterde en Guazapares. Ambos son colindantes y pertenecen a la Sierra Tarahumara.<\/p>\n<p>Desde que salieron las primeras familias, buscaron apoyo de las organizaciones Consultor\u00eda T\u00e9cnica Comunitaria y del Cedehm. Y a partir de que se cre\u00f3 la Comisi\u00f3n Especial de Atenci\u00f3n a V\u00edctimas del Estado (CEAVE) lograron una atenci\u00f3n m\u00ednima.<\/p>\n<p>El s\u00e1bado 25 salieron con 12 polic\u00edas estatales y cuatro integrantes de la CEAVE para visitar sus comunidades y ver sus casas.<\/p>\n<p>\u201cEl plan era estar en el Manzano el s\u00e1bado, ah\u00ed pernoctar y el domingo ir a Monterde con las familias Soto y Enr\u00edquez. Llegamos a El Manzano y encontramos las casas de la familia S\u00e1nchez y los Gir\u00f3n totalmente destruidas y saqueadas. Los veh\u00edculos que hab\u00edan dejado, unos quemados y otros desmantelados; ropa tirada, papeles en el piso, los techos sin l\u00e1minas. En la casa de Teodoro Gir\u00f3n, una vaca de su propiedad con un becerrito esperando a su due\u00f1o. Imag\u00ednense que ustedes dejan su casa y luego regresan y s\u00f3lo encuentran las paredes. Esto provoca l\u00e1grimas, un llanto incontenible\u201d, relat\u00f3 Gabino sobre el encuentro de las familias rar\u00e1muri con sus propiedades.<\/p>\n<p>El comandante encargado de la seguridad del grupo les pidi\u00f3 regresar y no pernoctar en El Manzano porque no hab\u00eda garant\u00eda de seguridad para pasar la noche. Nadie quer\u00eda irse. Esperaban quedarse esa noche y viajar a Monterde al d\u00eda siguiente, pero finalmente salieron y llegaron a Creel a la una de la ma\u00f1ana del domingo 26.<\/p>\n<p>\u201cLos Soto y los Enr\u00edquez estaban ag\u00fcitados (tristes) por no haber ido a Monterde, pero llegando a Chihuahua, el domingo por la tarde, llamaron de Monterde que hab\u00edan asesinado a dos personas, padre e hijo, familiares de los Soto. A uno lo dejaron precisamente en un lugar donde hab\u00edamos hecho una parada t\u00e9cnica. Estoy convencido de que estos cr\u00edmenes fueron por haber ido\u201d, denunci\u00f3 G\u00f3mez Esc\u00e1rcega.<\/p>\n<p>Versi\u00f3n oficial<\/p>\n<p>De acuerdo con la Fiscal\u00eda Zona Occidente, el domingo a las 13:30 reportaron a Seguridad P\u00fablica de T\u00e9moris una persona sin vida, cerca de la comunidad Monterde.<\/p>\n<p>Cuando los agentes estatales llegaron al lugar conocido como Los Lagartos, el presidente seccional de la comunidad los acompa\u00f1\u00f3 hasta donde se encontraba la persona asesinada. Ah\u00ed les reportaron otro cuerpo localizado en el \u201centronque viejo\u201d.<\/p>\n<p>Seg\u00fan el reporte, el primer cad\u00e1ver ten\u00eda una \u201ccamisa de mangas largas a cuadros color verde, pantal\u00f3n de mezclilla color verde y huaraches de suela de llanta y correas de vaqueta de tres agujeros\u201d. Ten\u00eda lesiones provocadas por arma de fuego en la espalda y cuello. Fue identificado como Ra\u00fal Quezada Ag\u00fcero, de 59 a\u00f1os de edad, con domicilio en Boregachi Guazapares.<\/p>\n<p>Aproximadamente a una hora de camino localizaron el segundo cuerpo. Estaba envuelto en pl\u00e1stico negro y amarrado con pedazos de tela. Vest\u00eda pantal\u00f3n de mezclilla color negro, la camisa ten\u00eda manchas de sangre y le cubr\u00eda el rostro. Calzaba botas de trabajo color negro y tambi\u00e9n ten\u00eda heridas producidas por proyectil de arma de fuego en ambas piernas y en la cabeza. Tambi\u00e9n ten\u00eda heridas provocadas por arma blanca. El cuerpo fue localizado con  exposici\u00f3n de masa encef\u00e1lica.<\/p>\n<p>Ese segundo cuerpo ten\u00eda un mensaje sobre el pecho tapado con un hule, un mensaje escrito en pedazo de hielera de unicel con marcador negro: \u201cPor ratas y traicioneros \u2018mitoteros\u2019, sigues t\u00fa Cruz Soto, por culo\u201d. En la piel del pecho ten\u00eda escritas otras letras ilegibles, seg\u00fan el parte polic\u00edaco de la Zona Occidente.<\/p>\n<p>Fue identificado como Ricardo Quezada Valenzuela de 35 a\u00f1os, con domicilio en Boreaghi Guazapares, hijo de la primera v\u00edctima localizada ese mismo d\u00eda. En ning\u00fan caso fue localizada evidencia de bal\u00edstica en la escena del crimen.<\/p>\n<p>\u201cPor versi\u00f3n de familiares, quienes dijeron que la familia tiene un rancho llamado Huerta Larga y que constantemente se van a trabajar en la labor a dicho rancho y que fue el d\u00eda viernes 24 de agosto entre cinco y seis de la tarde, que las v\u00edctimas salieron juntas del rancho Huerta Larga hacia su domicilio en Boregachi, pero nunca llegaron. Que desconocen qui\u00e9n o qui\u00e9nes pudieron ser los responsables de los hechos, ya que ninguno de los dos ten\u00eda problemas con nadie, ni tampoco sab\u00edan si alguien los hubiera amenazado\u201d, refiere la fiscal\u00eda.<\/p>\n<p>Cruz Soto, a quien hacen referencia en el mensaje, es uno de los hombres desplazados por amenazas del grupo delictivo que controla la zona y \u00e9l tambi\u00e9n es parte de la caravana que llegar\u00eda hasta Monterde.<\/p>\n<p>Antecedentes<\/p>\n<p>El 29 de marzo de 2015, huyeron 34 integrantes de la familia del gobernador ind\u00edgena Cruz S\u00e1nchez y luego de un a\u00f1o, salieron otras 26 personas.<\/p>\n<p>La primera familia de aquella comunidad ind\u00edgena, luego de que un grupo delictivo conformado por entre 50 y 60 hombres, atacaron el poblado. Solicitaron apoyo a las organizaciones Centro de Derechos Humanos de las Mujeres y Consultor\u00eda T\u00e9cnica Comunitaria para salir del municipio.<\/p>\n<p>Desde aquel a\u00f1o est\u00e1n desplazados en dos municipios de Chihuahua y legalmente los representa el Cedehm, ya que pusieron denuncia por violaciones graves a derechos humanos cometidos en perjuicio de personas, familias y la comunidad de El Manzano.<\/p>\n<p>El grupo delictivo hiri\u00f3 a uno de los hijos de quien era el gobernador ind\u00edgena de esa comunidad. Los delincuentes quemaron varias viviendas y se robaron alrededor de diez camionetas y veh\u00edculos de integrantes de las familias que han sido desplazadas.<\/p>\n<p>Entre octubre y noviembre de ese mismo a\u00f1o, el grupo incendi\u00f3 dos camionetas y otro veh\u00edculo, se llevaron 37 cabezas de ganado de la primera familia desplazada.<\/p>\n<p>El 10 de marzo de 2016 tuvo que huir la familia Gir\u00f3n porque el mismo grupo armado lleg\u00f3 a amenazar a la se\u00f1ora de la casa y a una hija. Les quitaron 50 mil pesos, producto de la venta de unos becerros y tuvieron que huir. Tambi\u00e9n les robaron una camioneta.<\/p>\n<p>La familia huy\u00f3 con 26 integrantes, 8 mujeres, dos de estas embarazadas y 8 ni\u00f1os peque\u00f1os. Durmieron dos d\u00edas en el monte sin comida ni agua, tampoco llevaban cobijas. Los delincuentes saquearon sus casas, se llevaron desde camas hasta motosierras y monturas, as\u00ed como varias camionetas.<\/p>\n<p>En la denuncia que presentaron, dan a conocer que en febrero de 2015 asesinaron a un joven ind\u00edgena llamado Benjam\u00edn S\u00e1nchez, quien se hab\u00eda negado a ser reclutado por el grupo delictivo, huy\u00f3 del pueblo y cuando regres\u00f3, lo asesinaron.<\/p>\n<p>\u201cEl reclutamiento de grupos ind\u00edgenas rar\u00e1muri tiene como fin hacerlos sicarios, para que hagan mal a otra gente y participen en las actividades criminales de esos grupos. Somos ind\u00edgenas de la etnia rar\u00e1muri, toda la vida hemos vivido en ese lugar de forma pac\u00edfica, somos ejidatarios, nunca hemos tenido problemas (\u2026) ten\u00edamos escuela biling\u00fce, templos religiosos para hacer fiestas tradicionales como Semana Santa, D\u00eda de San Francisco, fiestas por la cosecha del ma\u00edz y que forman parte de nuestros usos y costumbres. Ahora estamos sin sustento, sin trabajo, no tenemos acceso al templo, ni a la escuela, ni a las utilidades del ejido forestal, a apoyos de programas de gobierno que recib\u00edan algunas familias\u201d, dice la denuncia presentada ante la Fiscal\u00eda General del Estado en la Zona Occidente.<\/p>\n<p>La primera familia que fue desplazada tiene medidas cautelares de la Comisi\u00f3n Interamericana de Derechos Humanos desde el 27 de abril de 2015, seg\u00fan el expediente CIDH:MC-106\/15.<\/p>\n<p>Las familias de Monterde, comunidad que cobr\u00f3 relevancia cuando el gobierno del panista Francisco Barrio Terrazas mand\u00f3 golpearlos y reprimirlos por manifestarse para defender sus tierras, tuvieron que huir desde el a\u00f1o pasado, por causas similares a las de El Manzano.<\/p>\n<p><a href=\"https:\/\/www.proceso.com.mx\/548780\/el-desplazamiento-forzado-no-cesa-en-la-sierra-tarahumara\" rel=\"noopener\" target=\"_blank\">https:\/\/www.proceso.com.mx\/548780\/el-desplazamiento-forzado-no-cesa-en-la-sierra-tarahumara<\/a><\/p>\n","protected":false},"excerpt":{"rendered":"<p>Patricia Mayorga\/ PROCESO CIUDAD DE M\u00c9XICO (apro).- Despu\u00e9s de tres a\u00f1os de dejar sus tierras en Urique y Guazapares, para salvar su vida, familias de las comunidades ind\u00edgenas de El &hellip; <a href=\"https:\/\/www.grieta.org.mx\/index.php\/2018\/08\/29\/el-desplazamiento-forzado-no-cesa-en-la-sierra-tarahumara-chihuahua\/\" class=\"more-link\">Leer m\u00e1s<\/a><\/p>\n","protected":false},"author":2,"featured_media":26020,"comment_status":"closed","ping_status":"closed","sticky":false,"template":"","format":"standard","meta":{"ngg_post_thumbnail":0,"_jetpack_newsletter_access":"","_jetpack_dont_email_post_to_subs":false,"_jetpack_newsletter_tier_id":0,"_jetpack_memberships_contains_paywalled_content":false,"_jetpack_memberships_contains_paid_content":false,"footnotes":""},"categories":[12,80,1029,2],"tags":[1092,1669],"class_list":["post-26019","post","type-post","status-publish","format-standard","has-post-thumbnail","hentry","category-chihuahua","category-cintillo","category-conflictos-y-resistencias-del-pueblo-raramuri","category-noticias-nacionales","tag-desplazados-por-la-violencia","tag-desplazamiento-forzoso","entry"],"jetpack_featured_media_url":"https:\/\/www.grieta.org.mx\/wp-content\/uploads\/2018\/08\/tarahu.jpg","jetpack_sharing_enabled":true,"jetpack_shortlink":"https:\/\/wp.me\/p7ZJR4-6LF","jetpack_likes_enabled":false,"jetpack-related-posts":[{"id":43159,"url":"https:\/\/www.grieta.org.mx\/index.php\/2020\/01\/13\/victimas-de-desplazamiento-exigen-una-ley-para-atender-a-los-afectados-chihuahua\/","url_meta":{"origin":26019,"position":0},"title":"V\u00edctimas de desplazamiento exigen una ley para atender a los afectados (Chihuahua)","author":"grieta","date":"13 enero, 2020","format":false,"excerpt":"Patricia Mayorga\/Proceso V\u00edctimas de desplazamiento forzado por la violencia en la Sierra Tarahumara solicitaron al presidente, Andr\u00e9s Manuel L\u00f3pez Obrador, que presente al Congreso de la Uni\u00f3n una iniciativa de Ley para la atenci\u00f3n del desplazamiento forzado en M\u00e9xico, que responda a la problem\u00e1tica que afecta a miles de personas\u2026","rel":"","context":"En &quot;Chihuahua&quot;","block_context":{"text":"Chihuahua","link":"https:\/\/www.grieta.org.mx\/index.php\/category\/noticias-nacionales\/chihuahua\/"},"img":{"alt_text":"","src":"https:\/\/i0.wp.com\/www.grieta.org.mx\/wp-content\/uploads\/2020\/01\/victimas-desplazamiento-forzado-870x522.jpg?resize=350%2C200&ssl=1","width":350,"height":200,"srcset":"https:\/\/i0.wp.com\/www.grieta.org.mx\/wp-content\/uploads\/2020\/01\/victimas-desplazamiento-forzado-870x522.jpg?resize=350%2C200&ssl=1 1x, https:\/\/i0.wp.com\/www.grieta.org.mx\/wp-content\/uploads\/2020\/01\/victimas-desplazamiento-forzado-870x522.jpg?resize=525%2C300&ssl=1 1.5x, https:\/\/i0.wp.com\/www.grieta.org.mx\/wp-content\/uploads\/2020\/01\/victimas-desplazamiento-forzado-870x522.jpg?resize=700%2C400&ssl=1 2x"},"classes":[]},{"id":54363,"url":"https:\/\/www.grieta.org.mx\/index.php\/2020\/10\/20\/desplazamiento-forzado-en-la-tarahumara-obligados-a-dejar-su-comunidad-y-su-bosque-chihuahua\/","url_meta":{"origin":26019,"position":1},"title":"Desplazamiento forzado en la Tarahumara: obligados a dejar su comunidad y su bosque (Chihuahua)","author":"grieta","date":"20 octubre, 2020","format":false,"excerpt":"En el estado de Chihuahua, al norte de M\u00e9xico, la expansi\u00f3n de los grupos dedicados a la producci\u00f3n de drogas ha provocado el desplazamiento forzado de, por lo menos, 400 personas. Foto: Thelma G\u00f3mez Dur\u00e1n. Por: Patricia Mayorga (Mongabay) En la Sierra Tarahumara, el pinole es un alimento vital. Es\u2026","rel":"","context":"En &quot;Chihuahua&quot;","block_context":{"text":"Chihuahua","link":"https:\/\/www.grieta.org.mx\/index.php\/category\/noticias-nacionales\/chihuahua\/"},"img":{"alt_text":"","src":"https:\/\/i0.wp.com\/www.grieta.org.mx\/wp-content\/uploads\/2020\/10\/Chiapas-3-1536x1152-1.jpg?resize=350%2C200&ssl=1","width":350,"height":200,"srcset":"https:\/\/i0.wp.com\/www.grieta.org.mx\/wp-content\/uploads\/2020\/10\/Chiapas-3-1536x1152-1.jpg?resize=350%2C200&ssl=1 1x, https:\/\/i0.wp.com\/www.grieta.org.mx\/wp-content\/uploads\/2020\/10\/Chiapas-3-1536x1152-1.jpg?resize=525%2C300&ssl=1 1.5x, https:\/\/i0.wp.com\/www.grieta.org.mx\/wp-content\/uploads\/2020\/10\/Chiapas-3-1536x1152-1.jpg?resize=700%2C400&ssl=1 2x, https:\/\/i0.wp.com\/www.grieta.org.mx\/wp-content\/uploads\/2020\/10\/Chiapas-3-1536x1152-1.jpg?resize=1050%2C600&ssl=1 3x, https:\/\/i0.wp.com\/www.grieta.org.mx\/wp-content\/uploads\/2020\/10\/Chiapas-3-1536x1152-1.jpg?resize=1400%2C800&ssl=1 4x"},"classes":[]},{"id":33741,"url":"https:\/\/www.grieta.org.mx\/index.php\/2019\/04\/25\/secuestran-al-hijo-de-cruz-sanchez-defensor-indigena-en-chihuahua\/","url_meta":{"origin":26019,"position":2},"title":"Secuestran al hijo de Cruz S\u00e1nchez, defensor ind\u00edgena en Chihuahua","author":"grieta","date":"25 abril, 2019","format":false,"excerpt":"Hombres armados sacaron a la fuerza de su casa a Joel S\u00e1nchez. La familia es parte de la comunidad El Manzano, cuyos habitantes son v\u00edctimas de desplazamiento por la violencia del crimen organizado. Redacci\u00f3n\/ ANIMAL POL\u00cdTICO Hombres armados secuestraron este mi\u00e9rcoles a Joel S\u00e1nchez Cruz, hijo del defensor y activista\u2026","rel":"","context":"En &quot;Chihuahua&quot;","block_context":{"text":"Chihuahua","link":"https:\/\/www.grieta.org.mx\/index.php\/category\/noticias-nacionales\/chihuahua\/"},"img":{"alt_text":"","src":"https:\/\/i0.wp.com\/www.grieta.org.mx\/wp-content\/uploads\/2019\/05\/Secuestro.jpg?resize=350%2C200&ssl=1","width":350,"height":200,"srcset":"https:\/\/i0.wp.com\/www.grieta.org.mx\/wp-content\/uploads\/2019\/05\/Secuestro.jpg?resize=350%2C200&ssl=1 1x, https:\/\/i0.wp.com\/www.grieta.org.mx\/wp-content\/uploads\/2019\/05\/Secuestro.jpg?resize=525%2C300&ssl=1 1.5x, https:\/\/i0.wp.com\/www.grieta.org.mx\/wp-content\/uploads\/2019\/05\/Secuestro.jpg?resize=700%2C400&ssl=1 2x, https:\/\/i0.wp.com\/www.grieta.org.mx\/wp-content\/uploads\/2019\/05\/Secuestro.jpg?resize=1050%2C600&ssl=1 3x, https:\/\/i0.wp.com\/www.grieta.org.mx\/wp-content\/uploads\/2019\/05\/Secuestro.jpg?resize=1400%2C800&ssl=1 4x"},"classes":[]},{"id":35011,"url":"https:\/\/www.grieta.org.mx\/index.php\/2019\/06\/18\/desplazamiento-en-la-tarahumara-perder-la-paz-el-patrimonio-y-la-identidad-chihuahua\/","url_meta":{"origin":26019,"position":3},"title":"Desplazamiento en la tarahumara: perder la paz, el patrimonio y la identidad (Chihuahua)","author":"grieta","date":"18 junio, 2019","format":false,"excerpt":"Ra\u00edchali\/ LA VERDAD Chihuahua \u2013 Huyen por el monte, como ganado. \u2013A veces se pasan semanas enteras caminado, escondi\u00e9ndose. \u2013Comen lo que pueden: nopales, plantas, lo que encentran en el camino. \u2013Se van apenas con lo que llevan puesto. Son pocos los que logran planear su salida. \u2013Pasan de comunidad\u2026","rel":"","context":"En &quot;Chihuahua&quot;","block_context":{"text":"Chihuahua","link":"https:\/\/www.grieta.org.mx\/index.php\/category\/noticias-nacionales\/chihuahua\/"},"img":{"alt_text":"","src":"https:\/\/i0.wp.com\/www.grieta.org.mx\/wp-content\/uploads\/2019\/06\/Operativo-coordinado-Atascaderos-2.jpeg?resize=350%2C200&ssl=1","width":350,"height":200,"srcset":"https:\/\/i0.wp.com\/www.grieta.org.mx\/wp-content\/uploads\/2019\/06\/Operativo-coordinado-Atascaderos-2.jpeg?resize=350%2C200&ssl=1 1x, https:\/\/i0.wp.com\/www.grieta.org.mx\/wp-content\/uploads\/2019\/06\/Operativo-coordinado-Atascaderos-2.jpeg?resize=525%2C300&ssl=1 1.5x, https:\/\/i0.wp.com\/www.grieta.org.mx\/wp-content\/uploads\/2019\/06\/Operativo-coordinado-Atascaderos-2.jpeg?resize=700%2C400&ssl=1 2x"},"classes":[]},{"id":9881,"url":"https:\/\/www.grieta.org.mx\/index.php\/2016\/07\/22\/despojo-en-la-sierra-tarahumara\/","url_meta":{"origin":26019,"position":4},"title":"Despojo en la Sierra Tarahumara","author":"grieta","date":"22 julio, 2016","format":false,"excerpt":"22\/07\/16. Huyen tarahumaras de violencia y hambre para asentarse en SamalayucaEntrelineas 23\/05\/16. Tala clandestina tiene la sierra Tarahumara en situaci\u00f3n de riesgoFrontenet 21\/05\/16. Aumenta desplazamiento forzado en la Tarahumara en pleno proceso electoralProceso 27\/03\/16. Habitantes de la Sierra viven en una constante intimidaci\u00f3n por parte del crimen organizadoEntrelineas 8\/03\/16. Sierra\u2026","rel":"","context":"En &quot;Chihuahua&quot;","block_context":{"text":"Chihuahua","link":"https:\/\/www.grieta.org.mx\/index.php\/category\/noticias-nacionales\/chihuahua\/"},"img":{"alt_text":"","src":"https:\/\/i0.wp.com\/www.grieta.org.mx\/wp-content\/uploads\/2018\/03\/14524434_1106112876131411_958039263622046936_o.jpg?resize=350%2C200&ssl=1","width":350,"height":200,"srcset":"https:\/\/i0.wp.com\/www.grieta.org.mx\/wp-content\/uploads\/2018\/03\/14524434_1106112876131411_958039263622046936_o.jpg?resize=350%2C200&ssl=1 1x, https:\/\/i0.wp.com\/www.grieta.org.mx\/wp-content\/uploads\/2018\/03\/14524434_1106112876131411_958039263622046936_o.jpg?resize=525%2C300&ssl=1 1.5x, https:\/\/i0.wp.com\/www.grieta.org.mx\/wp-content\/uploads\/2018\/03\/14524434_1106112876131411_958039263622046936_o.jpg?resize=700%2C400&ssl=1 2x"},"classes":[]},{"id":33747,"url":"https:\/\/www.grieta.org.mx\/index.php\/2016\/12\/11\/chihuahua-el-exodo-indigena\/","url_meta":{"origin":26019,"position":5},"title":"Chihuahua: El \u00e9xodo ind\u00edgena","author":"grieta","date":"11 diciembre, 2016","format":false,"excerpt":"Texto: Patricia Mayorga. Video: M\u00f3nica Gonz\u00e1lez y Aron Venegas\/ PI\u00c9 DE P\u00c1GINA En la sierra Tarahumara los grupos del crimen organizado tienen una batalla por el control del territorio. Las v\u00edctimas son miles de familias ind\u00edgenas que han sido obligadas a dejar sus tierras, su forma de vida y su\u2026","rel":"","context":"En &quot;Chihuahua&quot;","block_context":{"text":"Chihuahua","link":"https:\/\/www.grieta.org.mx\/index.php\/category\/noticias-nacionales\/chihuahua\/"},"img":{"alt_text":"","src":"https:\/\/i0.wp.com\/www.grieta.org.mx\/wp-content\/uploads\/2018\/03\/14524434_1106112876131411_958039263622046936_o.jpg?resize=350%2C200&ssl=1","width":350,"height":200,"srcset":"https:\/\/i0.wp.com\/www.grieta.org.mx\/wp-content\/uploads\/2018\/03\/14524434_1106112876131411_958039263622046936_o.jpg?resize=350%2C200&ssl=1 1x, https:\/\/i0.wp.com\/www.grieta.org.mx\/wp-content\/uploads\/2018\/03\/14524434_1106112876131411_958039263622046936_o.jpg?resize=525%2C300&ssl=1 1.5x, https:\/\/i0.wp.com\/www.grieta.org.mx\/wp-content\/uploads\/2018\/03\/14524434_1106112876131411_958039263622046936_o.jpg?resize=700%2C400&ssl=1 2x"},"classes":[]}],"_links":{"self":[{"href":"https:\/\/www.grieta.org.mx\/index.php\/wp-json\/wp\/v2\/posts\/26019","targetHints":{"allow":["GET"]}}],"collection":[{"href":"https:\/\/www.grieta.org.mx\/index.php\/wp-json\/wp\/v2\/posts"}],"about":[{"href":"https:\/\/www.grieta.org.mx\/index.php\/wp-json\/wp\/v2\/types\/post"}],"author":[{"embeddable":true,"href":"https:\/\/www.grieta.org.mx\/index.php\/wp-json\/wp\/v2\/users\/2"}],"replies":[{"embeddable":true,"href":"https:\/\/www.grieta.org.mx\/index.php\/wp-json\/wp\/v2\/comments?post=26019"}],"version-history":[{"count":1,"href":"https:\/\/www.grieta.org.mx\/index.php\/wp-json\/wp\/v2\/posts\/26019\/revisions"}],"predecessor-version":[{"id":26021,"href":"https:\/\/www.grieta.org.mx\/index.php\/wp-json\/wp\/v2\/posts\/26019\/revisions\/26021"}],"wp:featuredmedia":[{"embeddable":true,"href":"https:\/\/www.grieta.org.mx\/index.php\/wp-json\/wp\/v2\/media\/26020"}],"wp:attachment":[{"href":"https:\/\/www.grieta.org.mx\/index.php\/wp-json\/wp\/v2\/media?parent=26019"}],"wp:term":[{"taxonomy":"category","embeddable":true,"href":"https:\/\/www.grieta.org.mx\/index.php\/wp-json\/wp\/v2\/categories?post=26019"},{"taxonomy":"post_tag","embeddable":true,"href":"https:\/\/www.grieta.org.mx\/index.php\/wp-json\/wp\/v2\/tags?post=26019"}],"curies":[{"name":"wp","href":"https:\/\/api.w.org\/{rel}","templated":true}]}}