{"id":2597,"date":"2015-08-21T04:49:32","date_gmt":"2015-08-21T04:49:32","guid":{"rendered":"http:\/\/50.22.11.12\/~grietaor\/?p=2597"},"modified":"2016-03-13T04:53:30","modified_gmt":"2016-03-13T04:53:30","slug":"se-enfrentan-por-tuzobus","status":"publish","type":"post","link":"https:\/\/www.grieta.org.mx\/index.php\/2015\/08\/21\/se-enfrentan-por-tuzobus\/","title":{"rendered":"Se enfrentan por Tuzob\u00fas"},"content":{"rendered":"<p>Dinorath Mota<\/p>\n<p>Pachuca.\u2014 Al menos 12 personas detenidas y varios lesionados \u2014sin que hasta anoche se precisara el<br \/>\nn\u00famero\u2014 dej\u00f3 como saldo una protesta de vecinos de la colonia el Huixmi en la cuidad de Pachuca, quienes<br \/>\nprotestaron en contra del Sistema de Transporte Integrado Tuzob\u00fas, lo que deriv\u00f3 en un enfrentamiento con<br \/>\nelementos de la polic\u00eda estatal que desalojaron a los manifestantes con gases lacrim\u00f3genos.<\/p>\n<p>En el d\u00eda se registraron dos manifestaciones, donde unas dos mil personas rechazaron el transporte<br \/>\ninaugurado el domingo pasado.<\/p>\n<p>La puesta en marcha de este transporte y la salida de m\u00e1s de 500 unidades de microbuses y combis, ha<br \/>\nocasionando descontento entre los ciudadanos de la capital del estado, quienes se\u00f1alan que con el Tuzob\u00fas<br \/>\naument\u00f3 el pasaje de 7.50 a 10 pesos, debido a que el precio de la troncal es de ocho pesos y la ruta<br \/>\nalimentadora es de dos pesos.<\/p>\n<p>Los habitantes del Huixmi han sido los m\u00e1s afectados debido a que la capacidad de pasajeros del Tuzob\u00fas ha<br \/>\nsido rebasada, lo que ha generado que los ciudadanos inviertan hasta dos horas en un trayecto que antes era<br \/>\nde 30 minutos.<\/p>\n<p>Adem\u00e1s, dicen que el distribuidor s\u00f3lo es funcional para salir de la colonia, pero para entrar deben rodear la<br \/>\nzona hasta el monumento de la Diosa de los Vientos, en Venta Prieta.<\/p>\n<p>A esto se suma que la lateral junto a la colonia provoca accidentes automovil\u00edsticos, \u201cincluso ambulancias de<br \/>\nla Cruz Roja y Bomberos\u201d.<\/p>\n<p>Ante ello, ayer desde temprano se manifestaron en el bulevar Santa Catarina a la entrada del fraccionamiento<br \/>\nantes mencionado.<\/p>\n<p>Alrededor de las 14:00 horas se hab\u00eda alcanzado un acuerdo para iniciar unas mesas de di\u00e1logo; sin embargo,<br \/>\nal lugar arrib\u00f3 otro grupo de inconformes y la protesta se sali\u00f3 de control, lo que deriv\u00f3 en un<br \/>\nenfrentamiento, en el que los agentes policiacos lanzaron gases lacrim\u00f3genos, mientras que los vecinos<br \/>\nrespondieron con piedras y palos.<\/p>\n<p>De acuerdo con los vecinos, los polic\u00edas arremetieron en contra de ni\u00f1os y ancianos, a quienes les dieron<br \/>\ntoques el\u00e9ctricos y golpearon con los escudos, en tanto que la Secretar\u00eda de Gobierno asever\u00f3 que un grupo<br \/>\nde infiltrados llegaron a la manifestaci\u00f3n y comenzaron con la agresi\u00f3n.<\/p>\n<p>En la refriega, sali\u00f3 herido el coordinador de Seguridad estatal, Roberto Cordero, quien recibi\u00f3 algunos<br \/>\ngolpes de piedras en la cara.<\/p>\n<p>Por estos hechos fueron detenidos al menos una decena de manifestantes, quienes permanec\u00edan declarando<br \/>\nen el Ministerio P\u00fablico hasta ayer por la noche.<\/p>\n<p>Por la tarde, otro grupo de manifestantes que hab\u00edan sido convocados a trav\u00e9s de redes sociales, iniciaron<br \/>\nuna marcha a la altura de la escuela Preparatoria N\u00famero Uno, donde fue cerrada la estaci\u00f3n del Tuzob\u00fas;<br \/>\ncon pancartas y gritos exig\u00edan que se bajara el costo del pasaje a cuatro pesos, adem\u00e1s de descuento a<br \/>\npersonas de la tercera edad y de discapacitados.<\/p>\n<p>La marcha en la que participaron alrededor de 600 personas entre estudiantes, amas de casa y vecinos de<br \/>\nHuixmi, arrib\u00f3 a palacio de gobierno, donde se registraron algunos empujones y da\u00f1os a una patrulla,<br \/>\nposteriormente los inconformes decidieron volver a tomar las calles, en tanto el primer cuadro donde se<br \/>\nubica palacio de gobierno fue cerrado por patrullas y granaderos se apostaron en palacio de gobierno.<br \/>\nLa marcha culmin\u00f3 alrededor de las diez de la noche en la glorieta 24 Horas, ya sin incidentes, sin embargo<br \/>\nse prev\u00e9 que las manifestaciones de rechazo contin\u00faen.<\/p>\n<p>Los usuarios del Tuzob\u00fas tendr\u00e1n que comprar una tarjeta que costar\u00e1 17 pesos que ser\u00e1 la misma cantidad<br \/>\nque podr\u00e1n gastar los usuarios, el resto no tendr\u00e1 saldo a favor.<\/p>\n<p><a href=\"http:\/\/www.eluniversal.com.mx\/articulo\/estados\/2015\/08\/21\/se-enfrentan-por-tuzobus\" target=\"_blank\">www.eluniversal.com.mx\/articulo\/estados\/2015\/08\/21\/se-enfrentan-por-tuzobus<\/a><\/p>\n","protected":false},"excerpt":{"rendered":"<p>Dinorath Mota Pachuca.\u2014 Al menos 12 personas detenidas y varios lesionados \u2014sin que hasta anoche se precisara el n\u00famero\u2014 dej\u00f3 como saldo una protesta de vecinos de la colonia el &hellip; <a href=\"https:\/\/www.grieta.org.mx\/index.php\/2015\/08\/21\/se-enfrentan-por-tuzobus\/\" class=\"more-link\">Leer m\u00e1s<\/a><\/p>\n","protected":false},"author":2,"featured_media":21928,"comment_status":"closed","ping_status":"open","sticky":false,"template":"","format":"standard","meta":{"ngg_post_thumbnail":0,"_jetpack_newsletter_access":"","_jetpack_dont_email_post_to_subs":false,"_jetpack_newsletter_tier_id":0,"_jetpack_memberships_contains_paywalled_content":false,"_jetpack_memberships_contains_paid_content":false,"footnotes":""},"categories":[80,129],"tags":[97],"class_list":["post-2597","post","type-post","status-publish","format-standard","has-post-thumbnail","hentry","category-cintillo","category-hidalgo","tag-comunicaciones-y-transportes","entry"],"jetpack_featured_media_url":"https:\/\/www.grieta.org.mx\/wp-content\/uploads\/2018\/03\/14524434_1106112876131411_958039263622046936_o.jpg","jetpack_sharing_enabled":true,"jetpack_shortlink":"https:\/\/wp.me\/p7ZJR4-FT","jetpack_likes_enabled":false,"jetpack-related-posts":[{"id":2595,"url":"https:\/\/www.grieta.org.mx\/index.php\/2015\/09\/08\/detiene-policia-a-joven-que-protestaba-vs-tuzobus-en-informe\/","url_meta":{"origin":2597,"position":0},"title":"Detiene polic\u00eda a joven que protestaba vs Tuzob\u00fas en informe","author":"grieta","date":"8 septiembre, 2015","format":false,"excerpt":"Victor Valera Pachuca.- La polic\u00eda estatal detuvo a Pablo Ram\u00edrez, integrante del Congreso Ciudadano Hidalguense que protestaba contra el Tuzob\u00fas, en el marco del quinto informe del gobernador de Hidalgo Francisco Olvera Ruiz. Fuera del Congreso local, le quitaron su pancarta y contra su voluntad lo subieron a la patrulla\u2026","rel":"","context":"En &quot;CINTILLO&quot;","block_context":{"text":"CINTILLO","link":"https:\/\/www.grieta.org.mx\/index.php\/category\/cintillo\/"},"img":{"alt_text":"","src":"https:\/\/i0.wp.com\/www.grieta.org.mx\/wp-content\/uploads\/2018\/03\/14524434_1106112876131411_958039263622046936_o.jpg?resize=350%2C200&ssl=1","width":350,"height":200,"srcset":"https:\/\/i0.wp.com\/www.grieta.org.mx\/wp-content\/uploads\/2018\/03\/14524434_1106112876131411_958039263622046936_o.jpg?resize=350%2C200&ssl=1 1x, https:\/\/i0.wp.com\/www.grieta.org.mx\/wp-content\/uploads\/2018\/03\/14524434_1106112876131411_958039263622046936_o.jpg?resize=525%2C300&ssl=1 1.5x, https:\/\/i0.wp.com\/www.grieta.org.mx\/wp-content\/uploads\/2018\/03\/14524434_1106112876131411_958039263622046936_o.jpg?resize=700%2C400&ssl=1 2x"},"classes":[]},{"id":2596,"url":"https:\/\/www.grieta.org.mx\/index.php\/2015\/08\/31\/encapsulan-protesta-contra-tuzobus-en-gira-de-pena\/","url_meta":{"origin":2597,"position":1},"title":"\u2018Encapsulan\u2019 protesta contra Tuzob\u00fas en gira de Pe\u00f1a","author":"grieta","date":"31 agosto, 2015","format":false,"excerpt":"Juan Ricardo Montoya Pachuca, Hgo. Un grupo de manifestantes fue encapsulado por un centenar de granaderos de la Secretar\u00eda de Seguridad P\u00fablica estatal para evitar que mostraran pancartas de repudio a las altas tarifas del Sistema Integrado de Transporte Masivo Tuzob\u00fas en el marco de la gira por la capital\u2026","rel":"","context":"En &quot;CINTILLO&quot;","block_context":{"text":"CINTILLO","link":"https:\/\/www.grieta.org.mx\/index.php\/category\/cintillo\/"},"img":{"alt_text":"","src":"https:\/\/i0.wp.com\/www.grieta.org.mx\/wp-content\/uploads\/2018\/03\/14524434_1106112876131411_958039263622046936_o.jpg?resize=350%2C200&ssl=1","width":350,"height":200,"srcset":"https:\/\/i0.wp.com\/www.grieta.org.mx\/wp-content\/uploads\/2018\/03\/14524434_1106112876131411_958039263622046936_o.jpg?resize=350%2C200&ssl=1 1x, https:\/\/i0.wp.com\/www.grieta.org.mx\/wp-content\/uploads\/2018\/03\/14524434_1106112876131411_958039263622046936_o.jpg?resize=525%2C300&ssl=1 1.5x, https:\/\/i0.wp.com\/www.grieta.org.mx\/wp-content\/uploads\/2018\/03\/14524434_1106112876131411_958039263622046936_o.jpg?resize=700%2C400&ssl=1 2x"},"classes":[]},{"id":11674,"url":"https:\/\/www.grieta.org.mx\/index.php\/2016\/04\/07\/se-suman-militares-a-protesta-acusan-pobladores-infiltracion\/","url_meta":{"origin":2597,"position":2},"title":"Se suman militares a protesta; acusan pobladores infiltraci\u00f3n","author":"grieta","date":"7 abril, 2016","format":false,"excerpt":"Previo a la manifestaci\u00f3n de este mi\u00e9rcoles contra el sistema de transporte masivo Tuzob\u00fas, vecinos de la colonia Periodistas de Pachuca acusaron que elementos del Ej\u00e9rcito arribaron a este lugar, presuntamente para participar en este movimiento. Seg\u00fan los vecinos, de quienes se omiten nombres por razones de seguridad, por la\u2026","rel":"","context":"En &quot;CINTILLO&quot;","block_context":{"text":"CINTILLO","link":"https:\/\/www.grieta.org.mx\/index.php\/category\/cintillo\/"},"img":{"alt_text":"","src":"https:\/\/i0.wp.com\/www.grieta.org.mx\/wp-content\/uploads\/2018\/03\/14524434_1106112876131411_958039263622046936_o.jpg?resize=350%2C200&ssl=1","width":350,"height":200,"srcset":"https:\/\/i0.wp.com\/www.grieta.org.mx\/wp-content\/uploads\/2018\/03\/14524434_1106112876131411_958039263622046936_o.jpg?resize=350%2C200&ssl=1 1x, https:\/\/i0.wp.com\/www.grieta.org.mx\/wp-content\/uploads\/2018\/03\/14524434_1106112876131411_958039263622046936_o.jpg?resize=525%2C300&ssl=1 1.5x, https:\/\/i0.wp.com\/www.grieta.org.mx\/wp-content\/uploads\/2018\/03\/14524434_1106112876131411_958039263622046936_o.jpg?resize=700%2C400&ssl=1 2x"},"classes":[]},{"id":11675,"url":"https:\/\/www.grieta.org.mx\/index.php\/2016\/04\/12\/persisten-protestas-contra-tuzobus-en-hidalgo-gobierno-ataca-a-los-criticos-con-bots\/","url_meta":{"origin":2597,"position":3},"title":"Persisten protestas contra Tuzob\u00fas en Hidalgo; gobierno ataca a los cr\u00edticos con bots","author":"grieta","date":"12 abril, 2016","format":false,"excerpt":"Ignacio Garc\u00eda Luego de la reconfiguraci\u00f3n de rutas del Sistema Integral de Transporte Masivo de Hidalgo (Sitmah) conocido como Tuzob\u00fas, miles de ciudadanos han protestado en contra del transporte metropolitano, al cual consideran costoso y deficiente, sin embargo, el gobierno estatal, encabezado por Francisco Olvera Ru\u00edz, ha atacado a los\u2026","rel":"","context":"En &quot;CINTILLO&quot;","block_context":{"text":"CINTILLO","link":"https:\/\/www.grieta.org.mx\/index.php\/category\/cintillo\/"},"img":{"alt_text":"","src":"https:\/\/i0.wp.com\/www.grieta.org.mx\/wp-content\/uploads\/2018\/03\/14524434_1106112876131411_958039263622046936_o.jpg?resize=350%2C200&ssl=1","width":350,"height":200,"srcset":"https:\/\/i0.wp.com\/www.grieta.org.mx\/wp-content\/uploads\/2018\/03\/14524434_1106112876131411_958039263622046936_o.jpg?resize=350%2C200&ssl=1 1x, https:\/\/i0.wp.com\/www.grieta.org.mx\/wp-content\/uploads\/2018\/03\/14524434_1106112876131411_958039263622046936_o.jpg?resize=525%2C300&ssl=1 1.5x, https:\/\/i0.wp.com\/www.grieta.org.mx\/wp-content\/uploads\/2018\/03\/14524434_1106112876131411_958039263622046936_o.jpg?resize=700%2C400&ssl=1 2x"},"classes":[]},{"id":2594,"url":"https:\/\/www.grieta.org.mx\/index.php\/2015\/09\/28\/tuzobus-un-brt-condenado-al-fracaso\/","url_meta":{"origin":2597,"position":4},"title":"Tuzob\u00fas, un BRT condenado al fracaso","author":"grieta","date":"28 septiembre, 2015","format":false,"excerpt":"Emmanuel Ameth El Sistema de Transporte denominado Tuzob\u00fas, que opera en la zona metropolitana de Pachuca, naci\u00f3 para fracasar, pues su extrema lentitud y singular carest\u00eda lo hacen poco viable para darle un uso masivo: es por ello que a m\u00e1s de 40 d\u00edas de su implementaci\u00f3n, la demanda del\u2026","rel":"","context":"En &quot;CINTILLO&quot;","block_context":{"text":"CINTILLO","link":"https:\/\/www.grieta.org.mx\/index.php\/category\/cintillo\/"},"img":{"alt_text":"","src":"https:\/\/i0.wp.com\/www.grieta.org.mx\/wp-content\/uploads\/2018\/03\/14524434_1106112876131411_958039263622046936_o.jpg?resize=350%2C200&ssl=1","width":350,"height":200,"srcset":"https:\/\/i0.wp.com\/www.grieta.org.mx\/wp-content\/uploads\/2018\/03\/14524434_1106112876131411_958039263622046936_o.jpg?resize=350%2C200&ssl=1 1x, https:\/\/i0.wp.com\/www.grieta.org.mx\/wp-content\/uploads\/2018\/03\/14524434_1106112876131411_958039263622046936_o.jpg?resize=525%2C300&ssl=1 1.5x, https:\/\/i0.wp.com\/www.grieta.org.mx\/wp-content\/uploads\/2018\/03\/14524434_1106112876131411_958039263622046936_o.jpg?resize=700%2C400&ssl=1 2x"},"classes":[]},{"id":2599,"url":"https:\/\/www.grieta.org.mx\/index.php\/2016\/04\/12\/pachuquenos-protestan-contra-tuzobus\/","url_meta":{"origin":2597,"position":5},"title":"Pachuque\u00f1os protestan contra Tuzob\u00fas","author":"grieta","date":"12 abril, 2016","format":false,"excerpt":"12\/04\/16. Persisten protestas contra Tuzob\u00fas en Hidalgo; gobierno ataca a los cr\u00edticos con bots Revoluci\u00f3n 3.0 07\/04\/16. Se suman militares a protesta; acusan pobladores infiltraci\u00f3n.Criterio Hdalgo 28\/09\/15. Tuzob\u00fas, un BRT condenado al fracasoSDP Noticias 08\/09\/15. Detiene polic\u00eda a joven que protestaba vs Tuzob\u00fas en informeEl Independiente de Hidalgo 31\/08\/15. 'Encapsulan'\u2026","rel":"","context":"En &quot;Hidalgo&quot;","block_context":{"text":"Hidalgo","link":"https:\/\/www.grieta.org.mx\/index.php\/category\/noticias-nacionales\/hidalgo\/"},"img":{"alt_text":"","src":"https:\/\/i0.wp.com\/www.grieta.org.mx\/wp-content\/uploads\/2018\/03\/14524434_1106112876131411_958039263622046936_o.jpg?resize=350%2C200&ssl=1","width":350,"height":200,"srcset":"https:\/\/i0.wp.com\/www.grieta.org.mx\/wp-content\/uploads\/2018\/03\/14524434_1106112876131411_958039263622046936_o.jpg?resize=350%2C200&ssl=1 1x, https:\/\/i0.wp.com\/www.grieta.org.mx\/wp-content\/uploads\/2018\/03\/14524434_1106112876131411_958039263622046936_o.jpg?resize=525%2C300&ssl=1 1.5x, https:\/\/i0.wp.com\/www.grieta.org.mx\/wp-content\/uploads\/2018\/03\/14524434_1106112876131411_958039263622046936_o.jpg?resize=700%2C400&ssl=1 2x"},"classes":[]}],"_links":{"self":[{"href":"https:\/\/www.grieta.org.mx\/index.php\/wp-json\/wp\/v2\/posts\/2597","targetHints":{"allow":["GET"]}}],"collection":[{"href":"https:\/\/www.grieta.org.mx\/index.php\/wp-json\/wp\/v2\/posts"}],"about":[{"href":"https:\/\/www.grieta.org.mx\/index.php\/wp-json\/wp\/v2\/types\/post"}],"author":[{"embeddable":true,"href":"https:\/\/www.grieta.org.mx\/index.php\/wp-json\/wp\/v2\/users\/2"}],"replies":[{"embeddable":true,"href":"https:\/\/www.grieta.org.mx\/index.php\/wp-json\/wp\/v2\/comments?post=2597"}],"version-history":[{"count":1,"href":"https:\/\/www.grieta.org.mx\/index.php\/wp-json\/wp\/v2\/posts\/2597\/revisions"}],"predecessor-version":[{"id":2604,"href":"https:\/\/www.grieta.org.mx\/index.php\/wp-json\/wp\/v2\/posts\/2597\/revisions\/2604"}],"wp:featuredmedia":[{"embeddable":true,"href":"https:\/\/www.grieta.org.mx\/index.php\/wp-json\/wp\/v2\/media\/21928"}],"wp:attachment":[{"href":"https:\/\/www.grieta.org.mx\/index.php\/wp-json\/wp\/v2\/media?parent=2597"}],"wp:term":[{"taxonomy":"category","embeddable":true,"href":"https:\/\/www.grieta.org.mx\/index.php\/wp-json\/wp\/v2\/categories?post=2597"},{"taxonomy":"post_tag","embeddable":true,"href":"https:\/\/www.grieta.org.mx\/index.php\/wp-json\/wp\/v2\/tags?post=2597"}],"curies":[{"name":"wp","href":"https:\/\/api.w.org\/{rel}","templated":true}]}}