{"id":2596,"date":"2015-08-31T04:49:31","date_gmt":"2015-08-31T04:49:31","guid":{"rendered":"http:\/\/50.22.11.12\/~grietaor\/?p=2596"},"modified":"2016-03-13T04:52:48","modified_gmt":"2016-03-13T04:52:48","slug":"encapsulan-protesta-contra-tuzobus-en-gira-de-pena","status":"publish","type":"post","link":"https:\/\/www.grieta.org.mx\/index.php\/2015\/08\/31\/encapsulan-protesta-contra-tuzobus-en-gira-de-pena\/","title":{"rendered":"\u2018Encapsulan\u2019 protesta contra Tuzob\u00fas en gira de Pe\u00f1a"},"content":{"rendered":"<p>Juan Ricardo Montoya<\/p>\n<p>Pachuca, Hgo. Un grupo de manifestantes fue encapsulado por un centenar de granaderos de la Secretar\u00eda de Seguridad P\u00fablica estatal para evitar que mostraran pancartas de repudio a las altas tarifas del Sistema Integrado de Transporte Masivo Tuzob\u00fas en el marco de la gira por la capital hidalguense del presidente Enrique Pe\u00f1a Nieto.<\/p>\n<p>Los manifestantes fueron cercados y encapsulados por m\u00e1s de 50 granaderos en la calle Jaime Nun\u00f3 esquina con Revoluci\u00f3n de la colonia Periodistas a unos 500 metros de la colonia Palmillas donde se prev\u00e9 la inauguraci\u00f3n de un macro mural pintado en las fachadas de las casas por parte del ejecutivo federal.<\/p>\n<p>\u201cLa pobreza no se pinta\u201d \u201cPor un Tuzob\u00fas que beneficie y no perjudique\u201d dec\u00edan algunas de las pancartas que mostraban los manifestantes .<\/p>\n<p>En el lugar se encontraba Alfredo Ahedo Mayorga secretario de seguridad publica estatal.<\/p>\n<p>\u201cEn este pa\u00eds hay derecho a manifestarse\u201d grit\u00f3 Juana Hern\u00e1ndez, una de los diez manifestantes al momento de encarar a los granaderos.<\/p>\n<p>\u201cEst\u00e1 restringido el paso, no nos obligue a hacer uso de la fuerza\u201d fue la amenaza que lanz\u00f3 en tono amenazante uno de los uniformados.<\/p>\n<p>Antes los manifestantes realizaron una marcha desde la preparatoria numero uno hasta la calle Jaime Nun\u00f3.<\/p>\n<p><a href=\"http:\/\/www.jornada.unam.mx\/ultimas\/2015\/08\/31\/policias-retienen-a-manifestantes-durante-protesta-del-tuzobus-5514.html\" target=\"_blank\">www.jornada.unam.mx\/ultimas\/2015\/08\/31\/policias-retienen-a-manifestantes-durante-protesta-del-tuzobus-5514.html<\/a><\/p>\n","protected":false},"excerpt":{"rendered":"<p>Juan Ricardo Montoya Pachuca, Hgo. Un grupo de manifestantes fue encapsulado por un centenar de granaderos de la Secretar\u00eda de Seguridad P\u00fablica estatal para evitar que mostraran pancartas de repudio &hellip; <a href=\"https:\/\/www.grieta.org.mx\/index.php\/2015\/08\/31\/encapsulan-protesta-contra-tuzobus-en-gira-de-pena\/\" class=\"more-link\">Leer m\u00e1s<\/a><\/p>\n","protected":false},"author":2,"featured_media":21928,"comment_status":"closed","ping_status":"open","sticky":false,"template":"","format":"standard","meta":{"ngg_post_thumbnail":0,"_jetpack_newsletter_access":"","_jetpack_dont_email_post_to_subs":false,"_jetpack_newsletter_tier_id":0,"_jetpack_memberships_contains_paywalled_content":false,"_jetpack_memberships_contains_paid_content":false,"footnotes":""},"categories":[80,129],"tags":[97],"class_list":["post-2596","post","type-post","status-publish","format-standard","has-post-thumbnail","hentry","category-cintillo","category-hidalgo","tag-comunicaciones-y-transportes","entry"],"jetpack_featured_media_url":"https:\/\/www.grieta.org.mx\/wp-content\/uploads\/2018\/03\/14524434_1106112876131411_958039263622046936_o.jpg","jetpack_sharing_enabled":true,"jetpack_shortlink":"https:\/\/wp.me\/p7ZJR4-FS","jetpack_likes_enabled":false,"jetpack-related-posts":[{"id":2597,"url":"https:\/\/www.grieta.org.mx\/index.php\/2015\/08\/21\/se-enfrentan-por-tuzobus\/","url_meta":{"origin":2596,"position":0},"title":"Se enfrentan por Tuzob\u00fas","author":"grieta","date":"21 agosto, 2015","format":false,"excerpt":"Dinorath Mota Pachuca.\u2014 Al menos 12 personas detenidas y varios lesionados \u2014sin que hasta anoche se precisara el n\u00famero\u2014 dej\u00f3 como saldo una protesta de vecinos de la colonia el Huixmi en la cuidad de Pachuca, quienes protestaron en contra del Sistema de Transporte Integrado Tuzob\u00fas, lo que deriv\u00f3 en\u2026","rel":"","context":"En &quot;CINTILLO&quot;","block_context":{"text":"CINTILLO","link":"https:\/\/www.grieta.org.mx\/index.php\/category\/cintillo\/"},"img":{"alt_text":"","src":"https:\/\/i0.wp.com\/www.grieta.org.mx\/wp-content\/uploads\/2018\/03\/14524434_1106112876131411_958039263622046936_o.jpg?resize=350%2C200&ssl=1","width":350,"height":200,"srcset":"https:\/\/i0.wp.com\/www.grieta.org.mx\/wp-content\/uploads\/2018\/03\/14524434_1106112876131411_958039263622046936_o.jpg?resize=350%2C200&ssl=1 1x, https:\/\/i0.wp.com\/www.grieta.org.mx\/wp-content\/uploads\/2018\/03\/14524434_1106112876131411_958039263622046936_o.jpg?resize=525%2C300&ssl=1 1.5x, https:\/\/i0.wp.com\/www.grieta.org.mx\/wp-content\/uploads\/2018\/03\/14524434_1106112876131411_958039263622046936_o.jpg?resize=700%2C400&ssl=1 2x"},"classes":[]},{"id":2599,"url":"https:\/\/www.grieta.org.mx\/index.php\/2016\/04\/12\/pachuquenos-protestan-contra-tuzobus\/","url_meta":{"origin":2596,"position":1},"title":"Pachuque\u00f1os protestan contra Tuzob\u00fas","author":"grieta","date":"12 abril, 2016","format":false,"excerpt":"12\/04\/16. Persisten protestas contra Tuzob\u00fas en Hidalgo; gobierno ataca a los cr\u00edticos con bots Revoluci\u00f3n 3.0 07\/04\/16. Se suman militares a protesta; acusan pobladores infiltraci\u00f3n.Criterio Hdalgo 28\/09\/15. Tuzob\u00fas, un BRT condenado al fracasoSDP Noticias 08\/09\/15. Detiene polic\u00eda a joven que protestaba vs Tuzob\u00fas en informeEl Independiente de Hidalgo 31\/08\/15. 'Encapsulan'\u2026","rel":"","context":"En &quot;Hidalgo&quot;","block_context":{"text":"Hidalgo","link":"https:\/\/www.grieta.org.mx\/index.php\/category\/noticias-nacionales\/hidalgo\/"},"img":{"alt_text":"","src":"https:\/\/i0.wp.com\/www.grieta.org.mx\/wp-content\/uploads\/2018\/03\/14524434_1106112876131411_958039263622046936_o.jpg?resize=350%2C200&ssl=1","width":350,"height":200,"srcset":"https:\/\/i0.wp.com\/www.grieta.org.mx\/wp-content\/uploads\/2018\/03\/14524434_1106112876131411_958039263622046936_o.jpg?resize=350%2C200&ssl=1 1x, https:\/\/i0.wp.com\/www.grieta.org.mx\/wp-content\/uploads\/2018\/03\/14524434_1106112876131411_958039263622046936_o.jpg?resize=525%2C300&ssl=1 1.5x, https:\/\/i0.wp.com\/www.grieta.org.mx\/wp-content\/uploads\/2018\/03\/14524434_1106112876131411_958039263622046936_o.jpg?resize=700%2C400&ssl=1 2x"},"classes":[]},{"id":11675,"url":"https:\/\/www.grieta.org.mx\/index.php\/2016\/04\/12\/persisten-protestas-contra-tuzobus-en-hidalgo-gobierno-ataca-a-los-criticos-con-bots\/","url_meta":{"origin":2596,"position":2},"title":"Persisten protestas contra Tuzob\u00fas en Hidalgo; gobierno ataca a los cr\u00edticos con bots","author":"grieta","date":"12 abril, 2016","format":false,"excerpt":"Ignacio Garc\u00eda Luego de la reconfiguraci\u00f3n de rutas del Sistema Integral de Transporte Masivo de Hidalgo (Sitmah) conocido como Tuzob\u00fas, miles de ciudadanos han protestado en contra del transporte metropolitano, al cual consideran costoso y deficiente, sin embargo, el gobierno estatal, encabezado por Francisco Olvera Ru\u00edz, ha atacado a los\u2026","rel":"","context":"En &quot;CINTILLO&quot;","block_context":{"text":"CINTILLO","link":"https:\/\/www.grieta.org.mx\/index.php\/category\/cintillo\/"},"img":{"alt_text":"","src":"https:\/\/i0.wp.com\/www.grieta.org.mx\/wp-content\/uploads\/2018\/03\/14524434_1106112876131411_958039263622046936_o.jpg?resize=350%2C200&ssl=1","width":350,"height":200,"srcset":"https:\/\/i0.wp.com\/www.grieta.org.mx\/wp-content\/uploads\/2018\/03\/14524434_1106112876131411_958039263622046936_o.jpg?resize=350%2C200&ssl=1 1x, https:\/\/i0.wp.com\/www.grieta.org.mx\/wp-content\/uploads\/2018\/03\/14524434_1106112876131411_958039263622046936_o.jpg?resize=525%2C300&ssl=1 1.5x, https:\/\/i0.wp.com\/www.grieta.org.mx\/wp-content\/uploads\/2018\/03\/14524434_1106112876131411_958039263622046936_o.jpg?resize=700%2C400&ssl=1 2x"},"classes":[]},{"id":11674,"url":"https:\/\/www.grieta.org.mx\/index.php\/2016\/04\/07\/se-suman-militares-a-protesta-acusan-pobladores-infiltracion\/","url_meta":{"origin":2596,"position":3},"title":"Se suman militares a protesta; acusan pobladores infiltraci\u00f3n","author":"grieta","date":"7 abril, 2016","format":false,"excerpt":"Previo a la manifestaci\u00f3n de este mi\u00e9rcoles contra el sistema de transporte masivo Tuzob\u00fas, vecinos de la colonia Periodistas de Pachuca acusaron que elementos del Ej\u00e9rcito arribaron a este lugar, presuntamente para participar en este movimiento. Seg\u00fan los vecinos, de quienes se omiten nombres por razones de seguridad, por la\u2026","rel":"","context":"En &quot;CINTILLO&quot;","block_context":{"text":"CINTILLO","link":"https:\/\/www.grieta.org.mx\/index.php\/category\/cintillo\/"},"img":{"alt_text":"","src":"https:\/\/i0.wp.com\/www.grieta.org.mx\/wp-content\/uploads\/2018\/03\/14524434_1106112876131411_958039263622046936_o.jpg?resize=350%2C200&ssl=1","width":350,"height":200,"srcset":"https:\/\/i0.wp.com\/www.grieta.org.mx\/wp-content\/uploads\/2018\/03\/14524434_1106112876131411_958039263622046936_o.jpg?resize=350%2C200&ssl=1 1x, https:\/\/i0.wp.com\/www.grieta.org.mx\/wp-content\/uploads\/2018\/03\/14524434_1106112876131411_958039263622046936_o.jpg?resize=525%2C300&ssl=1 1.5x, https:\/\/i0.wp.com\/www.grieta.org.mx\/wp-content\/uploads\/2018\/03\/14524434_1106112876131411_958039263622046936_o.jpg?resize=700%2C400&ssl=1 2x"},"classes":[]},{"id":2595,"url":"https:\/\/www.grieta.org.mx\/index.php\/2015\/09\/08\/detiene-policia-a-joven-que-protestaba-vs-tuzobus-en-informe\/","url_meta":{"origin":2596,"position":4},"title":"Detiene polic\u00eda a joven que protestaba vs Tuzob\u00fas en informe","author":"grieta","date":"8 septiembre, 2015","format":false,"excerpt":"Victor Valera Pachuca.- La polic\u00eda estatal detuvo a Pablo Ram\u00edrez, integrante del Congreso Ciudadano Hidalguense que protestaba contra el Tuzob\u00fas, en el marco del quinto informe del gobernador de Hidalgo Francisco Olvera Ruiz. Fuera del Congreso local, le quitaron su pancarta y contra su voluntad lo subieron a la patrulla\u2026","rel":"","context":"En &quot;CINTILLO&quot;","block_context":{"text":"CINTILLO","link":"https:\/\/www.grieta.org.mx\/index.php\/category\/cintillo\/"},"img":{"alt_text":"","src":"https:\/\/i0.wp.com\/www.grieta.org.mx\/wp-content\/uploads\/2018\/03\/14524434_1106112876131411_958039263622046936_o.jpg?resize=350%2C200&ssl=1","width":350,"height":200,"srcset":"https:\/\/i0.wp.com\/www.grieta.org.mx\/wp-content\/uploads\/2018\/03\/14524434_1106112876131411_958039263622046936_o.jpg?resize=350%2C200&ssl=1 1x, https:\/\/i0.wp.com\/www.grieta.org.mx\/wp-content\/uploads\/2018\/03\/14524434_1106112876131411_958039263622046936_o.jpg?resize=525%2C300&ssl=1 1.5x, https:\/\/i0.wp.com\/www.grieta.org.mx\/wp-content\/uploads\/2018\/03\/14524434_1106112876131411_958039263622046936_o.jpg?resize=700%2C400&ssl=1 2x"},"classes":[]},{"id":2594,"url":"https:\/\/www.grieta.org.mx\/index.php\/2015\/09\/28\/tuzobus-un-brt-condenado-al-fracaso\/","url_meta":{"origin":2596,"position":5},"title":"Tuzob\u00fas, un BRT condenado al fracaso","author":"grieta","date":"28 septiembre, 2015","format":false,"excerpt":"Emmanuel Ameth El Sistema de Transporte denominado Tuzob\u00fas, que opera en la zona metropolitana de Pachuca, naci\u00f3 para fracasar, pues su extrema lentitud y singular carest\u00eda lo hacen poco viable para darle un uso masivo: es por ello que a m\u00e1s de 40 d\u00edas de su implementaci\u00f3n, la demanda del\u2026","rel":"","context":"En &quot;CINTILLO&quot;","block_context":{"text":"CINTILLO","link":"https:\/\/www.grieta.org.mx\/index.php\/category\/cintillo\/"},"img":{"alt_text":"","src":"https:\/\/i0.wp.com\/www.grieta.org.mx\/wp-content\/uploads\/2018\/03\/14524434_1106112876131411_958039263622046936_o.jpg?resize=350%2C200&ssl=1","width":350,"height":200,"srcset":"https:\/\/i0.wp.com\/www.grieta.org.mx\/wp-content\/uploads\/2018\/03\/14524434_1106112876131411_958039263622046936_o.jpg?resize=350%2C200&ssl=1 1x, https:\/\/i0.wp.com\/www.grieta.org.mx\/wp-content\/uploads\/2018\/03\/14524434_1106112876131411_958039263622046936_o.jpg?resize=525%2C300&ssl=1 1.5x, https:\/\/i0.wp.com\/www.grieta.org.mx\/wp-content\/uploads\/2018\/03\/14524434_1106112876131411_958039263622046936_o.jpg?resize=700%2C400&ssl=1 2x"},"classes":[]}],"_links":{"self":[{"href":"https:\/\/www.grieta.org.mx\/index.php\/wp-json\/wp\/v2\/posts\/2596","targetHints":{"allow":["GET"]}}],"collection":[{"href":"https:\/\/www.grieta.org.mx\/index.php\/wp-json\/wp\/v2\/posts"}],"about":[{"href":"https:\/\/www.grieta.org.mx\/index.php\/wp-json\/wp\/v2\/types\/post"}],"author":[{"embeddable":true,"href":"https:\/\/www.grieta.org.mx\/index.php\/wp-json\/wp\/v2\/users\/2"}],"replies":[{"embeddable":true,"href":"https:\/\/www.grieta.org.mx\/index.php\/wp-json\/wp\/v2\/comments?post=2596"}],"version-history":[{"count":1,"href":"https:\/\/www.grieta.org.mx\/index.php\/wp-json\/wp\/v2\/posts\/2596\/revisions"}],"predecessor-version":[{"id":2603,"href":"https:\/\/www.grieta.org.mx\/index.php\/wp-json\/wp\/v2\/posts\/2596\/revisions\/2603"}],"wp:featuredmedia":[{"embeddable":true,"href":"https:\/\/www.grieta.org.mx\/index.php\/wp-json\/wp\/v2\/media\/21928"}],"wp:attachment":[{"href":"https:\/\/www.grieta.org.mx\/index.php\/wp-json\/wp\/v2\/media?parent=2596"}],"wp:term":[{"taxonomy":"category","embeddable":true,"href":"https:\/\/www.grieta.org.mx\/index.php\/wp-json\/wp\/v2\/categories?post=2596"},{"taxonomy":"post_tag","embeddable":true,"href":"https:\/\/www.grieta.org.mx\/index.php\/wp-json\/wp\/v2\/tags?post=2596"}],"curies":[{"name":"wp","href":"https:\/\/api.w.org\/{rel}","templated":true}]}}