{"id":25937,"date":"2018-05-19T23:21:55","date_gmt":"2018-05-20T04:21:55","guid":{"rendered":"http:\/\/www.grieta.org.mx\/?p=25937"},"modified":"2018-08-28T23:26:38","modified_gmt":"2018-08-29T04:26:38","slug":"atacan-a-comunidad-lgbt-en-oaxaca","status":"publish","type":"post","link":"https:\/\/www.grieta.org.mx\/index.php\/2018\/05\/19\/atacan-a-comunidad-lgbt-en-oaxaca\/","title":{"rendered":"Atacan a comunidad LGBT en Oaxaca"},"content":{"rendered":"<p>Noticias.<\/p>\n<p>Miguel Angel,<\/p>\n<p>Al menos nueve muertes en 4 a\u00f1os.<\/p>\n<p>Al menos nueve personas pertenecientes a la comunidad Lesbiana, gay, bisexual y transg\u00e9nero (LGBT) fueron asesinadas en Oaxaca del 2013 al 2017, de acuerdo con datos del estudio Violencia Impunidad y Prejuicios, de la organizaci\u00f3n letra ESE.<\/p>\n<p>El estudio hemerogr\u00e1fico, reconoce el an\u00e1lisis, no puede tomarse como un indicador seguro del bajo impacto de la violencia relacionada con la orientaci\u00f3n sexual en Oaxaca. Ya que las cifras pueden indicar la falta de cultura period\u00edstica, la escasa de la cultura de la denuncia o la poca atenci\u00f3n que recibe este tipo de violencia.<\/p>\n<p><img loading=\"lazy\" decoding=\"async\" data-attachment-id=\"25938\" data-permalink=\"https:\/\/www.grieta.org.mx\/index.php\/2018\/05\/19\/atacan-a-comunidad-lgbt-en-oaxaca\/contra-lgbtti-n-051918\/\" data-orig-file=\"https:\/\/www.grieta.org.mx\/wp-content\/uploads\/2018\/08\/Contra-LGBTTI-N-051918.jpg\" data-orig-size=\"1144,645\" data-comments-opened=\"0\" data-image-meta=\"{&quot;aperture&quot;:&quot;0&quot;,&quot;credit&quot;:&quot;&quot;,&quot;camera&quot;:&quot;&quot;,&quot;caption&quot;:&quot;&quot;,&quot;created_timestamp&quot;:&quot;0&quot;,&quot;copyright&quot;:&quot;&quot;,&quot;focal_length&quot;:&quot;0&quot;,&quot;iso&quot;:&quot;0&quot;,&quot;shutter_speed&quot;:&quot;0&quot;,&quot;title&quot;:&quot;&quot;,&quot;orientation&quot;:&quot;0&quot;}\" data-image-title=\"Contra LGBTTI N 051918\" data-image-description=\"\" data-image-caption=\"\" data-medium-file=\"https:\/\/www.grieta.org.mx\/wp-content\/uploads\/2018\/08\/Contra-LGBTTI-N-051918-300x169.jpg\" data-large-file=\"https:\/\/www.grieta.org.mx\/wp-content\/uploads\/2018\/08\/Contra-LGBTTI-N-051918-1024x577.jpg\" src=\"http:\/\/www.grieta.org.mx\/wp-content\/uploads\/2018\/08\/Contra-LGBTTI-N-051918-300x169.jpg\" alt=\"\" width=\"300\" height=\"169\" class=\"aligncenter size-medium wp-image-25938\" srcset=\"https:\/\/www.grieta.org.mx\/wp-content\/uploads\/2018\/08\/Contra-LGBTTI-N-051918-300x169.jpg 300w, https:\/\/www.grieta.org.mx\/wp-content\/uploads\/2018\/08\/Contra-LGBTTI-N-051918-768x433.jpg 768w, https:\/\/www.grieta.org.mx\/wp-content\/uploads\/2018\/08\/Contra-LGBTTI-N-051918-1024x577.jpg 1024w, https:\/\/www.grieta.org.mx\/wp-content\/uploads\/2018\/08\/Contra-LGBTTI-N-051918-887x500.jpg 887w, https:\/\/www.grieta.org.mx\/wp-content\/uploads\/2018\/08\/Contra-LGBTTI-N-051918.jpg 1144w\" sizes=\"auto, (max-width: 300px) 100vw, 300px\" \/><br \/>\nCon marchas, bodas y llamados de activistas y autoridades a favor de los derechos de las personas LGBTI se conmemor\u00f3 el D\u00eda contra la Homofobia.<\/p>\n<p>A nivel nacional fueron asesinadas al menos 381 personas LGBT y siete entidades concentran casi la mitad de estos homicidios. Veracruz fue el estado con el mayor n\u00famero de casos, con al menos 30, seguido de Chihuahua con 28, Quintana Roo con 27, Estado de M\u00e9xico y Guerrero con 25 cada una, Puebla con 22 y Tamaulipas con 20.<\/p>\n<p>\u201cLas mujeres trans o personas trans con expresi\u00f3n femenina son las m\u00e1s expuestas a la violencia homicida ya que fueron las v\u00edctimas m\u00e1s numerosas con 209 casos; seguidos de los hombres gay\/homosexuales o percibidos como tales con 158 casos; seis hombres bisexuales y tres mujeres lesbianas.<\/p>\n<p>En Oaxaca no apoyan<\/p>\n<p>El Gabinete de comunicaci\u00f3n Estrat\u00e9gica, en su encuesta Nacional 2017, da a conocer que los oaxaque\u00f1os no aceptan el matrimonio entre el mismo sexo.<\/p>\n<p>A pregunta expresa \u00bfDebe ser legal o no debe ser legal el matrimonio entre las personas del mismo sexo? El 54.6 por ciento de los oaxaque\u00f1os encuestados respondieron que no deber ser legal, contra el 43.2 por ciento que s\u00ed apoya esta situaci\u00f3n.<\/p>\n<p>En contraste, en la Ciudad de M\u00e9xico,  el 63.4 por ciento de los encuestados por el Gabinete apoyaron el matrimonio entre personas del mismo sexo, mientras que 32 por ciento dijo que no deber\u00eda ser legal.<\/p>\n<p>La media nacional refiere que el 50.5 por ciento de los mexicanos s\u00ed apoya el matrimonio igualitario y el 45.8 por ciento contest\u00f3 que no est\u00e1 de acuerdo.<\/p>\n<p><a href=\"https:\/\/www.nvinoticias.com\/nota\/92767\/atacan-comunidad-lgbt-en-oaxaca\" rel=\"noopener\" target=\"_blank\">https:\/\/www.nvinoticias.com\/nota\/92767\/atacan-comunidad-lgbt-en-oaxaca<\/a><\/p>\n","protected":false},"excerpt":{"rendered":"<p>Noticias. Miguel Angel, Al menos nueve muertes en 4 a\u00f1os. Al menos nueve personas pertenecientes a la comunidad Lesbiana, gay, bisexual y transg\u00e9nero (LGBT) fueron asesinadas en Oaxaca del 2013 &hellip; <a href=\"https:\/\/www.grieta.org.mx\/index.php\/2018\/05\/19\/atacan-a-comunidad-lgbt-en-oaxaca\/\" class=\"more-link\">Leer m\u00e1s<\/a><\/p>\n","protected":false},"author":2,"featured_media":25938,"comment_status":"closed","ping_status":"closed","sticky":false,"template":"","format":"standard","meta":{"ngg_post_thumbnail":0,"_jetpack_newsletter_access":"","_jetpack_dont_email_post_to_subs":false,"_jetpack_newsletter_tier_id":0,"_jetpack_memberships_contains_paywalled_content":false,"_jetpack_memberships_contains_paid_content":false,"footnotes":""},"categories":[80,2,25,1615],"tags":[],"class_list":["post-25937","post","type-post","status-publish","format-standard","has-post-thumbnail","hentry","category-cintillo","category-noticias-nacionales","category-oaxaca","category-violencia-contra-la-comunidad-lgbttti-en-oaxaca","entry"],"jetpack_featured_media_url":"https:\/\/www.grieta.org.mx\/wp-content\/uploads\/2018\/08\/Contra-LGBTTI-N-051918.jpg","jetpack_sharing_enabled":true,"jetpack_shortlink":"https:\/\/wp.me\/p7ZJR4-6Kl","jetpack_likes_enabled":false,"jetpack-related-posts":[{"id":70017,"url":"https:\/\/www.grieta.org.mx\/index.php\/2024\/10\/02\/exigen-justicia-por-asesinato-de-mayte-lopez-mujer-trans-e-integrante-de-la-comunidad-muxe-en-juchitan-oaxaca\/","url_meta":{"origin":25937,"position":0},"title":"Exigen justicia por asesinato de Mayte L\u00f3pez, mujer trans e integrante de la comunidad muxe, en Juchit\u00e1n, Oaxaca","author":"grieta","date":"2 octubre, 2024","format":false,"excerpt":"Imagen: Francisco Ramos \/\u00a0 La cadera de Eva Integrantes de las comunidades LGBTIQ+ exigieron justicia por el asesinato de Mayte L\u00f3pez, el cual se\u00f1alaron que forma parte de una ola de violencia que ha afectado a la comunidad muxe y de la diversidad sexual en Oaxaca y el pa\u00eds. Redacci\u00f3n\u2026","rel":"","context":"En &quot;CINTILLO&quot;","block_context":{"text":"CINTILLO","link":"https:\/\/www.grieta.org.mx\/index.php\/category\/cintillo\/"},"img":{"alt_text":"","src":"https:\/\/i0.wp.com\/www.grieta.org.mx\/wp-content\/uploads\/2024\/10\/mayte-lopez-la-cadera-de-eva-focus-0-0-1260-1050.jpg?resize=350%2C200&ssl=1","width":350,"height":200,"srcset":"https:\/\/i0.wp.com\/www.grieta.org.mx\/wp-content\/uploads\/2024\/10\/mayte-lopez-la-cadera-de-eva-focus-0-0-1260-1050.jpg?resize=350%2C200&ssl=1 1x, https:\/\/i0.wp.com\/www.grieta.org.mx\/wp-content\/uploads\/2024\/10\/mayte-lopez-la-cadera-de-eva-focus-0-0-1260-1050.jpg?resize=525%2C300&ssl=1 1.5x, https:\/\/i0.wp.com\/www.grieta.org.mx\/wp-content\/uploads\/2024\/10\/mayte-lopez-la-cadera-de-eva-focus-0-0-1260-1050.jpg?resize=700%2C400&ssl=1 2x, https:\/\/i0.wp.com\/www.grieta.org.mx\/wp-content\/uploads\/2024\/10\/mayte-lopez-la-cadera-de-eva-focus-0-0-1260-1050.jpg?resize=1050%2C600&ssl=1 3x"},"classes":[]},{"id":26349,"url":"https:\/\/www.grieta.org.mx\/index.php\/2018\/08\/30\/comunidad-lgbtti-rechaza-asesinatos-en-su-contra-en-oaxaca\/","url_meta":{"origin":25937,"position":1},"title":"Comunidad LGBTTI rechaza asesinatos en su contra en Oaxaca","author":"grieta","date":"30 agosto, 2018","format":false,"excerpt":"Noticias. Nadia Altamirano, De los 422 asesinatos de personas de las diversidades y de g\u00e9nero en el pa\u00eds de 2007 a 2017, 18 ocurrieron en Oaxaca, lo que ubica a la entidad en el noveno lugar. La lista la encabeza Veracruz, con 39 casos. Tan s\u00f3lo en agosto de este\u2026","rel":"","context":"En &quot;CINTILLO&quot;","block_context":{"text":"CINTILLO","link":"https:\/\/www.grieta.org.mx\/index.php\/category\/cintillo\/"},"img":{"alt_text":"","src":"https:\/\/i0.wp.com\/www.grieta.org.mx\/wp-content\/uploads\/2018\/09\/image_23_210.jpg?resize=350%2C200&ssl=1","width":350,"height":200,"srcset":"https:\/\/i0.wp.com\/www.grieta.org.mx\/wp-content\/uploads\/2018\/09\/image_23_210.jpg?resize=350%2C200&ssl=1 1x, https:\/\/i0.wp.com\/www.grieta.org.mx\/wp-content\/uploads\/2018\/09\/image_23_210.jpg?resize=525%2C300&ssl=1 1.5x, https:\/\/i0.wp.com\/www.grieta.org.mx\/wp-content\/uploads\/2018\/09\/image_23_210.jpg?resize=700%2C400&ssl=1 2x, https:\/\/i0.wp.com\/www.grieta.org.mx\/wp-content\/uploads\/2018\/09\/image_23_210.jpg?resize=1050%2C600&ssl=1 3x"},"classes":[]},{"id":66005,"url":"https:\/\/www.grieta.org.mx\/index.php\/2022\/12\/27\/documentan-25-crimenes-de-odio-en-la-region-del-istmo-de-tehuantepec-oaxaca\/","url_meta":{"origin":25937,"position":2},"title":"Documentan 25 cr\u00edmenes de odio en la regi\u00f3n del Istmo de Tehuantepec (Oaxaca)","author":"grieta","date":"27 diciembre, 2022","format":false,"excerpt":"Imagen: Cortes\u00eda Gerardo Valdivieso Parada \/NVINoticias En este a\u00f1o se present\u00f3 el informe \u201cDocumentaci\u00f3n de casos de violencia y cr\u00edmenes contra personas muxhe (sic) y trans en el Istmo de Tehuantepec en el Istmo de Tehuantepec\u201d, a cargo un grupo de lideresas muxe' que trabajan en el proyecto \u201cTransform\u00e1ndome\u201d de\u2026","rel":"","context":"En &quot;CINTILLO&quot;","block_context":{"text":"CINTILLO","link":"https:\/\/www.grieta.org.mx\/index.php\/category\/cintillo\/"},"img":{"alt_text":"","src":"https:\/\/i0.wp.com\/www.grieta.org.mx\/wp-content\/uploads\/2022\/12\/marcha_cazorla.webp?resize=350%2C200&ssl=1","width":350,"height":200,"srcset":"https:\/\/i0.wp.com\/www.grieta.org.mx\/wp-content\/uploads\/2022\/12\/marcha_cazorla.webp?resize=350%2C200&ssl=1 1x, https:\/\/i0.wp.com\/www.grieta.org.mx\/wp-content\/uploads\/2022\/12\/marcha_cazorla.webp?resize=525%2C300&ssl=1 1.5x, https:\/\/i0.wp.com\/www.grieta.org.mx\/wp-content\/uploads\/2022\/12\/marcha_cazorla.webp?resize=700%2C400&ssl=1 2x"},"classes":[]},{"id":11123,"url":"https:\/\/www.grieta.org.mx\/index.php\/2016\/06\/27\/movilizacion-contra-la-violencia-hacia-las-mujeres-en-oaxaca\/","url_meta":{"origin":25937,"position":3},"title":"Movilizaciones contra la violencia hacia las mujeres en Oaxaca","author":"grieta","date":"27 junio, 2016","format":false,"excerpt":"27\/06\/16. Grupo de mujeres 8 de marzo protestan en \u201cD\u00eda Naranja\u201d por la no violencia P\u00e1gina 3 24\/04\/16. Mujeres y hombres oaxaque\u00f1os marchan nuevamente contra la violencia machista NSS Oaxaca 24\/04\/16. Marchan contra feminicidios en Oaxaca La Jornada","rel":"","context":"En &quot;NOTICIAS NACIONALES&quot;","block_context":{"text":"NOTICIAS NACIONALES","link":"https:\/\/www.grieta.org.mx\/index.php\/category\/noticias-nacionales\/"},"img":{"alt_text":"","src":"https:\/\/i0.wp.com\/www.grieta.org.mx\/wp-content\/uploads\/2018\/03\/14524434_1106112876131411_958039263622046936_o.jpg?resize=350%2C200&ssl=1","width":350,"height":200,"srcset":"https:\/\/i0.wp.com\/www.grieta.org.mx\/wp-content\/uploads\/2018\/03\/14524434_1106112876131411_958039263622046936_o.jpg?resize=350%2C200&ssl=1 1x, https:\/\/i0.wp.com\/www.grieta.org.mx\/wp-content\/uploads\/2018\/03\/14524434_1106112876131411_958039263622046936_o.jpg?resize=525%2C300&ssl=1 1.5x, https:\/\/i0.wp.com\/www.grieta.org.mx\/wp-content\/uploads\/2018\/03\/14524434_1106112876131411_958039263622046936_o.jpg?resize=700%2C400&ssl=1 2x"},"classes":[]},{"id":28761,"url":"https:\/\/www.grieta.org.mx\/index.php\/2019\/01\/30\/oaxaca-foco-rojo-por-muerte-materna\/","url_meta":{"origin":25937,"position":4},"title":"Oaxaca, foco rojo por muerte materna","author":"grieta","date":"30 enero, 2019","format":false,"excerpt":"Noticias. Por Agencia Reforma, Entre el 2.8 y el 7.2 por ciento de las muertes maternas ocurridas en M\u00e9xico est\u00e1 relacionado con eventos violentos, revel\u00f3 el estudio \"\u00bfC\u00f3mo reducir la mortalidad materna en M\u00e9xico?\", realizado por Melisa Institute. \"La violencia f\u00edsica contra la mujer embarazada s\u00ed afecta la salud materna,\u2026","rel":"","context":"En &quot;CINTILLO&quot;","block_context":{"text":"CINTILLO","link":"https:\/\/www.grieta.org.mx\/index.php\/category\/cintillo\/"},"img":{"alt_text":"","src":"https:\/\/i0.wp.com\/www.grieta.org.mx\/wp-content\/uploads\/2019\/02\/image_34_285.jpg?resize=350%2C200&ssl=1","width":350,"height":200,"srcset":"https:\/\/i0.wp.com\/www.grieta.org.mx\/wp-content\/uploads\/2019\/02\/image_34_285.jpg?resize=350%2C200&ssl=1 1x, https:\/\/i0.wp.com\/www.grieta.org.mx\/wp-content\/uploads\/2019\/02\/image_34_285.jpg?resize=525%2C300&ssl=1 1.5x, https:\/\/i0.wp.com\/www.grieta.org.mx\/wp-content\/uploads\/2019\/02\/image_34_285.jpg?resize=700%2C400&ssl=1 2x, https:\/\/i0.wp.com\/www.grieta.org.mx\/wp-content\/uploads\/2019\/02\/image_34_285.jpg?resize=1050%2C600&ssl=1 3x"},"classes":[]},{"id":41527,"url":"https:\/\/www.grieta.org.mx\/index.php\/2019\/11\/24\/afro-oaxaquenas-exigen-a-murat-garantizar-la-vida-de-las-oaxaquenas-oaxaca\/","url_meta":{"origin":25937,"position":5},"title":"Afro-Oaxaque\u00f1as exigen a Murat garantizar la vida de las oaxaque\u00f1as (Oaxaca)","author":"grieta","date":"24 noviembre, 2019","format":false,"excerpt":"P\u00e1gina 3 \/ Comunicados. Al presidente de la Rep\u00fablica Lic. Andr\u00e9s Manuel L\u00f3pez Obrador Al gobernador de Oaxaca, Alejandro Murat Al fiscal general de Oaxaca, Rub\u00e9n Vasconcelos M\u00e9ndez A la Secretar\u00eda de la Mujer Oaxaque\u00f1a Las integrantes del \u201cPacto de Mujeres\u201d surgido del VI Foro de Mujeres Lideresas Huatulco 2018,\u2026","rel":"","context":"En &quot;CINTILLO&quot;","block_context":{"text":"CINTILLO","link":"https:\/\/www.grieta.org.mx\/index.php\/category\/cintillo\/"},"img":{"alt_text":"","src":"https:\/\/i0.wp.com\/www.grieta.org.mx\/wp-content\/uploads\/2018\/03\/14524434_1106112876131411_958039263622046936_o.jpg?resize=350%2C200&ssl=1","width":350,"height":200,"srcset":"https:\/\/i0.wp.com\/www.grieta.org.mx\/wp-content\/uploads\/2018\/03\/14524434_1106112876131411_958039263622046936_o.jpg?resize=350%2C200&ssl=1 1x, https:\/\/i0.wp.com\/www.grieta.org.mx\/wp-content\/uploads\/2018\/03\/14524434_1106112876131411_958039263622046936_o.jpg?resize=525%2C300&ssl=1 1.5x, https:\/\/i0.wp.com\/www.grieta.org.mx\/wp-content\/uploads\/2018\/03\/14524434_1106112876131411_958039263622046936_o.jpg?resize=700%2C400&ssl=1 2x"},"classes":[]}],"_links":{"self":[{"href":"https:\/\/www.grieta.org.mx\/index.php\/wp-json\/wp\/v2\/posts\/25937","targetHints":{"allow":["GET"]}}],"collection":[{"href":"https:\/\/www.grieta.org.mx\/index.php\/wp-json\/wp\/v2\/posts"}],"about":[{"href":"https:\/\/www.grieta.org.mx\/index.php\/wp-json\/wp\/v2\/types\/post"}],"author":[{"embeddable":true,"href":"https:\/\/www.grieta.org.mx\/index.php\/wp-json\/wp\/v2\/users\/2"}],"replies":[{"embeddable":true,"href":"https:\/\/www.grieta.org.mx\/index.php\/wp-json\/wp\/v2\/comments?post=25937"}],"version-history":[{"count":1,"href":"https:\/\/www.grieta.org.mx\/index.php\/wp-json\/wp\/v2\/posts\/25937\/revisions"}],"predecessor-version":[{"id":25939,"href":"https:\/\/www.grieta.org.mx\/index.php\/wp-json\/wp\/v2\/posts\/25937\/revisions\/25939"}],"wp:featuredmedia":[{"embeddable":true,"href":"https:\/\/www.grieta.org.mx\/index.php\/wp-json\/wp\/v2\/media\/25938"}],"wp:attachment":[{"href":"https:\/\/www.grieta.org.mx\/index.php\/wp-json\/wp\/v2\/media?parent=25937"}],"wp:term":[{"taxonomy":"category","embeddable":true,"href":"https:\/\/www.grieta.org.mx\/index.php\/wp-json\/wp\/v2\/categories?post=25937"},{"taxonomy":"post_tag","embeddable":true,"href":"https:\/\/www.grieta.org.mx\/index.php\/wp-json\/wp\/v2\/tags?post=25937"}],"curies":[{"name":"wp","href":"https:\/\/api.w.org\/{rel}","templated":true}]}}