{"id":25930,"date":"2018-08-28T23:07:32","date_gmt":"2018-08-29T04:07:32","guid":{"rendered":"http:\/\/www.grieta.org.mx\/?p=25930"},"modified":"2018-08-28T23:07:32","modified_gmt":"2018-08-29T04:07:32","slug":"menores-indefensos-en-jardines-de-ninos-de-oaxaca","status":"publish","type":"post","link":"https:\/\/www.grieta.org.mx\/index.php\/2018\/08\/28\/menores-indefensos-en-jardines-de-ninos-de-oaxaca\/","title":{"rendered":"Menores, indefensos en Jardines de Ni\u00f1os de Oaxaca"},"content":{"rendered":"<p>Noticias.<\/p>\n<p>Ivonne Mateo,<\/p>\n<p>Si un nuevo sismo de gravedad llegara a ocurrir, los padres de familia del Jard\u00edn de Ni\u00f1os &#8220;Estefan\u00eda Casta\u00f1eda&#8221;, no podr\u00edan con la preocupaci\u00f3n y el miedo, pues el inmueble, afirman, es viejo e inseguro.<\/p>\n<p>&#8220;Si tiembla, eso se va a caer. Hemos insistido en que le den mantenimiento, pero las autoridades nos dicen que no hay dinero&#8221;, lamenta Laura, mientras espera a su hijo en las afueras del plantel educativo, ubicado en el centro de la capital oaxaque\u00f1a.<\/p>\n<p><img loading=\"lazy\" decoding=\"async\" data-attachment-id=\"25931\" data-permalink=\"https:\/\/www.grieta.org.mx\/index.php\/2018\/08\/28\/menores-indefensos-en-jardines-de-ninos-de-oaxaca\/menores-indefensos-p3\/\" data-orig-file=\"https:\/\/www.grieta.org.mx\/wp-content\/uploads\/2018\/08\/Menores-indefensos-p3.jpg\" data-orig-size=\"1144,645\" data-comments-opened=\"0\" data-image-meta=\"{&quot;aperture&quot;:&quot;0&quot;,&quot;credit&quot;:&quot;&quot;,&quot;camera&quot;:&quot;&quot;,&quot;caption&quot;:&quot;&quot;,&quot;created_timestamp&quot;:&quot;0&quot;,&quot;copyright&quot;:&quot;&quot;,&quot;focal_length&quot;:&quot;0&quot;,&quot;iso&quot;:&quot;0&quot;,&quot;shutter_speed&quot;:&quot;0&quot;,&quot;title&quot;:&quot;&quot;,&quot;orientation&quot;:&quot;0&quot;}\" data-image-title=\"Menores indefensos p3\" data-image-description=\"\" data-image-caption=\"\" data-medium-file=\"https:\/\/www.grieta.org.mx\/wp-content\/uploads\/2018\/08\/Menores-indefensos-p3-300x169.jpg\" data-large-file=\"https:\/\/www.grieta.org.mx\/wp-content\/uploads\/2018\/08\/Menores-indefensos-p3-1024x577.jpg\" src=\"http:\/\/www.grieta.org.mx\/wp-content\/uploads\/2018\/08\/Menores-indefensos-p3.jpg\" alt=\"\" width=\"1144\" height=\"645\" class=\"aligncenter size-full wp-image-25931\" srcset=\"https:\/\/www.grieta.org.mx\/wp-content\/uploads\/2018\/08\/Menores-indefensos-p3.jpg 1144w, https:\/\/www.grieta.org.mx\/wp-content\/uploads\/2018\/08\/Menores-indefensos-p3-300x169.jpg 300w, https:\/\/www.grieta.org.mx\/wp-content\/uploads\/2018\/08\/Menores-indefensos-p3-768x433.jpg 768w, https:\/\/www.grieta.org.mx\/wp-content\/uploads\/2018\/08\/Menores-indefensos-p3-1024x577.jpg 1024w, https:\/\/www.grieta.org.mx\/wp-content\/uploads\/2018\/08\/Menores-indefensos-p3-887x500.jpg 887w\" sizes=\"auto, (max-width: 1144px) 100vw, 1144px\" \/><br \/>\nLas madres de familia esperan a sus hijos a la salida de las escuelas; la seguridad es lo primero<\/p>\n<p>Si hay algo que reprocha al Gobierno del Estado y a las dependencias encargadas de la educaci\u00f3n en Oaxaca, es el desinter\u00e9s por escuchar las quejas de los padres de familia.<\/p>\n<p>Las autoridades, a la vez que niegan mantenimiento al inmueble, admiten que las condiciones del mismo no son tan graves como el de otras instituciones de educaci\u00f3n preescolar.<\/p>\n<p>&#8220;Dicen que hay escuelas peores y no hacen caso; nosotros no tenemos ese recurso que se supone que nos debe proveer el gobierno para las instalaciones de la escuela&#8221;, explica.<\/p>\n<p>Inmuebles en mal estado, precariedad en los servicios b\u00e1sicos, e irregularidades en la operaci\u00f3n de los centros educativos, son algunas de las quejas que los padres de familia suman contra el gobierno.<\/p>\n<p>Creciendo entre basura<\/p>\n<p>En el mismo Jard\u00edn de Ni\u00f1os, las madres de familia reprochan el servicio de limpieza. Explican que las autoridades de servicios municipales no cumplen con sus obligaciones de recolecci\u00f3n de desechos en este instituto.<\/p>\n<p>&#8220;Piden hasta 300 pesos para llevarse la basura. Una vez que vinimos a hacer tequio, llenamos varias bolsas y tuvimos que pagar para que se la llevaran porque no pasan por aqu\u00ed&#8221;, rememoran las madres de familia.<\/p>\n<p>Cuotas y m\u00e1s cuotas<\/p>\n<p>Mariana tiene a su hija en el preescolar &#8220;Esperanza L\u00f3pez Mateos&#8221;; adem\u00e1s de tener inconformidades contra lo viejo del inmueble, se\u00f1ala que el pago de cuotas a veces es irracional.<\/p>\n<p>&#8220;Para \u00fatiles o materiales, se supone que uno paga a inicios de a\u00f1o, pero despu\u00e9s vuelven a pedir material a los ni\u00f1os, o para dar mantenimiento a la instituci\u00f3n; nosotros qu\u00e9 responsabilidad tenemos, eso lo debe atender la escuela con el gobierno&#8221;, refiere.<\/p>\n<p>Tambi\u00e9n se\u00f1ala que no hay vigilancia en la entrada y salida de los ni\u00f1os, pues el peligro es constante en la zona donde el centro educativo se ubica.<\/p>\n<p>&#8220;Antes, los maestros o los polic\u00edas vigilaban que no pasaran los carros a la hora de la salida, le dieron mantenimiento a la banqueta -con nuestro dinero- y seg\u00fan se iba a invertir para otorgar mayor seguridad, pero no se hizo&#8221;, denuncia la joven madre mientras sujeta de la mano a su hija.<\/p>\n<p>Las quejas tambi\u00e9n abarcan el servicio de drenaje y la recolecci\u00f3n de basura.<\/p>\n<p>Jardines de violencia<\/p>\n<p>Anabel, por su parte, aunque respalda las acusaciones de Mariana, se\u00f1ala que en la escuela en la que su hijo estudiaba, se padecieron problem\u00e1ticas &#8220;mucho peores&#8221;.<\/p>\n<p>&#8220;Precisamente decid\u00edr sacar de mi hijo de esa escuela; estaba en el Jard\u00edn de Ni\u00f1os &#8216;Octavio Paz&#8217;; ah\u00ed, adem\u00e1s de que cobran ciertos pagos y que no se hace nada con el recurso que con trabajo los padres de familia aportamos para que la escuela de nuestros hijos est\u00e9 en condiciones dignas, se atreven a maltratar a los ni\u00f1os&#8221;, condena.<\/p>\n<p>Peligro al salir<\/p>\n<p>Sentada, mientras espera el toque de salida, In\u00e1s habla de las necesidades en la escuela &#8220;Leona Vicario&#8221;. Se\u00f1ala que la falta de un techado en el \u00e1rea de ejercicios y deportes de la instituci\u00f3n, se vuelve necesario frente a las inclemencias del tiempo.<\/p>\n<p>&#8220;Los ni\u00f1os est\u00e1n haciendo sus ejercicios bajo el sol, y s\u00ed lo hemos pedido, pero pues esperemos que pronto lo pongan&#8221;, refiere.<\/p>\n<p>Por su parte, Luc\u00eda se\u00f1ala que urge reforzar la vigilancia a las afueras del centro educativo, pues explica que se han dado casos en que sujetos ajenos fotograf\u00edan a los ni\u00f1os del Jard\u00edn.<\/p>\n<p>&#8220;Eso tambi\u00e9n implica preocupaci\u00f3n, m\u00e1s porque se est\u00e1 dando mucho el robo de ni\u00f1os y ni\u00f1as; es cuando m\u00e1s atentos debemos estar los padres, hay que ir por nuestros hijos y tomarlos bien de la mano, porque \u00bfpara qu\u00e9 m\u00e1s quieren las fotos?&#8221;, cuestiona.<\/p>\n<p>Atenci\u00f3n gubernamental, el llamado<\/p>\n<p>Si en manos de alguien est\u00e1 garantizar la seguridad, integridad y dignidad en los centros de educaci\u00f3n preescolar, es en las autoridades del gobierno.<\/p>\n<p>&#8220;Si algo llega a pasar, \u00bfde qui\u00e9n va a ser la culpa? Si hay un temblor y por el mal estado del inmueble, este se cae, \u00bfa qui\u00e9n se va a se\u00f1alar? \u00bfa los ni\u00f1os por correr? \u00bfa los maestros por no ense\u00f1arles los protocolos? \u00bfa los padres por no estar presentes?&#8221;, indaga una madre de familia.<\/p>\n<p>La infraestructura, los servicios b\u00e1sicos como recolecci\u00f3n de basura y limpieza son elementales, refiere, pero lo primordial es la seguridad de los peque\u00f1os.<\/p>\n<p>&#8220;Puede pasar un loco y atropellar a un ni\u00f1o o se lo lleva porque no hay vigilancia de las autoridades&#8221;, advierte.<\/p>\n<p><a href=\"https:\/\/www.nvinoticias.com\/nota\/99918\/menores-indefensos-en-jardines-de-ninos-de-oaxaca\" rel=\"noopener\" target=\"_blank\">https:\/\/www.nvinoticias.com\/nota\/99918\/menores-indefensos-en-jardines-de-ninos-de-oaxaca<\/a><\/p>\n","protected":false},"excerpt":{"rendered":"<p>Noticias. Ivonne Mateo, Si un nuevo sismo de gravedad llegara a ocurrir, los padres de familia del Jard\u00edn de Ni\u00f1os &#8220;Estefan\u00eda Casta\u00f1eda&#8221;, no podr\u00edan con la preocupaci\u00f3n y el miedo, &hellip; <a href=\"https:\/\/www.grieta.org.mx\/index.php\/2018\/08\/28\/menores-indefensos-en-jardines-de-ninos-de-oaxaca\/\" class=\"more-link\">Leer m\u00e1s<\/a><\/p>\n","protected":false},"author":2,"featured_media":25931,"comment_status":"closed","ping_status":"closed","sticky":false,"template":"","format":"standard","meta":{"ngg_post_thumbnail":0,"_jetpack_newsletter_access":"","_jetpack_dont_email_post_to_subs":false,"_jetpack_newsletter_tier_id":0,"_jetpack_memberships_contains_paywalled_content":false,"_jetpack_memberships_contains_paid_content":false,"footnotes":""},"categories":[80,1477,2,25],"tags":[],"class_list":["post-25930","post","type-post","status-publish","format-standard","has-post-thumbnail","hentry","category-cintillo","category-la-ninez-en-la-tormenta-en-oaxaca","category-noticias-nacionales","category-oaxaca","entry"],"jetpack_featured_media_url":"https:\/\/www.grieta.org.mx\/wp-content\/uploads\/2018\/08\/Menores-indefensos-p3.jpg","jetpack_sharing_enabled":true,"jetpack_shortlink":"https:\/\/wp.me\/p7ZJR4-6Ke","jetpack_likes_enabled":false,"jetpack-related-posts":[{"id":13227,"url":"https:\/\/www.grieta.org.mx\/index.php\/2016\/05\/27\/reune-seccion-22-del-snte-a-miles-en-su-apoyo-en-oaxaca\/","url_meta":{"origin":25930,"position":0},"title":"Re\u00fane secci\u00f3n 22 del SNTE a miles en su apoyo en Oaxaca","author":"grieta","date":"27 mayo, 2016","format":false,"excerpt":"Quadrat\u00edn. Vidalia Cruz, Oaxaca, 27 de mayo de 2016.- Padres de familia e integrantes de diversas organizaciones respaldaron este viernes al magisterio oaxaque\u00f1o que mantiene algunas escuelas cerradas en Oaxaca para pedir di\u00e1logo con las autoridades federales y estatales. De acuerdo con los organizadores, unas 10 mil personas acudieron al\u2026","rel":"","context":"En &quot;CINTILLO&quot;","block_context":{"text":"CINTILLO","link":"https:\/\/www.grieta.org.mx\/index.php\/category\/cintillo\/"},"img":{"alt_text":"","src":"https:\/\/i0.wp.com\/www.grieta.org.mx\/wp-content\/uploads\/2018\/03\/14524434_1106112876131411_958039263622046936_o.jpg?resize=350%2C200&ssl=1","width":350,"height":200,"srcset":"https:\/\/i0.wp.com\/www.grieta.org.mx\/wp-content\/uploads\/2018\/03\/14524434_1106112876131411_958039263622046936_o.jpg?resize=350%2C200&ssl=1 1x, https:\/\/i0.wp.com\/www.grieta.org.mx\/wp-content\/uploads\/2018\/03\/14524434_1106112876131411_958039263622046936_o.jpg?resize=525%2C300&ssl=1 1.5x, https:\/\/i0.wp.com\/www.grieta.org.mx\/wp-content\/uploads\/2018\/03\/14524434_1106112876131411_958039263622046936_o.jpg?resize=700%2C400&ssl=1 2x"},"classes":[]},{"id":13215,"url":"https:\/\/www.grieta.org.mx\/index.php\/2016\/05\/26\/padres-y-madres-de-familia-continuan-solidarizandose-con-el-magisterio-en-el-istmo\/","url_meta":{"origin":25930,"position":1},"title":"Padres y madres de familia contin\u00faan solidariz\u00e1ndose con el magisterio en el Istmo","author":"grieta","date":"26 mayo, 2016","format":false,"excerpt":"Pagina 3. Diana Manzo, Oaxaca. Ixtepec, Oaxaca.- Padres de familia, estudiantes y organizaciones sociales de las localidades de Ixtepec, Matias Romero y El Barrio de la Soledad marcharon para solidarizarse con los maestros de la secci\u00f3n 22 de la CNTE quienes encabezaron un paro de labores desde el pasado 15\u2026","rel":"","context":"En &quot;CINTILLO&quot;","block_context":{"text":"CINTILLO","link":"https:\/\/www.grieta.org.mx\/index.php\/category\/cintillo\/"},"img":{"alt_text":"","src":"https:\/\/i0.wp.com\/www.grieta.org.mx\/wp-content\/uploads\/2018\/03\/14524434_1106112876131411_958039263622046936_o.jpg?resize=350%2C200&ssl=1","width":350,"height":200,"srcset":"https:\/\/i0.wp.com\/www.grieta.org.mx\/wp-content\/uploads\/2018\/03\/14524434_1106112876131411_958039263622046936_o.jpg?resize=350%2C200&ssl=1 1x, https:\/\/i0.wp.com\/www.grieta.org.mx\/wp-content\/uploads\/2018\/03\/14524434_1106112876131411_958039263622046936_o.jpg?resize=525%2C300&ssl=1 1.5x, https:\/\/i0.wp.com\/www.grieta.org.mx\/wp-content\/uploads\/2018\/03\/14524434_1106112876131411_958039263622046936_o.jpg?resize=700%2C400&ssl=1 2x"},"classes":[]},{"id":12896,"url":"https:\/\/www.grieta.org.mx\/index.php\/2016\/05\/23\/marchan-padres-de-familia-a-favor-del-magisterio-en-salina-cruz\/","url_meta":{"origin":25930,"position":2},"title":"Marchan padres de familia a favor del magisterio en Salina Cruz","author":"grieta","date":"23 mayo, 2016","format":false,"excerpt":"P\u00e1gina 3. Diana Manzo, Salina Cruz, Oaxaca.- Unos mil padres de familia que integran el sector Salina Cruz marcharon en defensa y solidaridad del magisterio oaxaque\u00f1o. Con pancartas y lonas as\u00ed como altavoces los padres de familia e integrantes de organizaciones civiles partieron del crucero principal de esta ciudad y\u2026","rel":"","context":"En &quot;CINTILLO&quot;","block_context":{"text":"CINTILLO","link":"https:\/\/www.grieta.org.mx\/index.php\/category\/cintillo\/"},"img":{"alt_text":"","src":"https:\/\/i0.wp.com\/www.grieta.org.mx\/wp-content\/uploads\/2018\/03\/14524434_1106112876131411_958039263622046936_o.jpg?resize=350%2C200&ssl=1","width":350,"height":200,"srcset":"https:\/\/i0.wp.com\/www.grieta.org.mx\/wp-content\/uploads\/2018\/03\/14524434_1106112876131411_958039263622046936_o.jpg?resize=350%2C200&ssl=1 1x, https:\/\/i0.wp.com\/www.grieta.org.mx\/wp-content\/uploads\/2018\/03\/14524434_1106112876131411_958039263622046936_o.jpg?resize=525%2C300&ssl=1 1.5x, https:\/\/i0.wp.com\/www.grieta.org.mx\/wp-content\/uploads\/2018\/03\/14524434_1106112876131411_958039263622046936_o.jpg?resize=700%2C400&ssl=1 2x"},"classes":[]},{"id":16177,"url":"https:\/\/www.grieta.org.mx\/index.php\/2016\/06\/24\/marchan-maestros-y-padres-de-familia-oax\/","url_meta":{"origin":25930,"position":3},"title":"Marchan maestros y padres de familia (Oaxaca)","author":"grieta","date":"24 junio, 2016","format":false,"excerpt":"Noticias. Angel Mendoza, Tehuantepec, Oaxaca.- Maestros de la Secci\u00f3n 22, padres de familia y organizaciones sociales marcharon este viernes para expresar su inconformidad contra la Reforma Educativa y para exigir la libertad de sus dirigentes. La concentraci\u00f3n se realiz\u00f3 frente al Cereso de Tehuantepec, de donde salieron hacia el monumento\u2026","rel":"","context":"En &quot;CINTILLO&quot;","block_context":{"text":"CINTILLO","link":"https:\/\/www.grieta.org.mx\/index.php\/category\/cintillo\/"},"img":{"alt_text":"","src":"https:\/\/i0.wp.com\/www.grieta.org.mx\/wp-content\/uploads\/2018\/03\/14524434_1106112876131411_958039263622046936_o.jpg?resize=350%2C200&ssl=1","width":350,"height":200,"srcset":"https:\/\/i0.wp.com\/www.grieta.org.mx\/wp-content\/uploads\/2018\/03\/14524434_1106112876131411_958039263622046936_o.jpg?resize=350%2C200&ssl=1 1x, https:\/\/i0.wp.com\/www.grieta.org.mx\/wp-content\/uploads\/2018\/03\/14524434_1106112876131411_958039263622046936_o.jpg?resize=525%2C300&ssl=1 1.5x, https:\/\/i0.wp.com\/www.grieta.org.mx\/wp-content\/uploads\/2018\/03\/14524434_1106112876131411_958039263622046936_o.jpg?resize=700%2C400&ssl=1 2x"},"classes":[]},{"id":13949,"url":"https:\/\/www.grieta.org.mx\/index.php\/2016\/06\/09\/con-marcha-y-bloqueo-familias-chontales-se-solidarizan-con-la-seccion-22\/","url_meta":{"origin":25930,"position":4},"title":"Con marcha y bloqueo familias chontales se solidarizan con la Secci\u00f3n 22","author":"grieta","date":"9 junio, 2016","format":false,"excerpt":"P\u00e1gina 3. Diana Manzo, San Pedro Huamelula, Oaxaca.- Padres de familia que integran el Comit\u00e9 de Padres de Familia de la regi\u00f3n chontal en el Istmo de Tehuantepec adem\u00e1s de ciudadanos en general encabezaron una marcha y posteriormente un bloqueo carretero a la altura del poblado de Santa Mar\u00eda Huamelula\u2026","rel":"","context":"En &quot;CINTILLO&quot;","block_context":{"text":"CINTILLO","link":"https:\/\/www.grieta.org.mx\/index.php\/category\/cintillo\/"},"img":{"alt_text":"","src":"https:\/\/i0.wp.com\/www.grieta.org.mx\/wp-content\/uploads\/2018\/03\/14524434_1106112876131411_958039263622046936_o.jpg?resize=350%2C200&ssl=1","width":350,"height":200,"srcset":"https:\/\/i0.wp.com\/www.grieta.org.mx\/wp-content\/uploads\/2018\/03\/14524434_1106112876131411_958039263622046936_o.jpg?resize=350%2C200&ssl=1 1x, https:\/\/i0.wp.com\/www.grieta.org.mx\/wp-content\/uploads\/2018\/03\/14524434_1106112876131411_958039263622046936_o.jpg?resize=525%2C300&ssl=1 1.5x, https:\/\/i0.wp.com\/www.grieta.org.mx\/wp-content\/uploads\/2018\/03\/14524434_1106112876131411_958039263622046936_o.jpg?resize=700%2C400&ssl=1 2x"},"classes":[]},{"id":26978,"url":"https:\/\/www.grieta.org.mx\/index.php\/2018\/10\/01\/mas-de-8-horas-de-bloqueo-en-oaxaca-padres-exigen-construccion-tras-sismo-de-2017\/","url_meta":{"origin":25930,"position":5},"title":"M\u00e1s de 8 horas de bloqueo en Oaxaca; padres exigen construcci\u00f3n tras sismo de 2017","author":"grieta","date":"1 octubre, 2018","format":false,"excerpt":"Noticias. Jes\u00fas Santiago, Padres de familia de la escuela Paul Percy Harris han desquiciado el tr\u00e0nsito vehicular en el centro de Oaxaca con un bloqueo que inici\u00f3 a las 7:00 de la ma\u00f1ana de este lunes y que contin\u00faa, \u00bfqu\u00e9 exigen? que la escuela de sus hijos sea rehabilitada tras\u2026","rel":"","context":"En &quot;CINTILLO&quot;","block_context":{"text":"CINTILLO","link":"https:\/\/www.grieta.org.mx\/index.php\/category\/cintillo\/"},"img":{"alt_text":"","src":"https:\/\/i0.wp.com\/www.grieta.org.mx\/wp-content\/uploads\/2018\/10\/1.jpg?resize=350%2C200&ssl=1","width":350,"height":200,"srcset":"https:\/\/i0.wp.com\/www.grieta.org.mx\/wp-content\/uploads\/2018\/10\/1.jpg?resize=350%2C200&ssl=1 1x, https:\/\/i0.wp.com\/www.grieta.org.mx\/wp-content\/uploads\/2018\/10\/1.jpg?resize=525%2C300&ssl=1 1.5x, https:\/\/i0.wp.com\/www.grieta.org.mx\/wp-content\/uploads\/2018\/10\/1.jpg?resize=700%2C400&ssl=1 2x, https:\/\/i0.wp.com\/www.grieta.org.mx\/wp-content\/uploads\/2018\/10\/1.jpg?resize=1050%2C600&ssl=1 3x"},"classes":[]}],"_links":{"self":[{"href":"https:\/\/www.grieta.org.mx\/index.php\/wp-json\/wp\/v2\/posts\/25930","targetHints":{"allow":["GET"]}}],"collection":[{"href":"https:\/\/www.grieta.org.mx\/index.php\/wp-json\/wp\/v2\/posts"}],"about":[{"href":"https:\/\/www.grieta.org.mx\/index.php\/wp-json\/wp\/v2\/types\/post"}],"author":[{"embeddable":true,"href":"https:\/\/www.grieta.org.mx\/index.php\/wp-json\/wp\/v2\/users\/2"}],"replies":[{"embeddable":true,"href":"https:\/\/www.grieta.org.mx\/index.php\/wp-json\/wp\/v2\/comments?post=25930"}],"version-history":[{"count":1,"href":"https:\/\/www.grieta.org.mx\/index.php\/wp-json\/wp\/v2\/posts\/25930\/revisions"}],"predecessor-version":[{"id":25932,"href":"https:\/\/www.grieta.org.mx\/index.php\/wp-json\/wp\/v2\/posts\/25930\/revisions\/25932"}],"wp:featuredmedia":[{"embeddable":true,"href":"https:\/\/www.grieta.org.mx\/index.php\/wp-json\/wp\/v2\/media\/25931"}],"wp:attachment":[{"href":"https:\/\/www.grieta.org.mx\/index.php\/wp-json\/wp\/v2\/media?parent=25930"}],"wp:term":[{"taxonomy":"category","embeddable":true,"href":"https:\/\/www.grieta.org.mx\/index.php\/wp-json\/wp\/v2\/categories?post=25930"},{"taxonomy":"post_tag","embeddable":true,"href":"https:\/\/www.grieta.org.mx\/index.php\/wp-json\/wp\/v2\/tags?post=25930"}],"curies":[{"name":"wp","href":"https:\/\/api.w.org\/{rel}","templated":true}]}}