{"id":25873,"date":"2018-08-23T15:12:18","date_gmt":"2018-08-23T20:12:18","guid":{"rendered":"http:\/\/www.grieta.org.mx\/?p=25873"},"modified":"2018-08-26T15:33:06","modified_gmt":"2018-08-26T20:33:06","slug":"camioneros-revientan-contra-lideres-sindicales-sinaloa","status":"publish","type":"post","link":"https:\/\/www.grieta.org.mx\/index.php\/2018\/08\/23\/camioneros-revientan-contra-lideres-sindicales-sinaloa\/","title":{"rendered":"Camioneros \u201crevientan\u201d contra l\u00edderes sindicales (Sinaloa)"},"content":{"rendered":"<p><img loading=\"lazy\" decoding=\"async\" data-attachment-id=\"25874\" data-permalink=\"https:\/\/www.grieta.org.mx\/index.php\/2018\/08\/23\/camioneros-revientan-contra-lideres-sindicales-sinaloa\/presa_santa_maria-jpg_539665225\/\" data-orig-file=\"https:\/\/www.grieta.org.mx\/wp-content\/uploads\/2018\/08\/presa_santa_maria.jpg_539665225.jpg\" data-orig-size=\"695,521\" data-comments-opened=\"0\" data-image-meta=\"{&quot;aperture&quot;:&quot;0&quot;,&quot;credit&quot;:&quot;&quot;,&quot;camera&quot;:&quot;&quot;,&quot;caption&quot;:&quot;&quot;,&quot;created_timestamp&quot;:&quot;0&quot;,&quot;copyright&quot;:&quot;&quot;,&quot;focal_length&quot;:&quot;0&quot;,&quot;iso&quot;:&quot;0&quot;,&quot;shutter_speed&quot;:&quot;0&quot;,&quot;title&quot;:&quot;&quot;,&quot;orientation&quot;:&quot;0&quot;}\" data-image-title=\"presa_santa_maria.jpg_539665225\" data-image-description=\"\" data-image-caption=\"\" data-medium-file=\"https:\/\/www.grieta.org.mx\/wp-content\/uploads\/2018\/08\/presa_santa_maria.jpg_539665225-300x225.jpg\" data-large-file=\"https:\/\/www.grieta.org.mx\/wp-content\/uploads\/2018\/08\/presa_santa_maria.jpg_539665225.jpg\" src=\"http:\/\/www.grieta.org.mx\/wp-content\/uploads\/2018\/08\/presa_santa_maria.jpg_539665225.jpg\" alt=\"\" width=\"695\" height=\"521\" class=\"aligncenter size-full wp-image-25874\" srcset=\"https:\/\/www.grieta.org.mx\/wp-content\/uploads\/2018\/08\/presa_santa_maria.jpg_539665225.jpg 695w, https:\/\/www.grieta.org.mx\/wp-content\/uploads\/2018\/08\/presa_santa_maria.jpg_539665225-300x225.jpg 300w, https:\/\/www.grieta.org.mx\/wp-content\/uploads\/2018\/08\/presa_santa_maria.jpg_539665225-667x500.jpg 667w\" sizes=\"auto, (max-width: 695px) 100vw, 695px\" \/><br \/>\nEl anuncio instalado en una de las avenidas de la cabecera municipal. Foto: Pedro Quintero<\/p>\n<blockquote><p>Exigen que les paguen los servicios prestados en la construcci\u00f3n de la presa Santa Mar\u00eda<\/p><\/blockquote>\n<p>Pedro Quintero<\/p>\n<p>Rosario.- Las alianzas de camioneros CROC y CTM del municipio de Rosario alzan la voz y piden a su l\u00edder sindical que les pague el dinero que seg\u00fan ellos, el l\u00edder sindical les debe por trabajos realizados en la presa Santa Mar\u00eda. <\/p>\n<p>Ya anteriormente, los camioneros hab\u00edan realizado marchas, bloqueos en carretera y hasta a los trabajos de la presa Santa Mar\u00eda, en exigencia al pago total del adeudo, pero a versi\u00f3n de los l\u00edderes de las alianzas, siempre solo se les abon\u00f3 y nunca se les pag\u00f3 totalmente. <\/p>\n<p>Ahora como protesta no se hicieron las anteriores acciones, pero se coloc\u00f3 un espectacular, en la comunidad de Chilillos pasando el puente que cruza el r\u00edo Baluarte, a la orillas de la carretera Federal M\u00e9xico 15.<\/p>\n<blockquote><p>El mensaje <\/p><\/blockquote>\n<p>Cientos de personas que circulan en sus veh\u00edculos  por la carretera Federal M\u00e9xico 15, pudieron observar las demandas de los camioneros, donde se\u00f1alan a Salvador Lagunes, su l\u00edder sindical, de deberles una cantidad millonaria; tambi\u00e9n se menciona a Miguel Ojeda Casta\u00f1\u00f3n.<\/p>\n<blockquote><p>\u00a1\u00a1Exigimos el pago inmediato!! \u00a1\u00a1C\u00e1rcel para el  delincuente!!, finaliza la denuncia en el espectacular!! <\/p><\/blockquote>\n<p>Paulo Mart\u00ednez Melgoza, dirigente de la alianza CROC, dijo que esta manta es para hacer presi\u00f3n por la desesperaci\u00f3n de no obtener respuesta y la necesidad del pago para cubrir sus necesidades, pues aunque no ten\u00eda el dato de la cantidad exacta en esos momentos, s\u00ed es una suma considerable de millones. <\/p>\n<p><a href=\"https:\/\/www.debate.com.mx\/mazatlan\/presa-santa-maria-exigen-pagos-camioneros-croc-ctm-lider-sindical-rosario-20180823-0079.html\" rel=\"noopener\" target=\"_blank\">https:\/\/www.debate.com.mx\/mazatlan\/presa-santa-maria-exigen-pagos-camioneros-croc-ctm-lider-sindical-rosario-20180823-0079.html<\/a><\/p>\n","protected":false},"excerpt":{"rendered":"<p>El anuncio instalado en una de las avenidas de la cabecera municipal. Foto: Pedro Quintero Exigen que les paguen los servicios prestados en la construcci\u00f3n de la presa Santa Mar\u00eda &hellip; <a href=\"https:\/\/www.grieta.org.mx\/index.php\/2018\/08\/23\/camioneros-revientan-contra-lideres-sindicales-sinaloa\/\" class=\"more-link\">Leer m\u00e1s<\/a><\/p>\n","protected":false},"author":2,"featured_media":25874,"comment_status":"closed","ping_status":"closed","sticky":false,"template":"","format":"standard","meta":{"ngg_post_thumbnail":0,"_jetpack_newsletter_access":"","_jetpack_dont_email_post_to_subs":false,"_jetpack_newsletter_tier_id":0,"_jetpack_memberships_contains_paywalled_content":false,"_jetpack_memberships_contains_paid_content":false,"footnotes":""},"categories":[80,1658,2,30],"tags":[113,1659,1660],"class_list":["post-25873","post","type-post","status-publish","format-standard","has-post-thumbnail","hentry","category-cintillo","category-conflictos-laborales-en-sinaloa","category-noticias-nacionales","category-sinaloa","tag-conflictos-laborales","tag-croc","tag-ctm","entry"],"jetpack_featured_media_url":"https:\/\/www.grieta.org.mx\/wp-content\/uploads\/2018\/08\/presa_santa_maria.jpg_539665225.jpg","jetpack_sharing_enabled":true,"jetpack_shortlink":"https:\/\/wp.me\/p7ZJR4-6Jj","jetpack_likes_enabled":false,"jetpack-related-posts":[{"id":35832,"url":"https:\/\/www.grieta.org.mx\/index.php\/2019\/07\/02\/ni-nos-ven-ni-nos-oyen-reprocha-lider-sindical-en-escuinapa-sinaloa\/","url_meta":{"origin":25873,"position":0},"title":"Ni nos ven ni nos oyen: reprocha l\u00edder sindical en Escuinapa (Sinaloa)","author":"grieta","date":"2 julio, 2019","format":false,"excerpt":"Foto: EL Debate Los trabajadores cumplen una semana en huelga sin que el alcalde acceda a un di\u00e1logo para solucionar el conflicto Mar\u00eda Ibarra \/ El Debate Escuinapa. A una semana de permanecer en huelga, trabajadores sindicalizados de la Junta Municipal de Agua Potable y Alcantarillado de Escuinapa se dicen\u2026","rel":"","context":"En &quot;CINTILLO&quot;","block_context":{"text":"CINTILLO","link":"https:\/\/www.grieta.org.mx\/index.php\/category\/cintillo\/"},"img":{"alt_text":"","src":"https:\/\/i0.wp.com\/www.grieta.org.mx\/wp-content\/uploads\/2019\/07\/jumape_crop1561585960545.jpg_1727466156.jpg?resize=350%2C200&ssl=1","width":350,"height":200,"srcset":"https:\/\/i0.wp.com\/www.grieta.org.mx\/wp-content\/uploads\/2019\/07\/jumape_crop1561585960545.jpg_1727466156.jpg?resize=350%2C200&ssl=1 1x, https:\/\/i0.wp.com\/www.grieta.org.mx\/wp-content\/uploads\/2019\/07\/jumape_crop1561585960545.jpg_1727466156.jpg?resize=525%2C300&ssl=1 1.5x, https:\/\/i0.wp.com\/www.grieta.org.mx\/wp-content\/uploads\/2019\/07\/jumape_crop1561585960545.jpg_1727466156.jpg?resize=700%2C400&ssl=1 2x"},"classes":[]},{"id":32708,"url":"https:\/\/www.grieta.org.mx\/index.php\/2019\/04\/24\/trabajadores-de-jumapae-protestan-por-falta-de-pago-sinaloa\/","url_meta":{"origin":25873,"position":1},"title":"Trabajadores de Jumapae protestan por falta de pago (Sinaloa)","author":"grieta","date":"24 abril, 2019","format":false,"excerpt":"Mar\u00eda Ibarra \/ Debate Escuinapa.- Para exigir el pago de aguinaldos y primas vacacionales personal del Sindicato de Trabajadores de la Junta Municipal de Agua Potable y Alcantarillado de Escuinapa (Jumapae), pararon labores durante dos horas, logrando llegar a un acuerdo con las autoridades para el pago de un mill\u00f3n\u2026","rel":"","context":"En &quot;CINTILLO&quot;","block_context":{"text":"CINTILLO","link":"https:\/\/www.grieta.org.mx\/index.php\/category\/cintillo\/"},"img":{"alt_text":"","src":"https:\/\/i0.wp.com\/www.grieta.org.mx\/wp-content\/uploads\/2019\/04\/protesta_jumapae_escuinapa.jpg_219914347.jpg?resize=350%2C200&ssl=1","width":350,"height":200,"srcset":"https:\/\/i0.wp.com\/www.grieta.org.mx\/wp-content\/uploads\/2019\/04\/protesta_jumapae_escuinapa.jpg_219914347.jpg?resize=350%2C200&ssl=1 1x, https:\/\/i0.wp.com\/www.grieta.org.mx\/wp-content\/uploads\/2019\/04\/protesta_jumapae_escuinapa.jpg_219914347.jpg?resize=525%2C300&ssl=1 1.5x, https:\/\/i0.wp.com\/www.grieta.org.mx\/wp-content\/uploads\/2019\/04\/protesta_jumapae_escuinapa.jpg_219914347.jpg?resize=700%2C400&ssl=1 2x"},"classes":[]},{"id":1153,"url":"https:\/\/www.grieta.org.mx\/index.php\/2016\/02\/02\/trabajadores-exigen-su-pago-a-constructora\/","url_meta":{"origin":25873,"position":2},"title":"Trabajadores exigen su pago a constructora","author":"grieta","date":"2 febrero, 2016","format":false,"excerpt":"ATOTONILCO DE TULA, Hgo.- Trabajadores se manifestaron afuera de la Cementera Fortaleza que se encuentra ubicada en la comunidad de El Refugio perteneciente a este municipio, para exigir a la constructora Guzzi su pago de hasta cinco semanas que no les ha realizado. Alrededor de las siete de la ma\u00f1ana\u2026","rel":"","context":"En &quot;CINTILLO&quot;","block_context":{"text":"CINTILLO","link":"https:\/\/www.grieta.org.mx\/index.php\/category\/cintillo\/"},"img":{"alt_text":"","src":"https:\/\/i0.wp.com\/www.grieta.org.mx\/wp-content\/uploads\/2018\/03\/14524434_1106112876131411_958039263622046936_o.jpg?resize=350%2C200&ssl=1","width":350,"height":200,"srcset":"https:\/\/i0.wp.com\/www.grieta.org.mx\/wp-content\/uploads\/2018\/03\/14524434_1106112876131411_958039263622046936_o.jpg?resize=350%2C200&ssl=1 1x, https:\/\/i0.wp.com\/www.grieta.org.mx\/wp-content\/uploads\/2018\/03\/14524434_1106112876131411_958039263622046936_o.jpg?resize=525%2C300&ssl=1 1.5x, https:\/\/i0.wp.com\/www.grieta.org.mx\/wp-content\/uploads\/2018\/03\/14524434_1106112876131411_958039263622046936_o.jpg?resize=700%2C400&ssl=1 2x"},"classes":[]},{"id":34722,"url":"https:\/\/www.grieta.org.mx\/index.php\/2019\/06\/04\/jubilados-de-jumapag-inician-huelga-de-hambre-sinaloa\/","url_meta":{"origin":25873,"position":3},"title":"Jubilados de Jumapag inician huelga de hambre (Sinaloa)","author":"grieta","date":"4 junio, 2019","format":false,"excerpt":"Roberto Acosta, l\u00edder sindical, asegur\u00f3 que no se mover\u00e1n hasta que se les paguen las nueve quincenas pendientes y otras prestaciones Fernanda Ruiz \/ El Debate Guasave, Sinaloa.- Ayer a las 08:30 horas, un total de 14 trabajadores jubilados de la Junta Municipal de Agua Potable y Alcantarillado de Guasave,\u2026","rel":"","context":"En &quot;CINTILLO&quot;","block_context":{"text":"CINTILLO","link":"https:\/\/www.grieta.org.mx\/index.php\/category\/cintillo\/"},"img":{"alt_text":"","src":"https:\/\/i0.wp.com\/www.grieta.org.mx\/wp-content\/uploads\/2019\/06\/jubilados-de-jumapag-inician-huelga-de-hambre_crop1559576573620.jpg_219914347.jpg?resize=350%2C200&ssl=1","width":350,"height":200,"srcset":"https:\/\/i0.wp.com\/www.grieta.org.mx\/wp-content\/uploads\/2019\/06\/jubilados-de-jumapag-inician-huelga-de-hambre_crop1559576573620.jpg_219914347.jpg?resize=350%2C200&ssl=1 1x, https:\/\/i0.wp.com\/www.grieta.org.mx\/wp-content\/uploads\/2019\/06\/jubilados-de-jumapag-inician-huelga-de-hambre_crop1559576573620.jpg_219914347.jpg?resize=525%2C300&ssl=1 1.5x, https:\/\/i0.wp.com\/www.grieta.org.mx\/wp-content\/uploads\/2019\/06\/jubilados-de-jumapag-inician-huelga-de-hambre_crop1559576573620.jpg_219914347.jpg?resize=700%2C400&ssl=1 2x"},"classes":[]},{"id":35461,"url":"https:\/\/www.grieta.org.mx\/index.php\/2019\/06\/26\/mazatlan-sindicalizados-inician-huelga-en-la-jumapae-sinaloa\/","url_meta":{"origin":25873,"position":4},"title":"MAZATL\u00c1N Sindicalizados inician huelga en la Jumapae (Sinaloa)","author":"grieta","date":"26 junio, 2019","format":false,"excerpt":"Foto: El Debate Exigen el pago de m\u00e1s de 1 mill\u00f3n de pesos que se les adeuda por aguinaldos y otras prestaciones\u00a0 Ivette V\u00e1zquez \/ El Debate Escuinapa.- Desesperados ante la nula respuesta al pago de sus prestaciones, trabajadores de la Junta Municipal de Agua Potable y Alcantarillado de Escuinapa\u2026","rel":"","context":"En &quot;CINTILLO&quot;","block_context":{"text":"CINTILLO","link":"https:\/\/www.grieta.org.mx\/index.php\/category\/cintillo\/"},"img":{"alt_text":"","src":"https:\/\/i0.wp.com\/www.grieta.org.mx\/wp-content\/uploads\/2019\/06\/jumape_crop1561585960545.jpg_1727466156.jpg?resize=350%2C200&ssl=1","width":350,"height":200,"srcset":"https:\/\/i0.wp.com\/www.grieta.org.mx\/wp-content\/uploads\/2019\/06\/jumape_crop1561585960545.jpg_1727466156.jpg?resize=350%2C200&ssl=1 1x, https:\/\/i0.wp.com\/www.grieta.org.mx\/wp-content\/uploads\/2019\/06\/jumape_crop1561585960545.jpg_1727466156.jpg?resize=525%2C300&ssl=1 1.5x, https:\/\/i0.wp.com\/www.grieta.org.mx\/wp-content\/uploads\/2019\/06\/jumape_crop1561585960545.jpg_1727466156.jpg?resize=700%2C400&ssl=1 2x"},"classes":[]},{"id":37665,"url":"https:\/\/www.grieta.org.mx\/index.php\/2019\/08\/03\/realizan-huelga-de-brazos-caidos-en-el-tribunal-unitario-agrario-sinaloa\/","url_meta":{"origin":25873,"position":5},"title":"Realizan huelga de brazos ca\u00eddos en el Tribunal Unitario Agrario (Sinaloa)","author":"grieta","date":"3 agosto, 2019","format":false,"excerpt":"Foto: El Debate Los \u00a0trabajadores afectados continuar\u00e1n con las protestas hasta que se solucione su problema Francisca Mart\u00ednez \/ El Debate Sinaloa.- Personal del Tribunal Unitario Agrario del Distrito 26, realiz\u00f3 ayer una huelga de brazos ca\u00eddos para dar a conocer su inconformidad ante una serie de acuerdos que tomaron\u2026","rel":"","context":"En &quot;CINTILLO&quot;","block_context":{"text":"CINTILLO","link":"https:\/\/www.grieta.org.mx\/index.php\/category\/cintillo\/"},"img":{"alt_text":"","src":"https:\/\/i0.wp.com\/www.grieta.org.mx\/wp-content\/uploads\/2019\/08\/realizan_huelga_de_brazos_caxdos_en_el_tribunal_unitario_agrario.jpg?resize=350%2C200&ssl=1","width":350,"height":200,"srcset":"https:\/\/i0.wp.com\/www.grieta.org.mx\/wp-content\/uploads\/2019\/08\/realizan_huelga_de_brazos_caxdos_en_el_tribunal_unitario_agrario.jpg?resize=350%2C200&ssl=1 1x, https:\/\/i0.wp.com\/www.grieta.org.mx\/wp-content\/uploads\/2019\/08\/realizan_huelga_de_brazos_caxdos_en_el_tribunal_unitario_agrario.jpg?resize=525%2C300&ssl=1 1.5x, https:\/\/i0.wp.com\/www.grieta.org.mx\/wp-content\/uploads\/2019\/08\/realizan_huelga_de_brazos_caxdos_en_el_tribunal_unitario_agrario.jpg?resize=700%2C400&ssl=1 2x"},"classes":[]}],"_links":{"self":[{"href":"https:\/\/www.grieta.org.mx\/index.php\/wp-json\/wp\/v2\/posts\/25873","targetHints":{"allow":["GET"]}}],"collection":[{"href":"https:\/\/www.grieta.org.mx\/index.php\/wp-json\/wp\/v2\/posts"}],"about":[{"href":"https:\/\/www.grieta.org.mx\/index.php\/wp-json\/wp\/v2\/types\/post"}],"author":[{"embeddable":true,"href":"https:\/\/www.grieta.org.mx\/index.php\/wp-json\/wp\/v2\/users\/2"}],"replies":[{"embeddable":true,"href":"https:\/\/www.grieta.org.mx\/index.php\/wp-json\/wp\/v2\/comments?post=25873"}],"version-history":[{"count":1,"href":"https:\/\/www.grieta.org.mx\/index.php\/wp-json\/wp\/v2\/posts\/25873\/revisions"}],"predecessor-version":[{"id":25878,"href":"https:\/\/www.grieta.org.mx\/index.php\/wp-json\/wp\/v2\/posts\/25873\/revisions\/25878"}],"wp:featuredmedia":[{"embeddable":true,"href":"https:\/\/www.grieta.org.mx\/index.php\/wp-json\/wp\/v2\/media\/25874"}],"wp:attachment":[{"href":"https:\/\/www.grieta.org.mx\/index.php\/wp-json\/wp\/v2\/media?parent=25873"}],"wp:term":[{"taxonomy":"category","embeddable":true,"href":"https:\/\/www.grieta.org.mx\/index.php\/wp-json\/wp\/v2\/categories?post=25873"},{"taxonomy":"post_tag","embeddable":true,"href":"https:\/\/www.grieta.org.mx\/index.php\/wp-json\/wp\/v2\/tags?post=25873"}],"curies":[{"name":"wp","href":"https:\/\/api.w.org\/{rel}","templated":true}]}}