{"id":25868,"date":"2018-08-23T14:30:49","date_gmt":"2018-08-23T19:30:49","guid":{"rendered":"http:\/\/www.grieta.org.mx\/?p=25868"},"modified":"2018-09-03T13:09:33","modified_gmt":"2018-09-03T18:09:33","slug":"maestros-pensionados-y-jubilados-exigen-aguinaldo-retrasado-sinaloa","status":"publish","type":"post","link":"https:\/\/www.grieta.org.mx\/index.php\/2018\/08\/23\/maestros-pensionados-y-jubilados-exigen-aguinaldo-retrasado-sinaloa\/","title":{"rendered":"Maestros pensionados y jubilados exigen aguinaldo retrasado (Sinaloa)"},"content":{"rendered":"<p><img loading=\"lazy\" decoding=\"async\" data-attachment-id=\"25869\" data-permalink=\"https:\/\/www.grieta.org.mx\/index.php\/2018\/08\/23\/maestros-pensionados-y-jubilados-exigen-aguinaldo-retrasado-sinaloa\/_dsc0049-jpg_539665225\/\" data-orig-file=\"https:\/\/www.grieta.org.mx\/wp-content\/uploads\/2018\/08\/dsc0049.jpg_539665225.jpg\" data-orig-size=\"695,521\" data-comments-opened=\"0\" data-image-meta=\"{&quot;aperture&quot;:&quot;0&quot;,&quot;credit&quot;:&quot;&quot;,&quot;camera&quot;:&quot;&quot;,&quot;caption&quot;:&quot;&quot;,&quot;created_timestamp&quot;:&quot;0&quot;,&quot;copyright&quot;:&quot;&quot;,&quot;focal_length&quot;:&quot;0&quot;,&quot;iso&quot;:&quot;0&quot;,&quot;shutter_speed&quot;:&quot;0&quot;,&quot;title&quot;:&quot;&quot;,&quot;orientation&quot;:&quot;0&quot;}\" data-image-title=\"_dsc0049.jpg_539665225\" data-image-description=\"\" data-image-caption=\"\" data-medium-file=\"https:\/\/www.grieta.org.mx\/wp-content\/uploads\/2018\/08\/dsc0049.jpg_539665225-300x225.jpg\" data-large-file=\"https:\/\/www.grieta.org.mx\/wp-content\/uploads\/2018\/08\/dsc0049.jpg_539665225.jpg\" src=\"http:\/\/www.grieta.org.mx\/wp-content\/uploads\/2018\/08\/dsc0049.jpg_539665225.jpg\" alt=\"\" width=\"695\" height=\"521\" class=\"aligncenter size-full wp-image-25869\" srcset=\"https:\/\/www.grieta.org.mx\/wp-content\/uploads\/2018\/08\/dsc0049.jpg_539665225.jpg 695w, https:\/\/www.grieta.org.mx\/wp-content\/uploads\/2018\/08\/dsc0049.jpg_539665225-300x225.jpg 300w, https:\/\/www.grieta.org.mx\/wp-content\/uploads\/2018\/08\/dsc0049.jpg_539665225-667x500.jpg 667w\" sizes=\"auto, (max-width: 695px) 100vw, 695px\" \/><br \/>\nMaestros pensionados y jubilados exigen aguinaldo retrasado. Foto: El Debate<\/p>\n<p>Blanca Regalado<\/p>\n<p>Mazatl\u00e1n, Sinaloa.- Maestros pensionados y jubilados exigen el pago del  bono de aguinaldo del a\u00f1o pasado.<\/p>\n<p>Luego de tantos retrasos, hab\u00eda una minuta que destacaba como d\u00eda de pago el 15 de agosto y no se cumpli\u00f3, aseguran los delegados sindicales Luis Jorge Loaiza y Jorge Preciado Villa.<\/p>\n<p><img loading=\"lazy\" decoding=\"async\" data-attachment-id=\"25871\" data-permalink=\"https:\/\/www.grieta.org.mx\/index.php\/2018\/08\/23\/maestros-pensionados-y-jubilados-exigen-aguinaldo-retrasado-sinaloa\/_dsc0040-jpg_2069349288\/\" data-orig-file=\"https:\/\/www.grieta.org.mx\/wp-content\/uploads\/2018\/08\/dsc0040.jpg_2069349288.jpg\" data-orig-size=\"726,484\" data-comments-opened=\"0\" data-image-meta=\"{&quot;aperture&quot;:&quot;0&quot;,&quot;credit&quot;:&quot;&quot;,&quot;camera&quot;:&quot;&quot;,&quot;caption&quot;:&quot;&quot;,&quot;created_timestamp&quot;:&quot;0&quot;,&quot;copyright&quot;:&quot;&quot;,&quot;focal_length&quot;:&quot;0&quot;,&quot;iso&quot;:&quot;0&quot;,&quot;shutter_speed&quot;:&quot;0&quot;,&quot;title&quot;:&quot;&quot;,&quot;orientation&quot;:&quot;0&quot;}\" data-image-title=\"_dsc0040.jpg_2069349288\" data-image-description=\"\" data-image-caption=\"\" data-medium-file=\"https:\/\/www.grieta.org.mx\/wp-content\/uploads\/2018\/08\/dsc0040.jpg_2069349288-300x200.jpg\" data-large-file=\"https:\/\/www.grieta.org.mx\/wp-content\/uploads\/2018\/08\/dsc0040.jpg_2069349288.jpg\" src=\"http:\/\/www.grieta.org.mx\/wp-content\/uploads\/2018\/08\/dsc0040.jpg_2069349288.jpg\" alt=\"\" width=\"726\" height=\"484\" class=\"aligncenter size-full wp-image-25871\" srcset=\"https:\/\/www.grieta.org.mx\/wp-content\/uploads\/2018\/08\/dsc0040.jpg_2069349288.jpg 726w, https:\/\/www.grieta.org.mx\/wp-content\/uploads\/2018\/08\/dsc0040.jpg_2069349288-300x200.jpg 300w\" sizes=\"auto, (max-width: 726px) 100vw, 726px\" \/><br \/>\nFoto: V\u00edctor Hugo Olivas\/EL DEBATE<\/p>\n<p>En la entidad, son cerca de 13 mil docentes  los afectados. De estos, 4 mil son de la regi\u00f3n sur.<\/p>\n<p>Esta segunda parte del bono de 25 d\u00edas significa un monto de 37 millones 199 mil pesos.<\/p>\n<p>Los mentores dicen que est\u00e1n en pie de lucha y hoy se reunir\u00e1n para decidir las acciones de protesta.<\/p>\n<blockquote><p>Exigencia<\/p><\/blockquote>\n<p>En la reuni\u00f3n estuvieron las supervisores de la regi\u00f3n sur, Nicolasa Manjarrez, Cecilia Medina, \u00c1ngel S\u00e1nchez y Luz Mar\u00eda Grave, que representan a los jubilados y pensionados, le piden al gobernador del estado, Quirino Ordaz Coppel, que  le cumpla al magisterio.<\/p>\n<p>Son trabajadores que estuvieron frente al grupo durante 30, 40 o hasta 50 a\u00f1os, y que al retirarse, su sueldo se vio mermado.<\/p>\n<p>Los inconformes comentaron molestos que este bono de aguinaldo \u201ces poco, lo dividen y adem\u00e1s no lo pagan en los plazos establecidos\u201d.<\/p>\n<p>Por su edad, y algunos con enfermedades, no pueden andar de un lado a otro reclamando.<\/p>\n<p>Pero de ser necesario, ir\u00e1n a manifestarse hasta  Palacio de Gobierno.<\/p>\n<blockquote><p>Lucha<\/p><\/blockquote>\n<p>Los trabajadores de la educaci\u00f3n pensionados y jubilados aseguran que tienen el apoyo del secretario general de la secci\u00f3n  27 del SNTE y esperan que  presida esta lucha.<\/p>\n<p>Loaiza recalc\u00f3 que la autoridad les dice que solo hay 10 millones de pesos, pero los trabajadores rechazan que les den el dinero en partes. <\/p>\n<p>Reiteran que quieren todo el faltante al mismo tiempo y para todos los trabajadores, que lo est\u00e1n esperando desde que inici\u00f3 este a\u00f1o.<\/p>\n<p><a href=\"https:\/\/www.debate.com.mx\/mazatlan\/maestros-pago-aguinaldo-manifestacion-exigen-preofesores-jubilados-pensionados-20180822-0155.html\" rel=\"noopener\" target=\"_blank\">https:\/\/www.debate.com.mx\/mazatlan\/maestros-pago-aguinaldo-manifestacion-exigen-preofesores-jubilados-pensionados-20180822-0155.html<\/a><\/p>\n","protected":false},"excerpt":{"rendered":"<p>Maestros pensionados y jubilados exigen aguinaldo retrasado. Foto: El Debate Blanca Regalado Mazatl\u00e1n, Sinaloa.- Maestros pensionados y jubilados exigen el pago del bono de aguinaldo del a\u00f1o pasado. Luego de &hellip; <a href=\"https:\/\/www.grieta.org.mx\/index.php\/2018\/08\/23\/maestros-pensionados-y-jubilados-exigen-aguinaldo-retrasado-sinaloa\/\" class=\"more-link\">Leer m\u00e1s<\/a><\/p>\n","protected":false},"author":2,"featured_media":25869,"comment_status":"closed","ping_status":"closed","sticky":false,"template":"","format":"standard","meta":{"ngg_post_thumbnail":0,"_jetpack_newsletter_access":"","_jetpack_dont_email_post_to_subs":false,"_jetpack_newsletter_tier_id":0,"_jetpack_memberships_contains_paywalled_content":false,"_jetpack_memberships_contains_paid_content":false,"footnotes":""},"categories":[80,2,1344,30],"tags":[113,310,805],"class_list":["post-25868","post","type-post","status-publish","format-standard","has-post-thumbnail","hentry","category-cintillo","category-noticias-nacionales","category-protestas-del-magisterio-en-sinaloa","category-sinaloa","tag-conflictos-laborales","tag-jubilados","tag-magisterio","entry"],"jetpack_featured_media_url":"https:\/\/www.grieta.org.mx\/wp-content\/uploads\/2018\/08\/dsc0049.jpg_539665225.jpg","jetpack_sharing_enabled":true,"jetpack_shortlink":"https:\/\/wp.me\/p7ZJR4-6Je","jetpack_likes_enabled":false,"jetpack-related-posts":[{"id":23852,"url":"https:\/\/www.grieta.org.mx\/index.php\/2018\/06\/12\/maestros-jubilados-se-manifiestan-en-el-congreso-de-sinaloa\/","url_meta":{"origin":25868,"position":0},"title":"Maestros jubilados se manifiestan en el Congreso de Sinaloa","author":"grieta","date":"12 junio, 2018","format":false,"excerpt":"Maestros jubilados se manifiestan en el Congreso de Sinaloa La exigencia de los pensionados es que no se les pague su pensi\u00f3n en salarios m\u00ednimos Edith Andrade Culiac\u00e1n, Sinaloa.- Por falta de inter\u00e9s de las autoridades para pagarles un adeudo de 2017 por bonos compensatorios decenas de maestros salieron a\u2026","rel":"","context":"En &quot;CINTILLO&quot;","block_context":{"text":"CINTILLO","link":"https:\/\/www.grieta.org.mx\/index.php\/category\/cintillo\/"},"img":{"alt_text":"","src":"https:\/\/i0.wp.com\/www.grieta.org.mx\/wp-content\/uploads\/2018\/06\/whatsapp_image_2018-06-12_at_10_14_21_am_crop1528820658384.jpeg_539665225.jpeg?resize=350%2C200&ssl=1","width":350,"height":200,"srcset":"https:\/\/i0.wp.com\/www.grieta.org.mx\/wp-content\/uploads\/2018\/06\/whatsapp_image_2018-06-12_at_10_14_21_am_crop1528820658384.jpeg_539665225.jpeg?resize=350%2C200&ssl=1 1x, https:\/\/i0.wp.com\/www.grieta.org.mx\/wp-content\/uploads\/2018\/06\/whatsapp_image_2018-06-12_at_10_14_21_am_crop1528820658384.jpeg_539665225.jpeg?resize=525%2C300&ssl=1 1.5x"},"classes":[]},{"id":1000,"url":"https:\/\/www.grieta.org.mx\/index.php\/2016\/09\/05\/conflictos-laborales-en-sinaloa\/","url_meta":{"origin":25868,"position":1},"title":"Conflictos laborales en Sinaloa","author":"grieta","date":"5 septiembre, 2016","format":false,"excerpt":"05\/09\/16. Jubilados exigen sus ahorros a Afore XXI (Sinaloa) El Debate 04\/09\/16. Maestros de la UPES paran labores (Sinaloa) El Debate 14\/08\/16. Sindicato de Jumapag espera resoluci\u00f3n a favor (Sinaloa) El Debate 10\/08\/16. Empleados sin salario, en Escuinapa. \u2018Cuando el hambre entra, s\u00ed da coraje\u2019 (Sinaloa) Noroeste 02\/06\/16. ASE auditar\u00e1\u2026","rel":"","context":"En &quot;NOTICIAS NACIONALES&quot;","block_context":{"text":"NOTICIAS NACIONALES","link":"https:\/\/www.grieta.org.mx\/index.php\/category\/noticias-nacionales\/"},"img":{"alt_text":"","src":"https:\/\/i0.wp.com\/www.grieta.org.mx\/wp-content\/uploads\/2018\/03\/14524434_1106112876131411_958039263622046936_o.jpg?resize=350%2C200&ssl=1","width":350,"height":200,"srcset":"https:\/\/i0.wp.com\/www.grieta.org.mx\/wp-content\/uploads\/2018\/03\/14524434_1106112876131411_958039263622046936_o.jpg?resize=350%2C200&ssl=1 1x, https:\/\/i0.wp.com\/www.grieta.org.mx\/wp-content\/uploads\/2018\/03\/14524434_1106112876131411_958039263622046936_o.jpg?resize=525%2C300&ssl=1 1.5x, https:\/\/i0.wp.com\/www.grieta.org.mx\/wp-content\/uploads\/2018\/03\/14524434_1106112876131411_958039263622046936_o.jpg?resize=700%2C400&ssl=1 2x"},"classes":[]},{"id":1039,"url":"https:\/\/www.grieta.org.mx\/index.php\/2015\/12\/09\/protestan-maestros-jubilados-en-sinaloa\/","url_meta":{"origin":25868,"position":2},"title":"Protestan maestros jubilados en Sinaloa","author":"grieta","date":"9 diciembre, 2015","format":false,"excerpt":"Javier Valdez, Sinaloa Culiac\u00e1n, Sin., En protesta porque no fueron atendidos por los legisladores, profesores del Frente Democr\u00e1tico de Jubilados y Pensionados Herlinda Barrera bloquearon dos horas la avenida Pedro Infante, frente al Congreso estatal. Dijeron que en 2013 entregaron una iniciativa para mejorar prestaciones, como el aguinaldo, el cual\u2026","rel":"","context":"En &quot;CINTILLO&quot;","block_context":{"text":"CINTILLO","link":"https:\/\/www.grieta.org.mx\/index.php\/category\/cintillo\/"},"img":{"alt_text":"","src":"https:\/\/i0.wp.com\/www.grieta.org.mx\/wp-content\/uploads\/2018\/03\/14524434_1106112876131411_958039263622046936_o.jpg?resize=350%2C200&ssl=1","width":350,"height":200,"srcset":"https:\/\/i0.wp.com\/www.grieta.org.mx\/wp-content\/uploads\/2018\/03\/14524434_1106112876131411_958039263622046936_o.jpg?resize=350%2C200&ssl=1 1x, https:\/\/i0.wp.com\/www.grieta.org.mx\/wp-content\/uploads\/2018\/03\/14524434_1106112876131411_958039263622046936_o.jpg?resize=525%2C300&ssl=1 1.5x, https:\/\/i0.wp.com\/www.grieta.org.mx\/wp-content\/uploads\/2018\/03\/14524434_1106112876131411_958039263622046936_o.jpg?resize=700%2C400&ssl=1 2x"},"classes":[]},{"id":21043,"url":"https:\/\/www.grieta.org.mx\/index.php\/2016\/09\/05\/jubilados-exigen-sus-ahorros-a-afore-xxi-sinaloa\/","url_meta":{"origin":25868,"position":3},"title":"Jubilados exigen sus ahorros a Afore XXI (Sinaloa)","author":"grieta","date":"5 septiembre, 2016","format":false,"excerpt":"Los Mochis, Sinaloa.- Jubilados del IMSS toman de nueva cuenta las instalaciones de Afores XXI Banorte con la finalidad de exigir sus ahorros. En noviembre del 2015 y por seis meses mantuvieron tomadas las instalaciones en espera de un resultado favorable. La junta de conciliaci\u00f3n y arbitraje #35 les otorg\u00f3\u2026","rel":"","context":"En &quot;CINTILLO&quot;","block_context":{"text":"CINTILLO","link":"https:\/\/www.grieta.org.mx\/index.php\/category\/cintillo\/"},"img":{"alt_text":"","src":"https:\/\/i0.wp.com\/www.grieta.org.mx\/wp-content\/uploads\/2018\/03\/14524434_1106112876131411_958039263622046936_o.jpg?resize=350%2C200&ssl=1","width":350,"height":200,"srcset":"https:\/\/i0.wp.com\/www.grieta.org.mx\/wp-content\/uploads\/2018\/03\/14524434_1106112876131411_958039263622046936_o.jpg?resize=350%2C200&ssl=1 1x, https:\/\/i0.wp.com\/www.grieta.org.mx\/wp-content\/uploads\/2018\/03\/14524434_1106112876131411_958039263622046936_o.jpg?resize=525%2C300&ssl=1 1.5x, https:\/\/i0.wp.com\/www.grieta.org.mx\/wp-content\/uploads\/2018\/03\/14524434_1106112876131411_958039263622046936_o.jpg?resize=700%2C400&ssl=1 2x"},"classes":[]},{"id":33568,"url":"https:\/\/www.grieta.org.mx\/index.php\/2019\/05\/08\/jubilados-de-cobaes-amenazan-con-tomar-palacio-de-gobierno-sinaloa\/","url_meta":{"origin":25868,"position":4},"title":"Jubilados de Cobaes amenazan con tomar Palacio de Gobierno (Sinaloa)","author":"grieta","date":"8 mayo, 2019","format":false,"excerpt":"Representantes del grupo Somos M\u00e1s de 53 dan de plazo el 22 de mayo para que se empiece a pagar el recurso de Fondo de Vivienda Karen Rubio \/ El Debate Guasave, Sinaloa.-\u00a0Maestros jubilados y pensionados de Cobaes, integrantes de la organizaci\u00f3n Somos M\u00e1s de 53, dieron de plazo fatal\u2026","rel":"","context":"En &quot;CINTILLO&quot;","block_context":{"text":"CINTILLO","link":"https:\/\/www.grieta.org.mx\/index.php\/category\/cintillo\/"},"img":{"alt_text":"","src":"https:\/\/i0.wp.com\/www.grieta.org.mx\/wp-content\/uploads\/2019\/05\/jubilados-de-cobaes-amenazan-con-tomar-palacio-de-gobierno_crop1557328282102.jpg_673822677.jpg?resize=350%2C200&ssl=1","width":350,"height":200,"srcset":"https:\/\/i0.wp.com\/www.grieta.org.mx\/wp-content\/uploads\/2019\/05\/jubilados-de-cobaes-amenazan-con-tomar-palacio-de-gobierno_crop1557328282102.jpg_673822677.jpg?resize=350%2C200&ssl=1 1x, https:\/\/i0.wp.com\/www.grieta.org.mx\/wp-content\/uploads\/2019\/05\/jubilados-de-cobaes-amenazan-con-tomar-palacio-de-gobierno_crop1557328282102.jpg_673822677.jpg?resize=525%2C300&ssl=1 1.5x, https:\/\/i0.wp.com\/www.grieta.org.mx\/wp-content\/uploads\/2019\/05\/jubilados-de-cobaes-amenazan-con-tomar-palacio-de-gobierno_crop1557328282102.jpg_673822677.jpg?resize=700%2C400&ssl=1 2x, https:\/\/i0.wp.com\/www.grieta.org.mx\/wp-content\/uploads\/2019\/05\/jubilados-de-cobaes-amenazan-con-tomar-palacio-de-gobierno_crop1557328282102.jpg_673822677.jpg?resize=1050%2C600&ssl=1 3x"},"classes":[]},{"id":6116,"url":"https:\/\/www.grieta.org.mx\/index.php\/2016\/07\/13\/pensionados-y-jubilados-de-veracruz-exigen-el-pago-inmediato-de-adeudos\/","url_meta":{"origin":25868,"position":5},"title":"Pensionados, jubilados y maestros de Veracruz exigen el pago inmediato de adeudos","author":"Admin","date":"13 julio, 2016","format":false,"excerpt":"13\/07\/16. Maestros jubilados y en activo se unen en nueva protesta E-Consulta Veracruz 05\/07\/16. Protestas en Veracruz La Cr\u00f3nica de Hoy 04\/07\/16. Protestan sindicatos y jubilados en Veracruz por falta de pagos La Jornada 03\/06\/16. Jubilados del puerto se suman a rechazo de pago de deuda con inmuebles E-consulta Veracruz\u2026","rel":"","context":"En &quot;NOTICIAS NACIONALES&quot;","block_context":{"text":"NOTICIAS NACIONALES","link":"https:\/\/www.grieta.org.mx\/index.php\/category\/noticias-nacionales\/"},"img":{"alt_text":"","src":"https:\/\/i0.wp.com\/www.grieta.org.mx\/wp-content\/uploads\/2018\/03\/14524434_1106112876131411_958039263622046936_o.jpg?resize=350%2C200&ssl=1","width":350,"height":200,"srcset":"https:\/\/i0.wp.com\/www.grieta.org.mx\/wp-content\/uploads\/2018\/03\/14524434_1106112876131411_958039263622046936_o.jpg?resize=350%2C200&ssl=1 1x, https:\/\/i0.wp.com\/www.grieta.org.mx\/wp-content\/uploads\/2018\/03\/14524434_1106112876131411_958039263622046936_o.jpg?resize=525%2C300&ssl=1 1.5x, https:\/\/i0.wp.com\/www.grieta.org.mx\/wp-content\/uploads\/2018\/03\/14524434_1106112876131411_958039263622046936_o.jpg?resize=700%2C400&ssl=1 2x"},"classes":[]}],"_links":{"self":[{"href":"https:\/\/www.grieta.org.mx\/index.php\/wp-json\/wp\/v2\/posts\/25868","targetHints":{"allow":["GET"]}}],"collection":[{"href":"https:\/\/www.grieta.org.mx\/index.php\/wp-json\/wp\/v2\/posts"}],"about":[{"href":"https:\/\/www.grieta.org.mx\/index.php\/wp-json\/wp\/v2\/types\/post"}],"author":[{"embeddable":true,"href":"https:\/\/www.grieta.org.mx\/index.php\/wp-json\/wp\/v2\/users\/2"}],"replies":[{"embeddable":true,"href":"https:\/\/www.grieta.org.mx\/index.php\/wp-json\/wp\/v2\/comments?post=25868"}],"version-history":[{"count":1,"href":"https:\/\/www.grieta.org.mx\/index.php\/wp-json\/wp\/v2\/posts\/25868\/revisions"}],"predecessor-version":[{"id":25872,"href":"https:\/\/www.grieta.org.mx\/index.php\/wp-json\/wp\/v2\/posts\/25868\/revisions\/25872"}],"wp:featuredmedia":[{"embeddable":true,"href":"https:\/\/www.grieta.org.mx\/index.php\/wp-json\/wp\/v2\/media\/25869"}],"wp:attachment":[{"href":"https:\/\/www.grieta.org.mx\/index.php\/wp-json\/wp\/v2\/media?parent=25868"}],"wp:term":[{"taxonomy":"category","embeddable":true,"href":"https:\/\/www.grieta.org.mx\/index.php\/wp-json\/wp\/v2\/categories?post=25868"},{"taxonomy":"post_tag","embeddable":true,"href":"https:\/\/www.grieta.org.mx\/index.php\/wp-json\/wp\/v2\/tags?post=25868"}],"curies":[{"name":"wp","href":"https:\/\/api.w.org\/{rel}","templated":true}]}}