{"id":25845,"date":"2018-08-25T23:43:46","date_gmt":"2018-08-26T04:43:46","guid":{"rendered":"http:\/\/www.grieta.org.mx\/?p=25845"},"modified":"2018-08-25T23:43:46","modified_gmt":"2018-08-26T04:43:46","slug":"en-la-paz-y-los-cabos-protestaran-en-contra-de-los-cardones-baja-california-sur","status":"publish","type":"post","link":"https:\/\/www.grieta.org.mx\/index.php\/2018\/08\/25\/en-la-paz-y-los-cabos-protestaran-en-contra-de-los-cardones-baja-california-sur\/","title":{"rendered":"En La Paz y Los Cabos protestar\u00e1n en contra de Los Cardones (Baja California Sur)"},"content":{"rendered":"<p><img loading=\"lazy\" decoding=\"async\" data-attachment-id=\"25846\" data-permalink=\"https:\/\/www.grieta.org.mx\/index.php\/2018\/08\/25\/en-la-paz-y-los-cabos-protestaran-en-contra-de-los-cardones-baja-california-sur\/1652_mineria-toxica_620x350\/\" data-orig-file=\"https:\/\/www.grieta.org.mx\/wp-content\/uploads\/2018\/08\/1652_mineria-toxica_620x350.jpg\" data-orig-size=\"620,350\" data-comments-opened=\"0\" data-image-meta=\"{&quot;aperture&quot;:&quot;0&quot;,&quot;credit&quot;:&quot;&quot;,&quot;camera&quot;:&quot;&quot;,&quot;caption&quot;:&quot;&quot;,&quot;created_timestamp&quot;:&quot;0&quot;,&quot;copyright&quot;:&quot;&quot;,&quot;focal_length&quot;:&quot;0&quot;,&quot;iso&quot;:&quot;0&quot;,&quot;shutter_speed&quot;:&quot;0&quot;,&quot;title&quot;:&quot;&quot;,&quot;orientation&quot;:&quot;0&quot;}\" data-image-title=\"1652_mineria-toxica_620x350\" data-image-description=\"\" data-image-caption=\"\" data-medium-file=\"https:\/\/www.grieta.org.mx\/wp-content\/uploads\/2018\/08\/1652_mineria-toxica_620x350-300x169.jpg\" data-large-file=\"https:\/\/www.grieta.org.mx\/wp-content\/uploads\/2018\/08\/1652_mineria-toxica_620x350.jpg\" src=\"http:\/\/www.grieta.org.mx\/wp-content\/uploads\/2018\/08\/1652_mineria-toxica_620x350.jpg\" alt=\"\" width=\"620\" height=\"350\" class=\"aligncenter size-full wp-image-25846\" srcset=\"https:\/\/www.grieta.org.mx\/wp-content\/uploads\/2018\/08\/1652_mineria-toxica_620x350.jpg 620w, https:\/\/www.grieta.org.mx\/wp-content\/uploads\/2018\/08\/1652_mineria-toxica_620x350-300x169.jpg 300w\" sizes=\"auto, (max-width: 620px) 100vw, 620px\" \/><br \/>\nFoto propiedad de: Internet<\/p>\n<p>Redacci\u00f3n<\/p>\n<blockquote><p>El mi\u00e9rcoles 29 de agosto realizar\u00e1n manifestaciones en ambos municipios de BCS en contra la miner\u00eda a cielo abierto, con el fin de evitar que Consejo Estatal Forestal otorgue el cambio de uso de suelo al proyecto en sierra La Laguna.<\/p><\/blockquote>\n<p>M\u00e9xico. En La Paz y Los Cabos habr\u00e1 protestas en contra de la instalaci\u00f3n del proyecto minero a cielo abierto \u201cLos Cardones\u201d, como parte del rechazo a la solicitud de cambio de uso de suelo forestal para desmontar 506 hect\u00e1reas de la zona de amortiguamiento de la Reserva de la Biosfera Sierra La Laguna.<\/p>\n<p>En La Paz, el Frente Ciudadano en Defensa del Agua y la Vida convoc\u00f3 a la ciudadan\u00eda a reunirse en Palacio de Gobierno de Baja California Sur, con el objetivo de pedir al gobernador Carlos Mendoza Davis, que emita una opini\u00f3n negativa a la minera de Desarrollos Zapal SA de CV, dentro del Consejo Forestal compuesto por la Comisi\u00f3n Nacional Forestal (Conafor) y la Subsecretar\u00eda de Medio Ambiente y Recursos Naturales de la Secretar\u00eda de Turismo, Econom\u00eda y Sustentabilidad.<\/p>\n<p>A partir de las 10 de la ma\u00f1ana del d\u00eda mi\u00e9rcoles 29 de agosto se congregar\u00e1n para exigir que el Consejo Estatal Forestal no apruebe el cambio de uso forestal.<\/p>\n<p>En San Jos\u00e9 del Cabo, la Fundaci\u00f3n Juvenil Guayagui AC invit\u00f3 a la gente de la municipalidad de Los Cabos a unirse a manifestar su descontento en la glorieta del Fondo Nacional de Turismo (Fonatur) a las 18:00 horas, el mismo mi\u00e9rcoles 29 de agosto.<\/p>\n<p><a href=\"https:\/\/www.sdpnoticias.com\/local\/baja-california-sur\/2018\/08\/25\/en-la-paz-y-los-cabos-protestaran-en-contra-de-los-cardones\" rel=\"noopener\" target=\"_blank\">https:\/\/www.sdpnoticias.com\/local\/baja-california-sur\/2018\/08\/25\/en-la-paz-y-los-cabos-protestaran-en-contra-de-los-cardones<\/a><\/p>\n","protected":false},"excerpt":{"rendered":"<p>Foto propiedad de: Internet Redacci\u00f3n El mi\u00e9rcoles 29 de agosto realizar\u00e1n manifestaciones en ambos municipios de BCS en contra la miner\u00eda a cielo abierto, con el fin de evitar que &hellip; <a href=\"https:\/\/www.grieta.org.mx\/index.php\/2018\/08\/25\/en-la-paz-y-los-cabos-protestaran-en-contra-de-los-cardones-baja-california-sur\/\" class=\"more-link\">Leer m\u00e1s<\/a><\/p>\n","protected":false},"author":2,"featured_media":25846,"comment_status":"closed","ping_status":"closed","sticky":false,"template":"","format":"standard","meta":{"ngg_post_thumbnail":0,"_jetpack_newsletter_access":"","_jetpack_dont_email_post_to_subs":false,"_jetpack_newsletter_tier_id":0,"_jetpack_memberships_contains_paywalled_content":false,"_jetpack_memberships_contains_paid_content":false,"footnotes":""},"categories":[10,80,1649,2],"tags":[848,1653,1650,1654],"class_list":["post-25845","post","type-post","status-publish","format-standard","has-post-thumbnail","hentry","category-baja-california-sur","category-cintillo","category-conflicto-en-minera-los-cordones-baja-california-sur","category-noticias-nacionales","tag-la-paz","tag-los-cabos","tag-minera-los-cardones","tag-protestas-contra-la-mineria-a-cielo-abierto","entry"],"jetpack_featured_media_url":"https:\/\/www.grieta.org.mx\/wp-content\/uploads\/2018\/08\/1652_mineria-toxica_620x350.jpg","jetpack_sharing_enabled":true,"jetpack_shortlink":"https:\/\/wp.me\/p7ZJR4-6IR","jetpack_likes_enabled":false,"jetpack-related-posts":[{"id":26058,"url":"https:\/\/www.grieta.org.mx\/index.php\/2018\/08\/29\/protestan-contra-empresas-mineras-baja-california-sur\/","url_meta":{"origin":25845,"position":0},"title":"Protestan contra empresas mineras (Baja California Sur)","author":"grieta","date":"29 agosto, 2018","format":false,"excerpt":"Cientos de personas se manifestaron ayer en la explanada del palacio de gobierno contra la miner\u00eda. (Jos\u00e9 Luis Villafuerte) \/ El Sudcaliforniano El\u00edas Medina P. La Paz, Baja California Sur.- Cientos de ciudadanos se manifestaron en las afueras del palacio de gobierno para expresar su rechazo al proyecto minero Los\u2026","rel":"","context":"En &quot;Baja California Sur&quot;","block_context":{"text":"Baja California Sur","link":"https:\/\/www.grieta.org.mx\/index.php\/category\/noticias-nacionales\/baja-california-sur\/"},"img":{"alt_text":"","src":"https:\/\/i0.wp.com\/www.grieta.org.mx\/wp-content\/uploads\/2018\/09\/decenas-1-1.jpg?resize=350%2C200&ssl=1","width":350,"height":200,"srcset":"https:\/\/i0.wp.com\/www.grieta.org.mx\/wp-content\/uploads\/2018\/09\/decenas-1-1.jpg?resize=350%2C200&ssl=1 1x, https:\/\/i0.wp.com\/www.grieta.org.mx\/wp-content\/uploads\/2018\/09\/decenas-1-1.jpg?resize=525%2C300&ssl=1 1.5x"},"classes":[]},{"id":9184,"url":"https:\/\/www.grieta.org.mx\/index.php\/2016\/08\/16\/conflictos-mineros-en-baja-california-sur\/","url_meta":{"origin":25845,"position":1},"title":"Conflictos mineros en Baja California Sur","author":"grieta","date":"16 agosto, 2016","format":false,"excerpt":"Minera Canadiense se ampara en contra de SEMARNAT por proyecto 'La Pitalla' 16\/08\/16. Delegado de Semarnat en BCS dice que \u201cno tiene mucho que decir\u201d en el tema de La Pitalla BCS Noticias 01\/08\/16. Logra amparo minera canadiense Pen\u00ednsula Digital 29\/07\/16. Minera canadiense logra amparo para proyecto en La Paz,\u2026","rel":"","context":"En &quot;\u00c1reas naturales protegidas&quot;","block_context":{"text":"\u00c1reas naturales protegidas","link":"https:\/\/www.grieta.org.mx\/index.php\/category\/megaproyectos\/areas-naturales-protegidas\/"},"img":{"alt_text":"","src":"https:\/\/i0.wp.com\/www.grieta.org.mx\/wp-content\/uploads\/2018\/03\/14524434_1106112876131411_958039263622046936_o.jpg?resize=350%2C200&ssl=1","width":350,"height":200,"srcset":"https:\/\/i0.wp.com\/www.grieta.org.mx\/wp-content\/uploads\/2018\/03\/14524434_1106112876131411_958039263622046936_o.jpg?resize=350%2C200&ssl=1 1x, https:\/\/i0.wp.com\/www.grieta.org.mx\/wp-content\/uploads\/2018\/03\/14524434_1106112876131411_958039263622046936_o.jpg?resize=525%2C300&ssl=1 1.5x, https:\/\/i0.wp.com\/www.grieta.org.mx\/wp-content\/uploads\/2018\/03\/14524434_1106112876131411_958039263622046936_o.jpg?resize=700%2C400&ssl=1 2x"},"classes":[]},{"id":27611,"url":"https:\/\/www.grieta.org.mx\/index.php\/2018\/09\/03\/protestas-contra-la-mineria-en-baja-california-sur\/","url_meta":{"origin":25845,"position":2},"title":"Protestas contra la miner\u00eda en Baja California Sur","author":"grieta","date":"3 septiembre, 2018","format":false,"excerpt":"Roberto E. Galindo Dom\u00ednguez En La Paz y Los Cabos, Baja California Sur, se vivieron el 29 de agosto de este a\u00f1o intensas y nutridas protestas en contra de la mega miner\u00eda t\u00f3xica a tajo abierto. Y es que Desarrollo Zapal, compa\u00f1\u00eda de Invecture Group, intent\u00f3 de nuevo conseguir el\u2026","rel":"","context":"En &quot;Baja California Sur&quot;","block_context":{"text":"Baja California Sur","link":"https:\/\/www.grieta.org.mx\/index.php\/category\/noticias-nacionales\/baja-california-sur\/"},"img":{"alt_text":"","src":"https:\/\/i0.wp.com\/www.grieta.org.mx\/wp-content\/uploads\/2018\/11\/roberto-galindo-607-a-720x491.jpg?resize=350%2C200&ssl=1","width":350,"height":200,"srcset":"https:\/\/i0.wp.com\/www.grieta.org.mx\/wp-content\/uploads\/2018\/11\/roberto-galindo-607-a-720x491.jpg?resize=350%2C200&ssl=1 1x, https:\/\/i0.wp.com\/www.grieta.org.mx\/wp-content\/uploads\/2018\/11\/roberto-galindo-607-a-720x491.jpg?resize=525%2C300&ssl=1 1.5x, https:\/\/i0.wp.com\/www.grieta.org.mx\/wp-content\/uploads\/2018\/11\/roberto-galindo-607-a-720x491.jpg?resize=700%2C400&ssl=1 2x"},"classes":[]},{"id":9256,"url":"https:\/\/www.grieta.org.mx\/index.php\/2015\/09\/04\/combaten-ong-explotacion-de-oro-a-cielo-abierto-en-la-sierra-de-la-laguna\/","url_meta":{"origin":25845,"position":3},"title":"Combaten ONG explotaci\u00f3n de oro a cielo abierto en la Sierra de la Laguna","author":"grieta","date":"4 septiembre, 2015","format":false,"excerpt":"Raymundo Le\u00f3n, La Paz, BCS. Organismos civiles y ciudadanos instruyeron al cabildo local, mediante el recurso legal conocido como mandato soberano espec\u00edfico, para que no autorice el cambio de uso de suelo a la empresa Desarrollos Zapal \u2013del grupo Invecture, perteneciente al empresario Ricardo Salinas Pliego\u2013, la cual promueve el\u2026","rel":"","context":"En &quot;CINTILLO&quot;","block_context":{"text":"CINTILLO","link":"https:\/\/www.grieta.org.mx\/index.php\/category\/cintillo\/"},"img":{"alt_text":"","src":"https:\/\/i0.wp.com\/www.grieta.org.mx\/wp-content\/uploads\/2018\/03\/14524434_1106112876131411_958039263622046936_o.jpg?resize=350%2C200&ssl=1","width":350,"height":200,"srcset":"https:\/\/i0.wp.com\/www.grieta.org.mx\/wp-content\/uploads\/2018\/03\/14524434_1106112876131411_958039263622046936_o.jpg?resize=350%2C200&ssl=1 1x, https:\/\/i0.wp.com\/www.grieta.org.mx\/wp-content\/uploads\/2018\/03\/14524434_1106112876131411_958039263622046936_o.jpg?resize=525%2C300&ssl=1 1.5x, https:\/\/i0.wp.com\/www.grieta.org.mx\/wp-content\/uploads\/2018\/03\/14524434_1106112876131411_958039263622046936_o.jpg?resize=700%2C400&ssl=1 2x"},"classes":[]},{"id":25839,"url":"https:\/\/www.grieta.org.mx\/index.php\/2018\/08\/22\/la-mineria-sigue-a-ruben-munoz-los-cardones-ha-vuelto-y-quiere-autorizacion-en-la-paz-baja-california-sur\/","url_meta":{"origin":25845,"position":4},"title":"La miner\u00eda sigue a Rub\u00e9n Mu\u00f1oz; Los Cardones ha vuelto, y quiere autorizaci\u00f3n en La Paz (Baja California Sur)","author":"grieta","date":"22 agosto, 2018","format":false,"excerpt":"Cascada Ca\u00f1\u00f3n de La Zorra (Foto: Got travel) Redacci\u00f3n La empresa responsable del proyecto minero Los Cardones, pretende hacer uso de suelo de 18 predios en una zona de la Sierra La Laguna; para ello, buscar\u00e1 la autorizaci\u00f3n del Ayuntamiento de La Paz La Paz, Baja California Sur (BCS). A\u2026","rel":"","context":"En &quot;Baja California Sur&quot;","block_context":{"text":"Baja California Sur","link":"https:\/\/www.grieta.org.mx\/index.php\/category\/noticias-nacionales\/baja-california-sur\/"},"img":{"alt_text":"","src":"https:\/\/i0.wp.com\/www.grieta.org.mx\/wp-content\/uploads\/2018\/08\/Cascada-de-la-zorra-990x660.jpg?resize=350%2C200&ssl=1","width":350,"height":200,"srcset":"https:\/\/i0.wp.com\/www.grieta.org.mx\/wp-content\/uploads\/2018\/08\/Cascada-de-la-zorra-990x660.jpg?resize=350%2C200&ssl=1 1x, https:\/\/i0.wp.com\/www.grieta.org.mx\/wp-content\/uploads\/2018\/08\/Cascada-de-la-zorra-990x660.jpg?resize=525%2C300&ssl=1 1.5x, https:\/\/i0.wp.com\/www.grieta.org.mx\/wp-content\/uploads\/2018\/08\/Cascada-de-la-zorra-990x660.jpg?resize=700%2C400&ssl=1 2x"},"classes":[]},{"id":13588,"url":"https:\/\/www.grieta.org.mx\/index.php\/2016\/04\/03\/mineria-toxica-de-salinas-pliego-en-baja-california-sur-2\/","url_meta":{"origin":25845,"position":5},"title":"Miner\u00eda t\u00f3xica de Salinas Pliego en Baja California Sur","author":"grieta","date":"3 abril, 2016","format":false,"excerpt":"La principal reserva de agua del sur de la pen\u00ednsula de Baja California est\u00e1 amenazada por la minera de Ricardo Salinas Pliego en Los Cardones para extraer agua. Su empresa present\u00f3 un permiso falso para operar y el municipio de La Paz, le neg\u00f3 el permiso porque pone en riesgo\u2026","rel":"","context":"En &quot;CINTILLO&quot;","block_context":{"text":"CINTILLO","link":"https:\/\/www.grieta.org.mx\/index.php\/category\/cintillo\/"},"img":{"alt_text":"","src":"https:\/\/i0.wp.com\/www.grieta.org.mx\/wp-content\/uploads\/2018\/03\/14524434_1106112876131411_958039263622046936_o.jpg?resize=350%2C200&ssl=1","width":350,"height":200,"srcset":"https:\/\/i0.wp.com\/www.grieta.org.mx\/wp-content\/uploads\/2018\/03\/14524434_1106112876131411_958039263622046936_o.jpg?resize=350%2C200&ssl=1 1x, https:\/\/i0.wp.com\/www.grieta.org.mx\/wp-content\/uploads\/2018\/03\/14524434_1106112876131411_958039263622046936_o.jpg?resize=525%2C300&ssl=1 1.5x, https:\/\/i0.wp.com\/www.grieta.org.mx\/wp-content\/uploads\/2018\/03\/14524434_1106112876131411_958039263622046936_o.jpg?resize=700%2C400&ssl=1 2x"},"classes":[]}],"_links":{"self":[{"href":"https:\/\/www.grieta.org.mx\/index.php\/wp-json\/wp\/v2\/posts\/25845","targetHints":{"allow":["GET"]}}],"collection":[{"href":"https:\/\/www.grieta.org.mx\/index.php\/wp-json\/wp\/v2\/posts"}],"about":[{"href":"https:\/\/www.grieta.org.mx\/index.php\/wp-json\/wp\/v2\/types\/post"}],"author":[{"embeddable":true,"href":"https:\/\/www.grieta.org.mx\/index.php\/wp-json\/wp\/v2\/users\/2"}],"replies":[{"embeddable":true,"href":"https:\/\/www.grieta.org.mx\/index.php\/wp-json\/wp\/v2\/comments?post=25845"}],"version-history":[{"count":1,"href":"https:\/\/www.grieta.org.mx\/index.php\/wp-json\/wp\/v2\/posts\/25845\/revisions"}],"predecessor-version":[{"id":25847,"href":"https:\/\/www.grieta.org.mx\/index.php\/wp-json\/wp\/v2\/posts\/25845\/revisions\/25847"}],"wp:featuredmedia":[{"embeddable":true,"href":"https:\/\/www.grieta.org.mx\/index.php\/wp-json\/wp\/v2\/media\/25846"}],"wp:attachment":[{"href":"https:\/\/www.grieta.org.mx\/index.php\/wp-json\/wp\/v2\/media?parent=25845"}],"wp:term":[{"taxonomy":"category","embeddable":true,"href":"https:\/\/www.grieta.org.mx\/index.php\/wp-json\/wp\/v2\/categories?post=25845"},{"taxonomy":"post_tag","embeddable":true,"href":"https:\/\/www.grieta.org.mx\/index.php\/wp-json\/wp\/v2\/tags?post=25845"}],"curies":[{"name":"wp","href":"https:\/\/api.w.org\/{rel}","templated":true}]}}