{"id":25817,"date":"2018-08-24T14:26:41","date_gmt":"2018-08-24T19:26:41","guid":{"rendered":"http:\/\/www.grieta.org.mx\/?p=25817"},"modified":"2018-08-25T14:42:01","modified_gmt":"2018-08-25T19:42:01","slug":"los-mares-mexicanos-ahogados-en-contaminacion-sobreexplotacion-negligencia-oficial-baja-california","status":"publish","type":"post","link":"https:\/\/www.grieta.org.mx\/index.php\/2018\/08\/24\/los-mares-mexicanos-ahogados-en-contaminacion-sobreexplotacion-negligencia-oficial-baja-california\/","title":{"rendered":"Los mares mexicanos, ahogados en contaminaci\u00f3n, sobreexplotaci\u00f3n, negligencia oficial (Baja California)"},"content":{"rendered":"<p><img loading=\"lazy\" decoding=\"async\" data-attachment-id=\"25818\" data-permalink=\"https:\/\/www.grieta.org.mx\/index.php\/2018\/08\/24\/los-mares-mexicanos-ahogados-en-contaminacion-sobreexplotacion-negligencia-oficial-baja-california\/surfista-camina-basura-playa\/\" data-orig-file=\"https:\/\/www.grieta.org.mx\/wp-content\/uploads\/2018\/08\/SURFISTA-CAMINA-BASURA-PLAYA.png\" data-orig-size=\"1024,513\" data-comments-opened=\"0\" data-image-meta=\"{&quot;aperture&quot;:&quot;0&quot;,&quot;credit&quot;:&quot;&quot;,&quot;camera&quot;:&quot;&quot;,&quot;caption&quot;:&quot;&quot;,&quot;created_timestamp&quot;:&quot;0&quot;,&quot;copyright&quot;:&quot;&quot;,&quot;focal_length&quot;:&quot;0&quot;,&quot;iso&quot;:&quot;0&quot;,&quot;shutter_speed&quot;:&quot;0&quot;,&quot;title&quot;:&quot;&quot;,&quot;orientation&quot;:&quot;0&quot;}\" data-image-title=\"SURFISTA-CAMINA-BASURA-PLAYA\" data-image-description=\"\" data-image-caption=\"\" data-medium-file=\"https:\/\/www.grieta.org.mx\/wp-content\/uploads\/2018\/08\/SURFISTA-CAMINA-BASURA-PLAYA-300x150.png\" data-large-file=\"https:\/\/www.grieta.org.mx\/wp-content\/uploads\/2018\/08\/SURFISTA-CAMINA-BASURA-PLAYA-1024x513.png\" class=\"aligncenter size-full wp-image-25818\" src=\"http:\/\/www.grieta.org.mx\/wp-content\/uploads\/2018\/08\/SURFISTA-CAMINA-BASURA-PLAYA.png\" alt=\"\" width=\"1024\" height=\"513\" srcset=\"https:\/\/www.grieta.org.mx\/wp-content\/uploads\/2018\/08\/SURFISTA-CAMINA-BASURA-PLAYA.png 1024w, https:\/\/www.grieta.org.mx\/wp-content\/uploads\/2018\/08\/SURFISTA-CAMINA-BASURA-PLAYA-300x150.png 300w, https:\/\/www.grieta.org.mx\/wp-content\/uploads\/2018\/08\/SURFISTA-CAMINA-BASURA-PLAYA-768x385.png 768w, https:\/\/www.grieta.org.mx\/wp-content\/uploads\/2018\/08\/SURFISTA-CAMINA-BASURA-PLAYA-998x500.png 998w\" sizes=\"auto, (max-width: 1024px) 100vw, 1024px\" \/><\/p>\n<blockquote><p>La Red Oc\u00e9ano, Clima y Cambio Global del CONACYT identifica y busca soluciones a las grandes amenazas que enfrentan los mares mexicanos<\/p>\n<p>Todos@Cicese<\/p><\/blockquote>\n<p>Ensenada, Baja California, M\u00e9xico, 23 de agosto de 2018.- El cambio clim\u00e1tico, la sobreexplotaci\u00f3n pesquera, la falta de atenci\u00f3n a las especies end\u00e9micas, la contaminaci\u00f3n marina de origen terrestre, el desarrollo mal planeado de nuestros destinos tur\u00edsticos, as\u00ed como la exploraci\u00f3n, explotaci\u00f3n y transporte de hidrocarburos, son las grandes amenazas que enfrentan hoy en d\u00eda los ecosistemas marinos mexicanos.<\/p>\n<p>Esto qued\u00f3 de manifiesto durante la apertura del segundo taller que organiz\u00f3 aqu\u00ed la Red CONACYT de Oc\u00e9ano, Clima y Cambio Global, en donde los participantes coincidieron, en mayor o menor grado, en un solo aspecto: que la ciencia debe vincularse m\u00e1s estrechamente con la sociedad; debe abordar los retos que tenemos como sociedad y como pa\u00eds, y que lo debe hacer con un enfoque m\u00e1s din\u00e1mico, con inventiva y creatividad, con m\u00e1s dedicaci\u00f3n a la soluci\u00f3n de estos problemas.<\/p>\n<p>Porque los retos que tenemos (los investigadores y las instituciones acad\u00e9micas) son muy grandes. Como dijo Edgar Pav\u00eda L\u00f3pez, director de la Divisi\u00f3n de Oceanolog\u00eda del CICESE, \u201cdebemos buscar la salud del medio ambiente, en particular de los oc\u00e9anos, y esta red se aboca a identificar y resolver los problemas clim\u00e1ticos y del cambio global que son cruciales para el pa\u00eds y para el mundo\u201d.<\/p>\n<p>Esta red tem\u00e1tica del CONACYT la preside la Dra. Norma Patricia Mu\u00f1oz Sevilla, del Instituto Polit\u00e9cnico Nacional. La integran unos 150 especialistas de la academia, del gobierno, del sector privado y de la sociedad civil (136 son investigadores mexicanos provenientes de 36 instituciones) de 18 estados de la rep\u00fablica mexicana. Cuenta adem\u00e1s con la participaci\u00f3n de 15 investigadores franceses de ocho instituciones y con el apoyo de la embajada de Francia en M\u00e9xico.<\/p>\n<p><img loading=\"lazy\" decoding=\"async\" data-attachment-id=\"25819\" data-permalink=\"https:\/\/www.grieta.org.mx\/index.php\/2018\/08\/24\/los-mares-mexicanos-ahogados-en-contaminacion-sobreexplotacion-negligencia-oficial-baja-california\/cicese-red-oceano-clima-cambio-global-1\/\" data-orig-file=\"https:\/\/www.grieta.org.mx\/wp-content\/uploads\/2018\/08\/CICESE-RED-OCEANO-CLIMA-CAMBIO-GLOBAL-1.jpg\" data-orig-size=\"1024,683\" data-comments-opened=\"0\" data-image-meta=\"{&quot;aperture&quot;:&quot;0&quot;,&quot;credit&quot;:&quot;&quot;,&quot;camera&quot;:&quot;&quot;,&quot;caption&quot;:&quot;&quot;,&quot;created_timestamp&quot;:&quot;0&quot;,&quot;copyright&quot;:&quot;&quot;,&quot;focal_length&quot;:&quot;0&quot;,&quot;iso&quot;:&quot;0&quot;,&quot;shutter_speed&quot;:&quot;0&quot;,&quot;title&quot;:&quot;&quot;,&quot;orientation&quot;:&quot;0&quot;}\" data-image-title=\"CICESE-RED-OCEANO-CLIMA-CAMBIO-GLOBAL-1\" data-image-description=\"\" data-image-caption=\"\" data-medium-file=\"https:\/\/www.grieta.org.mx\/wp-content\/uploads\/2018\/08\/CICESE-RED-OCEANO-CLIMA-CAMBIO-GLOBAL-1-300x200.jpg\" data-large-file=\"https:\/\/www.grieta.org.mx\/wp-content\/uploads\/2018\/08\/CICESE-RED-OCEANO-CLIMA-CAMBIO-GLOBAL-1-1024x683.jpg\" src=\"http:\/\/www.grieta.org.mx\/wp-content\/uploads\/2018\/08\/CICESE-RED-OCEANO-CLIMA-CAMBIO-GLOBAL-1.jpg\" alt=\"\" width=\"1024\" height=\"683\" class=\"aligncenter size-full wp-image-25819\" srcset=\"https:\/\/www.grieta.org.mx\/wp-content\/uploads\/2018\/08\/CICESE-RED-OCEANO-CLIMA-CAMBIO-GLOBAL-1.jpg 1024w, https:\/\/www.grieta.org.mx\/wp-content\/uploads\/2018\/08\/CICESE-RED-OCEANO-CLIMA-CAMBIO-GLOBAL-1-300x200.jpg 300w, https:\/\/www.grieta.org.mx\/wp-content\/uploads\/2018\/08\/CICESE-RED-OCEANO-CLIMA-CAMBIO-GLOBAL-1-768x512.jpg 768w, https:\/\/www.grieta.org.mx\/wp-content\/uploads\/2018\/08\/CICESE-RED-OCEANO-CLIMA-CAMBIO-GLOBAL-1-750x500.jpg 750w\" sizes=\"auto, (max-width: 1024px) 100vw, 1024px\" \/><br \/>\nFoto: Cortes\u00eda<\/p>\n<p>Para Patricia Mu\u00f1oz, abordar el tema de los mares y costas mexicanos es importante porque se trata de un tema olvidado, que no se ha tratado. Un tema en el que se hace mucha investigaci\u00f3n en el pa\u00eds pero que no tiene el reconocimiento impl\u00edcito de su importancia por parte del gobierno.<\/p>\n<p>Puso como ejemplo la famosa Pol\u00edtica Nacional de Mares y Costas de M\u00e9xico, un documento aprobado en 2012 y publicado en su momento por la SEMARNAT, pero que nunca tuvo ning\u00fan decreto oficial por lo que, a seis a\u00f1os de distancia, no es m\u00e1s que un instrumento que no es ley ni est\u00e1 activo.<\/p>\n<p>La red est\u00e1 estructurada en tres regiones: la Noroeste, que es la m\u00e1s poderosa hablando de investigaci\u00f3n en temas de oc\u00e9anos, mares y costas. La Centro y Pac\u00edfico Sur, que ha costado mucho trabajo desarrollar porque incluye Chiapas, Oaxaca, Guerrero y Michoac\u00e1n, que casi no tienen recursos humanos ni instituciones acad\u00e9micas. Y la del Golfo de M\u00e9xico y Mar Caribe, una zona muy compleja, con vocaci\u00f3n diferente y que hoy est\u00e1 sufriendo la llegada masiva de sargazo a sus costas, provocando enormes p\u00e9rdidas econ\u00f3micas, da\u00f1os al medio ambiente y a la salud de sus habitantes.<\/p>\n<p>Es precisamente este tipo de problemas lo que obliga a trabajar de manera colaborativa, dijo la doctora Mu\u00f1oz Sevilla. Un solo investigador no puede; una sola instituci\u00f3n, tampoco. Tenemos que recurrir a la multidisciplina, a la interdisciplina, a la transdisciplina, y olvidarnos de la monodisciplina con la que hemos venido trabajando todos los investigadores en este pa\u00eds.<\/p>\n<p>As\u00ed, esta red se ha enfocado primero en elaborar un diagn\u00f3stico de nuestros mares y costas. Ya con \u00e9l, lo siguiente es estructurar propuestas, acciones y resoluciones, y ya despu\u00e9s se buscar\u00e1 el apoyo del gobierno, \u201cporque la ciencia sin el apoyo de quienes toman decisiones puede quedar en un caj\u00f3n, en informes, pero no en la soluci\u00f3n de los problemas nacionales\u201d.<\/p>\n<p><img loading=\"lazy\" decoding=\"async\" data-attachment-id=\"25820\" data-permalink=\"https:\/\/www.grieta.org.mx\/index.php\/2018\/08\/24\/los-mares-mexicanos-ahogados-en-contaminacion-sobreexplotacion-negligencia-oficial-baja-california\/mar-contaminado\/\" data-orig-file=\"https:\/\/www.grieta.org.mx\/wp-content\/uploads\/2018\/08\/MAR-CONTAMINADO.jpg\" data-orig-size=\"800,480\" data-comments-opened=\"0\" data-image-meta=\"{&quot;aperture&quot;:&quot;0&quot;,&quot;credit&quot;:&quot;&quot;,&quot;camera&quot;:&quot;&quot;,&quot;caption&quot;:&quot;&quot;,&quot;created_timestamp&quot;:&quot;0&quot;,&quot;copyright&quot;:&quot;&quot;,&quot;focal_length&quot;:&quot;0&quot;,&quot;iso&quot;:&quot;0&quot;,&quot;shutter_speed&quot;:&quot;0&quot;,&quot;title&quot;:&quot;&quot;,&quot;orientation&quot;:&quot;0&quot;}\" data-image-title=\"MAR-CONTAMINADO\" data-image-description=\"\" data-image-caption=\"\" data-medium-file=\"https:\/\/www.grieta.org.mx\/wp-content\/uploads\/2018\/08\/MAR-CONTAMINADO-300x180.jpg\" data-large-file=\"https:\/\/www.grieta.org.mx\/wp-content\/uploads\/2018\/08\/MAR-CONTAMINADO.jpg\" src=\"http:\/\/www.grieta.org.mx\/wp-content\/uploads\/2018\/08\/MAR-CONTAMINADO.jpg\" alt=\"\" width=\"800\" height=\"480\" class=\"aligncenter size-full wp-image-25820\" srcset=\"https:\/\/www.grieta.org.mx\/wp-content\/uploads\/2018\/08\/MAR-CONTAMINADO.jpg 800w, https:\/\/www.grieta.org.mx\/wp-content\/uploads\/2018\/08\/MAR-CONTAMINADO-300x180.jpg 300w, https:\/\/www.grieta.org.mx\/wp-content\/uploads\/2018\/08\/MAR-CONTAMINADO-768x461.jpg 768w\" sizes=\"auto, (max-width: 800px) 100vw, 800px\" \/><br \/>\nLa contaminaci\u00f3n de las costas y los mares mexicanos, censurable (Fotos: M\u00e9xico Nueva Era)<\/p>\n<p>Sobre lo que no se ha hecho en el pa\u00eds en investigaci\u00f3n, dijo haber detectado la falta de grupos en el tema de mitigaci\u00f3n, quiz\u00e1 no porque no haya, sino porque quienes hacen este tipo de estudios no est\u00e1n todav\u00eda en la red.<\/p>\n<p>Inform\u00f3 que Rub\u00e9n Lara, del CICESE, es el responsable de conformar un grupo y el proyecto sobre acidificaci\u00f3n de los oc\u00e9anos, y que esta red y el CEMIE-Oc\u00e9ano (coordinado por la UNAM) est\u00e1n comprometidos a encontrar soluciones a corto, mediano y largo plazo en el problema del sargazo, para lo cual se requiere hacer investigaci\u00f3n permanente.<\/p>\n<p>Ambos temas est\u00e1n englobados en la problem\u00e1tica del cambio clim\u00e1tico, por lo que surgi\u00f3 la pregunta de cu\u00e1les son, adem\u00e1s de \u00e9ste, las grandes amenazas que enfrentan los ecosistemas marinos en M\u00e9xico.<\/p>\n<p>Patricia Mu\u00f1oz consider\u00f3: Una de ellas puede ser la sobreexplotaci\u00f3n pesquera que ha tenido una gran intensidad sobre todo en el Golfo de M\u00e9xico. Otra es la falta de atenci\u00f3n que han sufrido las especies end\u00e9micas, sobre todo en el Golfo de California. Y puso como ejemplo la vaquita marina, que hoy dicen que quedan menos de 20 ejemplares.<\/p>\n<p>La contaminaci\u00f3n marina es una m\u00e1s. Por lo menos 80 por ciento de esta contaminaci\u00f3n proviene de fuentes de origen terrestre. \u201cTodo lo que viene de las cuencas altas de los r\u00edos llega tarde que temprano al mar y se incorpora. De ah\u00ed la contaminaci\u00f3n\u201d.<\/p>\n<p><img loading=\"lazy\" decoding=\"async\" data-attachment-id=\"25821\" data-permalink=\"https:\/\/www.grieta.org.mx\/index.php\/2018\/08\/24\/los-mares-mexicanos-ahogados-en-contaminacion-sobreexplotacion-negligencia-oficial-baja-california\/ixtoc-accidente-plataforma\/\" data-orig-file=\"https:\/\/www.grieta.org.mx\/wp-content\/uploads\/2018\/08\/IXTOC-ACCIDENTE-PLATAFORMA.jpg\" data-orig-size=\"800,468\" data-comments-opened=\"0\" data-image-meta=\"{&quot;aperture&quot;:&quot;0&quot;,&quot;credit&quot;:&quot;&quot;,&quot;camera&quot;:&quot;&quot;,&quot;caption&quot;:&quot;&quot;,&quot;created_timestamp&quot;:&quot;0&quot;,&quot;copyright&quot;:&quot;&quot;,&quot;focal_length&quot;:&quot;0&quot;,&quot;iso&quot;:&quot;0&quot;,&quot;shutter_speed&quot;:&quot;0&quot;,&quot;title&quot;:&quot;&quot;,&quot;orientation&quot;:&quot;0&quot;}\" data-image-title=\"IXTOC-ACCIDENTE-PLATAFORMA\" data-image-description=\"\" data-image-caption=\"\" data-medium-file=\"https:\/\/www.grieta.org.mx\/wp-content\/uploads\/2018\/08\/IXTOC-ACCIDENTE-PLATAFORMA-300x176.jpg\" data-large-file=\"https:\/\/www.grieta.org.mx\/wp-content\/uploads\/2018\/08\/IXTOC-ACCIDENTE-PLATAFORMA.jpg\" src=\"http:\/\/www.grieta.org.mx\/wp-content\/uploads\/2018\/08\/IXTOC-ACCIDENTE-PLATAFORMA.jpg\" alt=\"\" width=\"800\" height=\"468\" class=\"aligncenter size-full wp-image-25821\" srcset=\"https:\/\/www.grieta.org.mx\/wp-content\/uploads\/2018\/08\/IXTOC-ACCIDENTE-PLATAFORMA.jpg 800w, https:\/\/www.grieta.org.mx\/wp-content\/uploads\/2018\/08\/IXTOC-ACCIDENTE-PLATAFORMA-300x176.jpg 300w, https:\/\/www.grieta.org.mx\/wp-content\/uploads\/2018\/08\/IXTOC-ACCIDENTE-PLATAFORMA-768x449.jpg 768w\" sizes=\"auto, (max-width: 800px) 100vw, 800px\" \/><br \/>\nLa tragedia de la plataforma petrolera Ixtoc I; \u00bfqu\u00e9 se sabe hoy de las secuelas ambientales de ese tremendo derrame? (Foto: Facebook)<\/p>\n<p>Otra es el desarrollo mal planeado de las zonas costeras. \u201cSeguimos el modelo de \u2018sol y playa\u2019, que nos encanta. Construimos hoteles al borde de la playa, sin una planificaci\u00f3n de dejar siempre una zona de amortiguamiento porque nos encanta salir de la habitaci\u00f3n y meter un pie en el mar. Este modelo es muy destructivo. Ha causado grandes deforestaciones de manglares y de bosque tropical. No podemos seguir construyendo ese tipo de desarrollo. Tenemos que planear. Pero de nada nos sirve hacer ordenamientos marinos si no tenemos planes de manejo. Y si hacemos planes de manejo y no tenemos qui\u00e9n los aplique, pues tampoco. \u00bfPara qu\u00e9 declaramos \u00e1reas naturales protegidas en todo el Caribe Mexicano si no hay qui\u00e9n se ocupe del Caribe Mexicano? Tenemos que aprender a la no simulaci\u00f3n, a realmente tomar acciones, a planear el desarrollo. Recuerden: no hay ning\u00fan desarrollo que no tenga un impacto ambiental. Ninguno. No existe el desarrollo perfecto. Pero podemos minimizar los impactos. Si tenemos minimizados los impactos podremos tener un beneficio econ\u00f3mico y social\u201d.<\/p>\n<p>Tambi\u00e9n se refiri\u00f3 al Golfo de M\u00e9xico y su amplia vocaci\u00f3n de hidrocarburos \u201cque ha generado problemas de seguridad muy grandes que tampoco hemos sabido atender. \u00bfRecuerdan el derrame del Ixtoc? Busque en la literatura cu\u00e1ntos art\u00edculos sobre ese derrame se desarrollaron en M\u00e9xico. \u00bfQu\u00e9 seguimiento le dimos al problema? \u00bfQu\u00e9 da\u00f1os tenemos en nuestro ecosistema? Sin embargo, vaya al otro lado e indague. \u00bfQu\u00e9 acci\u00f3n tuvimos cuando la explosi\u00f3n del pozo DeepWater Horizon? Estados Unidos moviliz\u00f3 casi 400 embarcaciones y m\u00e1s de 500 kil\u00f3metros de redes para contener. \u00a1Nosotros est\u00e1bamos peleando en SEMARNAT por un recurso para que saliera el barco! Y dos semanas despu\u00e9s, cuando el petr\u00f3leo ya estaba en todo el Golfo de M\u00e9xico\u201d<\/p>\n<p><a href=\"http:\/\/www.4vientos.net\/2018\/08\/24\/los-mares-mexicanos-ahogados-en-contaminacion-sobreexplotacion-negligencia-oficial\/\" rel=\"noopener\" target=\"_blank\">http:\/\/www.4vientos.net\/2018\/08\/24\/los-mares-mexicanos-ahogados-en-contaminacion-sobreexplotacion-negligencia-oficial\/<\/a><\/p>\n","protected":false},"excerpt":{"rendered":"<p>La Red Oc\u00e9ano, Clima y Cambio Global del CONACYT identifica y busca soluciones a las grandes amenazas que enfrentan los mares mexicanos Todos@Cicese Ensenada, Baja California, M\u00e9xico, 23 de agosto &hellip; <a href=\"https:\/\/www.grieta.org.mx\/index.php\/2018\/08\/24\/los-mares-mexicanos-ahogados-en-contaminacion-sobreexplotacion-negligencia-oficial-baja-california\/\" class=\"more-link\">Leer m\u00e1s<\/a><\/p>\n","protected":false},"author":2,"featured_media":25818,"comment_status":"closed","ping_status":"closed","sticky":false,"template":"","format":"standard","meta":{"ngg_post_thumbnail":0,"_jetpack_newsletter_access":"","_jetpack_dont_email_post_to_subs":false,"_jetpack_newsletter_tier_id":0,"_jetpack_memberships_contains_paywalled_content":false,"_jetpack_memberships_contains_paid_content":false,"footnotes":""},"categories":[5,80,1581,2],"tags":[1644,1178,1646,1645,1647],"class_list":["post-25817","post","type-post","status-publish","format-standard","has-post-thumbnail","hentry","category-baja-california","category-cintillo","category-conflictos-por-contaminacion-en-baja-california","category-noticias-nacionales","tag-contaminacion-de-los-mares","tag-destruccion-de-la-naturaleza","tag-destruccion-de-manglares-y-bosque-tropical","tag-industria-hotelera","tag-industria-petrolera","entry"],"jetpack_featured_media_url":"https:\/\/www.grieta.org.mx\/wp-content\/uploads\/2018\/08\/SURFISTA-CAMINA-BASURA-PLAYA.png","jetpack_sharing_enabled":true,"jetpack_shortlink":"https:\/\/wp.me\/p7ZJR4-6Ip","jetpack_likes_enabled":false,"jetpack-related-posts":[{"id":51744,"url":"https:\/\/www.grieta.org.mx\/index.php\/2020\/07\/07\/detectan-mujeres-embarazadas-y-personas-de-la-3a-edad-laborando-en-rancho-2-mares-de-sq-baja-california\/","url_meta":{"origin":25817,"position":0},"title":"Detectan mujeres embarazadas y personas de la 3a edad laborando en rancho 2 Mares de SQ  (Baja California)","author":"grieta","date":"7 julio, 2020","format":false,"excerpt":"4 Vientos \/ Fotos: Personal de la Secretar\u00eda estatal del trabajo en negociaci\u00f3n con los jornaleros en protesta (Cortes\u00eda).La empresa agr\u00edcola Dos Mares que ayer provoc\u00f3 que cientos de trabajadores agr\u00edcolas bloquearan por m\u00e1s de 6 horas la carretera transpeninsular en el valle de San Quint\u00edn cuando se neg\u00f3 a\u2026","rel":"","context":"En &quot;Baja California&quot;","block_context":{"text":"Baja California","link":"https:\/\/www.grieta.org.mx\/index.php\/category\/noticias-nacionales\/baja-california\/"},"img":{"alt_text":"","src":"https:\/\/i0.wp.com\/www.grieta.org.mx\/wp-content\/uploads\/2018\/03\/14524434_1106112876131411_958039263622046936_o.jpg?resize=350%2C200&ssl=1","width":350,"height":200,"srcset":"https:\/\/i0.wp.com\/www.grieta.org.mx\/wp-content\/uploads\/2018\/03\/14524434_1106112876131411_958039263622046936_o.jpg?resize=350%2C200&ssl=1 1x, https:\/\/i0.wp.com\/www.grieta.org.mx\/wp-content\/uploads\/2018\/03\/14524434_1106112876131411_958039263622046936_o.jpg?resize=525%2C300&ssl=1 1.5x, https:\/\/i0.wp.com\/www.grieta.org.mx\/wp-content\/uploads\/2018\/03\/14524434_1106112876131411_958039263622046936_o.jpg?resize=700%2C400&ssl=1 2x"},"classes":[]},{"id":25193,"url":"https:\/\/www.grieta.org.mx\/index.php\/2018\/07\/28\/negligencia-de-gobiernos-de-bc-genera-demanda-internacional-por-contaminacion\/","url_meta":{"origin":25817,"position":1},"title":"Negligencia de gobiernos de BC genera demanda internacional por contaminaci\u00f3n","author":"grieta","date":"28 julio, 2018","format":false,"excerpt":"La organizaci\u00f3n ambientalista Costa Salvaje inici\u00f3 un proceso jur\u00eddico internacional en contra del gobierno de Baja California, a quien acusa de solapar la contaminaci\u00f3n de 25 kil\u00f3metros de costa binacional que provoca la planta de tratamiento que opera en San Antonio de los Buenos, Tijuana. Al respecto, Francisco Vega de\u2026","rel":"","context":"En &quot;Baja California&quot;","block_context":{"text":"Baja California","link":"https:\/\/www.grieta.org.mx\/index.php\/category\/noticias-nacionales\/baja-california\/"},"img":{"alt_text":"","src":"https:\/\/i0.wp.com\/www.grieta.org.mx\/wp-content\/uploads\/2018\/07\/PROTESTA-SAN-DIEGO-CONTAMINACION-MARINA.png?resize=350%2C200&ssl=1","width":350,"height":200,"srcset":"https:\/\/i0.wp.com\/www.grieta.org.mx\/wp-content\/uploads\/2018\/07\/PROTESTA-SAN-DIEGO-CONTAMINACION-MARINA.png?resize=350%2C200&ssl=1 1x, https:\/\/i0.wp.com\/www.grieta.org.mx\/wp-content\/uploads\/2018\/07\/PROTESTA-SAN-DIEGO-CONTAMINACION-MARINA.png?resize=525%2C300&ssl=1 1.5x, https:\/\/i0.wp.com\/www.grieta.org.mx\/wp-content\/uploads\/2018\/07\/PROTESTA-SAN-DIEGO-CONTAMINACION-MARINA.png?resize=700%2C400&ssl=1 2x"},"classes":[]},{"id":8700,"url":"https:\/\/www.grieta.org.mx\/index.php\/2016\/08\/31\/secuestro-de-migrantes-en-bc\/","url_meta":{"origin":25817,"position":2},"title":"Migrantes inundan Baja California","author":"grieta","date":"31 agosto, 2016","format":false,"excerpt":"31\/08\/16. Contin\u00faa llegada de migrantes extranjeros y mexicanos que buscan asilo en EU La Jornada Baja California 20\/08\/16. A la baja llegada de migrantes a BC que quieren asilo en EU El Sol de Puebla 10\/08\/16. Libera INM al grupo de migrantes detenidos en Mexicali La Jornada Baja California 10\/08\/16.\u2026","rel":"","context":"En &quot;Baja California&quot;","block_context":{"text":"Baja California","link":"https:\/\/www.grieta.org.mx\/index.php\/category\/noticias-nacionales\/baja-california\/"},"img":{"alt_text":"","src":"https:\/\/i0.wp.com\/www.grieta.org.mx\/wp-content\/uploads\/2018\/03\/14524434_1106112876131411_958039263622046936_o.jpg?resize=350%2C200&ssl=1","width":350,"height":200,"srcset":"https:\/\/i0.wp.com\/www.grieta.org.mx\/wp-content\/uploads\/2018\/03\/14524434_1106112876131411_958039263622046936_o.jpg?resize=350%2C200&ssl=1 1x, https:\/\/i0.wp.com\/www.grieta.org.mx\/wp-content\/uploads\/2018\/03\/14524434_1106112876131411_958039263622046936_o.jpg?resize=525%2C300&ssl=1 1.5x, https:\/\/i0.wp.com\/www.grieta.org.mx\/wp-content\/uploads\/2018\/03\/14524434_1106112876131411_958039263622046936_o.jpg?resize=700%2C400&ssl=1 2x"},"classes":[]},{"id":9168,"url":"https:\/\/www.grieta.org.mx\/index.php\/2015\/11\/18\/areas-de-la-exportadora-de-sal-de-guerrero-negro-entre-las-mas-contaminadas-del-pais\/","url_meta":{"origin":25817,"position":3},"title":"\u00c1reas de la Exportadora de Sal de Guerrero Negro, entre las m\u00e1s contaminadas del pa\u00eds","author":"grieta","date":"18 noviembre, 2015","format":false,"excerpt":"La Paz, Baja California Sur (BCS). Entre los 20 sitios contaminados prioritarios de M\u00e9xico, hay 4 lugares clasificados en Baja California Sur como pasivos ambientales, y una es un \u00e1rea donde se encuentra la Exportadora de Sal de Guerrero Negro, municipio de Muleg\u00e9, seg\u00fan el cat\u00e1logo publicado en l\u00ednea, recientemente,\u2026","rel":"","context":"En &quot;CINTILLO&quot;","block_context":{"text":"CINTILLO","link":"https:\/\/www.grieta.org.mx\/index.php\/category\/cintillo\/"},"img":{"alt_text":"","src":"https:\/\/i0.wp.com\/www.grieta.org.mx\/wp-content\/uploads\/2018\/03\/14524434_1106112876131411_958039263622046936_o.jpg?resize=350%2C200&ssl=1","width":350,"height":200,"srcset":"https:\/\/i0.wp.com\/www.grieta.org.mx\/wp-content\/uploads\/2018\/03\/14524434_1106112876131411_958039263622046936_o.jpg?resize=350%2C200&ssl=1 1x, https:\/\/i0.wp.com\/www.grieta.org.mx\/wp-content\/uploads\/2018\/03\/14524434_1106112876131411_958039263622046936_o.jpg?resize=525%2C300&ssl=1 1.5x, https:\/\/i0.wp.com\/www.grieta.org.mx\/wp-content\/uploads\/2018\/03\/14524434_1106112876131411_958039263622046936_o.jpg?resize=700%2C400&ssl=1 2x"},"classes":[]},{"id":54726,"url":"https:\/\/www.grieta.org.mx\/index.php\/2020\/10\/24\/protestan-contra-eca-y-sempra-en-ensenada-baja-california\/","url_meta":{"origin":25817,"position":4},"title":"Protestan contra ECA y SEMPRA en Ensenada (Baja California)","author":"grieta","date":"24 octubre, 2020","format":false,"excerpt":"Zeta Tijuana \/ Lorena Lamas. Foto y video: Lorena Lamas Un grupo de ciudadanos realiz\u00f3 una manifestaci\u00f3n en contra de la ampliaci\u00f3n de la planta regasificadora Energ\u00eda Costa Azul (ECA) subsidiaria de SEMPRA Energy en el corredor costero Tijuana-Ensenada. A las 16:00 horas de este s\u00e1bado 24 de octubre los\u2026","rel":"","context":"En &quot;Baja California&quot;","block_context":{"text":"Baja California","link":"https:\/\/www.grieta.org.mx\/index.php\/category\/noticias-nacionales\/baja-california\/"},"img":{"alt_text":"","src":"https:\/\/i0.wp.com\/www.grieta.org.mx\/wp-content\/uploads\/2020\/11\/1-1.jpg?resize=350%2C200&ssl=1","width":350,"height":200,"srcset":"https:\/\/i0.wp.com\/www.grieta.org.mx\/wp-content\/uploads\/2020\/11\/1-1.jpg?resize=350%2C200&ssl=1 1x, https:\/\/i0.wp.com\/www.grieta.org.mx\/wp-content\/uploads\/2020\/11\/1-1.jpg?resize=525%2C300&ssl=1 1.5x, https:\/\/i0.wp.com\/www.grieta.org.mx\/wp-content\/uploads\/2020\/11\/1-1.jpg?resize=700%2C400&ssl=1 2x"},"classes":[]},{"id":62966,"url":"https:\/\/www.grieta.org.mx\/index.php\/2021\/12\/14\/veneno-en-el-agua-de-mexico-aumenta-presencia-de-contaminantes-por-explotacion-baja-california-ciudad-de-mexico-jalisco-sonorazacatecas\/","url_meta":{"origin":25817,"position":5},"title":"\u2018Veneno\u2019 en el agua de M\u00e9xico: Aumenta presencia de contaminantes por explotaci\u00f3n (Baja California, Ciudad de M\u00e9xico Jalisco, Sonora,Zacatecas)","author":"grieta","date":"14 diciembre, 2021","format":false,"excerpt":"La presencia de niveles altos de ars\u00e9nico en pozos pas\u00f3 de 17 entidades en 2012 a 24 en 2018, seg\u00fan una investigaci\u00f3n period\u00edstica. Por Redacci\u00f3n, El Financiero, diciembre 14, 2021 | 16:53 pm hrs La extracci\u00f3n de agua fuera de control ha provocado en los \u00faltimos a\u00f1os que los pozos\u2026","rel":"","context":"En &quot;Baja California&quot;","block_context":{"text":"Baja California","link":"https:\/\/www.grieta.org.mx\/index.php\/category\/noticias-nacionales\/baja-california\/"},"img":{"alt_text":"","src":"https:\/\/i0.wp.com\/www.grieta.org.mx\/wp-content\/uploads\/2021\/12\/QD75VDSID5FJHNA6A7VZBR5H4M.jpeg?resize=350%2C200&ssl=1","width":350,"height":200,"srcset":"https:\/\/i0.wp.com\/www.grieta.org.mx\/wp-content\/uploads\/2021\/12\/QD75VDSID5FJHNA6A7VZBR5H4M.jpeg?resize=350%2C200&ssl=1 1x, https:\/\/i0.wp.com\/www.grieta.org.mx\/wp-content\/uploads\/2021\/12\/QD75VDSID5FJHNA6A7VZBR5H4M.jpeg?resize=525%2C300&ssl=1 1.5x, https:\/\/i0.wp.com\/www.grieta.org.mx\/wp-content\/uploads\/2021\/12\/QD75VDSID5FJHNA6A7VZBR5H4M.jpeg?resize=700%2C400&ssl=1 2x"},"classes":[]}],"_links":{"self":[{"href":"https:\/\/www.grieta.org.mx\/index.php\/wp-json\/wp\/v2\/posts\/25817","targetHints":{"allow":["GET"]}}],"collection":[{"href":"https:\/\/www.grieta.org.mx\/index.php\/wp-json\/wp\/v2\/posts"}],"about":[{"href":"https:\/\/www.grieta.org.mx\/index.php\/wp-json\/wp\/v2\/types\/post"}],"author":[{"embeddable":true,"href":"https:\/\/www.grieta.org.mx\/index.php\/wp-json\/wp\/v2\/users\/2"}],"replies":[{"embeddable":true,"href":"https:\/\/www.grieta.org.mx\/index.php\/wp-json\/wp\/v2\/comments?post=25817"}],"version-history":[{"count":1,"href":"https:\/\/www.grieta.org.mx\/index.php\/wp-json\/wp\/v2\/posts\/25817\/revisions"}],"predecessor-version":[{"id":25822,"href":"https:\/\/www.grieta.org.mx\/index.php\/wp-json\/wp\/v2\/posts\/25817\/revisions\/25822"}],"wp:featuredmedia":[{"embeddable":true,"href":"https:\/\/www.grieta.org.mx\/index.php\/wp-json\/wp\/v2\/media\/25818"}],"wp:attachment":[{"href":"https:\/\/www.grieta.org.mx\/index.php\/wp-json\/wp\/v2\/media?parent=25817"}],"wp:term":[{"taxonomy":"category","embeddable":true,"href":"https:\/\/www.grieta.org.mx\/index.php\/wp-json\/wp\/v2\/categories?post=25817"},{"taxonomy":"post_tag","embeddable":true,"href":"https:\/\/www.grieta.org.mx\/index.php\/wp-json\/wp\/v2\/tags?post=25817"}],"curies":[{"name":"wp","href":"https:\/\/api.w.org\/{rel}","templated":true}]}}