{"id":25747,"date":"2018-08-20T19:45:30","date_gmt":"2018-08-21T00:45:30","guid":{"rendered":"http:\/\/www.grieta.org.mx\/?p=25747"},"modified":"2018-08-23T19:46:42","modified_gmt":"2018-08-24T00:46:42","slug":"por-falta-de-mesabancos-padres-de-familia-bloquean-vialidades-en-sonora","status":"publish","type":"post","link":"https:\/\/www.grieta.org.mx\/index.php\/2018\/08\/20\/por-falta-de-mesabancos-padres-de-familia-bloquean-vialidades-en-sonora\/","title":{"rendered":"Por falta de mesabancos, padres de familia bloquean vialidades en Sonora"},"content":{"rendered":"<p><img decoding=\"async\" data-attachment-id=\"25748\" data-permalink=\"https:\/\/www.grieta.org.mx\/index.php\/2018\/08\/20\/por-falta-de-mesabancos-padres-de-familia-bloquean-vialidades-en-sonora\/cbetis\/\" data-orig-file=\"https:\/\/www.grieta.org.mx\/wp-content\/uploads\/2018\/08\/cbetis.jpg\" data-orig-size=\"710,473\" data-comments-opened=\"0\" data-image-meta=\"{&quot;aperture&quot;:&quot;0&quot;,&quot;credit&quot;:&quot;&quot;,&quot;camera&quot;:&quot;&quot;,&quot;caption&quot;:&quot;&quot;,&quot;created_timestamp&quot;:&quot;0&quot;,&quot;copyright&quot;:&quot;&quot;,&quot;focal_length&quot;:&quot;0&quot;,&quot;iso&quot;:&quot;0&quot;,&quot;shutter_speed&quot;:&quot;0&quot;,&quot;title&quot;:&quot;&quot;,&quot;orientation&quot;:&quot;0&quot;}\" data-image-title=\"cbetis\" data-image-description=\"\" data-image-caption=\"\" data-medium-file=\"https:\/\/www.grieta.org.mx\/wp-content\/uploads\/2018\/08\/cbetis-300x200.jpg\" data-large-file=\"https:\/\/www.grieta.org.mx\/wp-content\/uploads\/2018\/08\/cbetis.jpg\" src=\"http:\/\/www.grieta.org.mx\/wp-content\/uploads\/2018\/08\/cbetis.jpg\" alt=\"\" width=\"100%\" class=\"aligncenter size-full wp-image-25748\" srcset=\"https:\/\/www.grieta.org.mx\/wp-content\/uploads\/2018\/08\/cbetis.jpg 710w, https:\/\/www.grieta.org.mx\/wp-content\/uploads\/2018\/08\/cbetis-300x200.jpg 300w\" sizes=\"(max-width: 710px) 100vw, 710px\" \/><\/p>\n<p>Redacci\u00f3n\/ La Cr\u00f3nica<\/p>\n<p>HERMOSILLO, Sonora(GH)<br \/>\nPadres de familia bloquearon el bulevar Morelos y Alfredo Eguiarte, ya que afirman que alrededor de 300 alumnos del Cbtis 11 se quedaron hoy sin clases.<\/p>\n<p>Exponen que fueron notificados de la falta de aulas por lo que sus hijos no tendr\u00edan clases hoy.<\/p>\n<p>Los inconformes bloquean el lugar y ya hay conductores desesperados, pues bloquean cuatro calles: Bulevar Morelos en sus cuatro carriles, y la Alfredo Eguiarte.<\/p>\n<p>Padres de familia y estudiantes de la preparatoria afirman que habr\u00e1n de mantener el bloqueo hasta las 09:00 horas.<\/p>\n<p>Al lugar arribaron reci\u00e9n dos elementos de Tr\u00e1nsito Municipal.<\/p>\n<p><a href=\"http:\/\/www.lacronica.com\/EdicionEnLinea\/Notas\/Noticias\/20082018\/1365755-Por-falta-de-mesabancos-padres-de-familia-bloquean-vialidades-en-Sonora.html\" rel=\"noopener\" target=\"_blank\">http:\/\/www.lacronica.com\/EdicionEnLinea\/Notas\/Noticias\/20082018\/1365755-Por-falta-de-mesabancos-padres-de-familia-bloquean-vialidades-en-Sonora.html<\/a><\/p>\n","protected":false},"excerpt":{"rendered":"<p>Redacci\u00f3n\/ La Cr\u00f3nica HERMOSILLO, Sonora(GH) Padres de familia bloquearon el bulevar Morelos y Alfredo Eguiarte, ya que afirman que alrededor de 300 alumnos del Cbtis 11 se quedaron hoy sin &hellip; <a href=\"https:\/\/www.grieta.org.mx\/index.php\/2018\/08\/20\/por-falta-de-mesabancos-padres-de-familia-bloquean-vialidades-en-sonora\/\" class=\"more-link\">Leer m\u00e1s<\/a><\/p>\n","protected":false},"author":2,"featured_media":25748,"comment_status":"closed","ping_status":"closed","sticky":false,"template":"","format":"standard","meta":{"ngg_post_thumbnail":0,"_jetpack_newsletter_access":"","_jetpack_dont_email_post_to_subs":false,"_jetpack_newsletter_tier_id":0,"_jetpack_memberships_contains_paywalled_content":false,"_jetpack_memberships_contains_paid_content":false,"footnotes":""},"categories":[80,2,31,456],"tags":[718],"class_list":{"0":"post-25747","1":"post","2":"type-post","3":"status-publish","4":"format-standard","5":"has-post-thumbnail","6":"hentry","7":"category-cintillo","8":"category-noticias-nacionales","9":"category-sonora","11":"tag-estudiantes-y-padres-de-familia","12":"entry"},"jetpack_featured_media_url":"https:\/\/www.grieta.org.mx\/wp-content\/uploads\/2018\/08\/cbetis.jpg","jetpack_sharing_enabled":true,"jetpack_shortlink":"https:\/\/wp.me\/p7ZJR4-6Hh","jetpack_likes_enabled":false,"jetpack-related-posts":[{"id":13536,"url":"https:\/\/www.grieta.org.mx\/index.php\/2016\/06\/02\/bloquean-padres-de-familia-varios-puntos-de-chilpancingo\/","url_meta":{"origin":25747,"position":0},"title":"Bloquean padres de familia varios puntos de Chilpancingo","author":"grieta","date":"2 junio, 2016","format":false,"excerpt":"El Sur Alina Navarrete y Luis Blancas Chilpancingo. Padres de familia de distintas escuelas de educaci\u00f3n b\u00e1sica bloquearon al menos 16 puntos de diferentes calles, avenidas y el libramiento a Tixtla en la capital, para manifestarse contra la reforma educativa y en apoyo a los maestros. Hasta las 11:35 de\u2026","rel":"","context":"En &quot;CINTILLO&quot;","block_context":{"text":"CINTILLO","link":"https:\/\/www.grieta.org.mx\/index.php\/category\/cintillo\/"},"img":{"alt_text":"","src":"https:\/\/i0.wp.com\/www.grieta.org.mx\/wp-content\/uploads\/2018\/03\/14524434_1106112876131411_958039263622046936_o.jpg?resize=350%2C200&ssl=1","width":350,"height":200,"srcset":"https:\/\/i0.wp.com\/www.grieta.org.mx\/wp-content\/uploads\/2018\/03\/14524434_1106112876131411_958039263622046936_o.jpg?resize=350%2C200&ssl=1 1x, https:\/\/i0.wp.com\/www.grieta.org.mx\/wp-content\/uploads\/2018\/03\/14524434_1106112876131411_958039263622046936_o.jpg?resize=525%2C300&ssl=1 1.5x, https:\/\/i0.wp.com\/www.grieta.org.mx\/wp-content\/uploads\/2018\/03\/14524434_1106112876131411_958039263622046936_o.jpg?resize=700%2C400&ssl=1 2x"},"classes":[]},{"id":20871,"url":"https:\/\/www.grieta.org.mx\/index.php\/2016\/09\/03\/falta-un-maestro-en-la-telesecundaria-lazaro-cardenas-en-zacatepec-morelos\/","url_meta":{"origin":25747,"position":1},"title":"Falta un maestro en la Telesecundaria L\u00e1zaro C\u00e1rdenas en Zacatepec (MORELOS)","author":"grieta","date":"3 septiembre, 2016","format":false,"excerpt":"Redacci\u00f3n La Uni\u00f3n de Morelos. Zacatepec.- Un grupo de padres de familia de la Telesecundaria L\u00e1zaro C\u00e1rdenas de la cabecera municipal exigen a las autoridades educativas la designaci\u00f3n de un maestro para uno de los grupos de segundo grado, ya que desde el inicio del ciclo escolar no hubo docente\u2026","rel":"","context":"En &quot;CINTILLO&quot;","block_context":{"text":"CINTILLO","link":"https:\/\/www.grieta.org.mx\/index.php\/category\/cintillo\/"},"img":{"alt_text":"","src":"https:\/\/i0.wp.com\/www.grieta.org.mx\/wp-content\/uploads\/2018\/03\/14524434_1106112876131411_958039263622046936_o.jpg?resize=350%2C200&ssl=1","width":350,"height":200,"srcset":"https:\/\/i0.wp.com\/www.grieta.org.mx\/wp-content\/uploads\/2018\/03\/14524434_1106112876131411_958039263622046936_o.jpg?resize=350%2C200&ssl=1 1x, https:\/\/i0.wp.com\/www.grieta.org.mx\/wp-content\/uploads\/2018\/03\/14524434_1106112876131411_958039263622046936_o.jpg?resize=525%2C300&ssl=1 1.5x, https:\/\/i0.wp.com\/www.grieta.org.mx\/wp-content\/uploads\/2018\/03\/14524434_1106112876131411_958039263622046936_o.jpg?resize=700%2C400&ssl=1 2x"},"classes":[]},{"id":20875,"url":"https:\/\/www.grieta.org.mx\/index.php\/2016\/08\/31\/protestan-padres-de-familia-de-escuela-en-jiutepec-mor-por-falta-de-maestro\/","url_meta":{"origin":25747,"position":2},"title":"Protestan padres de familia de escuela en Jiutepec (MOR) por falta de maestro","author":"grieta","date":"31 agosto, 2016","format":false,"excerpt":"Tlaulli Preciado, Morelos. Jiutepec, Morelos.- Contin\u00faan las protestas por la falta de maestros en escuelas, no obstante que el director del Instituto de la Educaci\u00f3n B\u00e1sica del Estado de Morelos (IEBEM), Fernando Pacheco God\u00ednez, hab\u00eda asegurado que desde el lunes este problema iba a quedar resuelto. Padres de familia de\u2026","rel":"","context":"En &quot;CINTILLO&quot;","block_context":{"text":"CINTILLO","link":"https:\/\/www.grieta.org.mx\/index.php\/category\/cintillo\/"},"img":{"alt_text":"","src":"https:\/\/i0.wp.com\/www.grieta.org.mx\/wp-content\/uploads\/2018\/03\/14524434_1106112876131411_958039263622046936_o.jpg?resize=350%2C200&ssl=1","width":350,"height":200,"srcset":"https:\/\/i0.wp.com\/www.grieta.org.mx\/wp-content\/uploads\/2018\/03\/14524434_1106112876131411_958039263622046936_o.jpg?resize=350%2C200&ssl=1 1x, https:\/\/i0.wp.com\/www.grieta.org.mx\/wp-content\/uploads\/2018\/03\/14524434_1106112876131411_958039263622046936_o.jpg?resize=525%2C300&ssl=1 1.5x, https:\/\/i0.wp.com\/www.grieta.org.mx\/wp-content\/uploads\/2018\/03\/14524434_1106112876131411_958039263622046936_o.jpg?resize=700%2C400&ssl=1 2x"},"classes":[]},{"id":13539,"url":"https:\/\/www.grieta.org.mx\/index.php\/2016\/06\/03\/bloquean-padres-calles-en-la-capital-y-otras-ciudades-para-apoyar-la-lucha-de-los-maestros\/","url_meta":{"origin":25747,"position":3},"title":"Bloquean padres calles en la capital y otras ciudades en apoyo a maestros de Guerrero","author":"grieta","date":"3 junio, 2016","format":false,"excerpt":"El Sur Alina Navarrete Fern\u00e1ndez y Luis Blancas Rayo Chilpancingo. Padres de familia cuyos hijos estudian en distintas escuelas de educaci\u00f3n b\u00e1sica bloquearon 17 calles, avenidas y el viejo libramiento a Tixtla en la capital, durante m\u00e1s de dos horas para manifestarse contra la reforma educativa y en apoyo a\u2026","rel":"","context":"En &quot;CINTILLO&quot;","block_context":{"text":"CINTILLO","link":"https:\/\/www.grieta.org.mx\/index.php\/category\/cintillo\/"},"img":{"alt_text":"","src":"https:\/\/i0.wp.com\/www.grieta.org.mx\/wp-content\/uploads\/2018\/03\/14524434_1106112876131411_958039263622046936_o.jpg?resize=350%2C200&ssl=1","width":350,"height":200,"srcset":"https:\/\/i0.wp.com\/www.grieta.org.mx\/wp-content\/uploads\/2018\/03\/14524434_1106112876131411_958039263622046936_o.jpg?resize=350%2C200&ssl=1 1x, https:\/\/i0.wp.com\/www.grieta.org.mx\/wp-content\/uploads\/2018\/03\/14524434_1106112876131411_958039263622046936_o.jpg?resize=525%2C300&ssl=1 1.5x, https:\/\/i0.wp.com\/www.grieta.org.mx\/wp-content\/uploads\/2018\/03\/14524434_1106112876131411_958039263622046936_o.jpg?resize=700%2C400&ssl=1 2x"},"classes":[]},{"id":20867,"url":"https:\/\/www.grieta.org.mx\/index.php\/2016\/09\/04\/movilizaciones-de-padres-de-familia-por-educacion-publica-y-digna-en-morelos\/","url_meta":{"origin":25747,"position":4},"title":"Movilizaciones de padres de familia por educaci\u00f3n p\u00fablica y digna en Morelos","author":"grieta","date":"4 septiembre, 2016","format":false,"excerpt":"04\/09\/16. Malestar de padres de familia por compactaci\u00f3n de grupos en Primaria de Yautepec La Uni\u00f3n de Morelos 03\/09\/16. Falta un maestro en la Telesecundaria L\u00e1zaro C\u00e1rdenas en Zacatepec La Uni\u00f3n de Morelos 31\/08\/16. Protestan padres de familia de escuela en Jiutepec por falta de maestro La Uni\u00f3n de Morelos","rel":"","context":"En &quot;Morelos&quot;","block_context":{"text":"Morelos","link":"https:\/\/www.grieta.org.mx\/index.php\/category\/noticias-nacionales\/morelos\/"},"img":{"alt_text":"","src":"https:\/\/i0.wp.com\/www.grieta.org.mx\/wp-content\/uploads\/2018\/03\/14524434_1106112876131411_958039263622046936_o.jpg?resize=350%2C200&ssl=1","width":350,"height":200,"srcset":"https:\/\/i0.wp.com\/www.grieta.org.mx\/wp-content\/uploads\/2018\/03\/14524434_1106112876131411_958039263622046936_o.jpg?resize=350%2C200&ssl=1 1x, https:\/\/i0.wp.com\/www.grieta.org.mx\/wp-content\/uploads\/2018\/03\/14524434_1106112876131411_958039263622046936_o.jpg?resize=525%2C300&ssl=1 1.5x, https:\/\/i0.wp.com\/www.grieta.org.mx\/wp-content\/uploads\/2018\/03\/14524434_1106112876131411_958039263622046936_o.jpg?resize=700%2C400&ssl=1 2x"},"classes":[]},{"id":15851,"url":"https:\/\/www.grieta.org.mx\/index.php\/2016\/07\/02\/padres-de-familia-bloquean-autopista-en-apoyo-a-maestros-del-cnte\/","url_meta":{"origin":25747,"position":5},"title":"Padres de familia bloquean autopista en apoyo a maestros del CNTE","author":"grieta","date":"2 julio, 2016","format":false,"excerpt":"Chalco, M\u00e9x.- 2 de Julio 2016.- Una centena de padres de familia, estudiantes y profesores de la Preparatoria n\u00famero 30 del municipio de Chalco realizaron manifestaci\u00f3n en la caseta de cobro n\u00famero 71 de Caminos y Puentes Federales (CAPUFE), en apoyo a los maestros de la Coordinadora Nacional de Trabajadores\u2026","rel":"","context":"En &quot;CINTILLO&quot;","block_context":{"text":"CINTILLO","link":"https:\/\/www.grieta.org.mx\/index.php\/category\/cintillo\/"},"img":{"alt_text":"","src":"https:\/\/i0.wp.com\/www.grieta.org.mx\/wp-content\/uploads\/2018\/03\/14524434_1106112876131411_958039263622046936_o.jpg?resize=350%2C200&ssl=1","width":350,"height":200,"srcset":"https:\/\/i0.wp.com\/www.grieta.org.mx\/wp-content\/uploads\/2018\/03\/14524434_1106112876131411_958039263622046936_o.jpg?resize=350%2C200&ssl=1 1x, https:\/\/i0.wp.com\/www.grieta.org.mx\/wp-content\/uploads\/2018\/03\/14524434_1106112876131411_958039263622046936_o.jpg?resize=525%2C300&ssl=1 1.5x, https:\/\/i0.wp.com\/www.grieta.org.mx\/wp-content\/uploads\/2018\/03\/14524434_1106112876131411_958039263622046936_o.jpg?resize=700%2C400&ssl=1 2x"},"classes":[]}],"_links":{"self":[{"href":"https:\/\/www.grieta.org.mx\/index.php\/wp-json\/wp\/v2\/posts\/25747","targetHints":{"allow":["GET"]}}],"collection":[{"href":"https:\/\/www.grieta.org.mx\/index.php\/wp-json\/wp\/v2\/posts"}],"about":[{"href":"https:\/\/www.grieta.org.mx\/index.php\/wp-json\/wp\/v2\/types\/post"}],"author":[{"embeddable":true,"href":"https:\/\/www.grieta.org.mx\/index.php\/wp-json\/wp\/v2\/users\/2"}],"replies":[{"embeddable":true,"href":"https:\/\/www.grieta.org.mx\/index.php\/wp-json\/wp\/v2\/comments?post=25747"}],"version-history":[{"count":1,"href":"https:\/\/www.grieta.org.mx\/index.php\/wp-json\/wp\/v2\/posts\/25747\/revisions"}],"predecessor-version":[{"id":25749,"href":"https:\/\/www.grieta.org.mx\/index.php\/wp-json\/wp\/v2\/posts\/25747\/revisions\/25749"}],"wp:featuredmedia":[{"embeddable":true,"href":"https:\/\/www.grieta.org.mx\/index.php\/wp-json\/wp\/v2\/media\/25748"}],"wp:attachment":[{"href":"https:\/\/www.grieta.org.mx\/index.php\/wp-json\/wp\/v2\/media?parent=25747"}],"wp:term":[{"taxonomy":"category","embeddable":true,"href":"https:\/\/www.grieta.org.mx\/index.php\/wp-json\/wp\/v2\/categories?post=25747"},{"taxonomy":"post_tag","embeddable":true,"href":"https:\/\/www.grieta.org.mx\/index.php\/wp-json\/wp\/v2\/tags?post=25747"}],"curies":[{"name":"wp","href":"https:\/\/api.w.org\/{rel}","templated":true}]}}