{"id":25733,"date":"2018-08-21T22:45:00","date_gmt":"2018-08-22T03:45:00","guid":{"rendered":"http:\/\/www.grieta.org.mx\/?p=25733"},"modified":"2018-08-21T22:50:08","modified_gmt":"2018-08-22T03:50:08","slug":"300-segunda-parte-un-continente-como-patio-trasero-un-pais-como-cementerio-un-pensamiento-unico-como-programa-de-gobierno-y-una-pequena-muy-pequena-pequenisima-rebeldia-subcomandante-insurgent","status":"publish","type":"post","link":"https:\/\/www.grieta.org.mx\/index.php\/2018\/08\/21\/300-segunda-parte-un-continente-como-patio-trasero-un-pais-como-cementerio-un-pensamiento-unico-como-programa-de-gobierno-y-una-pequena-muy-pequena-pequenisima-rebeldia-subcomandante-insurgent\/","title":{"rendered":"300. Segunda parte: UN CONTINENTE COMO PATIO TRASERO, UN PA\u00cdS COMO CEMENTERIO, UN PENSAMIENTO \u00daNICO COMO PROGRAMA DE GOBIERNO, Y UNA PEQUE\u00d1A, MUY PEQUE\u00d1A, PEQUE\u00d1\u00cdSIMA REBELD\u00cdA. Subcomandante Insurgente Mois\u00e9s, SupGaleano"},"content":{"rendered":"<p>300.<\/p>\n<p>Segunda parte:<\/p>\n<p>UN CONTINENTE COMO PATIO TRASERO, UN PA\u00cdS COMO CEMENTERIO, UN PENSAMIENTO \u00daNICO COMO PROGRAMA DE GOBIERNO, Y UNA PEQUE\u00d1A, MUY PEQUE\u00d1A, PEQUE\u00d1\u00cdSIMA REBELD\u00cdA.<\/p>\n<p>  Del mundo bajamos al continente.<\/p>\n<p>  Si miramos hacia arriba\u2026<\/p>\n<p>  Vemos los ejemplos de Ecuador, Brasil y Argentina, donde no s\u00f3lo desplazan a los gobiernos supuestamente progresistas, sino que tambi\u00e9n los persiguen jur\u00eddicamente y, en su lugar, ascienden gobiernos entrenados como buenos capataces, o capataces obedientes al capital (aunque, seamos justos, son bastante torpes a\u00fan en su cinismo) para el nuevo reacomodo de la finca mundial, que son como Temer en Brasil, Macri en Argentina y en Ecuador, el que era bueno porque lo puso el ahora perseguido Correa (el de la \u201crevoluci\u00f3n ciudadana\u201d \u2013\u201cde izquierda\u201d, as\u00ed lo vendi\u00f3 la intelectualidad progresista-) y ahora resulta que es de derecha, que es Lenin Moreno -parad\u00f3jicamente se llama Lenin-.<\/p>\n<p>  Bajo la vigilancia del Estado que se ha convertido en el polic\u00eda de la regi\u00f3n -Colombia-, y desde el cual se amenaza, se desestabiliza y se planean provocaciones que justifiquen invasiones de \u201cfuerzas de paz\u201d, en toda Sudam\u00e9rica se vuelve a los brutales tiempos de la Colonia, ahora con el \u201cnuevo\u201d extractivismo, que no es sino el ancestral saqueo de recursos naturales, tipificados como \u201cmaterias primas\u201d, y que, en los gobiernos progresistas de la regi\u00f3n, se avala y promueve como un \u201cextractivismo de izquierda\u201d -que viene siendo algo as\u00ed como un capitalismo de izquierda o una izquierda capitalista o a saber qu\u00e9 quiere decir eso-, pero igual destruyen y despojan, s\u00f3lo que es por una \u201cbuena causa\u201d (\u00bf?).  Cualquier cr\u00edtica o movimiento opositor a la destrucci\u00f3n de los territorios de los originarios es catalogada como \u201cpromovida por el Imperio\u201d, \u201cde aliento derechista\u201d, y dem\u00e1s equivalentes a \u201ces un complot de la mafia del Poder\u201d.<\/p>\n<p>  En suma, en el continente, el \u201cpatio trasero\u201d del Capital se extiende hasta el Cabo de Hornos.<\/p>\n<p>  Pero si miramos hacia abajo\u2026<\/p>\n<p>  Vemos rebeld\u00edas y resistencias, en primer t\u00e9rmino, de los pueblos originarios.  Ser\u00eda injusto nombrarlos a todos, pues siempre se correr\u00eda el riesgo de omitir algunos.  Pero su identidad resalta en su lucha.  Ah\u00ed donde la m\u00e1quina encuentra resistencia a su avance depredador, la rebeld\u00eda se viste de colores nuevos de tan antiguos y habla lenguas \u201cextra\u00f1as\u201d.  El despojo, tambi\u00e9n disfrazado de renta de la tierra, trata de imponer su l\u00f3gica mercantil a quienes se refieren a la tierra como la madre.<\/p>\n<p>  Estas resistencias son acompa\u00f1adas por grupos, colectivos y organizaciones que, sin ser propiamente de los originarios, comparten con ellos empe\u00f1o y destino, es decir, coraz\u00f3n.  Por ello sufren calumnias, persecuciones, encarcelamientos y, no pocas veces, la muerte.<\/p>\n<p>  Para la m\u00e1quina, los originarios son cosas, incapaces de pensar, sentir y decidir; as\u00ed que no es ajena a su l\u00f3gica automatizada el pensar que estos grupos en realidad \u201cdirigen\u201d, \u201cusan\u201d y \u201cmal orientan\u201d a esas \u201ccosas\u201d (los originarios) que se niegan a abrazar la idea de que todo es una mercanc\u00eda.  Todo, incluyendo su historia, lengua, cultura.<\/p>\n<p>  Para el sistema, el destino de los originarios est\u00e1 en los museos, las especialidades de antropolog\u00eda, los mercados de artesan\u00edas, y la imagen de la mano tendida esperando limosna.  Debe ser desesperante, para los te\u00f3ricos y abogados de la m\u00e1quina, ese analfabetismo que no entiende las palabras: \u201cconsumo\u201d, \u201cganancia\u201d, \u201cprogreso\u201d, \u201corden\u201d, \u201cmodernidad\u201d, \u201cconformismo\u201d, \u201ccompra-venta\u201d, \u201crendici\u00f3n\u201d, \u201cclaudicaci\u00f3n\u201d.  Para alfabetizar a esos remisos de la civilizaci\u00f3n, son buenos los programas asistenciales que dividen y confrontan, los barrotes de la c\u00e1rcel, el plomo y la desaparici\u00f3n.  Y s\u00ed, hay quien se vende y entrega a los suyos al verdugo, pero hay comunidades que se mantienen rebeldes porque saben que nacieron para la vida, y que las promesas de \u201cprogreso\u201d esconden la muerte peor: la del olvido.<\/p>\n<p>  Seguimos a Centroam\u00e9rica (donde en Nicaragua se reedita Shakespeare, y la pareja Macbeth, Daniel y Rosario, se preguntan \u201c\u00bfQui\u00e9n se iba a imaginar que el viejo (Sandino) tuviera tanta sangre en el cuerpo?\u201d mientras intentan, en vano, limpiarse las manos en una bandera rojinegra), que se empieza a transformar, de un territorio olvidado (despu\u00e9s de un saqueo despiadado), en un problema para el gran capital porque es un gran proveedor, y trampol\u00edn, de migrantes; y eso le va a asignar a M\u00e9xico, y en concreto al sureste mexicano, el papel de muro.<\/p>\n<p>  Y decidimos incluir a M\u00e9xico en Centroam\u00e9rica porque su historia lo llama a la Am\u00e9rica Latina y, a\u00fan en los mapamundis, Centroam\u00e9rica es el brazo que se extienden quienes son hermanados por el dolor y la rabia.<\/p>\n<p>  Pero a los gobiernos distintos que ha padecido y padecer\u00e1 este pa\u00eds, y a su clase pol\u00edtica, la vocaci\u00f3n extranjera les lleva a admirar, imitar, servir y procurar \u201cla anexi\u00f3n de los pueblos de nuestra Am\u00e9rica al Norte revuelto y brutal que los desprecia\u201d (Jos\u00e9 Mart\u00ed, \u201cCarta a Manuel Mercado\u201d, 18 de mayo de 1895).<\/p>\n<p>  Cuando Donald Trump dice que quiere construir el muro, todos est\u00e1n pensando en el R\u00edo Bravo, pero el capital est\u00e1 pensando en el Suchiate, el Usumancita y el Hondo.  En realidad el muro estar\u00e1 en M\u00e9xico para detener a los que vienen de Centroam\u00e9rica y esto tal vez pueda ayudar a entender por qu\u00e9 Donald Trump, el 1 de julio, salud\u00f3 al Juanito Trump, que hab\u00eda ganado las elecciones en M\u00e9xico.<\/p>\n<p>  El sentido de un muro lo da su contraposici\u00f3n a \u201calgo\u201d.  Todos los muros se erigen contra ese \u201calgo\u201d; ll\u00e1mense zombis, extraterrestres, delincuentes, indocumentados, migrantes, \u201csans papiers\u201d, ilegales, clandestinos, ajenos.  Los muros no son sino el s\u00edmil de la puerta y las ventanas cerradas de una casa, que as\u00ed se protege del extranjero, del extra\u00f1o, del Alien que, en su diferencia lleva la promesa del apocalipsis final.  Una de las ra\u00edces de la palabra \u201cetnia\u201d la remite a \u201cla gente extranjera\u201d.<\/p>\n<p>  En los planes del capital, el muro contra Am\u00e9rica Latina tendr\u00e1 la forma del imposible cuerno de la abundancia y se llamar\u00e1 \u201cM\u00e9xico\u201d.<\/p>\n<p>  En la regi\u00f3n sureste, como ya dijimos, se construye la primera etapa del muro de Trump.  La oficina \u201cnacional\u201d de Migraci\u00f3n se seguir\u00e1 comportando como subordinada de la Border Patrol; y Guatemala y Belice son la \u00faltima estaci\u00f3n antes de ingresar a la aduana de Norteam\u00e9rica.  Esto convierte al sureste mexicano en una de las prioridades de conquista y administraci\u00f3n.<\/p>\n<p>  Por eso, en los nuevos planes \u201cgeopol\u00edticos\u201d, se ofrece crear un \u201ccolch\u00f3n\u201d, un \u201camortiguador\u201d, un filtro que reduzca dr\u00e1sticamente la migraci\u00f3n.  Se ofrece, as\u00ed, un placebo para aliviar la pesadilla del capital: una horda de zombis (es decir, de migrantes) al pie de sus muros, amenazando sus formas de vida y \u201crayando\u201d, en la indiferente superficie de hierro y concreto, el grafiti que se\u00f1ala:<\/p>\n<p>\u201cTu bienestar est\u00e1 construido sobre mi desgracia\u201d.<\/p>\n<p>-*-<\/p>\n<p>  En este pa\u00eds, llamado tambi\u00e9n \u201cRep\u00fablica Mexicana\u201d, las pasadas elecciones federales consiguieron ocultar la realidad\u2026 por un instante: la crisis econ\u00f3mica, la descomposici\u00f3n social (con su larga cauda de feminicidios), y la consolidaci\u00f3n (a pesar de los supuestos \u201cgolpes mortales\u201d al narco) de los Estados paralelos (o imbricados con el Nacional) del llamado \u201ccrimen organizado\u201d.  Aunque por poco tiempo, los asesinatos, secuestros y desapariciones de mujeres de todas las edades, pasaron a segundo plano.  Lo mismo con la carest\u00eda y el desempleo.  Pero, apag\u00e1ndose ya el entusiasmo por el resultado electoral, la realidad vuelve a decir \u201caqu\u00ed estoy, falta mi voto\u2026 y mi guada\u00f1a\u201d.<\/p>\n<p>  Sobre el horror que ha convertido a M\u00e9xico en un cementerio y en el limbo, el no-lugar, de las desapariciones, no diremos mucho.  Bastar\u00eda atender a los medios para darse una vaga idea.  Pero una descripci\u00f3n, an\u00e1lisis y valoraci\u00f3n m\u00e1s profunda, se puede encontrar en las participaciones de Jacobo Day\u00e1n, M\u00f3nica Meltis, Irene Tello Arista, Daniela Rea, Marcela Turati, Ximena Antill\u00f3n, Mariana Mora, Edith Escare\u00f1o, Mauricio Gonz\u00e1lez Gonz\u00e1lez y John Gibler, en el semillero de abril de este a\u00f1o, \u201cMiradas, Escuchas, Palabras; \u00bfProhibido Pensar?\u201d, en el CIDECI de San Crist\u00f3bal de las Casas, Chiapas; y en sus escritos, cr\u00f3nicas, reportajes y columnas.  Y aun as\u00ed, leer o escuchar sobre el horror cotidiano, es muy lejano a vivirlo como cotidianeidad.<\/p>\n<p>  Al gran capital no le importan las desapariciones, los secuestros y los feminicidios.  Lo que le preocupa es SU seguridad y la de SUS programas.  La corrupci\u00f3n que le incomoda es la que recorta su ganancia.  Por esto es que se le propone \u201cYo voy a hacer un buen capataz, voy a tener a la peonada tranquila y contenta, vas a volver a tener la seguridad que los gobiernos pasados te escatimaron, vas a poder sacar lo que quieres sacar, y no te voy a robar nada\u201d.<\/p>\n<p>  Al sistema le sigue estorbando una cosa que es el Estado Nacional y le va a asignar cada vez m\u00e1s la \u00fanica funci\u00f3n para la que nace cualquier Estado, es decir, asegurar por medio de la fuerza, la relaci\u00f3n entre dominadores y dominados.<\/p>\n<p>  Los planes de desarrollo de los nuevos gobiernos en cualquier parte del mundo no son sino declaraciones de guerra particulares en los territorios donde esos planes de desarrollo se van a operar.<\/p>\n<p>  Si se hablara sin palabrer\u00eda hueca, se dir\u00eda que se propone construir p\u00e1ramos y desiertos, y, al mismo tiempo, se construye ya la coartada para eludir la responsabilidad de esa destrucci\u00f3n: \u201cte aniquilamos, pero fue por el bien de todos\u201d.<\/p>\n<p>-*-<\/p>\n<p>  Me equivoqu\u00e9.  Nosotros hab\u00edamos previsto que iba a haber un fraude electoral (y lo hubo, pero en otro sentido).  Hab\u00edamos previsto que L\u00f3pez Obrador iba a ganar, pero que el sistema le iba a escatimar el triunfo con trampas.  Y est\u00e1bamos pensando en cu\u00e1les eran las opciones del sistema despu\u00e9s de ese fraude.  Seg\u00fan nuestro an\u00e1lisis, no les preocupaba un esc\u00e1ndalo porque ya hab\u00edan soportado el de la Casa Blanca, Ayotzinapa, la Estafa Maestra, las corrupciones en los gobiernos de los estados, y entonces en caso de que se hiciera un esc\u00e1ndalo por un fraude, a Pe\u00f1a Nieto ni le iba ni le ven\u00eda.  Pensamos que el dilema del sistema era elegir entre Meade y Anaya, elegir cu\u00e1l era m\u00e1s de derecha, m\u00e1s eficaz para sus planes, qui\u00e9n de ellos ser\u00eda un mejor capataz.<\/p>\n<p>  Las posibilidades de una resistencia sostenida y radical del entonces candidato que iba a ser defraudado eran m\u00ednimas, entonces no iba a pasar nada de peligro para el sistema, pero s\u00ed iba a haber protestas.  Es la disculpa que les presento, porque pensando en eso es que retrasamos la convocatoria a las redes, porque cre\u00edmos que iba a haber protestas, bloqueos y todo eso, y si los invit\u00e1bamos a lo mejor se quedaban atorados en cualquier parte; por eso les lleg\u00f3 tarde la convocatoria, disculpen.<\/p>\n<p>  Nosotras, nosotros, nosotroas, zapatistas, siempre nos preparamos para lo peor.  Si ocurre, est\u00e1bamos preparados.  Si no ocurre, pues igual est\u00e1bamos preparados.<\/p>\n<p>  Entonces nosotros pensamos ahora, por lo que estamos viendo, que no nos equivocamos, que en efecto el sistema escogi\u00f3, de entre los cuatro candidatos al que se propone como m\u00e1s eficiente, el se\u00f1or L\u00f3pez Obrador.   Y las pruebas de amor que dio el se\u00f1or L\u00f3pez Obrador, o que est\u00e1 dando este se\u00f1or, para el gran capital, o sea para el finquero, son, entre otros, la entrega de los territorios de los pueblos originarios.  Sus proyectos para el sureste, por mencionar algunos, para el Istmo, para Chiapas, Tabasco, Yucat\u00e1n y Campeche, son, en realidad, proyectos de despojo.<\/p>\n<p>  Y lo principal que le preocupa a un gobierno que sale es la impunidad, no sus \u00edndices de popularidad.  Entonces el \u201cvoto\u201d gubernamental deb\u00eda orientarse a quien le garantizara el no ser perseguido.  Que el exilio o la c\u00e1rcel no fueran el siempre necesario recurso de la legitimidad para el nuevo.  El nuevo capataz deb\u00eda prometer (y probar) que no criminalizar\u00eda al capataz pasado.<\/p>\n<p>  Pero no crean que el nuevo gobierno va a ser como cualquier otro capataz, con \u00e9l viene el \u201cnuevo\u201d pensamiento \u00fanico.<\/p>\n<p>  Hay una especie de nueva religi\u00f3n que se est\u00e1 gestando.  Como que ya no basta la religi\u00f3n del mercado, que aparece en todos los lugares donde los gobiernos de derecha empiezan a hacerse del poder, sino que es como una especie de nueva moral que se impone con el argumento cuantitativo y que ataca el quehacer cient\u00edfico, el arte y la lucha social.<\/p>\n<p>  Ya las luchas no son por una demanda, sino que hay luchas buenas y hay luchas malas.  Para ponerlo en un lenguaje que entiendan: est\u00e1n las luchas buenas y est\u00e1n las luchas que sirven a la mafia del poder, el arte \u201cbueno\u201d y el que sirva a la mafia del poder, el quehacer cient\u00edfico \u201ccorrecto\u201d y el que sirva a la mafia del poder.  Todo lo que no se gu\u00ede por el nuevo pensamiento \u00fanico que se est\u00e1 normando, es parte del enemigo.  Y la fe, o la nueva fe que se est\u00e1 gestando ahora, necesitan de un individuo excepcional, por un lado, y una masa que lo siga.<\/p>\n<p>  Esto ha pasado en otras partes de la historia mundial, y ahora va a empezar a pasar ac\u00e1.  Por eso, a las cr\u00edticas y se\u00f1alamientos que hagan ustedes, o que hagamos nosotros, no se responde con argumentos sino se dice, por ejemplo, que somos groseros o que es que tenemos envidia.<\/p>\n<p>  No dudamos de que haya gente que, honestamente, haya pensado que el cambio prometido, adem\u00e1s de barato (s\u00f3lo hab\u00eda que cruzar una boleta), apuntar\u00eda a un cambio real o \u201cverdadero\u201d.  Debe dar bronca que, en el panorama de all\u00e1 arriba, se repitan los nombres de los criminales de antes, aunque hayan cambiado a guinda su color.<\/p>\n<p>  Pero la vocaci\u00f3n de derechas del nuevo equipo de gobierno es innegable.  Y su entorno \u201cintelectual\u201d y social reivindica sin rubor su tendencia autoritaria.  El gui\u00f3n que se\u00f1alamos hace 13 a\u00f1os, en 2005, se est\u00e1 siguiendo al pie de la letra.  Quien fue ruin en la derrota, es ruin en la victoria.  Decir que el pr\u00f3ximo gobierno es de izquierda o progresista, no es sino una calumnia.  Usamos entonces el s\u00edmil del huevo de la serpiente.  Hay una pel\u00edcula que se llama as\u00ed, de Ingmar Bergman, y hay una parte donde un doctor (que, por cierto, lo interpretaba el actor de Kung Fu, David Carradine) explica que lo que est\u00e1 pasando en Alemania en ese entonces -que luego va a hacerse fascista- se puede ver como el huevo de una serpiente, que si lo ves a contraluz, se ve adentro lo que trae, y en ese entonces se estaba viendo adentro lo que ahora est\u00e1 pasando.<\/p>\n<p>  Ustedes saben que todo el esfuerzo del Partido Movimiento de Regeneraci\u00f3n Nacional, y de L\u00f3pez Obrador y su equipo, desde el 1\u00ba de julio, es por congraciarse con la clase dominante y con el gran capital.   No hay ning\u00fan indicio (nadie se puede llamar a enga\u00f1o), ning\u00fan indicio que diga que es un gobierno progresista, ninguno.  Sus principales proyectos van a destruir los territorios de los pueblos originarios: el mill\u00f3n de hect\u00e1reas en la Lacandona, el Tren Maya, o el corredor del Istmo que quieren hacer, entre otros.  Su franca empat\u00eda con el gobierno de Donald Trump es ya una confesi\u00f3n p\u00fablica.  Su \u201cluna de miel\u201d con los empresarios y los grandes capitales est\u00e1 representada en los principales puestos de su gabinete y en sus planes para la \u201cIV transformaci\u00f3n\u201d.<\/p>\n<p>  Creemos que es claro que el benepl\u00e1cito del Poder, del Dinero al \u201ctriunfo\u201d de L\u00f3pez Obrador, fue m\u00e1s all\u00e1 del reconocimiento.  En el gran capital hay un verdadero entusiasmo por las oportunidades de conquista que se presentan con el programa de gobierno lopezobradorista.<\/p>\n<p>  Tenemos algunos datos duros y muchos chismes (no se pueden comprobar) sobre lo sucedido en el pasado proceso electoral.  No los damos a conocer porque de ellos se podr\u00eda deducir que hubo un fraude, y nada m\u00e1s alejado de nuestras intenciones que el intentar agriar la euforia que invade a los \u201c30 millones\u201d.<\/p>\n<p>  Pero lo que nadie quiere se\u00f1alar es que hubo una especie de \u201cmadruguete medi\u00e1tico\u201d, tal y como sucedi\u00f3 en las anteriores elecciones: la de Calder\u00f3n y la de Pe\u00f1a Nieto.  Es decir, no fueron \u201clas instituciones\u201d quienes dijeron qui\u00e9n gan\u00f3, sino los medios.  Cuando el Programa de Resultados Preliminares Electorales (PREP) apenas iniciaba, Televisa y TvAzteca ya dec\u00edan qui\u00e9n era el ganador; unos minutos despu\u00e9s, con menos del 1% de los votos contabilizados, el aval de Meade, de Anaya y de la Calderona.  Pasadas unas horas, el \u201ccamarada\u201d Trump se congratula, y en la madrugada del d\u00eda 2, el ya nombrable, Carlos Salinas de Gortari, se suma a las felicitaciones.  Sin conocerse los resultados oficiales, inicia el besamanos que el PRI convirti\u00f3 en patrimonio nacional.  \u00bfY el INE?  Pues cumpliendo la funci\u00f3n para la que fue creado: ser el Pati\u00f1o de la \u201cdemocracia electoral\u201d.  Las \u201cinstituciones\u201d responsables del proceso se limitaron a seguir el alud medi\u00e1tico.<\/p>\n<p>  La intelectualidad progresista que, en caso de que no fuera su l\u00edder, hubiera denunciado lo ocurrido como un \u201cgolpe de Estado medi\u00e1tico\u201d, ahora suscribe, sin rubor alguno, el \u201chaiga sido como haiga sido\u201d: \u201cganamos, ya no importa c\u00f3mo\u201d.  El asunto es que todo parece indicar que el resultado fue negociado y acordado fuera de las urnas y del calendario electoral.  Pero ya nada de eso importa, el gran elector decret\u00f3: \u201cHabemus Capataz, a seguir con los negocios\u201d.<\/p>\n<p>  Este nuevo pensamiento \u00fanico va a suplir el argumento de la raz\u00f3n, por el argumento cuantitativo: \u201c30 millones no pueden equivocarse\u201d, que fue el que us\u00f3 el padre no me acuerdo c\u00f3mo se llama, \u00bfSolalinde?, \u00e9se (perd\u00f3n, es que nunca lo pronuncio bien y el SubMoy siempre me est\u00e1 corrigiendo), y que se est\u00e1 usando a cada rato: \u201c\u00bfpor qu\u00e9 se oponen a 30 millones?  Ustedes son apenas 300 personas y adem\u00e1s son sucias, feas, malas y groseras\u201d.  Bueno, hablan de ustedes (las redes), yo s\u00f3lo soy grosero.<\/p>\n<p> Con esta nueva forma de fe (frente a ella, nosotros estamos insistiendo que falta el voto que vale, que es el voto de la realidad), es como se empieza a imponer en el imaginario colectivo la raz\u00f3n de la cantidad sobre el an\u00e1lisis y la raz\u00f3n argumentada.<\/p>\n<p>  Y la historia se empieza a reescribir para convertirse en la nueva Historia oficial.  En ella, todos los movimientos sociales y pol\u00edticos del pasado en realidad apuntaban a llevar a la presidencia a L\u00f3pez Obrador.  Ya le\u00edmos que el movimiento del 68 no fue sino el antecedente del \u201cfin de los tiempos\u201d, 50 a\u00f1os despu\u00e9s.  Ya le\u00edmos que se purifica a Manuel Bartlett y a criminales semejantes porque est\u00e1n del lado del ganador.  Ya le\u00edmos que Alfonso Romo es un empresario \u201chonesto\u201d que s\u00f3lo tiene inter\u00e9s en mejorar a su pr\u00f3jimo.<\/p>\n<p>  Ya le\u00edmos que, quienes ayer eran del PRI, del PAN, del PRD, del Verde Ecologista, o que se foguearon como militantes en la far\u00e1ndula, ahora son preclaros l\u00edderes de la IV transformaci\u00f3n.  Y ya le\u00edmos tambi\u00e9n que \u00a1el alzamiento zapatista de 1994 fue el preludio del alzamiento \u201cciudadano\u201d de 2018!  Y el l\u00edder ya indic\u00f3 que se hagan elaboraciones te\u00f3ricas sobre su ascenso al Poder.  No falta mucho para que los historiadores afines, modifiquen los libros de texto de historia.<\/p>\n<p> Advertimos que viene un alud, un tsunami, de an\u00e1lisis fr\u00edvolos y chabacanos, de nuevas religiones laicas, de profetas menores -muy menores-, porque tienen la plataforma para hacer eso.  Habr\u00e1 muchos sapos para quien quiera tragarlos.  Y. puesto que hablamos de neo religi\u00f3n, las ruedas de molino se democratizar\u00e1n para que todos puedan comulgar.<\/p>\n<p>  Aparecer\u00e1n los nuevos \u201cboy scouts\u201d, los ni\u00f1os exploradores dispuestos a hacer el bien, aunque mirando bien a qui\u00e9n.<\/p>\n<p>  Los \u201crepresentantes de los ciudadanos\u201d promoviendo la ciudadanizaci\u00f3n: lo que quieren los \u201caut\u00f3ctonos\u201d (me cae que as\u00ed nos dicen) es ser como quien los despoja.  Ser \u201ciguales\u201d, as\u00ed sea en la fugaz temporalidad de la urna, y \u201clibres\u201d a la hora de firmar la concesi\u00f3n para la mina-hotel-v\u00eda f\u00e9rrea, el contrato de \u201cempleo\u201d, los pagos a plazos, el \u201capoyo firme a nuestro presidente\u201d, la solicitud de \u201capoyo gubernamental\u201d.<\/p>\n<p>  Habr\u00e1 un auge previsible de la gestor\u00eda pero, en lugar de recursos, tendr\u00e1n interlocuci\u00f3n.  Y eso vale, aunque no haya paga.  Porque el modelo de \u201cventanillas\u201d se descentralizar\u00e1.  Ya no se tendr\u00e1 que ir a un edificio, formarse y darse cuenta, despu\u00e9s de una larga fila, de que falt\u00f3 la copia rosa.  Ahora la ventanilla ir\u00e1 a su lugar: \u201cpida, nosotros vamos; como comprobante recibir\u00e1 usted una promesa\u201d.<\/p>\n<p>  Si hay quien nada tiene, es probable que tenga la esperanza.  Los nuevos timadores se encargar\u00e1n de administrar esa esperanza, de dosificar su aliento y de convertirla en la quimera que consuela pero no resuelve.<\/p>\n<p>  Se reciclar\u00e1 el argumento que se usa en cierto sector de la lucha social, que dice que no es posible cambiar el sistema, que lo que hay que hacer es administrar o limar sus filos para que no lastimen mucho, o sea, que podemos convertirlos en buenos capataces, incluso llegar a crear un buen capitalismo, y que es posible cambiar al sistema desde dentro.<\/p>\n<p>  Ya se adivina la figura a trav\u00e9s del cascar\u00f3n: se demanda la claudicaci\u00f3n de la raz\u00f3n y el pensamiento cr\u00edtico; el enaltecimiento del nacionalismo con base al autoritarismo \u201cbueno\u201d; la persecuci\u00f3n de lo diferente; la legitimidad ganada por griter\u00edo; la neo religi\u00f3n laica; la unanimidad impuesta; la claudicaci\u00f3n de la cr\u00edtica; y el nuevo lema nacional: \u201cProhibido Pensar\u201d.  En suma: la hegemon\u00eda y la homogeneidad que sustentan los fascismos que se niegan a reconocerse como tales.<\/p>\n<p>-*-<\/p>\n<p>  \u00bfSon conceptos que permiten entender (y actuar) los que se presentan a la mano?  \u00bfT\u00e9rminos como \u201cciudadan\u00eda\u201d, \u201cjuventud\u201d, \u201cmujeres\u201d, \u201cprogreso\u201d, \u201cdesarrollo\u201d, \u201cmodernidad\u201d, \u201cdemocracia electoral\u201d como sin\u00f3nimo de democracia?<\/p>\n<p>  El t\u00e9rmino \u201cciudadano\u201d no sirve como concepto para entender lo que sucede: \u201cCiudadano\u201d es Carlos Slim, como lo es el campesino despojado por el nuevo aeropuerto de la Ciudad de M\u00e9xico.  Lo es Ricardo Salinas Pliego, y quien vive en la calle despu\u00e9s del terremoto de septiembre del 2017.  Lo es Alfonso Romo, y los miembros de la comunidad tzeltal que ser\u00e1n despojados de sus tierras para que pase un tren en el que los turistas se tomen \u201cselfies\u201d.<\/p>\n<p>  Otro: \u201cjuventud\u201d.  \u201cJ\u00f3venes\u201d son las hijas de Pe\u00f1a Nieto, y las trabajadoras y estudiantes asesinadas.<\/p>\n<p>  Otro: \u201cmujeres\u201d.  \u201cMujeres\u201d son la Aramburuzavala, la Gonda, la S\u00e1nchez Cordero, la Gonz\u00e1lez Blanco Ortiz Mena, la Merkel y la May, y lo son las asesinadas de Ciudad Ju\u00e1rez, las violadas en cualquier rinc\u00f3n del mundo, las golpeadas, las explotadas, las perseguidas, las encarceladas, las desaparecidas.<\/p>\n<p>  Todos los conceptos que eliminen la divisi\u00f3n o que no ayuden a entender una divisi\u00f3n de clase entre dominadores y dominados, son un enga\u00f1o y permiten que convivan, en uno, unos y otros.  Esta transversalidad -que le dicen- entre el capital y el trabajo, no sirve para nada, no explica nada y lleva a una convivencia perversa entre explotador y explotado y, por un momento, parece que son lo mismo aunque no sea as\u00ed.<\/p>\n<p>  Viene tambi\u00e9n ese intento de volver al sistema de antes, ese salto imposible hacia atr\u00e1s al \u201cEstado de Bienestar\u201d, al \u201cEstado Benefactor\u201d de Keynes, al viejo PRI (por eso alguien bromeaba que la primera transformaci\u00f3n fue PNR; luego la segunda fue PRM; la tercera fue PRI, y ahora la cuarta transformaci\u00f3n es PRIMOR).<\/p>\n<p>  Y con eso viene la a\u00f1eja discusi\u00f3n entre reforma y revoluci\u00f3n.  Los \u201cdebates\u201d entre los \u201cradicales\u201d que pugnaban por la revoluci\u00f3n, y los \u201cfresas\u201d que estaban por un cambio gradual, por las reformas paulatinas hasta llegar al reino de la felicidad.  Esas discusiones se daban antes en los caf\u00e9s.  Las \u00e1goras de ahora son las redes sociales y se puede seguir ese ejercicio de autoerotismo en los \u201cinfluencers\u201d (o como se diga).<\/p>\n<p>  Nosotros pensamos que ni siquiera es necesario discutir eso, porque la reforma no es posible ya; lo que destruy\u00f3 el capitalismo ya no es salvable, ya no puede haber un capitalismo bueno (pensamos que nunca ha existido esa posibilidad), tenemos que destruirlo totalmente.<\/p>\n<p>  Y parafraseando lo dicho por las zapatistas en el Encuentro de Mujeres que Luchan: no basta con prenderle fuego al sistema: hay que estar pendientes de que se consuma totalmente y s\u00f3lo queden cenizas.<\/p>\n<p>  De esto ya hablaremos en otra ocasi\u00f3n.  Por ahora s\u00f3lo queremos se\u00f1alar que la contrarrevoluci\u00f3n social s\u00ed es posible  No s\u00f3lo es posible, sino que va a acechar continuamente, porque van a tratar de aniquilar toda lucha externa a este proceso de domesticaci\u00f3n que va a seguir  Va a tratar de ser arrasada, sobre todo con violencia.<\/p>\n<p>  No s\u00f3lo en marginaci\u00f3n, no s\u00f3lo en calumnias, sino que va a incluir los ataques paramilitares, militares, policiacos.<\/p>\n<p>  Para todo aquel que desaf\u00ede estas reglas nuevas -que en realidad son las viejas- no va a haber amnist\u00eda, ni perd\u00f3n, ni absoluci\u00f3n, ni abrazos, ni fotos; va a haber la muerte y la destrucci\u00f3n.<\/p>\n<p>  La lucha contra la corrupci\u00f3n (que no es otra cosa que la lucha por una buena administraci\u00f3n del dominio) no s\u00f3lo no incluye la lucha por la libertad y la justicia, sino que se le contrapone, porque con la coartada de la lucha contra la corrupci\u00f3n se pugna por un aparato de Estado m\u00e1s eficiente en la casi \u00fanica funci\u00f3n que detenta el Estado Nacional: la represi\u00f3n.  Pronto, ni \u00e9sa.<\/p>\n<p>  El gobierno dejar\u00e1 de ser el capataz ladr\u00f3n que se queda con varias vaquillas y toretes que no reporta al finquero.  El nuevo capataz no robar\u00e1, le entregar\u00e1 al patr\u00f3n la ganancia \u00edntegra.<\/p>\n<p>  Quieren devolverle al Estado Nacional, en este caso M\u00e9xico, sus funciones reales.  Es decir, cuando se habla de que se necesita la seguridad, es la seguridad del capital; es la implantaci\u00f3n y el perfeccionamiento de un nuevo estado policial: \u201cvoy a hacer bien las cosas porque voy a vigilar todo\u201d.  La seguridad reclamada por la \u201cciudadanizaci\u00f3n\u201d es, en los hechos, la reimplantaci\u00f3n de un sistema polic\u00edaco, un muro modernizado y profesionalizado que sepa distinguir entre \u201clos buenos\u201d y \u201clos malos\u201d.<\/p>\n<p>   Se profesionalizar\u00e1 la polic\u00eda de la ciudad del Capital.  Ah\u00ed se reducir\u00e1 el \u00edndice criminal y habr\u00e1 polic\u00edas \u201cbell@s\u201d que ayudar\u00e1n a l@s ancian@s a cruzar la calle, buscar\u00e1n a las mascotas extraviadas y ver\u00e1n que el tr\u00e1fico sea amable para quien importa: los autom\u00f3viles.<\/p>\n<p>  Afuera, en la periferia, seguir\u00e1 adelante el contubernio entre quien debe prevenir y perseguir el delito, y quien lo comete.  Pero, en compensaci\u00f3n, se fomentar\u00e1 el turismo extremo: en la ciudad del Capital se organizar\u00e1n \u201ctours\u201d y \u201csafaris\u201d para conocer esas raras creaturas que habitan las sombras; los turistas podr\u00e1n tomarse una \u201cselfie\u201d con el joven detenido-golpeado-asesinado, con su sangre confundiendo los colores de los tatuajes, matando el brillo de los piercings y estoperoles, manchando el verde-morado-azul-rojo-naranja del cabello.  \u00bfQui\u00e9n era?  \u00bfA qui\u00e9n le importa?  En una \u201cselfie\u201d todo lo que no sea el \u201cyo\u201d es pura escenograf\u00eda, una an\u00e9cdota, una emoci\u00f3n \u201cfuerte\u201d para lucir en el feis, en instagram, los chats, las autobiograf\u00edas.  Y, en el altavoz del veh\u00edculo blindado, la gu\u00eda de turistas, amable, advierte: \u201cles recordamos que el consumo de tacos, tortas y dem\u00e1s garnachas son por su cuenta y riesgo; la empresa no se hace responsable de indigestiones, gastritis e infecciones estomacales.  Para quienes bajaron, aqu\u00ed tenemos gel antibacterial\u201d.<\/p>\n<p>  El nuevo gobierno promete recuperar el monopolio del uso de la fuerza (que le fue arrebatada por el llamado \u201ccrimen organizado\u201d).  Pero ya no s\u00f3lo con las polic\u00edas y ej\u00e9rcitos tradicionales.  Tambi\u00e9n con los \u201cnuevos\u201d vigilantes: las nuevas camisas \u201cpardas\u201d o guindas, en las que se van a convertir los feligreses de la nueva religi\u00f3n laica; la masa que va a estar atacando a los movimientos sociales que no se domestiquen.  Los reciclados \u201cbatallones rojos\u201d (ahora \u201cguindas\u201d, por la IV transformaci\u00f3n) que habr\u00e1n de completar la \u201climpieza\u201d de suci@s, fe@s, mal@s y groser@s, y todo aquel que se resista al orden, el progreso y el desarrollo.<\/p>\n<p>-*-<\/p>\n<p>  Entonces seguimos bajando, pues, a ver c\u00f3mo est\u00e1n resistiendo (junto a otras organizaciones, grupos y colectivos), nuestras comunidades, -ahorita aqu\u00ed con nosotros est\u00e1 parte de la direcci\u00f3n colectiva del EZLN, 90 comandantas y comandantes, son m\u00e1s pero son los que nos est\u00e1n acompa\u00f1ando esta vez para honrar la visita de ustedes (las redes)-.<\/p>\n<p>  Nosotros seguimos caminando con dos pies: la rebeld\u00eda y la resistencia, el no y el s\u00ed; el no al sistema y el s\u00ed a nuestra autonom\u00eda, que quiere decir que tenemos que construir nuestro propio camino hacia la vida.  El nuestro est\u00e1 basado en algunas de las ra\u00edces de las comunidades originarias (o ind\u00edgenas): el colectivo, el apoyo mutuo y solidario, el apego a la tierra, el cultivo de las artes y las ciencias, y la vigilancia constante contra la acumulaci\u00f3n de riqueza.  Eso, y las ciencias y las artes, son nuestra gu\u00eda.  Es nuestro \u201cmodo\u201d, pero pensamos que en otras historias e identidades, es diferente.  Por eso nosotros decimos el zapatismo no se puede exportar, ni siquiera en el territorio de Chiapas, sino que cada calendario y geograf\u00eda tiene que seguir con su propia l\u00f3gica.<\/p>\n<p>  Los resultados de nuestro caminar est\u00e1n a la vista de quien quiera mirar, analizar y criticar.  Aunque, claro, nuestra rebeld\u00eda es tan, pero tan peque\u00f1a, que se necesitar\u00eda un microscopio o, mejor a\u00fan, un periscopio invertido para detectarla.<\/p>\n<p>  Y tampoco es un ejercicio muy alentador: nuestras posibilidades son m\u00ednimas.<\/p>\n<p>  No llegamos, ni de lejos, a los 30 millones.<\/p>\n<p>  Tal vez s\u00f3lo seamos 300.<\/p>\n<p>-*-<\/p>\n<p>(Continuar\u00e1\u2026)<\/p>\n<p><a href=\"http:\/\/enlacezapatista.ezln.org.mx\/2018\/08\/21\/300-segunda-parte-un-continente-como-patio-trasero-un-pais-como-cementerio-un-pensamiento-unico-como-programa-de-gobierno-y-una-pequena-muy-pequena-pequenisima-rebeldia-subcomandante-insurgent\/\">http:\/\/enlacezapatista.ezln.org.mx\/2018\/08\/21\/300-segunda-parte-un-continente-como-patio-trasero-un-pais-como-cementerio-un-pensamiento-unico-como-programa-de-gobierno-y-una-pequena-muy-pequena-pequenisima-rebeldia-subcomandante-insurgent\/<\/a><\/p>\n","protected":false},"excerpt":{"rendered":"<p>300. Segunda parte: UN CONTINENTE COMO PATIO TRASERO, UN PA\u00cdS COMO CEMENTERIO, UN PENSAMIENTO \u00daNICO COMO PROGRAMA DE GOBIERNO, Y UNA PEQUE\u00d1A, MUY PEQUE\u00d1A, PEQUE\u00d1\u00cdSIMA REBELD\u00cdA. Del mundo bajamos al &hellip; <a href=\"https:\/\/www.grieta.org.mx\/index.php\/2018\/08\/21\/300-segunda-parte-un-continente-como-patio-trasero-un-pais-como-cementerio-un-pensamiento-unico-como-programa-de-gobierno-y-una-pequena-muy-pequena-pequenisima-rebeldia-subcomandante-insurgent\/\" class=\"more-link\">Leer m\u00e1s<\/a><\/p>\n","protected":false},"author":2,"featured_media":21928,"comment_status":"closed","ping_status":"closed","sticky":false,"template":"","format":"standard","meta":{"ngg_post_thumbnail":0,"_jetpack_newsletter_access":"","_jetpack_dont_email_post_to_subs":false,"_jetpack_newsletter_tier_id":0,"_jetpack_memberships_contains_paywalled_content":false,"_jetpack_memberships_contains_paid_content":false,"footnotes":""},"categories":[80,74,1529,908,907],"tags":[],"class_list":["post-25733","post","type-post","status-publish","format-standard","has-post-thumbnail","hentry","category-cintillo","category-ezln","category-encuentro-de-redes-de-apoyo-al-cig","category-eventos","category-ezln-2","entry"],"jetpack_featured_media_url":"https:\/\/www.grieta.org.mx\/wp-content\/uploads\/2018\/03\/14524434_1106112876131411_958039263622046936_o.jpg","jetpack_sharing_enabled":true,"jetpack_shortlink":"https:\/\/wp.me\/p7ZJR4-6H3","jetpack_likes_enabled":false,"jetpack-related-posts":[{"id":65417,"url":"https:\/\/www.grieta.org.mx\/index.php\/2022\/10\/03\/invitacion-a-celebrar-la-resistencia-y-la-rebeldia-a-dos-anos-de-la-toma-del-inpi\/","url_meta":{"origin":25733,"position":0},"title":"La comunidad Otom\u00ed residente en la CDMX INVITA A CELEBRAR DOS A\u00d1OS DE LA TOMA DEL INPI","author":"grieta","date":"3 octubre, 2022","format":false,"excerpt":"Desde la Casa de los Pueblos y las Comunidades ind\u00edgenas \"Samir Flores Soberanes\" la comunidad Otom\u00ed residente en la Ciudad de M\u00e9xico, invita a los que viven y luchan abajo y a la izquierda en M\u00e9xico y el mundo a celebrar con ellos la resistencia y rebeld\u00eda a dos a\u00f1os\u2026","rel":"","context":"En &quot;CINTILLO&quot;","block_context":{"text":"CINTILLO","link":"https:\/\/www.grieta.org.mx\/index.php\/category\/cintillo\/"},"img":{"alt_text":"","src":"https:\/\/i0.wp.com\/www.grieta.org.mx\/wp-content\/uploads\/2022\/10\/66F9061D-95FD-4E29-AAF3-5F392F809B3F.jpeg?resize=350%2C200&ssl=1","width":350,"height":200,"srcset":"https:\/\/i0.wp.com\/www.grieta.org.mx\/wp-content\/uploads\/2022\/10\/66F9061D-95FD-4E29-AAF3-5F392F809B3F.jpeg?resize=350%2C200&ssl=1 1x, https:\/\/i0.wp.com\/www.grieta.org.mx\/wp-content\/uploads\/2022\/10\/66F9061D-95FD-4E29-AAF3-5F392F809B3F.jpeg?resize=525%2C300&ssl=1 1.5x, https:\/\/i0.wp.com\/www.grieta.org.mx\/wp-content\/uploads\/2022\/10\/66F9061D-95FD-4E29-AAF3-5F392F809B3F.jpeg?resize=700%2C400&ssl=1 2x, https:\/\/i0.wp.com\/www.grieta.org.mx\/wp-content\/uploads\/2022\/10\/66F9061D-95FD-4E29-AAF3-5F392F809B3F.jpeg?resize=1050%2C600&ssl=1 3x"},"classes":[]},{"id":55166,"url":"https:\/\/www.grieta.org.mx\/index.php\/2020\/11\/12\/en-resistencia-y-solidaridad-jalisco-reclama-alto-a-las-agresiones-contra-las-comunidades-zapatistas\/","url_meta":{"origin":25733,"position":1},"title":"En resistencia y solidaridad, Jalisco reclama \u00a1Alto a las agresiones contra las comunidades zapatistas!","author":"grieta","date":"12 noviembre, 2020","format":false,"excerpt":"Foto: Christian Cantero En punto de las 5:00 p.m. este jueves 12 de noviembre, personas solidarias adherentes a la Sexta se reunieron en el Parque Rojo para demandar \u00a1alto! a las agresiones que recientemente han sufrido las comunidades zapatistas en Chiapas por el grupo paramilitar ORCAO. Con un despliegue de\u2026","rel":"","context":"En &quot;Alto a la Guerra contra los pueblos zapatistas&quot;","block_context":{"text":"Alto a la Guerra contra los pueblos zapatistas","link":"https:\/\/www.grieta.org.mx\/index.php\/category\/redes-de-resistencia-y-rebeldia\/contra-la-guerra-al-ezln\/"},"img":{"alt_text":"","src":"https:\/\/i0.wp.com\/www.grieta.org.mx\/wp-content\/uploads\/2020\/11\/Lonas_Acciones-Zapatistas_Christian-Cantero.jpg?resize=350%2C200&ssl=1","width":350,"height":200,"srcset":"https:\/\/i0.wp.com\/www.grieta.org.mx\/wp-content\/uploads\/2020\/11\/Lonas_Acciones-Zapatistas_Christian-Cantero.jpg?resize=350%2C200&ssl=1 1x, https:\/\/i0.wp.com\/www.grieta.org.mx\/wp-content\/uploads\/2020\/11\/Lonas_Acciones-Zapatistas_Christian-Cantero.jpg?resize=525%2C300&ssl=1 1.5x, https:\/\/i0.wp.com\/www.grieta.org.mx\/wp-content\/uploads\/2020\/11\/Lonas_Acciones-Zapatistas_Christian-Cantero.jpg?resize=700%2C400&ssl=1 2x, https:\/\/i0.wp.com\/www.grieta.org.mx\/wp-content\/uploads\/2020\/11\/Lonas_Acciones-Zapatistas_Christian-Cantero.jpg?resize=1050%2C600&ssl=1 3x"},"classes":[]},{"id":56871,"url":"https:\/\/www.grieta.org.mx\/index.php\/2020\/12\/01\/red-de-resistencia-y-rebeldia-instala-bazar-colectivo-de-artesanias-veracruz\/","url_meta":{"origin":25733,"position":2},"title":"Red de Resistencia y Rebeld\u00eda instala bazar colectivo de artesan\u00edas (Veracruz)","author":"grieta","date":"1 diciembre, 2020","format":false,"excerpt":"Rub\u00e9n Licona V\u00e1zquez \/ El Dictamen Red de Resistencia y Rebeld\u00eda instala bazar colectivo de artesan\u00edas, con la finalidad de apoyar a los comerciantes informales en esta \u00e9poca da\u00f1ada por la pandemia En busca de generar econom\u00eda para micro comerciantes informales en medio de la pandemia del Covid-19, y al\u2026","rel":"","context":"En &quot;Alto a la Guerra contra los pueblos zapatistas&quot;","block_context":{"text":"Alto a la Guerra contra los pueblos zapatistas","link":"https:\/\/www.grieta.org.mx\/index.php\/category\/redes-de-resistencia-y-rebeldia\/contra-la-guerra-al-ezln\/"},"img":{"alt_text":"","src":"https:\/\/i0.wp.com\/www.grieta.org.mx\/wp-content\/uploads\/2021\/02\/Screenshot_2021-02-09-Red-de-Resistencia-y-Rebeldia-instala-bazar-colectivo-de-artesanias.png?resize=350%2C200&ssl=1","width":350,"height":200,"srcset":"https:\/\/i0.wp.com\/www.grieta.org.mx\/wp-content\/uploads\/2021\/02\/Screenshot_2021-02-09-Red-de-Resistencia-y-Rebeldia-instala-bazar-colectivo-de-artesanias.png?resize=350%2C200&ssl=1 1x, https:\/\/i0.wp.com\/www.grieta.org.mx\/wp-content\/uploads\/2021\/02\/Screenshot_2021-02-09-Red-de-Resistencia-y-Rebeldia-instala-bazar-colectivo-de-artesanias.png?resize=525%2C300&ssl=1 1.5x, https:\/\/i0.wp.com\/www.grieta.org.mx\/wp-content\/uploads\/2021\/02\/Screenshot_2021-02-09-Red-de-Resistencia-y-Rebeldia-instala-bazar-colectivo-de-artesanias.png?resize=700%2C400&ssl=1 2x"},"classes":[]},{"id":50496,"url":"https:\/\/www.grieta.org.mx\/index.php\/2020\/06\/07\/red-de-rebeldia-y-resistencia-de-slp-exige-liberacion-de-companera-detenida-en-manifestaciones-del-5-de-junio\/","url_meta":{"origin":25733,"position":3},"title":"Red de Rebeld\u00eda y Resistencia de SLP exige liberaci\u00f3n de compa\u00f1era detenida en manifestaciones del 5 de junio","author":"grieta","date":"7 junio, 2020","format":false,"excerpt":"Colectivo Grieta\/Ciudad de M\u00e9xico 7 junio 2020 La Red de Rebeld\u00eda y Resistencia de San Luis Potos\u00ed exigi\u00f3 la libertad total de Claudia Hern\u00e1ndez Herrera, quien fue detenida arbitraria e ilegalmente el 5 de junio durante las manifestaciones en la capital potosina en repudio a la violencia policiaca y los\u2026","rel":"","context":"En &quot;CINTILLO&quot;","block_context":{"text":"CINTILLO","link":"https:\/\/www.grieta.org.mx\/index.php\/category\/cintillo\/"},"img":{"alt_text":"","src":"https:\/\/i0.wp.com\/www.grieta.org.mx\/wp-content\/uploads\/2020\/06\/101824332_938156489923103_6830463275520345783_o.jpg?resize=350%2C200&ssl=1","width":350,"height":200,"srcset":"https:\/\/i0.wp.com\/www.grieta.org.mx\/wp-content\/uploads\/2020\/06\/101824332_938156489923103_6830463275520345783_o.jpg?resize=350%2C200&ssl=1 1x, https:\/\/i0.wp.com\/www.grieta.org.mx\/wp-content\/uploads\/2020\/06\/101824332_938156489923103_6830463275520345783_o.jpg?resize=525%2C300&ssl=1 1.5x"},"classes":[]},{"id":54919,"url":"https:\/\/www.grieta.org.mx\/index.php\/2020\/11\/10\/los-zapatistas-denuncian-el-secuestro-de-un-base-de-apoyo-por-paramilitares-de-la-orcao\/","url_meta":{"origin":25733,"position":4},"title":"LOS ZAPATISTAS DENUNCIAN EL SECUESTRO DE UN BASE DE APOYO POR PARAMILITARES DE LA ORCAO","author":"grieta","date":"10 noviembre, 2020","format":false,"excerpt":"\u00a0 \u00a0 DENUNCIA DE LA JUNTA DE BUEN GOBIERNO ZAPATISTA \u201cNUEVO AMANECER EN RESISTENCIA Y REBELD\u00cdA POR LA VIDA Y LA HUMANIDAD\u201d, Caracol Patria Nueva, Chiapas Zapatista. \u00a0 10 DE NOVIEMBRE DEL 2020. A LAS ORGANIZACIONES DEFENSORAS DE LOS DERECHOS HUMANOS: A LA SEXTA NACIONAL E INTERNACIONAL: A LAS REDES\u2026","rel":"","context":"En &quot;CINTILLO&quot;","block_context":{"text":"CINTILLO","link":"https:\/\/www.grieta.org.mx\/index.php\/category\/cintillo\/"},"img":{"alt_text":"","src":"https:\/\/i0.wp.com\/www.grieta.org.mx\/wp-content\/uploads\/2020\/11\/Com-276x300.png?resize=350%2C200","width":350,"height":200},"classes":[]},{"id":40202,"url":"https:\/\/www.grieta.org.mx\/index.php\/2019\/10\/14\/pueblo-mixteco-se-declara-municipio-indigena-y-libre-no-es-solo-un-acto-de-rebeldia-es-dignificar-a-la-gente-oaxaca\/","url_meta":{"origin":25733,"position":5},"title":"Pueblo mixteco se declara municipio ind\u00edgena y libre; no es solo un acto de rebeld\u00eda es dignificar a la gente (Oaxaca)","author":"grieta","date":"14 octubre, 2019","format":false,"excerpt":"P\u00e1gina 3 \/ Pedro Mat\u00edas. *Yucuquime de Ocampo se separa de Tezoatl\u00e1n de Segura y Luna. *Su decisi\u00f3n se hace en el marco de la campa\u00f1a Samir Flores Vive. Oaxaca, Oax.- En el marco de la campa\u00f1a \u201cSamir Flores vive\u201d, el pueblo mixteco de Yucuquimi de Ocampo se declar\u00f3 \u201cmunicipio\u2026","rel":"","context":"En &quot;CINTILLO&quot;","block_context":{"text":"CINTILLO","link":"https:\/\/www.grieta.org.mx\/index.php\/category\/cintillo\/"},"img":{"alt_text":"","src":"https:\/\/i0.wp.com\/www.grieta.org.mx\/wp-content\/uploads\/2018\/03\/14524434_1106112876131411_958039263622046936_o.jpg?resize=350%2C200&ssl=1","width":350,"height":200,"srcset":"https:\/\/i0.wp.com\/www.grieta.org.mx\/wp-content\/uploads\/2018\/03\/14524434_1106112876131411_958039263622046936_o.jpg?resize=350%2C200&ssl=1 1x, https:\/\/i0.wp.com\/www.grieta.org.mx\/wp-content\/uploads\/2018\/03\/14524434_1106112876131411_958039263622046936_o.jpg?resize=525%2C300&ssl=1 1.5x, https:\/\/i0.wp.com\/www.grieta.org.mx\/wp-content\/uploads\/2018\/03\/14524434_1106112876131411_958039263622046936_o.jpg?resize=700%2C400&ssl=1 2x"},"classes":[]}],"_links":{"self":[{"href":"https:\/\/www.grieta.org.mx\/index.php\/wp-json\/wp\/v2\/posts\/25733","targetHints":{"allow":["GET"]}}],"collection":[{"href":"https:\/\/www.grieta.org.mx\/index.php\/wp-json\/wp\/v2\/posts"}],"about":[{"href":"https:\/\/www.grieta.org.mx\/index.php\/wp-json\/wp\/v2\/types\/post"}],"author":[{"embeddable":true,"href":"https:\/\/www.grieta.org.mx\/index.php\/wp-json\/wp\/v2\/users\/2"}],"replies":[{"embeddable":true,"href":"https:\/\/www.grieta.org.mx\/index.php\/wp-json\/wp\/v2\/comments?post=25733"}],"version-history":[{"count":1,"href":"https:\/\/www.grieta.org.mx\/index.php\/wp-json\/wp\/v2\/posts\/25733\/revisions"}],"predecessor-version":[{"id":25739,"href":"https:\/\/www.grieta.org.mx\/index.php\/wp-json\/wp\/v2\/posts\/25733\/revisions\/25739"}],"wp:featuredmedia":[{"embeddable":true,"href":"https:\/\/www.grieta.org.mx\/index.php\/wp-json\/wp\/v2\/media\/21928"}],"wp:attachment":[{"href":"https:\/\/www.grieta.org.mx\/index.php\/wp-json\/wp\/v2\/media?parent=25733"}],"wp:term":[{"taxonomy":"category","embeddable":true,"href":"https:\/\/www.grieta.org.mx\/index.php\/wp-json\/wp\/v2\/categories?post=25733"},{"taxonomy":"post_tag","embeddable":true,"href":"https:\/\/www.grieta.org.mx\/index.php\/wp-json\/wp\/v2\/tags?post=25733"}],"curies":[{"name":"wp","href":"https:\/\/api.w.org\/{rel}","templated":true}]}}