{"id":25700,"date":"2018-07-31T02:23:23","date_gmt":"2018-07-31T07:23:23","guid":{"rendered":"http:\/\/www.grieta.org.mx\/?p=25700"},"modified":"2018-08-19T02:30:47","modified_gmt":"2018-08-19T07:30:47","slug":"no-nos-vamos-a-callar-familiares-y-amigos-de-ruben-espinosa-al-exigir-justicia-por-caso-narvarte","status":"publish","type":"post","link":"https:\/\/www.grieta.org.mx\/index.php\/2018\/07\/31\/no-nos-vamos-a-callar-familiares-y-amigos-de-ruben-espinosa-al-exigir-justicia-por-caso-narvarte\/","title":{"rendered":"\u201cNo nos vamos a callar\u201d: familiares y amigos de Rub\u00e9n Espinosa al exigir justicia por caso Narvarte"},"content":{"rendered":"<p>No\u00e9 Zavaleta \/ Proceso<\/p>\n<p><img loading=\"lazy\" decoding=\"async\" data-attachment-id=\"25701\" data-permalink=\"https:\/\/www.grieta.org.mx\/index.php\/2018\/07\/31\/no-nos-vamos-a-callar-familiares-y-amigos-de-ruben-espinosa-al-exigir-justicia-por-caso-narvarte\/jjj-1\/\" data-orig-file=\"https:\/\/www.grieta.org.mx\/wp-content\/uploads\/2018\/08\/jjj-1.jpg\" data-orig-size=\"1024,683\" data-comments-opened=\"0\" data-image-meta=\"{&quot;aperture&quot;:&quot;0&quot;,&quot;credit&quot;:&quot;&quot;,&quot;camera&quot;:&quot;&quot;,&quot;caption&quot;:&quot;&quot;,&quot;created_timestamp&quot;:&quot;0&quot;,&quot;copyright&quot;:&quot;&quot;,&quot;focal_length&quot;:&quot;0&quot;,&quot;iso&quot;:&quot;0&quot;,&quot;shutter_speed&quot;:&quot;0&quot;,&quot;title&quot;:&quot;&quot;,&quot;orientation&quot;:&quot;0&quot;}\" data-image-title=\"jjj-1\" data-image-description=\"\" data-image-caption=\"\" data-medium-file=\"https:\/\/www.grieta.org.mx\/wp-content\/uploads\/2018\/08\/jjj-1-300x200.jpg\" data-large-file=\"https:\/\/www.grieta.org.mx\/wp-content\/uploads\/2018\/08\/jjj-1-1024x683.jpg\" src=\"http:\/\/www.grieta.org.mx\/wp-content\/uploads\/2018\/08\/jjj-1.jpg\" alt=\"\" width=\"1024\" height=\"683\" class=\"aligncenter size-full wp-image-25701\" srcset=\"https:\/\/www.grieta.org.mx\/wp-content\/uploads\/2018\/08\/jjj-1.jpg 1024w, https:\/\/www.grieta.org.mx\/wp-content\/uploads\/2018\/08\/jjj-1-300x200.jpg 300w, https:\/\/www.grieta.org.mx\/wp-content\/uploads\/2018\/08\/jjj-1-768x512.jpg 768w, https:\/\/www.grieta.org.mx\/wp-content\/uploads\/2018\/08\/jjj-1-750x500.jpg 750w\" sizes=\"auto, (max-width: 1024px) 100vw, 1024px\" \/><\/p>\n<blockquote><p>XALAPA, Ver. (apro).- Un mural con los rostros de Rub\u00e9n Espinosa, fotoperiodista colaborador de Proceso, y de Nadia Vera, activista cultural, con las leyendas \u201cEn Defensa de la Memoria\u201d y \u201cJusticia para Todos\u201d, sirvi\u00f3 para conmemorar el tercer aniversario del multihomicidio de la colonia Narvarte, en la Ciudad de M\u00e9xico, y exigir justicia, pues el crimen contin\u00faa impune.<\/p><\/blockquote>\n<p>El muralista Dante Aguilera e integrantes del colectivo de artistas \u201cEmanuel Cruz\u201d -artista xalape\u00f1o fallecido en febrero del 2016-, plasmaron en la calle Azcarate, en el barrio donde residi\u00f3 Rub\u00e9n Espinosa, un mural para defender su memoria.<\/p>\n<p>Desde ayer, los artistas, periodistas, activistas y exestudiantes de la Facultad de Humanidades participaron en el resanado, dibujo y coloreado de la barda.<\/p>\n<p>Al lugar tambi\u00e9n acudieron integrantes del colectivo FotoreporterosMX, del que Espinosa Becerril form\u00f3 parte. Algunos incluso viajaron desde la Ciudad de M\u00e9xico para participar en el acto.<\/p>\n<p>Itzanma Ponce, pareja sentimental de Rub\u00e9n, realiz\u00f3 un performance de danza con exintegrantes del colectivo \u201cLas Sangres\u201d, para recriminar la impunidad en la que fueron asesinados Vera y Espinosa, adem\u00e1s de Mile Virginia Mart\u00edn, Alejandra Negrete y Yesenia Quiroz en el departamento de la calle Luz Savi\u00f1\u00f3n, en la colonia Narvarte.<\/p>\n<p>Patricia Espinosa, hermana del fotoperiodista, asegur\u00f3 que, a tres a\u00f1os del artero multihomicidio no piensan callarse, ni cesar en la exigencia de justicia y verdad a las autoridades de la Procuradur\u00eda General de Justicia capitalina (PGJ-CDMX) para saber qui\u00e9nes y por qu\u00e9 cometieron la m\u00faltiple ejecuci\u00f3n.<\/p>\n<p>Horas antes, en la Plaza Lerdo, ella y su hermana Alma recriminaron que el gobierno de Miguel \u00c1ngel Mancera nunca quiso orientar su investigaci\u00f3n hacia el entonces gobernador de Veracruz, Javier Duarte de Ochoa, y su secretario de Seguridad Publica, Arturo Berm\u00fadez Zurita.<\/p>\n<p>Adem\u00e1s, acusaron que el actual gobierno capitalino ha desestimado las recomendaciones de la Comisi\u00f3n de Derechos Humanos del Distrito Federal (CDHDF) y de organizaciones como Art\u00edculo 19. Por el contrario, agregaron que han recibido amenazas e intimidaciones para que dejen de exigir justicia por el multihomicidio.<\/p>\n<p>\u201cApuesta al olvido\u201d, acusan  <\/p>\n<p>Por la ma\u00f1ana, integrantes del Colectivo Voz Alterna, reporteros, familiares y amigos de Rub\u00e9n y Nadia marcharon en Xalapa para exigir justicia por el crimen.<\/p>\n<p>Frente al Palacio de Gobierno, recriminaron que las l\u00edneas de investigaci\u00f3n no contemplen la persecuci\u00f3n que sufri\u00f3 el colaborador de Proceso en la capital veracruzana, misma que lo oblig\u00f3 a refugiarse en la Ciudad de M\u00e9xico, donde 47 d\u00edas despu\u00e9s de su autoexilio fue asesinado.<\/p>\n<p>Hasta hoy, ninguna autoridad ha sido castigada por las violaciones a los derechos humanos cometidas por el crimen ocurrido el 31 de julio de 2015.<\/p>\n<p>\u201cLa Procuradur\u00eda General de la Justicia de la Ciudad de M\u00e9xico ha llegado al extremo de pedir a las organizaciones civiles que representan a las v\u00edctimas que sean ellas quienes analicen la informaci\u00f3n y ayuden a cerrar las l\u00edneas de investigaci\u00f3n pendientes, pues para la autoridad ya no hay nada m\u00e1s qu\u00e9 investigar\u201d, fustig\u00f3 Patricia Espinosa.<\/p>\n<p>Agreg\u00f3 que hace casi un a\u00f1o, autoridades de la Procuradur\u00eda y la Secretar\u00eda de Gobierno se comprometieron a que las investigaciones se dirigir\u00edan a actuaciones relacionadas con el entorno personal y profesional de Nadia Vera y Rub\u00e9n Espinosa.<\/p>\n<p>\u201cPero la Procuradur\u00eda ha sido omisa y negligente para desahogar esas actuaciones. No debe perderse de vista que hemos sido las v\u00edctimas y sus representantes quienes aportamos pruebas para robustecer las l\u00edneas de investigaci\u00f3n relativas a la persecuci\u00f3n pol\u00edtica de Rub\u00e9n Espinosa. A pesar de las evidencias en torno a las razones que ocasionaron su desplazamiento hacia la Ciudad de M\u00e9xico\u201d, a\u00f1adi\u00f3.<\/p>\n<p>Familiares y colegas de Rub\u00e9n Espinosa aseguraron que las autoridades capitalinas, cuyo gobierno est\u00e1 por fenecer, le apuestan al cansancio y al olvido de las familias de las v\u00edctimas.<\/p>\n<p>Concluido el acto protocolario en la Plaza Lerdo -rebautizada como Plaza Regina Mart\u00ednez, en memoria de la corresponsal de Proceso y La Jornada en Veracruz, ejecutada el 28 de abril de 2012-, familiares, amigos y colegas de Rub\u00e9n Espinosa marcharon por el primer cuadro de la capital de Veracruz para exigir justicia.<br \/>\n<a href=\"https:\/\/www.proceso.com.mx\/545215\/no-nos-vamos-a-callar-familiares-y-amigos-de-ruben-espinosa-al-exigir-justicia-por-caso-narvarte\">https:\/\/www.proceso.com.mx\/545215\/no-nos-vamos-a-callar-familiares-y-amigos-de-ruben-espinosa-al-exigir-justicia-por-caso-narvarte<\/a><\/p>\n","protected":false},"excerpt":{"rendered":"<p>No\u00e9 Zavaleta \/ Proceso XALAPA, Ver. (apro).- Un mural con los rostros de Rub\u00e9n Espinosa, fotoperiodista colaborador de Proceso, y de Nadia Vera, activista cultural, con las leyendas \u201cEn Defensa &hellip; <a href=\"https:\/\/www.grieta.org.mx\/index.php\/2018\/07\/31\/no-nos-vamos-a-callar-familiares-y-amigos-de-ruben-espinosa-al-exigir-justicia-por-caso-narvarte\/\" class=\"more-link\">Leer m\u00e1s<\/a><\/p>\n","protected":false},"author":2,"featured_media":25701,"comment_status":"closed","ping_status":"closed","sticky":false,"template":"","format":"standard","meta":{"ngg_post_thumbnail":0,"_jetpack_newsletter_access":"","_jetpack_dont_email_post_to_subs":false,"_jetpack_newsletter_tier_id":0,"_jetpack_memberships_contains_paywalled_content":false,"_jetpack_memberships_contains_paid_content":false,"footnotes":""},"categories":[80,2,83,35,88,1221],"tags":[],"class_list":["post-25700","post","type-post","status-publish","format-standard","has-post-thumbnail","hentry","category-cintillo","category-noticias-nacionales","category-temas-nacionales","category-veracruz","category-violencia-contra-periodistas","category-violencia-contra-periodistas-en-veracruz","entry"],"jetpack_featured_media_url":"https:\/\/www.grieta.org.mx\/wp-content\/uploads\/2018\/08\/jjj-1.jpg","jetpack_sharing_enabled":true,"jetpack_shortlink":"https:\/\/wp.me\/p7ZJR4-6Gw","jetpack_likes_enabled":false,"jetpack-related-posts":[{"id":8403,"url":"https:\/\/www.grieta.org.mx\/index.php\/2015\/08\/10\/protestan-en-veracruz-por-el-multihomicidio-en-la-colonia-narvarte\/","url_meta":{"origin":25700,"position":0},"title":"Protestan en Veracruz por el multihomicidio en la colonia Narvarte","author":"Admin","date":"10 agosto, 2015","format":false,"excerpt":"10\/08\/15. Con Megamarcha activistas y periodistas exigen justicia para Rub\u00e9n Espinosa, en Xalapa El Dem\u00f3crata 01\/08\/15. Periodistas se manifiestan en Veracruz para exigir justicia en el crimen de Rub\u00e9n Espinosa Plumas Libres","rel":"","context":"En &quot;NOTICIAS NACIONALES&quot;","block_context":{"text":"NOTICIAS NACIONALES","link":"https:\/\/www.grieta.org.mx\/index.php\/category\/noticias-nacionales\/"},"img":{"alt_text":"","src":"https:\/\/i0.wp.com\/www.grieta.org.mx\/wp-content\/uploads\/2018\/03\/14524434_1106112876131411_958039263622046936_o.jpg?resize=350%2C200&ssl=1","width":350,"height":200,"srcset":"https:\/\/i0.wp.com\/www.grieta.org.mx\/wp-content\/uploads\/2018\/03\/14524434_1106112876131411_958039263622046936_o.jpg?resize=350%2C200&ssl=1 1x, https:\/\/i0.wp.com\/www.grieta.org.mx\/wp-content\/uploads\/2018\/03\/14524434_1106112876131411_958039263622046936_o.jpg?resize=525%2C300&ssl=1 1.5x, https:\/\/i0.wp.com\/www.grieta.org.mx\/wp-content\/uploads\/2018\/03\/14524434_1106112876131411_958039263622046936_o.jpg?resize=700%2C400&ssl=1 2x"},"classes":[]},{"id":7545,"url":"https:\/\/www.grieta.org.mx\/index.php\/2015\/08\/06\/protestan-en-tlaxcala-por-el-multihomicidio-en-la-colonia-narvarte\/","url_meta":{"origin":25700,"position":1},"title":"Protestan en Tlaxcala por el multihomicidio en la colonia Narvarte","author":"grieta","date":"6 agosto, 2015","format":false,"excerpt":"06\/08\/15. Protestan periodistas tlaxcaltecas por el crimen del periodista Rub\u00e9n Espinosa \u00c1gora Plural 06\/08\/. Periodistas de Tlaxcala se unen y exigen justicia para Rub\u00e9n Espinosa La Polila 05\/08\/15. Protestar\u00e1n periodistas de Tlaxcala por asesinato de Rub\u00e9n Espinosa Monitor Tlaxcala","rel":"","context":"En &quot;tlaxcala&quot;","block_context":{"text":"tlaxcala","link":"https:\/\/www.grieta.org.mx\/index.php\/category\/tlaxcala\/"},"img":{"alt_text":"","src":"https:\/\/i0.wp.com\/www.grieta.org.mx\/wp-content\/uploads\/2018\/03\/14524434_1106112876131411_958039263622046936_o.jpg?resize=350%2C200&ssl=1","width":350,"height":200,"srcset":"https:\/\/i0.wp.com\/www.grieta.org.mx\/wp-content\/uploads\/2018\/03\/14524434_1106112876131411_958039263622046936_o.jpg?resize=350%2C200&ssl=1 1x, https:\/\/i0.wp.com\/www.grieta.org.mx\/wp-content\/uploads\/2018\/03\/14524434_1106112876131411_958039263622046936_o.jpg?resize=525%2C300&ssl=1 1.5x, https:\/\/i0.wp.com\/www.grieta.org.mx\/wp-content\/uploads\/2018\/03\/14524434_1106112876131411_958039263622046936_o.jpg?resize=700%2C400&ssl=1 2x"},"classes":[]},{"id":9085,"url":"https:\/\/www.grieta.org.mx\/index.php\/2015\/08\/04\/protestan-en-sonora-por-el-multihomicidio-en-la-colonia-narvarte\/","url_meta":{"origin":25700,"position":2},"title":"Protestan en Sonora por el multihomicidio en la colonia Narvarte","author":"Admin","date":"4 agosto, 2015","format":false,"excerpt":"04\/08\/15. VIDEO: Periodistas de Sonora reclaman justicia para Rub\u00e9n Espinosa Uniradio Niticias","rel":"","context":"En &quot;sonora&quot;","block_context":{"text":"sonora","link":"https:\/\/www.grieta.org.mx\/index.php\/category\/sonora\/"},"img":{"alt_text":"","src":"https:\/\/i0.wp.com\/www.grieta.org.mx\/wp-content\/uploads\/2018\/03\/14524434_1106112876131411_958039263622046936_o.jpg?resize=350%2C200&ssl=1","width":350,"height":200,"srcset":"https:\/\/i0.wp.com\/www.grieta.org.mx\/wp-content\/uploads\/2018\/03\/14524434_1106112876131411_958039263622046936_o.jpg?resize=350%2C200&ssl=1 1x, https:\/\/i0.wp.com\/www.grieta.org.mx\/wp-content\/uploads\/2018\/03\/14524434_1106112876131411_958039263622046936_o.jpg?resize=525%2C300&ssl=1 1.5x, https:\/\/i0.wp.com\/www.grieta.org.mx\/wp-content\/uploads\/2018\/03\/14524434_1106112876131411_958039263622046936_o.jpg?resize=700%2C400&ssl=1 2x"},"classes":[]},{"id":8413,"url":"https:\/\/www.grieta.org.mx\/index.php\/2015\/08\/01\/periodistas-se-manifiestan-en-veracruz-para-exigir-justicia-en-el-crimen-de-ruben-espinosa\/","url_meta":{"origin":25700,"position":3},"title":"Periodistas se manifiestan en Veracruz para exigir justicia en el crimen de Rub\u00e9n Espinosa","author":"Admin","date":"1 agosto, 2015","format":false,"excerpt":"Ciudad de M\u00e9xico, 1 de agosto (SinEmbargo).\u2013 Periodistas y amigos de Rub\u00e9n Espinosa Becerril se congregaron en la Plaza Lerdo, Xalapa, Veracruz, para exigir justicia por el homicidio del fotoperiodista ocurrido la noche de este viernes en un departamento de la colonia Narvarte, en la Ciudad de M\u00e9xico. Los manifestantes\u2026","rel":"","context":"En &quot;CINTILLO&quot;","block_context":{"text":"CINTILLO","link":"https:\/\/www.grieta.org.mx\/index.php\/category\/cintillo\/"},"img":{"alt_text":"","src":"https:\/\/i0.wp.com\/www.grieta.org.mx\/wp-content\/uploads\/2018\/03\/14524434_1106112876131411_958039263622046936_o.jpg?resize=350%2C200&ssl=1","width":350,"height":200,"srcset":"https:\/\/i0.wp.com\/www.grieta.org.mx\/wp-content\/uploads\/2018\/03\/14524434_1106112876131411_958039263622046936_o.jpg?resize=350%2C200&ssl=1 1x, https:\/\/i0.wp.com\/www.grieta.org.mx\/wp-content\/uploads\/2018\/03\/14524434_1106112876131411_958039263622046936_o.jpg?resize=525%2C300&ssl=1 1.5x, https:\/\/i0.wp.com\/www.grieta.org.mx\/wp-content\/uploads\/2018\/03\/14524434_1106112876131411_958039263622046936_o.jpg?resize=700%2C400&ssl=1 2x"},"classes":[]},{"id":4402,"url":"https:\/\/www.grieta.org.mx\/index.php\/2015\/08\/02\/periodistas-de-nuevo-leon-se-suman-a-exigencia-de-justicia-por-asesinato-de-ruben\/","url_meta":{"origin":25700,"position":4},"title":"Periodistas de Nuevo Le\u00f3n se suman a exigencia de justicia por asesinato de Rub\u00e9n","author":"grieta","date":"2 agosto, 2015","format":false,"excerpt":"Proceso MONTERREY, N.L. (proceso.com.mx).- Periodistas de Nuevo Le\u00f3n protestaron esta tarde por el asesinato del fot\u00f3grafo de Proceso, Rub\u00e9n Espinosa, quien fue encontrado muerto el s\u00e1bado en el Distrito Federal. Una ofrenda floral luctuosa con la leyenda: \u201cPeriodistas: ni un muerto m\u00e1s\u201d, fue colocada al pie del Monumento de la\u2026","rel":"","context":"En &quot;CINTILLO&quot;","block_context":{"text":"CINTILLO","link":"https:\/\/www.grieta.org.mx\/index.php\/category\/cintillo\/"},"img":{"alt_text":"","src":"https:\/\/i0.wp.com\/www.grieta.org.mx\/wp-content\/uploads\/2018\/03\/14524434_1106112876131411_958039263622046936_o.jpg?resize=350%2C200&ssl=1","width":350,"height":200,"srcset":"https:\/\/i0.wp.com\/www.grieta.org.mx\/wp-content\/uploads\/2018\/03\/14524434_1106112876131411_958039263622046936_o.jpg?resize=350%2C200&ssl=1 1x, https:\/\/i0.wp.com\/www.grieta.org.mx\/wp-content\/uploads\/2018\/03\/14524434_1106112876131411_958039263622046936_o.jpg?resize=525%2C300&ssl=1 1.5x, https:\/\/i0.wp.com\/www.grieta.org.mx\/wp-content\/uploads\/2018\/03\/14524434_1106112876131411_958039263622046936_o.jpg?resize=700%2C400&ssl=1 2x"},"classes":[]},{"id":8353,"url":"https:\/\/www.grieta.org.mx\/index.php\/2015\/08\/04\/video-periodistas-de-sonora-reclaman-justicia-para-ruben-espinosa\/","url_meta":{"origin":25700,"position":5},"title":"VIDEO: Periodistas de Sonora reclaman justicia para Rub\u00e9n Espinosa","author":"grieta","date":"4 agosto, 2015","format":false,"excerpt":"Por: Alan Rubio Periodistas de Sonora se manifestaron afuera de la delegaci\u00f3n de la PGR en la entidad, en apoyo a las protestas de colegas nacionales para exigir que se acelere la investigaci\u00f3n sobre la muerte del periodista Rub\u00e9n Manuel Espinosa Becerril. Rafael Cano, presidente del Foro Nacional de Periodistas,\u2026","rel":"","context":"En &quot;CINTILLO&quot;","block_context":{"text":"CINTILLO","link":"https:\/\/www.grieta.org.mx\/index.php\/category\/cintillo\/"},"img":{"alt_text":"","src":"https:\/\/i0.wp.com\/www.grieta.org.mx\/wp-content\/uploads\/2018\/03\/14524434_1106112876131411_958039263622046936_o.jpg?resize=350%2C200&ssl=1","width":350,"height":200,"srcset":"https:\/\/i0.wp.com\/www.grieta.org.mx\/wp-content\/uploads\/2018\/03\/14524434_1106112876131411_958039263622046936_o.jpg?resize=350%2C200&ssl=1 1x, https:\/\/i0.wp.com\/www.grieta.org.mx\/wp-content\/uploads\/2018\/03\/14524434_1106112876131411_958039263622046936_o.jpg?resize=525%2C300&ssl=1 1.5x, https:\/\/i0.wp.com\/www.grieta.org.mx\/wp-content\/uploads\/2018\/03\/14524434_1106112876131411_958039263622046936_o.jpg?resize=700%2C400&ssl=1 2x"},"classes":[]}],"_links":{"self":[{"href":"https:\/\/www.grieta.org.mx\/index.php\/wp-json\/wp\/v2\/posts\/25700","targetHints":{"allow":["GET"]}}],"collection":[{"href":"https:\/\/www.grieta.org.mx\/index.php\/wp-json\/wp\/v2\/posts"}],"about":[{"href":"https:\/\/www.grieta.org.mx\/index.php\/wp-json\/wp\/v2\/types\/post"}],"author":[{"embeddable":true,"href":"https:\/\/www.grieta.org.mx\/index.php\/wp-json\/wp\/v2\/users\/2"}],"replies":[{"embeddable":true,"href":"https:\/\/www.grieta.org.mx\/index.php\/wp-json\/wp\/v2\/comments?post=25700"}],"version-history":[{"count":1,"href":"https:\/\/www.grieta.org.mx\/index.php\/wp-json\/wp\/v2\/posts\/25700\/revisions"}],"predecessor-version":[{"id":25702,"href":"https:\/\/www.grieta.org.mx\/index.php\/wp-json\/wp\/v2\/posts\/25700\/revisions\/25702"}],"wp:featuredmedia":[{"embeddable":true,"href":"https:\/\/www.grieta.org.mx\/index.php\/wp-json\/wp\/v2\/media\/25701"}],"wp:attachment":[{"href":"https:\/\/www.grieta.org.mx\/index.php\/wp-json\/wp\/v2\/media?parent=25700"}],"wp:term":[{"taxonomy":"category","embeddable":true,"href":"https:\/\/www.grieta.org.mx\/index.php\/wp-json\/wp\/v2\/categories?post=25700"},{"taxonomy":"post_tag","embeddable":true,"href":"https:\/\/www.grieta.org.mx\/index.php\/wp-json\/wp\/v2\/tags?post=25700"}],"curies":[{"name":"wp","href":"https:\/\/api.w.org\/{rel}","templated":true}]}}