{"id":25684,"date":"2018-08-15T01:07:50","date_gmt":"2018-08-15T06:07:50","guid":{"rendered":"http:\/\/www.grieta.org.mx\/?p=25684"},"modified":"2018-08-19T01:24:10","modified_gmt":"2018-08-19T06:24:10","slug":"vecinos-de-honey-corren-a-funcionarios-de-la-sener-rechazan-gasoducto-de-transcanada-puebla","status":"publish","type":"post","link":"https:\/\/www.grieta.org.mx\/index.php\/2018\/08\/15\/vecinos-de-honey-corren-a-funcionarios-de-la-sener-rechazan-gasoducto-de-transcanada-puebla\/","title":{"rendered":"Vecinos de Honey corren a funcionarios de la Sener; rechazan gasoducto de TransCanada (Puebla)"},"content":{"rendered":"<p><img loading=\"lazy\" decoding=\"async\" data-attachment-id=\"25685\" data-permalink=\"https:\/\/www.grieta.org.mx\/index.php\/2018\/08\/15\/vecinos-de-honey-corren-a-funcionarios-de-la-sener-rechazan-gasoducto-de-transcanada-puebla\/e79f9ab95a7e67afc0cee36b98399873_xl\/\" data-orig-file=\"https:\/\/www.grieta.org.mx\/wp-content\/uploads\/2018\/08\/e79f9ab95a7e67afc0cee36b98399873_XL.jpg\" data-orig-size=\"950,497\" data-comments-opened=\"0\" data-image-meta=\"{&quot;aperture&quot;:&quot;0&quot;,&quot;credit&quot;:&quot;&quot;,&quot;camera&quot;:&quot;&quot;,&quot;caption&quot;:&quot;&quot;,&quot;created_timestamp&quot;:&quot;0&quot;,&quot;copyright&quot;:&quot;&quot;,&quot;focal_length&quot;:&quot;0&quot;,&quot;iso&quot;:&quot;0&quot;,&quot;shutter_speed&quot;:&quot;0&quot;,&quot;title&quot;:&quot;&quot;,&quot;orientation&quot;:&quot;0&quot;}\" data-image-title=\"e79f9ab95a7e67afc0cee36b98399873_XL\" data-image-description=\"\" data-image-caption=\"\" data-medium-file=\"https:\/\/www.grieta.org.mx\/wp-content\/uploads\/2018\/08\/e79f9ab95a7e67afc0cee36b98399873_XL-300x157.jpg\" data-large-file=\"https:\/\/www.grieta.org.mx\/wp-content\/uploads\/2018\/08\/e79f9ab95a7e67afc0cee36b98399873_XL.jpg\" src=\"http:\/\/www.grieta.org.mx\/wp-content\/uploads\/2018\/08\/e79f9ab95a7e67afc0cee36b98399873_XL.jpg\" alt=\"\" width=\"702\" height=\"468\" class=\"aligncenter size-full wp-image-25685\" \/><\/p>\n<p>Por Edmundo Vel\u00e1zquez \/ Peri\u00f3dico Central<\/p>\n<p>Vecinos de la comunidad de Chila de la Ju\u00e1rez, en Honey Puebla, corrieron a funcionarios de la Secretar\u00eda de Energ\u00eda (Sener) y personal de la empresa Bonatti, filial de TransCanada, quienes amenazaron con cortarles el servicio de electricidad en caso de negarse a realizar una nueva consulta para la construcci\u00f3n del gasoducto Tuxpan-Tula.<\/p>\n<p>Los hechos ocurrieron el d\u00eda lunes 13 de agosto alrededor de las 10 de la ma\u00f1ana cuando la presencia de los funcionarios de la Sener acompa\u00f1ados de polic\u00edas estatales, provoc\u00f3 la ira de los vecinos quienes los recibieron con pancartas en las que se pod\u00eda leer su repudio al proyecto de muerte.<\/p>\n<p>Los pobladores rechazan totalmente cualquier negociaci\u00f3n y descartaron que acepten el paso de maquinaria para la construcci\u00f3n de la obra hasta que no finalicen los procedimientos legales y los amparos que han presentado a trav\u00e9s del Consejo Regional de Pueblos Originarios en Defensa del Territorio de Puebla e Hidalgo.<\/p>\n<p>La organizaci\u00f3n agrupa a los vecinos de poblaciones como Pahuatl\u00e1n, Tlacuilotepec, Honey y Tenango de Doria y gracias a una estrategia legal de amparos colectivos, mantiene paradas las m\u00e1quinas de Bonatti, la empresa constructora que deb\u00eda realizar los trabajos.<\/p>\n<p>La representante de Sener, Carmen \u00c1lvarez, junto con personal de la empresa intentaron negociar el trazo del Gasoducto Tuxpan-Tula, por lo que los vecinos realizaron una manifestaci\u00f3n.<\/p>\n<p>De acuerdo a lo se\u00f1alado por miembros del Consejo Regional de Pueblos Originarios en Defensa del Territorio de Puebla e Hidalgo, la representante de Sener amenaz\u00f3 incluso con quitar el servicio de luz en caso de que la comunidad se mantenga en su negativa a la obra del gasoducto.<\/p>\n<p>Como P\u00c1GINA NEGRA informo, el presidente auxiliar de la comunidad Andr\u00e9s Diego ha servido como cabildero de Bonatti y TransCanada y ha llamado a la poblaci\u00f3n en varias consultas para convencer con enga\u00f1os a los afectados y obligarlos a firmar documentos donde admitan que el gasoducto pase por sus tierras.<\/p>\n<p><a href=\"https:\/\/www.facebook.com\/lapaginanegramx\/videos\/317686602303775\/%20\"> https:\/\/www.facebook.com\/lapaginanegramx\/videos\/317686602303775\/ <\/a><\/p>\n<p>Tambi\u00e9n, el mi\u00e9rcoles 8 de agosto, Andr\u00e9s Diego Vargas, alcalde auxiliar de Chila de Ju\u00e1rez, poblaci\u00f3n perteneciente al municipio de Honey, envi\u00f3 a polic\u00edas para amedrentar y obligar a los vecinos a acudir a una visita a las obras del gasoducto Tula-Tuxpan que intenta construir la empresa TransCanada en la zona de la Sierra Norte de Puebla.<\/p>\n<p><a href=\"http:\/\/www.periodicocentral.mx\/2018\/municipio\/item\/18612-vecinos-de-honey-corren-a-funcionarios-de-la-sener-rechazan-gasoducto-de-transcanada\">http:\/\/www.periodicocentral.mx\/2018\/municipio\/item\/18612-vecinos-de-honey-corren-a-funcionarios-de-la-sener-rechazan-gasoducto-de-transcanada<\/a><\/p>\n","protected":false},"excerpt":{"rendered":"<p>Por Edmundo Vel\u00e1zquez \/ Peri\u00f3dico Central Vecinos de la comunidad de Chila de la Ju\u00e1rez, en Honey Puebla, corrieron a funcionarios de la Secretar\u00eda de Energ\u00eda (Sener) y personal de &hellip; <a href=\"https:\/\/www.grieta.org.mx\/index.php\/2018\/08\/15\/vecinos-de-honey-corren-a-funcionarios-de-la-sener-rechazan-gasoducto-de-transcanada-puebla\/\" class=\"more-link\">Leer m\u00e1s<\/a><\/p>\n","protected":false},"author":2,"featured_media":25685,"comment_status":"closed","ping_status":"closed","sticky":false,"template":"","format":"standard","meta":{"ngg_post_thumbnail":0,"_jetpack_newsletter_access":"","_jetpack_dont_email_post_to_subs":false,"_jetpack_newsletter_tier_id":0,"_jetpack_memberships_contains_paywalled_content":false,"_jetpack_memberships_contains_paid_content":false,"footnotes":""},"categories":[70,80,974,1,954,740,19,7,1430,1429,1265,3,922,942,2,26,35],"tags":[],"class_list":["post-25684","post","type-post","status-publish","format-standard","has-post-thumbnail","hentry","category-26-sierra-puebla","category-cintillo","category-esp-puebla","category-espejos-de-la-resistencia","category-espejos-estados","category-gasoducto-tuxpan-tula","category-hidalgo","category-hidrocarburos","category-lucha-contra-el-gasoducto-tuxpan-tula-puebla-veracruz-hidalgo-hidalgo","category-lucha-contra-el-gasoducto-tuxpan-tula-puebla-veracruz-hidalgo","category-megaproyectos-de-hidrocarburos-en-puebla","category-megaproyectos","category-megaproyectos-estados","category-mp-puebla","category-noticias-nacionales","category-puebla","category-veracruz","entry"],"jetpack_featured_media_url":"https:\/\/www.grieta.org.mx\/wp-content\/uploads\/2018\/08\/e79f9ab95a7e67afc0cee36b98399873_XL.jpg","jetpack_sharing_enabled":true,"jetpack_shortlink":"https:\/\/wp.me\/p7ZJR4-6Gg","jetpack_likes_enabled":false,"jetpack-related-posts":[{"id":27751,"url":"https:\/\/www.grieta.org.mx\/index.php\/2018\/11\/18\/se-libra-sierra-norte-de-transcanada-suspende-gasoducto-puebla\/","url_meta":{"origin":25684,"position":0},"title":"Se libra Sierra Norte de TransCanada, suspende gasoducto (Puebla)","author":"grieta","date":"18 noviembre, 2018","format":false,"excerpt":"Municipios Puebla Por las mermas econ\u00f3micas que han generado las variaciones de las leyes de ingresos municipales y la resistencia de las comunidades inconformes con la construcci\u00f3n del gasoducto que impactar\u00eda en tres municipios de la Sierra Norte, la empresa TransCanada cancel\u00f3 la construcci\u00f3n del gasoducto Tuxpan-Tula, anunci\u00f3 esta semana.\u2026","rel":"","context":"En &quot;CINTILLO&quot;","block_context":{"text":"CINTILLO","link":"https:\/\/www.grieta.org.mx\/index.php\/category\/cintillo\/"},"img":{"alt_text":"","src":"https:\/\/i0.wp.com\/www.grieta.org.mx\/wp-content\/uploads\/2018\/11\/gasoducto_21.jpg?resize=350%2C200&ssl=1","width":350,"height":200,"srcset":"https:\/\/i0.wp.com\/www.grieta.org.mx\/wp-content\/uploads\/2018\/11\/gasoducto_21.jpg?resize=350%2C200&ssl=1 1x, https:\/\/i0.wp.com\/www.grieta.org.mx\/wp-content\/uploads\/2018\/11\/gasoducto_21.jpg?resize=525%2C300&ssl=1 1.5x, https:\/\/i0.wp.com\/www.grieta.org.mx\/wp-content\/uploads\/2018\/11\/gasoducto_21.jpg?resize=700%2C400&ssl=1 2x, https:\/\/i0.wp.com\/www.grieta.org.mx\/wp-content\/uploads\/2018\/11\/gasoducto_21.jpg?resize=1050%2C600&ssl=1 3x, https:\/\/i0.wp.com\/www.grieta.org.mx\/wp-content\/uploads\/2018\/11\/gasoducto_21.jpg?resize=1400%2C800&ssl=1 4x"},"classes":[]},{"id":28709,"url":"https:\/\/www.grieta.org.mx\/index.php\/2019\/01\/27\/el-gasoducto-tuxpan-tula-no-se-ha-cancelado-puebla-veracruz-hidalgo\/","url_meta":{"origin":25684,"position":1},"title":"El gasoducto Tuxpan-Tula no se ha cancelado (Puebla, Veracruz, Hidalgo)","author":"grieta","date":"27 enero, 2019","format":false,"excerpt":"Aranzaz\u00fa Ayala Mart\u00ednez \/ Lado B En noviembre del a\u00f1o pasado la empresa TransCanada anunci\u00f3 la suspensi\u00f3n de la pol\u00e9mica obra del gasoducto Tuxpan-Tula, la cual provoc\u00f3 rechazo de pobladores de los estados de Puebla e Hidalgo por su intromisi\u00f3n en las comunidades, amenazar a la biodiversidad y por una\u2026","rel":"","context":"En &quot;26. Sierra Puebla&quot;","block_context":{"text":"26. Sierra Puebla","link":"https:\/\/www.grieta.org.mx\/index.php\/category\/espejos-de-la-resistencia\/26-sierra-puebla\/"},"img":{"alt_text":"","src":"https:\/\/i0.wp.com\/www.grieta.org.mx\/wp-content\/uploads\/2019\/02\/Gasoducto-1-3.jpg?resize=350%2C200&ssl=1","width":350,"height":200,"srcset":"https:\/\/i0.wp.com\/www.grieta.org.mx\/wp-content\/uploads\/2019\/02\/Gasoducto-1-3.jpg?resize=350%2C200&ssl=1 1x, https:\/\/i0.wp.com\/www.grieta.org.mx\/wp-content\/uploads\/2019\/02\/Gasoducto-1-3.jpg?resize=525%2C300&ssl=1 1.5x, https:\/\/i0.wp.com\/www.grieta.org.mx\/wp-content\/uploads\/2019\/02\/Gasoducto-1-3.jpg?resize=700%2C400&ssl=1 2x"},"classes":[]},{"id":38984,"url":"https:\/\/www.grieta.org.mx\/index.php\/2019\/09\/05\/gasoducto-tuxpan-tula-sigue-sin-un-futuro-definido-hidalgo-puebla-veracruz\/","url_meta":{"origin":25684,"position":2},"title":"Gasoducto Tuxpan-Tula sigue sin un futuro definido (Hidalgo, Puebla, Veracruz)","author":"Admin","date":"5 septiembre, 2019","format":false,"excerpt":"Aranzaz\u00fa Ayala Mart\u00ednez \/ Lado B El gasoducto Tuxpan-Tula es uno de los megaproyectos que s\u00ed se echar\u00e1n a andar de acuerdo con el anuncio del gobierno federal, pero los habitantes siguen en la incertidumbre de qu\u00e9 pasar\u00e1 exactamente. El 27 de agosto el presidente Andr\u00e9s Manuel L\u00f3pez Obrador anunci\u00f3\u2026","rel":"","context":"En &quot;26. Sierra Puebla&quot;","block_context":{"text":"26. Sierra Puebla","link":"https:\/\/www.grieta.org.mx\/index.php\/category\/espejos-de-la-resistencia\/26-sierra-puebla\/"},"img":{"alt_text":"","src":"https:\/\/i0.wp.com\/www.grieta.org.mx\/wp-content\/uploads\/2019\/09\/Transcanada-maqueta-725x483.jpg?resize=350%2C200&ssl=1","width":350,"height":200,"srcset":"https:\/\/i0.wp.com\/www.grieta.org.mx\/wp-content\/uploads\/2019\/09\/Transcanada-maqueta-725x483.jpg?resize=350%2C200&ssl=1 1x, https:\/\/i0.wp.com\/www.grieta.org.mx\/wp-content\/uploads\/2019\/09\/Transcanada-maqueta-725x483.jpg?resize=525%2C300&ssl=1 1.5x, https:\/\/i0.wp.com\/www.grieta.org.mx\/wp-content\/uploads\/2019\/09\/Transcanada-maqueta-725x483.jpg?resize=700%2C400&ssl=1 2x"},"classes":[]},{"id":29064,"url":"https:\/\/www.grieta.org.mx\/index.php\/2019\/02\/11\/comunidad-indigena-gana-amparo-contra-gasoducto-tuxpan-tula\/","url_meta":{"origin":25684,"position":3},"title":"Comunidad ind\u00edgena gana amparo contra gasoducto Tuxpan-Tula","author":"grieta","date":"11 febrero, 2019","format":false,"excerpt":"Gabriela Hern\u00e1ndez \/ Proceso PUEBLA, Pue. (apro).- La comunidad de Cuautepec, perteneciente al municipio de Tlacuilotepec, gan\u00f3 un amparo contra la construcci\u00f3n del gasoducto Tuxpan-Tula. La sentencia del juicio de amparo 1971\/2017, emitida por la juez Yolanda Vel\u00e1zquez Rebollo, refiere que el proyecto es susceptible de afectar el derecho colectivo\u2026","rel":"","context":"En &quot;CINTILLO&quot;","block_context":{"text":"CINTILLO","link":"https:\/\/www.grieta.org.mx\/index.php\/category\/cintillo\/"},"img":{"alt_text":"","src":"https:\/\/i0.wp.com\/www.grieta.org.mx\/wp-content\/uploads\/2019\/02\/tux.jpg?resize=350%2C200&ssl=1","width":350,"height":200,"srcset":"https:\/\/i0.wp.com\/www.grieta.org.mx\/wp-content\/uploads\/2019\/02\/tux.jpg?resize=350%2C200&ssl=1 1x, https:\/\/i0.wp.com\/www.grieta.org.mx\/wp-content\/uploads\/2019\/02\/tux.jpg?resize=525%2C300&ssl=1 1.5x, https:\/\/i0.wp.com\/www.grieta.org.mx\/wp-content\/uploads\/2019\/02\/tux.jpg?resize=700%2C400&ssl=1 2x"},"classes":[]},{"id":23413,"url":"https:\/\/www.grieta.org.mx\/index.php\/2018\/05\/30\/manifestacion-contra-gasoducto-puebla\/","url_meta":{"origin":25684,"position":4},"title":"Manifestaci\u00f3n contra gasoducto (Puebla)","author":"grieta","date":"30 mayo, 2018","format":false,"excerpt":"Sierra Norte De Puebla.- Desde el 24 de mayo y hasta el pr\u00f3ximo 2 de junio, representantes ind\u00edgenas del Consejo de Pueblos Originarios en Defensa del Territorio de Puebla, recorren puntos estrat\u00e9gicos de Espa\u00f1a, Francia e Italia, donde se manifiestan en contra de la empresa TransCanada, adem\u00e1s de acusar a\u2026","rel":"","context":"En &quot;CINTILLO&quot;","block_context":{"text":"CINTILLO","link":"https:\/\/www.grieta.org.mx\/index.php\/category\/cintillo\/"},"img":{"alt_text":"","src":"https:\/\/i0.wp.com\/www.grieta.org.mx\/wp-content\/uploads\/2018\/06\/direct.jpg?resize=350%2C200&ssl=1","width":350,"height":200,"srcset":"https:\/\/i0.wp.com\/www.grieta.org.mx\/wp-content\/uploads\/2018\/06\/direct.jpg?resize=350%2C200&ssl=1 1x, https:\/\/i0.wp.com\/www.grieta.org.mx\/wp-content\/uploads\/2018\/06\/direct.jpg?resize=525%2C300&ssl=1 1.5x"},"classes":[]},{"id":38577,"url":"https:\/\/www.grieta.org.mx\/index.php\/2019\/08\/30\/piden-garantizar-derecho-de-consulta-en-comunidades-indigenas-ante-gasoductos-hidalgo\/","url_meta":{"origin":25684,"position":5},"title":"Piden garantizar derecho de consulta en comunidades ind\u00edgenas ante gasoductos (Hidalgo)","author":"Admin","date":"30 agosto, 2019","format":false,"excerpt":"Miriam Avil\u00e9s \/ AM El activista ambiental V\u00edctor Castillo P\u00e9rez, integrante del colectivo Ximh?i-Derechos Humanos para la Sierra Otom\u00ed-Tepehua, se\u00f1al\u00f3 que las transnacionales son las \u00fanicas que celebran el acuerdo entre la Comisi\u00f3n Federal de Electricidad (CFE) con la firma TransCanada para terminar la construcci\u00f3n del gasoducto Tuxpan-Tula. Lo anterior,\u2026","rel":"","context":"En &quot;CINTILLO&quot;","block_context":{"text":"CINTILLO","link":"https:\/\/www.grieta.org.mx\/index.php\/category\/cintillo\/"},"img":{"alt_text":"","src":"https:\/\/i0.wp.com\/www.grieta.org.mx\/wp-content\/uploads\/2019\/08\/Captura-de-pantalla-2019-08-31-19.40.49.png?resize=350%2C200&ssl=1","width":350,"height":200,"srcset":"https:\/\/i0.wp.com\/www.grieta.org.mx\/wp-content\/uploads\/2019\/08\/Captura-de-pantalla-2019-08-31-19.40.49.png?resize=350%2C200&ssl=1 1x, https:\/\/i0.wp.com\/www.grieta.org.mx\/wp-content\/uploads\/2019\/08\/Captura-de-pantalla-2019-08-31-19.40.49.png?resize=525%2C300&ssl=1 1.5x, https:\/\/i0.wp.com\/www.grieta.org.mx\/wp-content\/uploads\/2019\/08\/Captura-de-pantalla-2019-08-31-19.40.49.png?resize=700%2C400&ssl=1 2x"},"classes":[]}],"_links":{"self":[{"href":"https:\/\/www.grieta.org.mx\/index.php\/wp-json\/wp\/v2\/posts\/25684","targetHints":{"allow":["GET"]}}],"collection":[{"href":"https:\/\/www.grieta.org.mx\/index.php\/wp-json\/wp\/v2\/posts"}],"about":[{"href":"https:\/\/www.grieta.org.mx\/index.php\/wp-json\/wp\/v2\/types\/post"}],"author":[{"embeddable":true,"href":"https:\/\/www.grieta.org.mx\/index.php\/wp-json\/wp\/v2\/users\/2"}],"replies":[{"embeddable":true,"href":"https:\/\/www.grieta.org.mx\/index.php\/wp-json\/wp\/v2\/comments?post=25684"}],"version-history":[{"count":1,"href":"https:\/\/www.grieta.org.mx\/index.php\/wp-json\/wp\/v2\/posts\/25684\/revisions"}],"predecessor-version":[{"id":25688,"href":"https:\/\/www.grieta.org.mx\/index.php\/wp-json\/wp\/v2\/posts\/25684\/revisions\/25688"}],"wp:featuredmedia":[{"embeddable":true,"href":"https:\/\/www.grieta.org.mx\/index.php\/wp-json\/wp\/v2\/media\/25685"}],"wp:attachment":[{"href":"https:\/\/www.grieta.org.mx\/index.php\/wp-json\/wp\/v2\/media?parent=25684"}],"wp:term":[{"taxonomy":"category","embeddable":true,"href":"https:\/\/www.grieta.org.mx\/index.php\/wp-json\/wp\/v2\/categories?post=25684"},{"taxonomy":"post_tag","embeddable":true,"href":"https:\/\/www.grieta.org.mx\/index.php\/wp-json\/wp\/v2\/tags?post=25684"}],"curies":[{"name":"wp","href":"https:\/\/api.w.org\/{rel}","templated":true}]}}