{"id":25655,"date":"2018-07-25T13:48:14","date_gmt":"2018-07-25T18:48:14","guid":{"rendered":"http:\/\/www.grieta.org.mx\/?p=25655"},"modified":"2018-08-18T13:57:30","modified_gmt":"2018-08-18T18:57:30","slug":"hay-polemica-ante-la-pretension-de-convertir-en-anp-el-litoral-de-bcs","status":"publish","type":"post","link":"https:\/\/www.grieta.org.mx\/index.php\/2018\/07\/25\/hay-polemica-ante-la-pretension-de-convertir-en-anp-el-litoral-de-bcs\/","title":{"rendered":"Hay pol\u00e9mica, ante la pretensi\u00f3n de convertir en ANP el litoral de BCS"},"content":{"rendered":"<p><img decoding=\"async\" data-attachment-id=\"25656\" data-permalink=\"https:\/\/www.grieta.org.mx\/index.php\/2018\/07\/25\/hay-polemica-ante-la-pretension-de-convertir-en-anp-el-litoral-de-bcs\/anp\/\" data-orig-file=\"https:\/\/www.grieta.org.mx\/wp-content\/uploads\/2018\/08\/anp.jpg\" data-orig-size=\"615,400\" data-comments-opened=\"0\" data-image-meta=\"{&quot;aperture&quot;:&quot;0&quot;,&quot;credit&quot;:&quot;&quot;,&quot;camera&quot;:&quot;&quot;,&quot;caption&quot;:&quot;&quot;,&quot;created_timestamp&quot;:&quot;1531821477&quot;,&quot;copyright&quot;:&quot;&quot;,&quot;focal_length&quot;:&quot;0&quot;,&quot;iso&quot;:&quot;0&quot;,&quot;shutter_speed&quot;:&quot;0&quot;,&quot;title&quot;:&quot;&quot;,&quot;orientation&quot;:&quot;0&quot;}\" data-image-title=\"anp\" data-image-description=\"\" data-image-caption=\"\" data-medium-file=\"https:\/\/www.grieta.org.mx\/wp-content\/uploads\/2018\/08\/anp-300x195.jpg\" data-large-file=\"https:\/\/www.grieta.org.mx\/wp-content\/uploads\/2018\/08\/anp.jpg\" src=\"http:\/\/www.grieta.org.mx\/wp-content\/uploads\/2018\/08\/anp.jpg\" alt=\"\" width=\"100%\" class=\"aligncenter size-full wp-image-25656\" srcset=\"https:\/\/www.grieta.org.mx\/wp-content\/uploads\/2018\/08\/anp.jpg 615w, https:\/\/www.grieta.org.mx\/wp-content\/uploads\/2018\/08\/anp-300x195.jpg 300w\" sizes=\"(max-width: 615px) 100vw, 615px\" \/><br \/>\nSe teme que la propuesta de decretar ANP todo el litoral del Golfo de California y del Pac\u00edfico se decrete al vapor antes de que concluya el sexenio. El\u00edas Medina<\/p>\n<p>El\u00edas Medina P.<\/p>\n<p>El gobernador de Baja California Sur, Carlos Mendoza Davis, pidi\u00f3 al Gobierno Federal \u201chaga una valoraci\u00f3n muy clara de cu\u00e1les son los pros y los contras\u201d respecto de la exigencia de un grupo de ONG para que la Semarnat decrete \u00c1rea Natural Protegida todo el litoral de Baja California Sur, tanto en la parte del Golfo de California como en el oc\u00e9ano Pac\u00edfico: \u201cen su momento, nos toca a nosotros defender los intereses de Baja California Sur\u201d, dijo el mandatario, en un tema en el que admiti\u00f3 hay \u201copiniones de un lado y de otro\u201d.<\/p>\n<blockquote><p>Mineras, bancos y cementeras, donadores de las ONGs<\/p><\/blockquote>\n<p>La pretensi\u00f3n de crear esta Reserva de la Bi\u00f3sfera es hasta ahora s\u00f3lo una propuesta de diversas organizaciones aglutinadas en la ONG CODEMAR, algunas de \u00e9stas con donaciones de dinero por parte la empresa minera Grupo M\u00e9xico, Femsa, Grupo Modelo, Fomento Social Banamex y Cemex, entre otros; no hay a la fecha un proyecto formal ni tampoco se ha elaborado el estudio previo justificativo que la normatividad exige, para posteriormente someterse a consulta p\u00fablica como marca la Ley.<\/p>\n<p>Sobre este planteamiento reci\u00e9n anunciado a los medios en una conferencia de prensa que tuvo lugar en la Ciudad de M\u00e9xico y que fue encabezada por Gatriel Quadri, hay diversas reacciones locales:<\/p>\n<blockquote><p>Ambientalistas son como El Chupacabras; Humberto Arias<\/p><\/blockquote>\n<p>Para el dirigente pesquero de Bah\u00eda Magdalena, Humberto Arias, esta pretensi\u00f3n de los ambientalistas es como \u201cEl Chupacabras\u201d: est\u00e1 generando una gran incertidumbre y muchas dudas en el sector, dijo, al tiempo que anunci\u00f3 que pedir\u00e1 al Gobierno del Estado orientaci\u00f3n sobre este tema, al igual que lo har\u00e1n con pescadores de la zona Pac\u00edfico Norte y del Alto Golfo, en la regi\u00f3n de San Felipe.<\/p>\n<p>As\u00ed como otros l\u00edderes pesqueros, Humberto Arias vio en esta propuesta ambientalista la posibilidad de sacar a los barcos camaroneros y atuneros de las costas sudcalifornianas, aunque en todo caso -trat\u00e1ndose de una cuesti\u00f3n federal- el asunto del ANP deber\u00e1 ser resuelto por el pr\u00f3ximo gobierno y ya no por el actual; \u201cno queremos que nos agarren con los dedos en la puerta\u201d, concluy\u00f3.<\/p>\n<blockquote><p>Hostigamiento e incertidumbre en el sector pesquero: Florencio Aguilar<\/p><\/blockquote>\n<p>Por separado, el dirigente pesquero de San Juanico, Florencio Aguilar Liera, se\u00f1al\u00f3 que los pescadores est\u00e1n \u201cmuy hostigados\u201d por esta propuesta ambientalista, aunque por otro lado le parece interesante porque se sacar\u00eda de la zona a la pesca industrial que viene de otros estados; no obstante, admiti\u00f3 que en el futuro tambi\u00e9n les impactar\u00eda a los locales en caso de que emigraran a otro tipo de flota; esta ANP tambi\u00e9n cerrar\u00eda las puertas a la miner\u00eda marina Don Diego, aunque en las condiciones actuales \u2013es decir sin que exista como Reserva de la Bi\u00f3sfera- la Semarnat tiene facultades para negarle los permisos, expres\u00f3.<\/p>\n<p>Las ONGs dan miedo, generan incertidumbre y hostigan al sector pesquero, es muy preocupante la situaci\u00f3n; por ahora no puedo decir que est\u00e9 en contra o a favor de la propuesta de crear esta ANP, finaliz\u00f3.<\/p>\n<p>El empresario de pesca deportiva y presidente de la Fundaci\u00f3n para la Conservaci\u00f3n de los Picudos, Enrique Fern\u00e1ndez del Castillo, consider\u00f3 que la propuesta de la ONG CODEMAR \u201ces grave, porque no se tiene un plan claro para proteger la pesca deportiva y la ribere\u00f1a; un programa sin consulta es un volado\u201d, manifest\u00f3.<\/p>\n<p><a href=\"https:\/\/www.elsudcaliforniano.com.mx\/bcs\/opina-el-gobernador-sobre-pretensiones-de-ambientalistas-en-el-litoral-de-bcs\" rel=\"noopener\" target=\"_blank\">https:\/\/www.elsudcaliforniano.com.mx\/bcs\/opina-el-gobernador-sobre-pretensiones-de-ambientalistas-en-el-litoral-de-bcs<\/a><\/p>\n","protected":false},"excerpt":{"rendered":"<p>Se teme que la propuesta de decretar ANP todo el litoral del Golfo de California y del Pac\u00edfico se decrete al vapor antes de que concluya el sexenio. El\u00edas Medina &hellip; <a href=\"https:\/\/www.grieta.org.mx\/index.php\/2018\/07\/25\/hay-polemica-ante-la-pretension-de-convertir-en-anp-el-litoral-de-bcs\/\" class=\"more-link\">Leer m\u00e1s<\/a><\/p>\n","protected":false},"author":2,"featured_media":25656,"comment_status":"closed","ping_status":"closed","sticky":false,"template":"","format":"standard","meta":{"ngg_post_thumbnail":0,"_jetpack_newsletter_access":"","_jetpack_dont_email_post_to_subs":false,"_jetpack_newsletter_tier_id":0,"_jetpack_memberships_contains_paywalled_content":false,"_jetpack_memberships_contains_paid_content":false,"footnotes":""},"categories":[43,10,80,1622,2],"tags":[154,1623],"class_list":["post-25655","post","type-post","status-publish","format-standard","has-post-thumbnail","hentry","category-areas-naturales-protegidas","category-baja-california-sur","category-cintillo","category-conflictos-por-lareas-naturales-protegidas-en-baja-california-sur","category-noticias-nacionales","tag-areas-naturales-protegidas","tag-litoral-de-baja-california-sur","entry"],"jetpack_featured_media_url":"https:\/\/www.grieta.org.mx\/wp-content\/uploads\/2018\/08\/anp.jpg","jetpack_sharing_enabled":true,"jetpack_shortlink":"https:\/\/wp.me\/p7ZJR4-6FN","jetpack_likes_enabled":false,"jetpack-related-posts":[{"id":25662,"url":"https:\/\/www.grieta.org.mx\/index.php\/2018\/08\/18\/continua-proyecto-de-decretar-litoral-de-bcs-area-natural-protegida-semarnat\/","url_meta":{"origin":25655,"position":0},"title":"Continua proyecto de decretar litoral de BCS \u00e1rea natural protegida: Semarnat","author":"grieta","date":"18 agosto, 2018","format":false,"excerpt":"El\u00edas Medina P. La Paz, Baja California Sur.- El proyecto para decretar todo el litoral del Golfo de California y del Pac\u00edfico como \u00c1rea Natural Protegida seguir\u00e1 su curso, inform\u00f3 el delegado de la Secretar\u00eda de Medio Ambiente y Recursos Naturales (Semarnat), Axel Sotelo Espinoza de los Monteros. Lo anterior,\u2026","rel":"","context":"En &quot;\u00c1reas naturales protegidas&quot;","block_context":{"text":"\u00c1reas naturales protegidas","link":"https:\/\/www.grieta.org.mx\/index.php\/category\/megaproyectos\/areas-naturales-protegidas\/"},"img":{"alt_text":"","src":"https:\/\/i0.wp.com\/www.grieta.org.mx\/wp-content\/uploads\/2018\/08\/Litoral.jpg?resize=350%2C200&ssl=1","width":350,"height":200,"srcset":"https:\/\/i0.wp.com\/www.grieta.org.mx\/wp-content\/uploads\/2018\/08\/Litoral.jpg?resize=350%2C200&ssl=1 1x, https:\/\/i0.wp.com\/www.grieta.org.mx\/wp-content\/uploads\/2018\/08\/Litoral.jpg?resize=525%2C300&ssl=1 1.5x"},"classes":[]},{"id":25658,"url":"https:\/\/www.grieta.org.mx\/index.php\/2018\/07\/21\/pretenden-declarar-todo-el-litoral-de-bcs-area-protegida\/","url_meta":{"origin":25655,"position":1},"title":"Pretenden declarar todo el litoral de BCS \u00e1rea protegida","author":"grieta","date":"21 julio, 2018","format":false,"excerpt":"Dicen los pescadores que no se ocupa declarar una ANP para restringir la entrada a embarcaciones de otros estados. (Cortes\u00eda). El\u00edas Medina P. La Paz, Baja California Sur.- El dirigente de la Federaci\u00f3n Los Indios de Baja California Sur, Miguel M\u00e9ndez (Cotole) y m\u00e1s de 60 cooperativistas de tres organizaciones\u2026","rel":"","context":"En &quot;\u00c1reas Naturales Protegidas an\u00e1lisis&quot;","block_context":{"text":"\u00c1reas Naturales Protegidas an\u00e1lisis","link":"https:\/\/www.grieta.org.mx\/index.php\/category\/megaproyectos\/areas-naturales-protegidas-analisis\/"},"img":{"alt_text":"","src":"https:\/\/i0.wp.com\/www.grieta.org.mx\/wp-content\/uploads\/2018\/08\/pescadores.jpg?resize=350%2C200&ssl=1","width":350,"height":200,"srcset":"https:\/\/i0.wp.com\/www.grieta.org.mx\/wp-content\/uploads\/2018\/08\/pescadores.jpg?resize=350%2C200&ssl=1 1x, https:\/\/i0.wp.com\/www.grieta.org.mx\/wp-content\/uploads\/2018\/08\/pescadores.jpg?resize=525%2C300&ssl=1 1.5x"},"classes":[]},{"id":25671,"url":"https:\/\/www.grieta.org.mx\/index.php\/2018\/07\/12\/mas-ejidatarios-alzan-la-voz-rechazan-declaracion-de-areas-protegidas-baja-california-sur\/","url_meta":{"origin":25655,"position":2},"title":"M\u00e1s ejidatarios alzan la voz, rechazan declaraci\u00f3n de \u00e1reas protegidas (Baja California Sur)","author":"grieta","date":"12 julio, 2018","format":false,"excerpt":"Los ejidos San Javier y La Pur\u00edsima se manifestaron en ese mismo sentido, una posici\u00f3n que ha permanecido sin cambios desde junio del a\u00f1o 2014. (Foto: cortes\u00eda: Miguel \u00c1ngel de la Cueva). El\u00edas Medina P. La Paz, Baja California Sur.- En una carta dirigida al delegado de la Secretar\u00eda de\u2026","rel":"","context":"En &quot;\u00c1reas naturales protegidas&quot;","block_context":{"text":"\u00c1reas naturales protegidas","link":"https:\/\/www.grieta.org.mx\/index.php\/category\/megaproyectos\/areas-naturales-protegidas\/"},"img":{"alt_text":"","src":"https:\/\/i0.wp.com\/www.grieta.org.mx\/wp-content\/uploads\/2018\/08\/ejidos-7-2.jpg?resize=350%2C200&ssl=1","width":350,"height":200,"srcset":"https:\/\/i0.wp.com\/www.grieta.org.mx\/wp-content\/uploads\/2018\/08\/ejidos-7-2.jpg?resize=350%2C200&ssl=1 1x, https:\/\/i0.wp.com\/www.grieta.org.mx\/wp-content\/uploads\/2018\/08\/ejidos-7-2.jpg?resize=525%2C300&ssl=1 1.5x"},"classes":[]},{"id":25651,"url":"https:\/\/www.grieta.org.mx\/index.php\/2018\/08\/14\/rechazan-anp-en-todo-el-litoral-de-bcs\/","url_meta":{"origin":25655,"position":3},"title":"Rechazan ANP en todo el litoral de BCS","author":"grieta","date":"14 agosto, 2018","format":false,"excerpt":"Ana Guizar La Paz, Baja California Sur.- Miguel M\u00e9ndez S\u00e1nchez, Mart\u00edn Antonio M\u00e9ndez Camacho y Jos\u00e9 Flores Higuera, presidentes de Federaci\u00f3n Regional de Sociedades Cooperativas Pesqueras (Fedecoop), Indios, Dos Mares y Zona Centro, respectivamente, rechazan el proyecto de Gabriel Cuadri, representante de la Coalici\u00f3n en Defensa de los Mares de\u2026","rel":"","context":"En &quot;\u00c1reas naturales protegidas&quot;","block_context":{"text":"\u00c1reas naturales protegidas","link":"https:\/\/www.grieta.org.mx\/index.php\/category\/megaproyectos\/areas-naturales-protegidas\/"},"img":{"alt_text":"","src":"https:\/\/i0.wp.com\/www.grieta.org.mx\/wp-content\/uploads\/2018\/08\/Pescadores-almeja-bcs-03.jpg?resize=350%2C200&ssl=1","width":350,"height":200,"srcset":"https:\/\/i0.wp.com\/www.grieta.org.mx\/wp-content\/uploads\/2018\/08\/Pescadores-almeja-bcs-03.jpg?resize=350%2C200&ssl=1 1x, https:\/\/i0.wp.com\/www.grieta.org.mx\/wp-content\/uploads\/2018\/08\/Pescadores-almeja-bcs-03.jpg?resize=525%2C300&ssl=1 1.5x"},"classes":[]},{"id":25666,"url":"https:\/\/www.grieta.org.mx\/index.php\/2018\/07\/17\/rechazan-ejidatarios-decreto-de-area-natural-protegida-para-la-giganta-baja-california-sur\/","url_meta":{"origin":25655,"position":4},"title":"Rechazan ejidatarios decreto de \u00c1rea Natural Protegida para La Giganta (Baja California Sur)","author":"grieta","date":"17 julio, 2018","format":false,"excerpt":"El ejido San Javier se declar\u00f3 en contra de que la sierra La Giganta sea \u00e1rea natural protegida. Cortes\u00eda \/ El Sudcaliforniano Javier Ch\u00e1vez Davis Loreto, Baja California Sur.- Integrantes del ejido San Javier est\u00e1n totalmente en contra de la propuesta para decretar \u00e1rea natural protegida a parte de la\u2026","rel":"","context":"En &quot;\u00c1reas naturales protegidas&quot;","block_context":{"text":"\u00c1reas naturales protegidas","link":"https:\/\/www.grieta.org.mx\/index.php\/category\/megaproyectos\/areas-naturales-protegidas\/"},"img":{"alt_text":"","src":"https:\/\/i0.wp.com\/www.grieta.org.mx\/wp-content\/uploads\/2018\/08\/EL-EJIDO-SAN-JAVIER....jpg?resize=350%2C200&ssl=1","width":350,"height":200,"srcset":"https:\/\/i0.wp.com\/www.grieta.org.mx\/wp-content\/uploads\/2018\/08\/EL-EJIDO-SAN-JAVIER....jpg?resize=350%2C200&ssl=1 1x, https:\/\/i0.wp.com\/www.grieta.org.mx\/wp-content\/uploads\/2018\/08\/EL-EJIDO-SAN-JAVIER....jpg?resize=525%2C300&ssl=1 1.5x"},"classes":[]},{"id":67863,"url":"https:\/\/www.grieta.org.mx\/index.php\/2023\/09\/05\/ejidatarios-marchan-en-contra-de-la-anp-la-giganta-y-guadalupe-baja-california-sur\/","url_meta":{"origin":25655,"position":5},"title":"Ejidatarios marchan en contra de la ANP La Giganta y Guadalupe (Baja California Sur)","author":"grieta","date":"5 septiembre, 2023","format":false,"excerpt":"Imagen; Tribuna deMexico Andrea Villareal \/ Tribuna de M\u00e9xico Este martes un grupo de ejidatarios se manifest\u00f3 en contra del proyecto del \u00e1rea natural protegida (ANP) de las sierras La Giganta y Guadalupe. Al grito de \u201c\u00a1No a las ANP!\u201d, los representantes ejidales marcharon desde el Parque Revoluci\u00f3n hacia el\u2026","rel":"","context":"En &quot;Baja California Sur&quot;","block_context":{"text":"Baja California Sur","link":"https:\/\/www.grieta.org.mx\/index.php\/category\/noticias-nacionales\/baja-california-sur\/"},"img":{"alt_text":"","src":"https:\/\/i0.wp.com\/www.grieta.org.mx\/wp-content\/uploads\/2023\/10\/YXM2Rozn-Manifestacion-de-ejidatarios-en-el-Congreso-de-BCS-905x613-1.webp?resize=350%2C200&ssl=1","width":350,"height":200,"srcset":"https:\/\/i0.wp.com\/www.grieta.org.mx\/wp-content\/uploads\/2023\/10\/YXM2Rozn-Manifestacion-de-ejidatarios-en-el-Congreso-de-BCS-905x613-1.webp?resize=350%2C200&ssl=1 1x, https:\/\/i0.wp.com\/www.grieta.org.mx\/wp-content\/uploads\/2023\/10\/YXM2Rozn-Manifestacion-de-ejidatarios-en-el-Congreso-de-BCS-905x613-1.webp?resize=525%2C300&ssl=1 1.5x, https:\/\/i0.wp.com\/www.grieta.org.mx\/wp-content\/uploads\/2023\/10\/YXM2Rozn-Manifestacion-de-ejidatarios-en-el-Congreso-de-BCS-905x613-1.webp?resize=700%2C400&ssl=1 2x"},"classes":[]}],"_links":{"self":[{"href":"https:\/\/www.grieta.org.mx\/index.php\/wp-json\/wp\/v2\/posts\/25655","targetHints":{"allow":["GET"]}}],"collection":[{"href":"https:\/\/www.grieta.org.mx\/index.php\/wp-json\/wp\/v2\/posts"}],"about":[{"href":"https:\/\/www.grieta.org.mx\/index.php\/wp-json\/wp\/v2\/types\/post"}],"author":[{"embeddable":true,"href":"https:\/\/www.grieta.org.mx\/index.php\/wp-json\/wp\/v2\/users\/2"}],"replies":[{"embeddable":true,"href":"https:\/\/www.grieta.org.mx\/index.php\/wp-json\/wp\/v2\/comments?post=25655"}],"version-history":[{"count":1,"href":"https:\/\/www.grieta.org.mx\/index.php\/wp-json\/wp\/v2\/posts\/25655\/revisions"}],"predecessor-version":[{"id":25657,"href":"https:\/\/www.grieta.org.mx\/index.php\/wp-json\/wp\/v2\/posts\/25655\/revisions\/25657"}],"wp:featuredmedia":[{"embeddable":true,"href":"https:\/\/www.grieta.org.mx\/index.php\/wp-json\/wp\/v2\/media\/25656"}],"wp:attachment":[{"href":"https:\/\/www.grieta.org.mx\/index.php\/wp-json\/wp\/v2\/media?parent=25655"}],"wp:term":[{"taxonomy":"category","embeddable":true,"href":"https:\/\/www.grieta.org.mx\/index.php\/wp-json\/wp\/v2\/categories?post=25655"},{"taxonomy":"post_tag","embeddable":true,"href":"https:\/\/www.grieta.org.mx\/index.php\/wp-json\/wp\/v2\/tags?post=25655"}],"curies":[{"name":"wp","href":"https:\/\/api.w.org\/{rel}","templated":true}]}}