{"id":25651,"date":"2018-08-14T13:33:22","date_gmt":"2018-08-14T18:33:22","guid":{"rendered":"http:\/\/www.grieta.org.mx\/?p=25651"},"modified":"2018-08-18T13:45:16","modified_gmt":"2018-08-18T18:45:16","slug":"rechazan-anp-en-todo-el-litoral-de-bcs","status":"publish","type":"post","link":"https:\/\/www.grieta.org.mx\/index.php\/2018\/08\/14\/rechazan-anp-en-todo-el-litoral-de-bcs\/","title":{"rendered":"Rechazan ANP en todo el litoral de BCS"},"content":{"rendered":"<p><img decoding=\"async\" data-attachment-id=\"25652\" data-permalink=\"https:\/\/www.grieta.org.mx\/index.php\/2018\/08\/14\/rechazan-anp-en-todo-el-litoral-de-bcs\/pescadores-almeja-bcs-03\/\" data-orig-file=\"https:\/\/www.grieta.org.mx\/wp-content\/uploads\/2018\/08\/Pescadores-almeja-bcs-03.jpg\" data-orig-size=\"615,400\" data-comments-opened=\"0\" data-image-meta=\"{&quot;aperture&quot;:&quot;0&quot;,&quot;credit&quot;:&quot;&quot;,&quot;camera&quot;:&quot;&quot;,&quot;caption&quot;:&quot;&quot;,&quot;created_timestamp&quot;:&quot;0&quot;,&quot;copyright&quot;:&quot;&quot;,&quot;focal_length&quot;:&quot;0&quot;,&quot;iso&quot;:&quot;0&quot;,&quot;shutter_speed&quot;:&quot;0&quot;,&quot;title&quot;:&quot;&quot;,&quot;orientation&quot;:&quot;0&quot;}\" data-image-title=\"Pescadores-almeja-bcs-03\" data-image-description=\"\" data-image-caption=\"\" data-medium-file=\"https:\/\/www.grieta.org.mx\/wp-content\/uploads\/2018\/08\/Pescadores-almeja-bcs-03-300x195.jpg\" data-large-file=\"https:\/\/www.grieta.org.mx\/wp-content\/uploads\/2018\/08\/Pescadores-almeja-bcs-03.jpg\" src=\"http:\/\/www.grieta.org.mx\/wp-content\/uploads\/2018\/08\/Pescadores-almeja-bcs-03.jpg\" alt=\"\" width=\"100%\" class=\"aligncenter size-full wp-image-25652\" srcset=\"https:\/\/www.grieta.org.mx\/wp-content\/uploads\/2018\/08\/Pescadores-almeja-bcs-03.jpg 615w, https:\/\/www.grieta.org.mx\/wp-content\/uploads\/2018\/08\/Pescadores-almeja-bcs-03-300x195.jpg 300w\" sizes=\"(max-width: 615px) 100vw, 615px\" \/><\/p>\n<p>Ana Guizar<\/p>\n<p>La Paz, Baja California Sur.- Miguel M\u00e9ndez S\u00e1nchez, Mart\u00edn Antonio M\u00e9ndez Camacho y Jos\u00e9 Flores Higuera, presidentes de Federaci\u00f3n Regional de Sociedades Cooperativas Pesqueras (Fedecoop), Indios, Dos Mares y Zona Centro, respectivamente, rechazan el proyecto de Gabriel Cuadri, representante de la Coalici\u00f3n en Defensa de los Mares de M\u00e9xico \u2013Codemar- quienes pretenden proponer ante la Semarnat y el gobierno de Baja California Sur, crear un \u00e1rea natural protegida en las costas de BCS, pese a que esta \u00e1rea ya est\u00e1 considerada como \u00e1rea natural protegida.<\/p>\n<p>Cabe recordar que Gabriel Cuadri, fue candidato a la presidencia de la Rep\u00fablica en el proceso electoral 2012, por el Partido Nueva Alianza y ahora representa los intereses de la Codemar.<\/p>\n<p>Miguel M\u00e9ndez S\u00e1nchez, presidente de la Fedecoop Indios, declar\u00f3 que esta ONG pretende restringir la actividad de pesca ribere\u00f1a en todos los litorales de la media pen\u00ednsula, por lo que los pescadores sudcalifornianos se encuentran preocupados de no saber exactamente en qu\u00e9 consiste la propuesta.<\/p>\n<p>\u201cEste proyecto no se ha socializado, no conocemos las intenciones que tienen, por lo que nuestros pescadores est\u00e1n con la incertidumbre de qu\u00e9 vaya a pasar con su actividad\u201d, refiri\u00f3.<\/p>\n<p>Asimismo, Antonio M\u00e9ndez Camacho, presidente de Fedecoop Dos Mares, dijo que este plan tiene la intenci\u00f3n de prohibir la miner\u00eda submarina en el golfo de Ulloa y excluir la pesca industrial en el litoral de BCS, dos actividades que favorecer\u00edan a los pescadores de la entidad.<\/p>\n<p><img decoding=\"async\" data-attachment-id=\"25653\" data-permalink=\"https:\/\/www.grieta.org.mx\/index.php\/2018\/08\/14\/rechazan-anp-en-todo-el-litoral-de-bcs\/pescadores-1\/\" data-orig-file=\"https:\/\/www.grieta.org.mx\/wp-content\/uploads\/2018\/08\/Pescadores-1.jpg\" data-orig-size=\"615,400\" data-comments-opened=\"0\" data-image-meta=\"{&quot;aperture&quot;:&quot;0&quot;,&quot;credit&quot;:&quot;&quot;,&quot;camera&quot;:&quot;&quot;,&quot;caption&quot;:&quot;&quot;,&quot;created_timestamp&quot;:&quot;1533906768&quot;,&quot;copyright&quot;:&quot;&quot;,&quot;focal_length&quot;:&quot;0&quot;,&quot;iso&quot;:&quot;0&quot;,&quot;shutter_speed&quot;:&quot;0&quot;,&quot;title&quot;:&quot;&quot;,&quot;orientation&quot;:&quot;0&quot;}\" data-image-title=\"Pescadores-1\" data-image-description=\"\" data-image-caption=\"\" data-medium-file=\"https:\/\/www.grieta.org.mx\/wp-content\/uploads\/2018\/08\/Pescadores-1-300x195.jpg\" data-large-file=\"https:\/\/www.grieta.org.mx\/wp-content\/uploads\/2018\/08\/Pescadores-1.jpg\" src=\"http:\/\/www.grieta.org.mx\/wp-content\/uploads\/2018\/08\/Pescadores-1.jpg\" alt=\"\" width=\"100%\" class=\"aligncenter size-full wp-image-25653\" srcset=\"https:\/\/www.grieta.org.mx\/wp-content\/uploads\/2018\/08\/Pescadores-1.jpg 615w, https:\/\/www.grieta.org.mx\/wp-content\/uploads\/2018\/08\/Pescadores-1-300x195.jpg 300w\" sizes=\"(max-width: 615px) 100vw, 615px\" \/><br \/>\nMiguel M\u00e9ndez S\u00e1nchez, Mart\u00edn Antonio M\u00e9ndez Camacho y Jos\u00e9 Flores Higuera, l\u00edderes pesqueros, rechazan el proyecto de Gabriel Cuadri, representante de la Coalici\u00f3n en Defensa de los Mares de M\u00e9xico Codemar, de crear un \u00e1rea natural protegida en costas de BCS pues ya es una ANP. (Ana Gu\u00edzar) \/ El Sudcaliforniano<\/p>\n<p>UN RIESGO<\/p>\n<p>Sin embargo, coment\u00f3 que al momento de establecerse un \u00e1rea natural protegida, esta pone en riesgo latente la actividad ribere\u00f1a. Manifest\u00f3 que han discutido con la Codemar, organizaci\u00f3n no gubernamental, que representan el excandidato a la presidencia de la Rep\u00fablica de Nueva Alianza, los temas que les preocupan, sin llegar a quedar satisfechos con las propuestas que estos les realizan, ya que hasta el momento no se conocen las limitantes, ni los pol\u00edgonos que pretenden cerrar en las costas de Baja California Sur.<\/p>\n<p>De igual manera, Jos\u00e9 Flores Higuera, l\u00edder de Fedecoop zona centro, se\u00f1al\u00f3 que los pescadores de Baja California Sur, est\u00e1n conscientes de que se tiene que conservar los recursos naturales en la entidad, ya que su actividad depende de la extracci\u00f3n de las diferentes especies que se producen en los mares.<\/p>\n<p>Por lo que pidieron ser escuchados por las autoridades correspondientes, ya que argumentan han sacrificado una buena parte de los litorales de BCS, con el objetivo de la conservaci\u00f3n de las especies, y por ende han modificado las artes de pesca, las cuales deben ser m\u00e1s sustentables.<\/p>\n<p>Por su parte, Axxel Sotelo Espinoza,  delegado federal de la Secretar\u00eda de Medio Ambiente y Recursos Naturales en Baja California Sur, (Semarnat), declar\u00f3 que el proyecto de Codemar es un planteamiento independiente.<\/p>\n<p>Se\u00f1al\u00f3 que se intent\u00f3 socializar el tema  con los pescadores respecto a este plan de crear un \u00e1rea natural protegida, sin embargo, no se tuvo el consenso por parte de los pescadores de para que siga impulsando este proyecto.<\/p>\n<p>NO HAY CONSENSO<\/p>\n<p>En ese sentido, dijo que al  d\u00eda de hoy, no hay por parte de la Comisi\u00f3n Nacional de \u00c1reas Naturales Protegidas, un estudio previo justificativo del proyecto, que ser\u00eda el soporte que les permitir\u00eda restablecer el acercamiento con las comunidades pesqueras.<\/p>\n<p>\u201cNo hubo consenso y por ende no hay intenci\u00f3n por parte de la Secretar\u00eda de decretar esta \u00e1rea natural protegida del litoral de BCS\u201d, afirm\u00f3.<\/p>\n<p>Finalmente, Axxel Sotelo Espinoza, insisti\u00f3 en que Codemar tiene facultades para presentar el proyecto, pero para que pueda ser viable, tienen que realizarse las reuniones de consulta p\u00fablica con las distintas regiones del estado, para definir con claridad la vocaci\u00f3n productiva de cada zona, por lo que reiter\u00f3 que no ha habido estas reuniones de manera formal y por ende no hay un proyecto firme de la posible declaratoria, coment\u00f3.<\/p>\n<p><a href=\"https:\/\/www.elsudcaliforniano.com.mx\/bcs\/rechazan-anp-en-todo-el-litoral-de-bcs\" rel=\"noopener\" target=\"_blank\">https:\/\/www.elsudcaliforniano.com.mx\/bcs\/rechazan-anp-en-todo-el-litoral-de-bcs<\/a><\/p>\n","protected":false},"excerpt":{"rendered":"<p>Ana Guizar La Paz, Baja California Sur.- Miguel M\u00e9ndez S\u00e1nchez, Mart\u00edn Antonio M\u00e9ndez Camacho y Jos\u00e9 Flores Higuera, presidentes de Federaci\u00f3n Regional de Sociedades Cooperativas Pesqueras (Fedecoop), Indios, Dos Mares &hellip; <a href=\"https:\/\/www.grieta.org.mx\/index.php\/2018\/08\/14\/rechazan-anp-en-todo-el-litoral-de-bcs\/\" class=\"more-link\">Leer m\u00e1s<\/a><\/p>\n","protected":false},"author":2,"featured_media":25652,"comment_status":"closed","ping_status":"closed","sticky":false,"template":"","format":"standard","meta":{"ngg_post_thumbnail":0,"_jetpack_newsletter_access":"","_jetpack_dont_email_post_to_subs":false,"_jetpack_newsletter_tier_id":0,"_jetpack_memberships_contains_paywalled_content":false,"_jetpack_memberships_contains_paid_content":false,"footnotes":""},"categories":[43,10,80,1622,2],"tags":[154,1623],"class_list":["post-25651","post","type-post","status-publish","format-standard","has-post-thumbnail","hentry","category-areas-naturales-protegidas","category-baja-california-sur","category-cintillo","category-conflictos-por-lareas-naturales-protegidas-en-baja-california-sur","category-noticias-nacionales","tag-areas-naturales-protegidas","tag-litoral-de-baja-california-sur","entry"],"jetpack_featured_media_url":"https:\/\/www.grieta.org.mx\/wp-content\/uploads\/2018\/08\/Pescadores-almeja-bcs-03.jpg","jetpack_sharing_enabled":true,"jetpack_shortlink":"https:\/\/wp.me\/p7ZJR4-6FJ","jetpack_likes_enabled":false,"jetpack-related-posts":[{"id":25662,"url":"https:\/\/www.grieta.org.mx\/index.php\/2018\/08\/18\/continua-proyecto-de-decretar-litoral-de-bcs-area-natural-protegida-semarnat\/","url_meta":{"origin":25651,"position":0},"title":"Continua proyecto de decretar litoral de BCS \u00e1rea natural protegida: Semarnat","author":"grieta","date":"18 agosto, 2018","format":false,"excerpt":"El\u00edas Medina P. La Paz, Baja California Sur.- El proyecto para decretar todo el litoral del Golfo de California y del Pac\u00edfico como \u00c1rea Natural Protegida seguir\u00e1 su curso, inform\u00f3 el delegado de la Secretar\u00eda de Medio Ambiente y Recursos Naturales (Semarnat), Axel Sotelo Espinoza de los Monteros. Lo anterior,\u2026","rel":"","context":"En &quot;\u00c1reas naturales protegidas&quot;","block_context":{"text":"\u00c1reas naturales protegidas","link":"https:\/\/www.grieta.org.mx\/index.php\/category\/megaproyectos\/areas-naturales-protegidas\/"},"img":{"alt_text":"","src":"https:\/\/i0.wp.com\/www.grieta.org.mx\/wp-content\/uploads\/2018\/08\/Litoral.jpg?resize=350%2C200&ssl=1","width":350,"height":200,"srcset":"https:\/\/i0.wp.com\/www.grieta.org.mx\/wp-content\/uploads\/2018\/08\/Litoral.jpg?resize=350%2C200&ssl=1 1x, https:\/\/i0.wp.com\/www.grieta.org.mx\/wp-content\/uploads\/2018\/08\/Litoral.jpg?resize=525%2C300&ssl=1 1.5x"},"classes":[]},{"id":25666,"url":"https:\/\/www.grieta.org.mx\/index.php\/2018\/07\/17\/rechazan-ejidatarios-decreto-de-area-natural-protegida-para-la-giganta-baja-california-sur\/","url_meta":{"origin":25651,"position":1},"title":"Rechazan ejidatarios decreto de \u00c1rea Natural Protegida para La Giganta (Baja California Sur)","author":"grieta","date":"17 julio, 2018","format":false,"excerpt":"El ejido San Javier se declar\u00f3 en contra de que la sierra La Giganta sea \u00e1rea natural protegida. Cortes\u00eda \/ El Sudcaliforniano Javier Ch\u00e1vez Davis Loreto, Baja California Sur.- Integrantes del ejido San Javier est\u00e1n totalmente en contra de la propuesta para decretar \u00e1rea natural protegida a parte de la\u2026","rel":"","context":"En &quot;\u00c1reas naturales protegidas&quot;","block_context":{"text":"\u00c1reas naturales protegidas","link":"https:\/\/www.grieta.org.mx\/index.php\/category\/megaproyectos\/areas-naturales-protegidas\/"},"img":{"alt_text":"","src":"https:\/\/i0.wp.com\/www.grieta.org.mx\/wp-content\/uploads\/2018\/08\/EL-EJIDO-SAN-JAVIER....jpg?resize=350%2C200&ssl=1","width":350,"height":200,"srcset":"https:\/\/i0.wp.com\/www.grieta.org.mx\/wp-content\/uploads\/2018\/08\/EL-EJIDO-SAN-JAVIER....jpg?resize=350%2C200&ssl=1 1x, https:\/\/i0.wp.com\/www.grieta.org.mx\/wp-content\/uploads\/2018\/08\/EL-EJIDO-SAN-JAVIER....jpg?resize=525%2C300&ssl=1 1.5x"},"classes":[]},{"id":25658,"url":"https:\/\/www.grieta.org.mx\/index.php\/2018\/07\/21\/pretenden-declarar-todo-el-litoral-de-bcs-area-protegida\/","url_meta":{"origin":25651,"position":2},"title":"Pretenden declarar todo el litoral de BCS \u00e1rea protegida","author":"grieta","date":"21 julio, 2018","format":false,"excerpt":"Dicen los pescadores que no se ocupa declarar una ANP para restringir la entrada a embarcaciones de otros estados. (Cortes\u00eda). El\u00edas Medina P. La Paz, Baja California Sur.- El dirigente de la Federaci\u00f3n Los Indios de Baja California Sur, Miguel M\u00e9ndez (Cotole) y m\u00e1s de 60 cooperativistas de tres organizaciones\u2026","rel":"","context":"En &quot;\u00c1reas Naturales Protegidas an\u00e1lisis&quot;","block_context":{"text":"\u00c1reas Naturales Protegidas an\u00e1lisis","link":"https:\/\/www.grieta.org.mx\/index.php\/category\/megaproyectos\/areas-naturales-protegidas-analisis\/"},"img":{"alt_text":"","src":"https:\/\/i0.wp.com\/www.grieta.org.mx\/wp-content\/uploads\/2018\/08\/pescadores.jpg?resize=350%2C200&ssl=1","width":350,"height":200,"srcset":"https:\/\/i0.wp.com\/www.grieta.org.mx\/wp-content\/uploads\/2018\/08\/pescadores.jpg?resize=350%2C200&ssl=1 1x, https:\/\/i0.wp.com\/www.grieta.org.mx\/wp-content\/uploads\/2018\/08\/pescadores.jpg?resize=525%2C300&ssl=1 1.5x"},"classes":[]},{"id":25671,"url":"https:\/\/www.grieta.org.mx\/index.php\/2018\/07\/12\/mas-ejidatarios-alzan-la-voz-rechazan-declaracion-de-areas-protegidas-baja-california-sur\/","url_meta":{"origin":25651,"position":3},"title":"M\u00e1s ejidatarios alzan la voz, rechazan declaraci\u00f3n de \u00e1reas protegidas (Baja California Sur)","author":"grieta","date":"12 julio, 2018","format":false,"excerpt":"Los ejidos San Javier y La Pur\u00edsima se manifestaron en ese mismo sentido, una posici\u00f3n que ha permanecido sin cambios desde junio del a\u00f1o 2014. (Foto: cortes\u00eda: Miguel \u00c1ngel de la Cueva). El\u00edas Medina P. La Paz, Baja California Sur.- En una carta dirigida al delegado de la Secretar\u00eda de\u2026","rel":"","context":"En &quot;\u00c1reas naturales protegidas&quot;","block_context":{"text":"\u00c1reas naturales protegidas","link":"https:\/\/www.grieta.org.mx\/index.php\/category\/megaproyectos\/areas-naturales-protegidas\/"},"img":{"alt_text":"","src":"https:\/\/i0.wp.com\/www.grieta.org.mx\/wp-content\/uploads\/2018\/08\/ejidos-7-2.jpg?resize=350%2C200&ssl=1","width":350,"height":200,"srcset":"https:\/\/i0.wp.com\/www.grieta.org.mx\/wp-content\/uploads\/2018\/08\/ejidos-7-2.jpg?resize=350%2C200&ssl=1 1x, https:\/\/i0.wp.com\/www.grieta.org.mx\/wp-content\/uploads\/2018\/08\/ejidos-7-2.jpg?resize=525%2C300&ssl=1 1.5x"},"classes":[]},{"id":25655,"url":"https:\/\/www.grieta.org.mx\/index.php\/2018\/07\/25\/hay-polemica-ante-la-pretension-de-convertir-en-anp-el-litoral-de-bcs\/","url_meta":{"origin":25651,"position":4},"title":"Hay pol\u00e9mica, ante la pretensi\u00f3n de convertir en ANP el litoral de BCS","author":"grieta","date":"25 julio, 2018","format":false,"excerpt":"Se teme que la propuesta de decretar ANP todo el litoral del Golfo de California y del Pac\u00edfico se decrete al vapor antes de que concluya el sexenio. El\u00edas Medina El\u00edas Medina P. El gobernador de Baja California Sur, Carlos Mendoza Davis, pidi\u00f3 al Gobierno Federal \u201chaga una valoraci\u00f3n muy\u2026","rel":"","context":"En &quot;\u00c1reas naturales protegidas&quot;","block_context":{"text":"\u00c1reas naturales protegidas","link":"https:\/\/www.grieta.org.mx\/index.php\/category\/megaproyectos\/areas-naturales-protegidas\/"},"img":{"alt_text":"","src":"https:\/\/i0.wp.com\/www.grieta.org.mx\/wp-content\/uploads\/2018\/08\/anp.jpg?resize=350%2C200&ssl=1","width":350,"height":200,"srcset":"https:\/\/i0.wp.com\/www.grieta.org.mx\/wp-content\/uploads\/2018\/08\/anp.jpg?resize=350%2C200&ssl=1 1x, https:\/\/i0.wp.com\/www.grieta.org.mx\/wp-content\/uploads\/2018\/08\/anp.jpg?resize=525%2C300&ssl=1 1.5x"},"classes":[]},{"id":67863,"url":"https:\/\/www.grieta.org.mx\/index.php\/2023\/09\/05\/ejidatarios-marchan-en-contra-de-la-anp-la-giganta-y-guadalupe-baja-california-sur\/","url_meta":{"origin":25651,"position":5},"title":"Ejidatarios marchan en contra de la ANP La Giganta y Guadalupe (Baja California Sur)","author":"grieta","date":"5 septiembre, 2023","format":false,"excerpt":"Imagen; Tribuna deMexico Andrea Villareal \/ Tribuna de M\u00e9xico Este martes un grupo de ejidatarios se manifest\u00f3 en contra del proyecto del \u00e1rea natural protegida (ANP) de las sierras La Giganta y Guadalupe. Al grito de \u201c\u00a1No a las ANP!\u201d, los representantes ejidales marcharon desde el Parque Revoluci\u00f3n hacia el\u2026","rel":"","context":"En &quot;Baja California Sur&quot;","block_context":{"text":"Baja California Sur","link":"https:\/\/www.grieta.org.mx\/index.php\/category\/noticias-nacionales\/baja-california-sur\/"},"img":{"alt_text":"","src":"https:\/\/i0.wp.com\/www.grieta.org.mx\/wp-content\/uploads\/2023\/10\/YXM2Rozn-Manifestacion-de-ejidatarios-en-el-Congreso-de-BCS-905x613-1.webp?resize=350%2C200&ssl=1","width":350,"height":200,"srcset":"https:\/\/i0.wp.com\/www.grieta.org.mx\/wp-content\/uploads\/2023\/10\/YXM2Rozn-Manifestacion-de-ejidatarios-en-el-Congreso-de-BCS-905x613-1.webp?resize=350%2C200&ssl=1 1x, https:\/\/i0.wp.com\/www.grieta.org.mx\/wp-content\/uploads\/2023\/10\/YXM2Rozn-Manifestacion-de-ejidatarios-en-el-Congreso-de-BCS-905x613-1.webp?resize=525%2C300&ssl=1 1.5x, https:\/\/i0.wp.com\/www.grieta.org.mx\/wp-content\/uploads\/2023\/10\/YXM2Rozn-Manifestacion-de-ejidatarios-en-el-Congreso-de-BCS-905x613-1.webp?resize=700%2C400&ssl=1 2x"},"classes":[]}],"_links":{"self":[{"href":"https:\/\/www.grieta.org.mx\/index.php\/wp-json\/wp\/v2\/posts\/25651","targetHints":{"allow":["GET"]}}],"collection":[{"href":"https:\/\/www.grieta.org.mx\/index.php\/wp-json\/wp\/v2\/posts"}],"about":[{"href":"https:\/\/www.grieta.org.mx\/index.php\/wp-json\/wp\/v2\/types\/post"}],"author":[{"embeddable":true,"href":"https:\/\/www.grieta.org.mx\/index.php\/wp-json\/wp\/v2\/users\/2"}],"replies":[{"embeddable":true,"href":"https:\/\/www.grieta.org.mx\/index.php\/wp-json\/wp\/v2\/comments?post=25651"}],"version-history":[{"count":1,"href":"https:\/\/www.grieta.org.mx\/index.php\/wp-json\/wp\/v2\/posts\/25651\/revisions"}],"predecessor-version":[{"id":25654,"href":"https:\/\/www.grieta.org.mx\/index.php\/wp-json\/wp\/v2\/posts\/25651\/revisions\/25654"}],"wp:featuredmedia":[{"embeddable":true,"href":"https:\/\/www.grieta.org.mx\/index.php\/wp-json\/wp\/v2\/media\/25652"}],"wp:attachment":[{"href":"https:\/\/www.grieta.org.mx\/index.php\/wp-json\/wp\/v2\/media?parent=25651"}],"wp:term":[{"taxonomy":"category","embeddable":true,"href":"https:\/\/www.grieta.org.mx\/index.php\/wp-json\/wp\/v2\/categories?post=25651"},{"taxonomy":"post_tag","embeddable":true,"href":"https:\/\/www.grieta.org.mx\/index.php\/wp-json\/wp\/v2\/tags?post=25651"}],"curies":[{"name":"wp","href":"https:\/\/api.w.org\/{rel}","templated":true}]}}