{"id":25619,"date":"2018-08-07T22:48:15","date_gmt":"2018-08-08T03:48:15","guid":{"rendered":"http:\/\/www.grieta.org.mx\/?p=25619"},"modified":"2018-08-16T22:53:45","modified_gmt":"2018-08-17T03:53:45","slug":"refuerzan-grupo-especial-de-seguridad-en-el-istmo-ante-aumento-de-ejecuciones-fosas-clandestinas-robos-de-cajeros-oaxaca","status":"publish","type":"post","link":"https:\/\/www.grieta.org.mx\/index.php\/2018\/08\/07\/refuerzan-grupo-especial-de-seguridad-en-el-istmo-ante-aumento-de-ejecuciones-fosas-clandestinas-robos-de-cajeros-oaxaca\/","title":{"rendered":"Refuerzan grupo especial de seguridad en el Istmo ante aumento de ejecuciones, fosas clandestinas, robos de cajeros\u2026 (Oaxaca)"},"content":{"rendered":"<p>P\u00e1gina 3.<\/p>\n<p>Pedro Mat\u00edas,<\/p>\n<p>Oaxaca.- El grupo \u201cFuerza Especial de Seguridad Oaxaca\u201d ser\u00e1 reforzado para brindar una mayor cobertura del despliegue de seguridad en la regi\u00f3n del Istmo de Tehuantepec donde la inseguridad y violencia no se ha detenido, por el contrario, hasta han sido descubiertas fosas clandestinas.<\/p>\n<p><img loading=\"lazy\" decoding=\"async\" data-attachment-id=\"25620\" data-permalink=\"https:\/\/www.grieta.org.mx\/index.php\/2018\/08\/07\/refuerzan-grupo-especial-de-seguridad-en-el-istmo-ante-aumento-de-ejecuciones-fosas-clandestinas-robos-de-cajeros-oaxaca\/segurida-oax-1\/\" data-orig-file=\"https:\/\/www.grieta.org.mx\/wp-content\/uploads\/2018\/08\/segurida-oax-1.jpg\" data-orig-size=\"950,478\" data-comments-opened=\"0\" data-image-meta=\"{&quot;aperture&quot;:&quot;0&quot;,&quot;credit&quot;:&quot;&quot;,&quot;camera&quot;:&quot;&quot;,&quot;caption&quot;:&quot;&quot;,&quot;created_timestamp&quot;:&quot;0&quot;,&quot;copyright&quot;:&quot;&quot;,&quot;focal_length&quot;:&quot;0&quot;,&quot;iso&quot;:&quot;0&quot;,&quot;shutter_speed&quot;:&quot;0&quot;,&quot;title&quot;:&quot;&quot;,&quot;orientation&quot;:&quot;0&quot;}\" data-image-title=\"segurida oax 1\" data-image-description=\"\" data-image-caption=\"\" data-medium-file=\"https:\/\/www.grieta.org.mx\/wp-content\/uploads\/2018\/08\/segurida-oax-1-300x151.jpg\" data-large-file=\"https:\/\/www.grieta.org.mx\/wp-content\/uploads\/2018\/08\/segurida-oax-1.jpg\" src=\"http:\/\/www.grieta.org.mx\/wp-content\/uploads\/2018\/08\/segurida-oax-1-300x151.jpg\" alt=\"\" width=\"300\" height=\"151\" class=\"aligncenter size-medium wp-image-25620\" srcset=\"https:\/\/www.grieta.org.mx\/wp-content\/uploads\/2018\/08\/segurida-oax-1-300x151.jpg 300w, https:\/\/www.grieta.org.mx\/wp-content\/uploads\/2018\/08\/segurida-oax-1-768x386.jpg 768w, https:\/\/www.grieta.org.mx\/wp-content\/uploads\/2018\/08\/segurida-oax-1.jpg 950w\" sizes=\"auto, (max-width: 300px) 100vw, 300px\" \/><\/p>\n<p>Ante los rumores de que el grupo de fuerza especial se retiraba del Istmo de Tehuantepec desde hace dos semanas y debido al incremento de los \u00edndices delictivos, el gobierno de Alejandro Murat Hinojosa sali\u00f3 al paso al informan los resultados obtenidos a dos meses de haberse implementado el despliegue de seguridad.<\/p>\n<p>Poco antes de que la Fiscal\u00eda General de Estado y la Secretar\u00eda General de Seguridad conjuntamente con las Secretar\u00edas de la Defensa Nacional (Sedena), de Gobernaci\u00f3n (Segob) y la Marina (Semar), as\u00ed como de la Procuradur\u00eda General de la Rep\u00fablica (PGR) y la Polic\u00eda Federal, fue localizada una fosa clandestina en la comunidad de Chocolate, perteneciente a San Juan G\u00fcichicovi con cuatro cuerpos.<\/p>\n<p>La fiscal\u00eda descart\u00f3 que en esa fosa se encontraran los restos del periodista oaxaque\u00f1o, Agust\u00edn Silva V\u00e1squez, quien desapareci\u00f3 desde el pasado 21 de enero, aunque su veh\u00edculo fue encontrado abandonado en la poblaci\u00f3n de \u2018El Morrito\u2019, perteneciente al municipio de Asunci\u00f3n Ixtaltepec, Oaxaca.<\/p>\n<p>Elementos de los \u00f3rdenes federal y estatal implementaron el operativo el 4 de junio, luego del ataque armado perpetrado contra la candidata a segundo concejal en la planilla de la coalici\u00f3n \u201cTodos por M\u00e9xico, Pamela Zamari Ter\u00e1n Pineda, su chofer Adelfo Guerra Jim\u00e9nez y la fotorreportera Mar\u00eda del Sol Cruz Jarqu\u00edn, hija de la periodista Soledad Jarqu\u00edn Edgar.<\/p>\n<p>Los hechos ocurrieron la madrugada del dos de junio en la calle 5 de Mayo en el centro de Juchit\u00e1n de Zaragoza.<\/p>\n<p>Dos d\u00edas despu\u00e9s, el gobernador anunci\u00f3 el despliegue \u201cFuerza Especial de Seguridad Oaxaca\u201d (FESO), con el objetivo de brindar mayor cobertura en esta demarcaci\u00f3n a fin de garantizar el orden, la legalidad y la paz p\u00fablica.<\/p>\n<p>Como resultado informaron que a dos meses de haberse implementado el despliegue del grupo \u201cFuerza Especial de Seguridad Oaxaca\u201d se logr\u00f3 vincular a proceso a 21 personas por delitos como: homicidio calificado, homicidio doloso, violaci\u00f3n, tr\u00e1fico de concesiones y despojo; tambi\u00e9n, obtuvo cinco sentencias condenatorias por delitos de: violaci\u00f3n tumultuaria, asalto, robo con violencia, entre otras.<\/p>\n<p>Obteniendo, en una de ellas, una pena mayor a 30 a\u00f1os, adem\u00e1s de ejecutar 16 \u00f3rdenes de aprehensi\u00f3n por violaci\u00f3n equiparada, homicidio calificado, fraude gen\u00e9rico y otros.<\/p>\n<p>En tanto, la PGR inici\u00f3 23 carpetas de investigaci\u00f3n de las cuales 17 han sido judicializadas y por las cuales se detuvieron a 42 personas por los siguientes delitos: violaci\u00f3n a la Ley Federal de Armas de Fuego y Explosivos, en materia de Hidrocarburos, operaci\u00f3n con Recursos de Procedencia Il\u00edcita, violaci\u00f3n de la Ley de Migraci\u00f3n y Contra la Salud.<\/p>\n<p>Mientras tanto la Secretar\u00eda de Seguridad P\u00fablica report\u00f3 74 personas puestas a disposici\u00f3n, 152 veh\u00edculos retenidos, 15 armas decomisadas m\u00e1s 131 municiones y 11 cargadores, de igual manera decomis\u00f3 14 tablas de madera y 17, 200 litros de combustible.<\/p>\n<p>Sin embargo, los \u00edndices delictivos no han disminuido, por el contrario, las ejecuciones contin\u00faan, han sido localizadas fosas clandestinas, circulan videos donde sicarios exhiben a una persona desmembrada, comandos armados se roban cajeros bancarios.<\/p>\n<p>El Diario Noticias dio a conocer que el pasado viernes circul\u00f3 un video en las redes sociales en el cual se observa a una persona que fue desmembrada y es interrogada por sus victimarios.<\/p>\n<p>Preci\u00f3 que el secuestro y mutilamiento de Marcelino Paz, quien es presuntamente la persona difundida en el video, sus restos no han sido localizados y la Fiscal\u00eda General del Estado no ha avanzado en las indagatorias.<\/p>\n<p>En el video se escucha a una persona hablar para preguntarle \u201c\u00bfQui\u00e9n mat\u00f3 a Juanito Castellanos?\u201d, mira \u201cGiovanni esto es lo que va a pasar hijo de tu puta madre\u201d as\u00ed que sal a terreno\u2026\u201d.\u201dY calma pueblo que esto es con todas las lacras de Chahuites.\u201d<\/p>\n<p>Aunado a ello se han documentado por lo menos ocho ejecuciones entre ellos, el del ex edil de San Miguel Chimalapa, Jos\u00e9 Medel; el 30 de julio, comando armado encerr\u00f3 a polic\u00edas y se llev\u00f3 un cajero en Jalapa del Marqu\u00e9s y d\u00edas despu\u00e9s fue robado un cajero autom\u00e1tico en Santa Mar\u00eda Xadani, y el pasado fin de semana fue localizada una fosa con cuatro cuerpos.<\/p>\n<p><a href=\"https:\/\/pagina3.mx\/2018\/08\/refuerzan-grupo-especial-de-seguridad-en-el-istmo-ante-aumento-de-ejecuciones-fosas-clandestinas-robos-de-cajeros\/\" rel=\"noopener\" target=\"_blank\">https:\/\/pagina3.mx\/2018\/08\/refuerzan-grupo-especial-de-seguridad-en-el-istmo-ante-aumento-de-ejecuciones-fosas-clandestinas-robos-de-cajeros\/<\/a><\/p>\n","protected":false},"excerpt":{"rendered":"<p>P\u00e1gina 3. Pedro Mat\u00edas, Oaxaca.- El grupo \u201cFuerza Especial de Seguridad Oaxaca\u201d ser\u00e1 reforzado para brindar una mayor cobertura del despliegue de seguridad en la regi\u00f3n del Istmo de Tehuantepec &hellip; <a href=\"https:\/\/www.grieta.org.mx\/index.php\/2018\/08\/07\/refuerzan-grupo-especial-de-seguridad-en-el-istmo-ante-aumento-de-ejecuciones-fosas-clandestinas-robos-de-cajeros-oaxaca\/\" class=\"more-link\">Leer m\u00e1s<\/a><\/p>\n","protected":false},"author":2,"featured_media":25620,"comment_status":"closed","ping_status":"closed","sticky":false,"template":"","format":"standard","meta":{"ngg_post_thumbnail":0,"_jetpack_newsletter_access":"","_jetpack_dont_email_post_to_subs":false,"_jetpack_newsletter_tier_id":0,"_jetpack_memberships_contains_paywalled_content":false,"_jetpack_memberships_contains_paid_content":false,"footnotes":""},"categories":[80,1606,2,25],"tags":[],"class_list":["post-25619","post","type-post","status-publish","format-standard","has-post-thumbnail","hentry","category-cintillo","category-militarizacion-en-oaxaca","category-noticias-nacionales","category-oaxaca","entry"],"jetpack_featured_media_url":"https:\/\/www.grieta.org.mx\/wp-content\/uploads\/2018\/08\/segurida-oax-1.jpg","jetpack_sharing_enabled":true,"jetpack_shortlink":"https:\/\/wp.me\/p7ZJR4-6Fd","jetpack_likes_enabled":false,"jetpack-related-posts":[{"id":71246,"url":"https:\/\/www.grieta.org.mx\/index.php\/2025\/02\/27\/por-inseguridad-ucizoni-cierra-oficinas-en-el-istmo-oaxaca\/","url_meta":{"origin":25619,"position":0},"title":"Por inseguridad, UCIZONI cierra oficinas en el Istmo (Oaxaca)","author":"grieta","date":"27 febrero, 2025","format":false,"excerpt":"Imagen: Istmos Prress Diana Manzo \/ Istmo Press Juchit\u00e1n, Oax.- Ante la inseguridad y falta de atenci\u00f3n de las autoridades federales y estatales, integrantes de la organizaci\u00f3n social \u201cUni\u00f3n de Comunidades Ind\u00edgenas de la Zona Norte del Istmo \u201c decidieron cerrar sus oficinas ubicadas en la zona norte del Istmo\u2026","rel":"","context":"En &quot;CINTILLO&quot;","block_context":{"text":"CINTILLO","link":"https:\/\/www.grieta.org.mx\/index.php\/category\/cintillo\/"},"img":{"alt_text":"","src":"https:\/\/i0.wp.com\/www.grieta.org.mx\/wp-content\/uploads\/2025\/03\/IMG_3565-1.jpeg?resize=350%2C200&ssl=1","width":350,"height":200,"srcset":"https:\/\/i0.wp.com\/www.grieta.org.mx\/wp-content\/uploads\/2025\/03\/IMG_3565-1.jpeg?resize=350%2C200&ssl=1 1x, https:\/\/i0.wp.com\/www.grieta.org.mx\/wp-content\/uploads\/2025\/03\/IMG_3565-1.jpeg?resize=525%2C300&ssl=1 1.5x, https:\/\/i0.wp.com\/www.grieta.org.mx\/wp-content\/uploads\/2025\/03\/IMG_3565-1.jpeg?resize=700%2C400&ssl=1 2x, https:\/\/i0.wp.com\/www.grieta.org.mx\/wp-content\/uploads\/2025\/03\/IMG_3565-1.jpeg?resize=1050%2C600&ssl=1 3x, https:\/\/i0.wp.com\/www.grieta.org.mx\/wp-content\/uploads\/2025\/03\/IMG_3565-1.jpeg?resize=1400%2C800&ssl=1 4x"},"classes":[]},{"id":65633,"url":"https:\/\/www.grieta.org.mx\/index.php\/2022\/10\/24\/continua-intento-de-cercamiento-de-tierras-de-puente-madera-para-parque-industrial-oaxaca\/","url_meta":{"origin":25619,"position":1},"title":"Contin\u00faa intento de cercamiento de tierras de Puente Madera para parque industrial (Oaxaca)","author":"grieta","date":"24 octubre, 2022","format":false,"excerpt":"Imagen: Avispa Media Sare Fabres \/ Avispa Media Un grupo de 30 personas que se identificaron como seguridad privada del Corredor Interoce\u00e1nico del Istmo de Tehuantepec (CIIT), acompa\u00f1ados de la Polic\u00eda Estatal, instalaron en la ma\u00f1ana de este lunes (24) una lona con la leyenda \u201cTierras de propiedad del CIIT\u2026","rel":"","context":"En &quot;CINTILLO&quot;","block_context":{"text":"CINTILLO","link":"https:\/\/www.grieta.org.mx\/index.php\/category\/cintillo\/"},"img":{"alt_text":"","src":"https:\/\/i0.wp.com\/www.grieta.org.mx\/wp-content\/uploads\/2022\/10\/Manta-Corredor.jpg?resize=350%2C200&ssl=1","width":350,"height":200,"srcset":"https:\/\/i0.wp.com\/www.grieta.org.mx\/wp-content\/uploads\/2022\/10\/Manta-Corredor.jpg?resize=350%2C200&ssl=1 1x, https:\/\/i0.wp.com\/www.grieta.org.mx\/wp-content\/uploads\/2022\/10\/Manta-Corredor.jpg?resize=525%2C300&ssl=1 1.5x, https:\/\/i0.wp.com\/www.grieta.org.mx\/wp-content\/uploads\/2022\/10\/Manta-Corredor.jpg?resize=700%2C400&ssl=1 2x, https:\/\/i0.wp.com\/www.grieta.org.mx\/wp-content\/uploads\/2022\/10\/Manta-Corredor.jpg?resize=1050%2C600&ssl=1 3x"},"classes":[]},{"id":33867,"url":"https:\/\/www.grieta.org.mx\/index.php\/2019\/05\/23\/ejecutan-a-otra-mujer-mientras-murat-presidia-reunion-de-seguridad-en-juchitan-suman-10-en-los-ultimos-8-dias-oaxaca\/","url_meta":{"origin":25619,"position":2},"title":"Ejecutan a otra mujer, mientras Murat presid\u00eda reuni\u00f3n de seguridad en Juchit\u00e1n; suman 10 en los \u00faltimos 8 d\u00edas (Oaxaca)","author":"grieta","date":"23 mayo, 2019","format":false,"excerpt":"P\u00e1gina 3. Pedro Mat\u00edas, OAXACA, Oax. (pagina3.mx).- Ejecutan a otra mujer en el Istmo de Tehuantepec, mientras el Gobernador presid\u00eda una reuni\u00f3n de seguridad. El gobernador Alejandro Murat Hinojosa inauguraba adem\u00e1s el sistema de videovigilancia en Juchit\u00e1n, cuando ocurri\u00f3 una nueva balacera. El hecho dej\u00f3 una mujer muerta y dos\u2026","rel":"","context":"En &quot;CINTILLO&quot;","block_context":{"text":"CINTILLO","link":"https:\/\/www.grieta.org.mx\/index.php\/category\/cintillo\/"},"img":{"alt_text":"","src":"https:\/\/i0.wp.com\/www.grieta.org.mx\/wp-content\/uploads\/2019\/05\/FEMINICIDIO-1.jpg?resize=350%2C200&ssl=1","width":350,"height":200,"srcset":"https:\/\/i0.wp.com\/www.grieta.org.mx\/wp-content\/uploads\/2019\/05\/FEMINICIDIO-1.jpg?resize=350%2C200&ssl=1 1x, https:\/\/i0.wp.com\/www.grieta.org.mx\/wp-content\/uploads\/2019\/05\/FEMINICIDIO-1.jpg?resize=525%2C300&ssl=1 1.5x, https:\/\/i0.wp.com\/www.grieta.org.mx\/wp-content\/uploads\/2019\/05\/FEMINICIDIO-1.jpg?resize=700%2C400&ssl=1 2x"},"classes":[]},{"id":25117,"url":"https:\/\/www.grieta.org.mx\/index.php\/2018\/07\/24\/presume-seguridad-publica-saldo-blanco-con-dos-muertos-y-un-asalto-violento-en-fiestas-de-la-guelaguetza-oaxaca\/","url_meta":{"origin":25619,"position":3},"title":"Presume Seguridad P\u00fablica \u201csaldo blanco\u201d con dos muertos y un asalto violento en fiestas de la Guelaguetza (Oaxaca)","author":"grieta","date":"24 julio, 2018","format":false,"excerpt":"P\u00e1gina 3. Pedro Mat\u00edas, Oaxaca.- Mientras que el secretario de Seguridad P\u00fablica de Oaxaca (SSPO), Jos\u00e9 Raymundo Tu\u00f1\u00f3n J\u00e1uregui, afirmaba anticipadamente que el primer Lunes del Cerro culmin\u00f3 con \u201csaldo blanco\u201d, en inmediaciones de la feria del mezcal asaltaron e hirieron a un expositor y posteriormente ejecutaron a un taxista.\u2026","rel":"","context":"En &quot;CINTILLO&quot;","block_context":{"text":"CINTILLO","link":"https:\/\/www.grieta.org.mx\/index.php\/category\/cintillo\/"},"img":{"alt_text":"","src":"https:\/\/i0.wp.com\/www.grieta.org.mx\/wp-content\/uploads\/2018\/07\/ALvaroObregon_Asesinato-Crispin-p3.jpg?resize=350%2C200&ssl=1","width":350,"height":200,"srcset":"https:\/\/i0.wp.com\/www.grieta.org.mx\/wp-content\/uploads\/2018\/07\/ALvaroObregon_Asesinato-Crispin-p3.jpg?resize=350%2C200&ssl=1 1x, https:\/\/i0.wp.com\/www.grieta.org.mx\/wp-content\/uploads\/2018\/07\/ALvaroObregon_Asesinato-Crispin-p3.jpg?resize=525%2C300&ssl=1 1.5x, https:\/\/i0.wp.com\/www.grieta.org.mx\/wp-content\/uploads\/2018\/07\/ALvaroObregon_Asesinato-Crispin-p3.jpg?resize=700%2C400&ssl=1 2x"},"classes":[]},{"id":65676,"url":"https:\/\/www.grieta.org.mx\/index.php\/2022\/10\/28\/matan-a-comunero-y-atentan-contra-dirigente-del-colectivo-sol-rojo-en-el-istmo-oaxaqueno-ambos-opositores-del-corredor-interoceanico-oaxaca\/","url_meta":{"origin":25619,"position":4},"title":"Matan a comunero y atentan contra dirigente del colectivo \u201cSol Rojo\u201d en el Istmo oaxaque\u00f1o ; ambos opositores del corredor interoce\u00e1nico (Oaxaca)","author":"grieta","date":"28 octubre, 2022","format":false,"excerpt":"Imagen: Especial Diana Manzo \/ Agencia de Noticias IstmoPress #Tehuantepec 28 Oct (#Istmopress) \u2013 Ayer por la noche, Jes\u00fas Manuel Garc\u00eda Mart\u00ednez, comunero zapoteca de la comunidad agraria de Santa Cruz Tagolaba conocido tambi\u00e9n como \u201cChu Pau\u201d, fue asesinado por un grupo de personas armadas, quienes interrumpieron su domicilio en\u2026","rel":"","context":"En &quot;CINTILLO&quot;","block_context":{"text":"CINTILLO","link":"https:\/\/www.grieta.org.mx\/index.php\/category\/cintillo\/"},"img":{"alt_text":"","src":"https:\/\/i0.wp.com\/www.grieta.org.mx\/wp-content\/uploads\/2022\/11\/BSZASRZZ5NG2DO2KEHU5OFYRNI.webp?resize=350%2C200&ssl=1","width":350,"height":200,"srcset":"https:\/\/i0.wp.com\/www.grieta.org.mx\/wp-content\/uploads\/2022\/11\/BSZASRZZ5NG2DO2KEHU5OFYRNI.webp?resize=350%2C200&ssl=1 1x, https:\/\/i0.wp.com\/www.grieta.org.mx\/wp-content\/uploads\/2022\/11\/BSZASRZZ5NG2DO2KEHU5OFYRNI.webp?resize=525%2C300&ssl=1 1.5x, https:\/\/i0.wp.com\/www.grieta.org.mx\/wp-content\/uploads\/2022\/11\/BSZASRZZ5NG2DO2KEHU5OFYRNI.webp?resize=700%2C400&ssl=1 2x"},"classes":[]},{"id":66884,"url":"https:\/\/www.grieta.org.mx\/index.php\/2023\/04\/29\/guardia-nacional-marina-y-policia-estatal-reprime-campamento-de-ejidatarios-mixe-de-mogone-viejo-vixidu-contra-obras-del-ferrocarril-del-istmo-de-tehuantepec-detienen-a-seis-se-desconoce-su-parader\/","url_meta":{"origin":25619,"position":5},"title":"Guardia Nacional, Marina y Polic\u00eda Estatal reprime campamento de ejidatarios mixe de Mogo\u00f1e Viejo-Vixidu contra obras del Ferrocarril del Istmo de Tehuantepec, detienen a seis, se desconoce su paradero (Oaxaca)","author":"grieta","date":"29 abril, 2023","format":false,"excerpt":"Imagen: Cortes\u00eda JUCHIT\u00c1N, Oaxaca.- El bloqueo a la v\u00edas del ferrocarril que desde hace dos meses manten\u00edan ejidatarios de la comunidad de Mogo\u00f1\u00e9 Viejo, fue desalojado por elementos de la Guardia Nacional (GN), Secretar\u00eda de Marina (Semar) y de la polic\u00eda estatal, inform\u00f3 en un comunicado la Uni\u00f3n de Comunidades\u2026","rel":"","context":"En &quot;Brutalidad polic\u00edaca en Oaxaca&quot;","block_context":{"text":"Brutalidad polic\u00edaca en Oaxaca","link":"https:\/\/www.grieta.org.mx\/index.php\/category\/noticias-nacionales\/oaxaca\/brutalidad-policiaca-en-oaxaca\/"},"img":{"alt_text":"","src":"https:\/\/i0.wp.com\/www.grieta.org.mx\/wp-content\/uploads\/2023\/04\/mogone-desalojo.webp?resize=350%2C200&ssl=1","width":350,"height":200,"srcset":"https:\/\/i0.wp.com\/www.grieta.org.mx\/wp-content\/uploads\/2023\/04\/mogone-desalojo.webp?resize=350%2C200&ssl=1 1x, https:\/\/i0.wp.com\/www.grieta.org.mx\/wp-content\/uploads\/2023\/04\/mogone-desalojo.webp?resize=525%2C300&ssl=1 1.5x, https:\/\/i0.wp.com\/www.grieta.org.mx\/wp-content\/uploads\/2023\/04\/mogone-desalojo.webp?resize=700%2C400&ssl=1 2x, https:\/\/i0.wp.com\/www.grieta.org.mx\/wp-content\/uploads\/2023\/04\/mogone-desalojo.webp?resize=1050%2C600&ssl=1 3x, https:\/\/i0.wp.com\/www.grieta.org.mx\/wp-content\/uploads\/2023\/04\/mogone-desalojo.webp?resize=1400%2C800&ssl=1 4x"},"classes":[]}],"_links":{"self":[{"href":"https:\/\/www.grieta.org.mx\/index.php\/wp-json\/wp\/v2\/posts\/25619","targetHints":{"allow":["GET"]}}],"collection":[{"href":"https:\/\/www.grieta.org.mx\/index.php\/wp-json\/wp\/v2\/posts"}],"about":[{"href":"https:\/\/www.grieta.org.mx\/index.php\/wp-json\/wp\/v2\/types\/post"}],"author":[{"embeddable":true,"href":"https:\/\/www.grieta.org.mx\/index.php\/wp-json\/wp\/v2\/users\/2"}],"replies":[{"embeddable":true,"href":"https:\/\/www.grieta.org.mx\/index.php\/wp-json\/wp\/v2\/comments?post=25619"}],"version-history":[{"count":1,"href":"https:\/\/www.grieta.org.mx\/index.php\/wp-json\/wp\/v2\/posts\/25619\/revisions"}],"predecessor-version":[{"id":25621,"href":"https:\/\/www.grieta.org.mx\/index.php\/wp-json\/wp\/v2\/posts\/25619\/revisions\/25621"}],"wp:featuredmedia":[{"embeddable":true,"href":"https:\/\/www.grieta.org.mx\/index.php\/wp-json\/wp\/v2\/media\/25620"}],"wp:attachment":[{"href":"https:\/\/www.grieta.org.mx\/index.php\/wp-json\/wp\/v2\/media?parent=25619"}],"wp:term":[{"taxonomy":"category","embeddable":true,"href":"https:\/\/www.grieta.org.mx\/index.php\/wp-json\/wp\/v2\/categories?post=25619"},{"taxonomy":"post_tag","embeddable":true,"href":"https:\/\/www.grieta.org.mx\/index.php\/wp-json\/wp\/v2\/tags?post=25619"}],"curies":[{"name":"wp","href":"https:\/\/api.w.org\/{rel}","templated":true}]}}