{"id":25591,"date":"2018-08-10T19:51:02","date_gmt":"2018-08-11T00:51:02","guid":{"rendered":"http:\/\/www.grieta.org.mx\/?p=25591"},"modified":"2018-08-16T19:56:22","modified_gmt":"2018-08-17T00:56:22","slug":"toman-palacio-municipal-por-desaparicion-de-3-jovenes-en-michoacan","status":"publish","type":"post","link":"https:\/\/www.grieta.org.mx\/index.php\/2018\/08\/10\/toman-palacio-municipal-por-desaparicion-de-3-jovenes-en-michoacan\/","title":{"rendered":"Toman palacio municipal por desaparici\u00f3n de 3 j\u00f3venes en Michoac\u00e1n"},"content":{"rendered":"<p><img decoding=\"async\" data-attachment-id=\"25592\" data-permalink=\"https:\/\/www.grieta.org.mx\/index.php\/2018\/08\/10\/toman-palacio-municipal-por-desaparicion-de-3-jovenes-en-michoacan\/2007_nuevo-san-juan-parangaricutiro_620x350\/\" data-orig-file=\"https:\/\/www.grieta.org.mx\/wp-content\/uploads\/2018\/08\/2007_nuevo-san-juan-parangaricutiro_620x350.jpg\" data-orig-size=\"620,350\" data-comments-opened=\"0\" data-image-meta=\"{&quot;aperture&quot;:&quot;0&quot;,&quot;credit&quot;:&quot;&quot;,&quot;camera&quot;:&quot;&quot;,&quot;caption&quot;:&quot;&quot;,&quot;created_timestamp&quot;:&quot;0&quot;,&quot;copyright&quot;:&quot;&quot;,&quot;focal_length&quot;:&quot;0&quot;,&quot;iso&quot;:&quot;0&quot;,&quot;shutter_speed&quot;:&quot;0&quot;,&quot;title&quot;:&quot;&quot;,&quot;orientation&quot;:&quot;0&quot;}\" data-image-title=\"2007_nuevo-san-juan-parangaricutiro_620x350\" data-image-description=\"\" data-image-caption=\"\" data-medium-file=\"https:\/\/www.grieta.org.mx\/wp-content\/uploads\/2018\/08\/2007_nuevo-san-juan-parangaricutiro_620x350-300x169.jpg\" data-large-file=\"https:\/\/www.grieta.org.mx\/wp-content\/uploads\/2018\/08\/2007_nuevo-san-juan-parangaricutiro_620x350.jpg\" src=\"http:\/\/www.grieta.org.mx\/wp-content\/uploads\/2018\/08\/2007_nuevo-san-juan-parangaricutiro_620x350.jpg\" alt=\"\" width=\"100%\" class=\"aligncenter size-full wp-image-25592\" srcset=\"https:\/\/www.grieta.org.mx\/wp-content\/uploads\/2018\/08\/2007_nuevo-san-juan-parangaricutiro_620x350.jpg 620w, https:\/\/www.grieta.org.mx\/wp-content\/uploads\/2018\/08\/2007_nuevo-san-juan-parangaricutiro_620x350-300x169.jpg 300w\" sizes=\"(max-width: 620px) 100vw, 620px\" \/><\/p>\n<p>Redacci\u00f3n\/ SDP Noticias<\/p>\n<p>Los pobladores del Nuevo San Juan Parangaricutiro han tomado el Ayuntamiento por 3 d\u00edas. <\/p>\n<p>M\u00e9xico.- La desaparici\u00f3n de tres j\u00f3venes en Nuevo San Juan Parangaricutiro, Michoac\u00e1n, deriv\u00f3 en un bloqueo carretero y la toma el Palacio Municipal que desde el mi\u00e9rcoles mantienen los pobladores.<\/p>\n<p>Este viernes a 16 d\u00eda de la desaparici\u00f3n de los j\u00f3venes, el gobernador Silvano Aureoles, acudi\u00f3 al municipio a un di\u00e1logo con los inconformes quienes mantienen retenido en el ayuntamiento al edil Gabriel Anducho y a siete regidores.<\/p>\n<p>Algunos de los manifestantes reconocieron ayer que las acciones tomadas no son las adecuadas y perjudican a terceros, pero que es a \u00fanica forma de presi\u00f3n bajo la cual las autoridades act\u00faan.<\/p>\n<p>La localidad se ubica a cerca de 10 kil\u00f3metros al poniente de la ciudad de Uruapan, los habitantes se\u00f1alaron que su comunidad se ha visto afectada por la inseguridad<\/p>\n<p>El edil afirm\u00f3 entender la raz\u00f3n por la cual permanece retenido junto los regidores y neg\u00f3 que se encuentre secuestrado.<\/p>\n<p>Aureoles Conejo afirm\u00f3 que el caso es indagado por la Secretar\u00eda de Seguridad P\u00fablica michoacana y por la Procuradur\u00eda estatal.<\/p>\n<p>Con informaci\u00f3n de Monitor Expresso y Reforma<\/p>\n<p><a href=\"https:\/\/www.sdpnoticias.com\/estados\/2018\/08\/10\/toman-palacio-municipal-por-desaparicion-de-3-jovenes-en-michoacan\" rel=\"noopener\" target=\"_blank\">https:\/\/www.sdpnoticias.com\/estados\/2018\/08\/10\/toman-palacio-municipal-por-desaparicion-de-3-jovenes-en-michoacan<\/a><\/p>\n","protected":false},"excerpt":{"rendered":"<p>Redacci\u00f3n\/ SDP Noticias Los pobladores del Nuevo San Juan Parangaricutiro han tomado el Ayuntamiento por 3 d\u00edas. M\u00e9xico.- La desaparici\u00f3n de tres j\u00f3venes en Nuevo San Juan Parangaricutiro, Michoac\u00e1n, deriv\u00f3 &hellip; <a href=\"https:\/\/www.grieta.org.mx\/index.php\/2018\/08\/10\/toman-palacio-municipal-por-desaparicion-de-3-jovenes-en-michoacan\/\" class=\"more-link\">Leer m\u00e1s<\/a><\/p>\n","protected":false},"author":2,"featured_media":25592,"comment_status":"closed","ping_status":"closed","sticky":false,"template":"","format":"standard","meta":{"ngg_post_thumbnail":0,"_jetpack_newsletter_access":"","_jetpack_dont_email_post_to_subs":false,"_jetpack_newsletter_tier_id":0,"_jetpack_memberships_contains_paywalled_content":false,"_jetpack_memberships_contains_paid_content":false,"footnotes":""},"categories":[80,1201,21,2],"tags":[121,452],"class_list":["post-25591","post","type-post","status-publish","format-standard","has-post-thumbnail","hentry","category-cintillo","category-desaparecidos-en-michoacan","category-michoacan","category-noticias-nacionales","tag-desaparecidos","tag-michaocan","entry"],"jetpack_featured_media_url":"https:\/\/www.grieta.org.mx\/wp-content\/uploads\/2018\/08\/2007_nuevo-san-juan-parangaricutiro_620x350.jpg","jetpack_sharing_enabled":true,"jetpack_shortlink":"https:\/\/wp.me\/p7ZJR4-6EL","jetpack_likes_enabled":false,"jetpack-related-posts":[{"id":67612,"url":"https:\/\/www.grieta.org.mx\/index.php\/2023\/08\/09\/desaparece-lorenzo-froylan-guardia-comunal-en-santa-maria-ostula-michoacan-pobladores-acusan-a-grupo-criminal\/","url_meta":{"origin":25591,"position":0},"title":"Desaparece Lorenzo Froyl\u00e1n, guardia comunal en Santa Mar\u00eda Ostula, Michoac\u00e1n; pobladores acusan a grupo criminal","author":"grieta","date":"9 agosto, 2023","format":false,"excerpt":"Pobladores se\u00f1alaron al CJNG por la desaparici\u00f3n de Lorenzo Froyl\u00e1n de la Cruz, guardia comunal de Santa Mar\u00eda Ostula en Michoac\u00e1n. Acusan que desde 2009 suman 39 asesinatos relacionados con el grupo criminal. Lorenzo Froyl\u00e1n de la Cruz R\u00edos, guardia comunal en Santa Mar\u00eda Ostula, Michoac\u00e1n, fue reportado como desaparecido.\u2026","rel":"","context":"En &quot;CINTILLO&quot;","block_context":{"text":"CINTILLO","link":"https:\/\/www.grieta.org.mx\/index.php\/category\/cintillo\/"},"img":{"alt_text":"","src":"https:\/\/i0.wp.com\/www.grieta.org.mx\/wp-content\/uploads\/2023\/09\/guardia-comunal-Santa-Maria-Ostula-Michoacan-1024x683-1.webp?resize=350%2C200&ssl=1","width":350,"height":200,"srcset":"https:\/\/i0.wp.com\/www.grieta.org.mx\/wp-content\/uploads\/2023\/09\/guardia-comunal-Santa-Maria-Ostula-Michoacan-1024x683-1.webp?resize=350%2C200&ssl=1 1x, https:\/\/i0.wp.com\/www.grieta.org.mx\/wp-content\/uploads\/2023\/09\/guardia-comunal-Santa-Maria-Ostula-Michoacan-1024x683-1.webp?resize=525%2C300&ssl=1 1.5x, https:\/\/i0.wp.com\/www.grieta.org.mx\/wp-content\/uploads\/2023\/09\/guardia-comunal-Santa-Maria-Ostula-Michoacan-1024x683-1.webp?resize=700%2C400&ssl=1 2x"},"classes":[]},{"id":32605,"url":"https:\/\/www.grieta.org.mx\/index.php\/2019\/04\/26\/anuncian-nueva-caravana-de-busqueda-de-desaparecidos-en-michoacan\/","url_meta":{"origin":25591,"position":1},"title":"Anuncian nueva caravana de b\u00fasqueda de desaparecidos en Michoac\u00e1n","author":"grieta","date":"26 abril, 2019","format":false,"excerpt":"V\u00edctimas de desaparici\u00f3n forzada en Michoac\u00e1n piden justicia al gobierno federal MVS Noticias, Nora Bucio ?26\/Abr\/19 13:45 Familiares Caminando por la Justicia, anunciaron que realizar\u00e1n la V Caravana \u201cBuscando, encontraremos\u201d, la cual se realizar\u00e1 en Michoac\u00e1n, la cual pretende encontrar vivos y post mortem a personas denunciadas como desaparecidas. Evangelina\u2026","rel":"","context":"En &quot;CINTILLO&quot;","block_context":{"text":"CINTILLO","link":"https:\/\/www.grieta.org.mx\/index.php\/category\/cintillo\/"},"img":{"alt_text":"","src":"https:\/\/i0.wp.com\/www.grieta.org.mx\/wp-content\/uploads\/2019\/04\/dc3ffd0d-d5git5zx4aipsz1-1024x768.jpg?resize=350%2C200&ssl=1","width":350,"height":200,"srcset":"https:\/\/i0.wp.com\/www.grieta.org.mx\/wp-content\/uploads\/2019\/04\/dc3ffd0d-d5git5zx4aipsz1-1024x768.jpg?resize=350%2C200&ssl=1 1x, https:\/\/i0.wp.com\/www.grieta.org.mx\/wp-content\/uploads\/2019\/04\/dc3ffd0d-d5git5zx4aipsz1-1024x768.jpg?resize=525%2C300&ssl=1 1.5x, https:\/\/i0.wp.com\/www.grieta.org.mx\/wp-content\/uploads\/2019\/04\/dc3ffd0d-d5git5zx4aipsz1-1024x768.jpg?resize=700%2C400&ssl=1 2x"},"classes":[]},{"id":62997,"url":"https:\/\/www.grieta.org.mx\/index.php\/2021\/12\/28\/fueron-los-marinos-instalan-planton-en-michoacan-por-desaparicion-de-un-joven\/","url_meta":{"origin":25591,"position":2},"title":"\u201cFueron los marinos\u201d: Instalan plant\u00f3n en Michoac\u00e1n por desaparici\u00f3n de un joven","author":"grieta","date":"28 diciembre, 2021","format":false,"excerpt":"Heriberto L\u00f3pez Pe\u00f1a, de 27 a\u00f1os, no ha sido localizado desde el pasado 10 de diciembre. Su familia asegura tener testimonios de que elementos navales lo capturaron y entregaron a un grupo delictivo. Por Alberto Pradilla, Animal Pol\u00edtico, 28 de diciembre, 2021 Heriberto L\u00f3pez Pe\u00f1a, de 27 a\u00f1os y oriundo\u2026","rel":"","context":"En &quot;CINTILLO&quot;","block_context":{"text":"CINTILLO","link":"https:\/\/www.grieta.org.mx\/index.php\/category\/cintillo\/"},"img":{"alt_text":"","src":"https:\/\/i0.wp.com\/www.grieta.org.mx\/wp-content\/uploads\/2022\/01\/heriberto.png?resize=350%2C200&ssl=1","width":350,"height":200,"srcset":"https:\/\/i0.wp.com\/www.grieta.org.mx\/wp-content\/uploads\/2022\/01\/heriberto.png?resize=350%2C200&ssl=1 1x, https:\/\/i0.wp.com\/www.grieta.org.mx\/wp-content\/uploads\/2022\/01\/heriberto.png?resize=525%2C300&ssl=1 1.5x, https:\/\/i0.wp.com\/www.grieta.org.mx\/wp-content\/uploads\/2022\/01\/heriberto.png?resize=700%2C400&ssl=1 2x"},"classes":[]},{"id":31419,"url":"https:\/\/www.grieta.org.mx\/index.php\/2019\/03\/28\/35-mil-desplazados-en-michoacan-y-guerrero-por-conflictos-armados\/","url_meta":{"origin":25591,"position":3},"title":"35 mil desplazados en Michoac\u00e1n y Guerrero por conflictos armados","author":"grieta","date":"28 marzo, 2019","format":false,"excerpt":"Benjam\u00edn Alvarez \/Contramuro, 28 de marzo, 2019 Circe L\u00f3pez se\u00f1al\u00f3 que mujeres y ni\u00f1os son de las principales v\u00edctimas del crimen organizado y su colusi\u00f3n con las autoridades Morelia, Michoac\u00e1n.- Alrededor de 35 mil desplazados producto de conflictos armados se registran en Michoac\u00e1n y Guerrero, se\u00f1al\u00f3 la activista Lucero Circe\u2026","rel":"","context":"En &quot;CINTILLO&quot;","block_context":{"text":"CINTILLO","link":"https:\/\/www.grieta.org.mx\/index.php\/category\/cintillo\/"},"img":{"alt_text":"","src":"https:\/\/i0.wp.com\/www.grieta.org.mx\/wp-content\/uploads\/2019\/03\/IMG-20190328-WA0110-1000x500.jpg?resize=350%2C200&ssl=1","width":350,"height":200,"srcset":"https:\/\/i0.wp.com\/www.grieta.org.mx\/wp-content\/uploads\/2019\/03\/IMG-20190328-WA0110-1000x500.jpg?resize=350%2C200&ssl=1 1x, https:\/\/i0.wp.com\/www.grieta.org.mx\/wp-content\/uploads\/2019\/03\/IMG-20190328-WA0110-1000x500.jpg?resize=525%2C300&ssl=1 1.5x, https:\/\/i0.wp.com\/www.grieta.org.mx\/wp-content\/uploads\/2019\/03\/IMG-20190328-WA0110-1000x500.jpg?resize=700%2C400&ssl=1 2x"},"classes":[]},{"id":60824,"url":"https:\/\/www.grieta.org.mx\/index.php\/2021\/05\/21\/convocan-a-artistas-a-visibilizar-y-no-olvidar-a-personas-detenidas-desaparecidas-en-michoacan-2\/","url_meta":{"origin":25591,"position":4},"title":"Convocan a artistas a visibilizar y no olvidar a personas detenidas desaparecidas en Michoac\u00e1n","author":"grieta","date":"21 mayo, 2021","format":false,"excerpt":"Dalia Souza \/ Zona Docs 21 mayo, 2020 En el marco de la desaparici\u00f3n de Leonel Orozco y Barbara Robles, personas detenidas desaparecidas en el estado de Michoac\u00e1n entre el a\u00f1o 2008 y 2019, la organizaci\u00f3n Familiares Caminando por Justicia en Michoac\u00e1n convoca a artistas a realizar su retrato para\u2026","rel":"","context":"En &quot;CINTILLO&quot;","block_context":{"text":"CINTILLO","link":"https:\/\/www.grieta.org.mx\/index.php\/category\/cintillo\/"},"img":{"alt_text":"","src":"https:\/\/i0.wp.com\/www.grieta.org.mx\/wp-content\/uploads\/2021\/07\/recorte-familiares-buscando-justicia.jpg?resize=350%2C200&ssl=1","width":350,"height":200,"srcset":"https:\/\/i0.wp.com\/www.grieta.org.mx\/wp-content\/uploads\/2021\/07\/recorte-familiares-buscando-justicia.jpg?resize=350%2C200&ssl=1 1x, https:\/\/i0.wp.com\/www.grieta.org.mx\/wp-content\/uploads\/2021\/07\/recorte-familiares-buscando-justicia.jpg?resize=525%2C300&ssl=1 1.5x, https:\/\/i0.wp.com\/www.grieta.org.mx\/wp-content\/uploads\/2021\/07\/recorte-familiares-buscando-justicia.jpg?resize=700%2C400&ssl=1 2x"},"classes":[]},{"id":25402,"url":"https:\/\/www.grieta.org.mx\/index.php\/2018\/08\/03\/manifestantes-paralizan-san-carlos-exigen-presentacion-de-jovenes-desaparecidos-sonora\/","url_meta":{"origin":25591,"position":5},"title":"Manifestantes &#8220;paralizan&#8221; San Carlos; exigen presentaci\u00f3n de j\u00f3venes desaparecidos (Sonora)","author":"grieta","date":"3 agosto, 2018","format":false,"excerpt":"Redacci\u00f3n\/ El Imparcial Guaymas(GH) Cerca de mil personas que viajaron de Navojoa, \u00c1lamos, Etchojoa y Huatabampo para exigir justicia por la desaparici\u00f3n forzada de tres j\u00f3venes el s\u00e1bado en la plaza Las Iguanas, pusieron en jaque a San Carlos. Los participantes en la protesta llegaron a San Carlos alrededor de\u2026","rel":"","context":"En &quot;CINTILLO&quot;","block_context":{"text":"CINTILLO","link":"https:\/\/www.grieta.org.mx\/index.php\/category\/cintillo\/"},"img":{"alt_text":"","src":"https:\/\/i0.wp.com\/www.grieta.org.mx\/wp-content\/uploads\/2018\/08\/manifestacion-2-san-carlos.jpg?resize=350%2C200&ssl=1","width":350,"height":200,"srcset":"https:\/\/i0.wp.com\/www.grieta.org.mx\/wp-content\/uploads\/2018\/08\/manifestacion-2-san-carlos.jpg?resize=350%2C200&ssl=1 1x, https:\/\/i0.wp.com\/www.grieta.org.mx\/wp-content\/uploads\/2018\/08\/manifestacion-2-san-carlos.jpg?resize=525%2C300&ssl=1 1.5x, https:\/\/i0.wp.com\/www.grieta.org.mx\/wp-content\/uploads\/2018\/08\/manifestacion-2-san-carlos.jpg?resize=700%2C400&ssl=1 2x"},"classes":[]}],"_links":{"self":[{"href":"https:\/\/www.grieta.org.mx\/index.php\/wp-json\/wp\/v2\/posts\/25591","targetHints":{"allow":["GET"]}}],"collection":[{"href":"https:\/\/www.grieta.org.mx\/index.php\/wp-json\/wp\/v2\/posts"}],"about":[{"href":"https:\/\/www.grieta.org.mx\/index.php\/wp-json\/wp\/v2\/types\/post"}],"author":[{"embeddable":true,"href":"https:\/\/www.grieta.org.mx\/index.php\/wp-json\/wp\/v2\/users\/2"}],"replies":[{"embeddable":true,"href":"https:\/\/www.grieta.org.mx\/index.php\/wp-json\/wp\/v2\/comments?post=25591"}],"version-history":[{"count":1,"href":"https:\/\/www.grieta.org.mx\/index.php\/wp-json\/wp\/v2\/posts\/25591\/revisions"}],"predecessor-version":[{"id":25593,"href":"https:\/\/www.grieta.org.mx\/index.php\/wp-json\/wp\/v2\/posts\/25591\/revisions\/25593"}],"wp:featuredmedia":[{"embeddable":true,"href":"https:\/\/www.grieta.org.mx\/index.php\/wp-json\/wp\/v2\/media\/25592"}],"wp:attachment":[{"href":"https:\/\/www.grieta.org.mx\/index.php\/wp-json\/wp\/v2\/media?parent=25591"}],"wp:term":[{"taxonomy":"category","embeddable":true,"href":"https:\/\/www.grieta.org.mx\/index.php\/wp-json\/wp\/v2\/categories?post=25591"},{"taxonomy":"post_tag","embeddable":true,"href":"https:\/\/www.grieta.org.mx\/index.php\/wp-json\/wp\/v2\/tags?post=25591"}],"curies":[{"name":"wp","href":"https:\/\/api.w.org\/{rel}","templated":true}]}}