{"id":25567,"date":"2018-08-15T15:31:52","date_gmt":"2018-08-15T20:31:52","guid":{"rendered":"http:\/\/www.grieta.org.mx\/?p=25567"},"modified":"2018-08-16T17:41:10","modified_gmt":"2018-08-16T22:41:10","slug":"amenazan-con-cerrar-escuela-rural-campeche","status":"publish","type":"post","link":"https:\/\/www.grieta.org.mx\/index.php\/2018\/08\/15\/amenazan-con-cerrar-escuela-rural-campeche\/","title":{"rendered":"Amenazan con cerrar escuela rural (Campeche)"},"content":{"rendered":"<p><img loading=\"lazy\" decoding=\"async\" data-attachment-id=\"25570\" data-permalink=\"https:\/\/www.grieta.org.mx\/index.php\/2018\/08\/15\/amenazan-con-cerrar-escuela-rural-campeche\/campeche-hoy-hecelchakan-640x480\/\" data-orig-file=\"https:\/\/www.grieta.org.mx\/wp-content\/uploads\/2018\/08\/Campeche-Hoy-Hecelchaka?n-640x480.jpg\" data-orig-size=\"\" data-comments-opened=\"0\" data-image-meta=\"[]\" data-image-title=\"Campeche-Hoy-Hecelchaka?n-640&amp;#215;480\" data-image-description=\"\" data-image-caption=\"\" data-medium-file=\"https:\/\/www.grieta.org.mx\/wp-content\/uploads\/2018\/08\/Campeche-Hoy-Hecelchaka?n-640x480.jpg\" data-large-file=\"https:\/\/www.grieta.org.mx\/wp-content\/uploads\/2018\/08\/Campeche-Hoy-Hecelchaka?n-640x480.jpg\" src=\"http:\/\/www.grieta.org.mx\/wp-content\/uploads\/2018\/08\/Campeche-Hoy-Hecelchaka?n-640x480.jpg\" alt=\"\" width=\"640\" height=\"480\" class=\"aligncenter size-full wp-image-25570\" \/><\/p>\n<p>HECELCHAK\u00c1N. En un caso inusual en donde la Escuela Normal Rural \u201cJusto Sierra M\u00e9ndez\u201d, neg\u00f3 el derecho a la educaci\u00f3n a pobladores de la comunidad de Hecelchak\u00e1n, alumnos colocaron una manta en demanda de una matr\u00edcula de 100 estudiantes de nuevo ingreso para el nuevo ciclo escolar 2018-2019, los directivos del plantel se reunieron para poder llegar a una soluci\u00f3n viable.<\/p>\n<p>Los padres de familia y alumnos de la comunidad, exhibieron su inconformidad mediante unas mantas, que fueron colocadas en la entrada principal de la escuela, en la primera hicieron menci\u00f3n al \u201cart\u00edculo 3 donde dice escuela gratuita para toda la poblaci\u00f3n\u201d, en la otra escribieron \u201cExigimos respetar las 100 matr\u00edculas\u201d.<\/p>\n<p>Aunque la demanda del total de la capacidad de la escuela no ha llegado a su nivel m\u00e1s alto, las autoridades educativas del plantel, decidieron cerrar las inscripciones antes de tiempo, dejando a su suerte el porvenir y el futuro de m\u00e1s de 50 alumnos que i tengan concluir est\u00e1 estamos educativa.<\/p>\n<p>Sin dar raz\u00f3n alguna por tan repentina decisi\u00f3n, el director del plantel no ha salido a dar la cara para una soluci\u00f3n inmediata ante este problema que originaron, por su presunta falta de \u00e9tica.<\/p>\n<p>Los padres de familia, temen a que la educaci\u00f3n de sus v\u00e1stagos se vea afectada, ya que la escuela m\u00e1s pr\u00f3xima del lugar, se encuentra demasiado retirada.<\/p>\n<p><a href=\"http:\/\/campechehoy.mx\/2018\/08\/15\/amenazan-con-cerrar-escuela-rural\/\" rel=\"noopener\" target=\"_blank\">http:\/\/campechehoy.mx\/2018\/08\/15\/amenazan-con-cerrar-escuela-rural\/<\/a><\/p>\n","protected":false},"excerpt":{"rendered":"<p>HECELCHAK\u00c1N. En un caso inusual en donde la Escuela Normal Rural \u201cJusto Sierra M\u00e9ndez\u201d, neg\u00f3 el derecho a la educaci\u00f3n a pobladores de la comunidad de Hecelchak\u00e1n, alumnos colocaron una &hellip; <a href=\"https:\/\/www.grieta.org.mx\/index.php\/2018\/08\/15\/amenazan-con-cerrar-escuela-rural-campeche\/\" class=\"more-link\">Leer m\u00e1s<\/a><\/p>\n","protected":false},"author":2,"featured_media":25570,"comment_status":"closed","ping_status":"closed","sticky":false,"template":"","format":"standard","meta":{"ngg_post_thumbnail":0,"_jetpack_newsletter_access":"","_jetpack_dont_email_post_to_subs":false,"_jetpack_newsletter_tier_id":0,"_jetpack_memberships_contains_paywalled_content":false,"_jetpack_memberships_contains_paid_content":false,"footnotes":""},"categories":[11,80,916,2,1601,83],"tags":[102,225],"class_list":["post-25567","post","type-post","status-publish","format-standard","has-post-thumbnail","hentry","category-campeche","category-cintillo","category-privatizacion-del-la-educacion-publica","category-noticias-nacionales","category-privatizacion-de-la-educacion-publica-en-campeche","category-temas-nacionales","tag-derecho-a-la-educacion","tag-normalistas","entry"],"jetpack_featured_media_url":"https:\/\/www.grieta.org.mx\/wp-content\/uploads\/2018\/08\/Campeche-Hoy-Hecelchaka?n-640x480.jpg","jetpack_sharing_enabled":true,"jetpack_shortlink":"https:\/\/wp.me\/p7ZJR4-6En","jetpack_likes_enabled":false,"jetpack-related-posts":[{"id":26925,"url":"https:\/\/www.grieta.org.mx\/index.php\/2018\/09\/26\/protestan-y-toman-escuela-estudiantes-de-la-normal-rural-de-hecelchakan-campeche\/","url_meta":{"origin":25567,"position":0},"title":"Protestan y toman escuela estudiantes de la Normal Rural de Hecelchak\u00e1n (Campeche)","author":"grieta","date":"26 septiembre, 2018","format":false,"excerpt":"Denuncian la falta de transparencia de las autoridades de la escuela con los recursos del PACTEN (Programa Fortalecimiento de la Calidad Educativa), por 23 millones de pesos, los cuales se debieron aportar en la rehabilitaci\u00f3n y modernizaci\u00f3n de la instituci\u00f3n. Por: Ronny Aguilar\/P\u00e1gin@bierta Hecelchak\u00e1n, Cam., a 26 de septiembre de\u2026","rel":"","context":"En &quot;Campeche&quot;","block_context":{"text":"Campeche","link":"https:\/\/www.grieta.org.mx\/index.php\/category\/noticias-nacionales\/campeche\/"},"img":{"alt_text":"","src":"https:\/\/i0.wp.com\/www.grieta.org.mx\/wp-content\/uploads\/2018\/10\/IMG_20180926_181613.jpg?resize=350%2C200&ssl=1","width":350,"height":200,"srcset":"https:\/\/i0.wp.com\/www.grieta.org.mx\/wp-content\/uploads\/2018\/10\/IMG_20180926_181613.jpg?resize=350%2C200&ssl=1 1x, https:\/\/i0.wp.com\/www.grieta.org.mx\/wp-content\/uploads\/2018\/10\/IMG_20180926_181613.jpg?resize=525%2C300&ssl=1 1.5x, https:\/\/i0.wp.com\/www.grieta.org.mx\/wp-content\/uploads\/2018\/10\/IMG_20180926_181613.jpg?resize=700%2C400&ssl=1 2x, https:\/\/i0.wp.com\/www.grieta.org.mx\/wp-content\/uploads\/2018\/10\/IMG_20180926_181613.jpg?resize=1050%2C600&ssl=1 3x, https:\/\/i0.wp.com\/www.grieta.org.mx\/wp-content\/uploads\/2018\/10\/IMG_20180926_181613.jpg?resize=1400%2C800&ssl=1 4x"},"classes":[]},{"id":69873,"url":"https:\/\/www.grieta.org.mx\/index.php\/2024\/09\/26\/normalistas-de-hecelchakan-marchan-por-los-43-desaparecidos-a-10-anos-de-ayotzinapa-campeche\/","url_meta":{"origin":25567,"position":1},"title":"Normalistas de Hecelchak\u00e1n marchan por los 43 desaparecidos a 10 a\u00f1os de Ayotzinapa (Campeche)","author":"grieta","date":"26 septiembre, 2024","format":false,"excerpt":"Jorge Amado Caamal \/ Por Esto! Una d\u00e9cada que desaparecieron nuestros 43 compa\u00f1eros normalistas de la Escuela Normal de Ayotzinapa situada en Guerrero por los malos gobiernos de M\u00e9xico, cuando estaban viajando para una protesta pac\u00edfica por los asesinatos de octubre de Tlatelolco, dijeron los estudiantes de la Escuela Normal\u2026","rel":"","context":"En &quot;Acciones por Desaparecidos&quot;","block_context":{"text":"Acciones por Desaparecidos","link":"https:\/\/www.grieta.org.mx\/index.php\/category\/noticias-nacionales\/campeche\/acciones-por-desaparecidos-campeche\/"},"img":{"alt_text":"","src":"https:\/\/i0.wp.com\/www.grieta.org.mx\/wp-content\/uploads\/2024\/09\/Hecelchakan-e1727491654998.jpg?resize=350%2C200&ssl=1","width":350,"height":200,"srcset":"https:\/\/i0.wp.com\/www.grieta.org.mx\/wp-content\/uploads\/2024\/09\/Hecelchakan-e1727491654998.jpg?resize=350%2C200&ssl=1 1x, https:\/\/i0.wp.com\/www.grieta.org.mx\/wp-content\/uploads\/2024\/09\/Hecelchakan-e1727491654998.jpg?resize=525%2C300&ssl=1 1.5x, https:\/\/i0.wp.com\/www.grieta.org.mx\/wp-content\/uploads\/2024\/09\/Hecelchakan-e1727491654998.jpg?resize=700%2C400&ssl=1 2x"},"classes":[]},{"id":23633,"url":"https:\/\/www.grieta.org.mx\/index.php\/2018\/06\/07\/apoyan-paro-de-cnte-campeche\/","url_meta":{"origin":25567,"position":2},"title":"Apoyan paro de CNTE (Campeche)","author":"grieta","date":"7 junio, 2018","format":false,"excerpt":"HOPELCH\u00c9N.\u2014 El profesor Wilberth Rosas Sansores protest\u00f3 de nuevo a fuera de la Escuela Primaria \u201cJusto Sierra M\u00e9ndez\u201d de la comunidad Ich Ek, y en esta ocasi\u00f3n tres padres de familia se unieron, quienes apoyaron al paro nacional de la Coordinadora Nacional de los Trabajadores de la Educaci\u00f3n (CNTE). Rosas\u2026","rel":"","context":"En &quot;Campeche&quot;","block_context":{"text":"Campeche","link":"https:\/\/www.grieta.org.mx\/index.php\/category\/noticias-nacionales\/campeche\/"},"img":{"alt_text":"","src":"https:\/\/i0.wp.com\/www.grieta.org.mx\/wp-content\/uploads\/2018\/06\/ApoyanParoCnte.png?resize=350%2C200&ssl=1","width":350,"height":200,"srcset":"https:\/\/i0.wp.com\/www.grieta.org.mx\/wp-content\/uploads\/2018\/06\/ApoyanParoCnte.png?resize=350%2C200&ssl=1 1x, https:\/\/i0.wp.com\/www.grieta.org.mx\/wp-content\/uploads\/2018\/06\/ApoyanParoCnte.png?resize=525%2C300&ssl=1 1.5x"},"classes":[]},{"id":39316,"url":"https:\/\/www.grieta.org.mx\/index.php\/2019\/07\/21\/advierten-estudiantes-de-ayotzinapa-que-lucharan-contra-intentos-de-cerrar-esa-escuela-guerrero\/","url_meta":{"origin":25567,"position":3},"title":"Advierten estudiantes de Ayotzinapa que luchar\u00e1n contra intentos de cerrar esa escuela (Guerrero)","author":"Admin","date":"21 julio, 2019","format":false,"excerpt":"Redacci\u00f3n \/ Digital Guerrero Los integrantes del Comit\u00e9 \u201cRicardo Flores Mag\u00f3n\u201d destacaron que la consigna que tienen los alumnos es impedir el cierre de Ayotzinapa, \u201ca pesar de la intenci\u00f3n de algunos\u201d. A trav\u00e9s de un comunicado p\u00fablico, los estudiantes recordaron que lo que se ha logrado en la Normal\u2026","rel":"","context":"En &quot;Caso Ayotzinapa&quot;","block_context":{"text":"Caso Ayotzinapa","link":"https:\/\/www.grieta.org.mx\/index.php\/category\/noticias-nacionales\/guerrero\/caso-ayotzinapa\/"},"img":{"alt_text":"","src":"https:\/\/i0.wp.com\/www.grieta.org.mx\/wp-content\/uploads\/2019\/09\/https-_www.digitalguerrero.com_.mx_wp-content_uploads_2019_07_ayotzi.jpg?resize=350%2C200&ssl=1","width":350,"height":200,"srcset":"https:\/\/i0.wp.com\/www.grieta.org.mx\/wp-content\/uploads\/2019\/09\/https-_www.digitalguerrero.com_.mx_wp-content_uploads_2019_07_ayotzi.jpg?resize=350%2C200&ssl=1 1x, https:\/\/i0.wp.com\/www.grieta.org.mx\/wp-content\/uploads\/2019\/09\/https-_www.digitalguerrero.com_.mx_wp-content_uploads_2019_07_ayotzi.jpg?resize=525%2C300&ssl=1 1.5x, https:\/\/i0.wp.com\/www.grieta.org.mx\/wp-content\/uploads\/2019\/09\/https-_www.digitalguerrero.com_.mx_wp-content_uploads_2019_07_ayotzi.jpg?resize=700%2C400&ssl=1 2x"},"classes":[]},{"id":35106,"url":"https:\/\/www.grieta.org.mx\/index.php\/2019\/06\/17\/tras-varios-dias-padres-de-familia-liberan-secundaria-de-peto-yucatan\/","url_meta":{"origin":25567,"position":4},"title":"Tras varios d\u00edas, padres de familia liberan secundaria de Peto (Yucat\u00e1n)","author":"grieta","date":"17 junio, 2019","format":false,"excerpt":"Peto, Yucat\u00e1n; (ACOM).- Despu\u00e9s de varios d\u00edas de tomar la escuela secundaria estatal \u201cPilar Victoria y Victoria\u201d, padres de familia abrieron las rejas de la instituci\u00f3n tras llegar a un arreglo con la Secretar\u00eda de Educaci\u00f3n de Yucat\u00e1n (Segey) sobre el tema de la directora Janet Sul\u00fa, acusada de malos\u2026","rel":"","context":"En &quot;CINTILLO&quot;","block_context":{"text":"CINTILLO","link":"https:\/\/www.grieta.org.mx\/index.php\/category\/cintillo\/"},"img":{"alt_text":"","src":"https:\/\/i0.wp.com\/www.grieta.org.mx\/wp-content\/uploads\/2019\/06\/PT-SEC1-768x420.jpg?resize=350%2C200&ssl=1","width":350,"height":200,"srcset":"https:\/\/i0.wp.com\/www.grieta.org.mx\/wp-content\/uploads\/2019\/06\/PT-SEC1-768x420.jpg?resize=350%2C200&ssl=1 1x, https:\/\/i0.wp.com\/www.grieta.org.mx\/wp-content\/uploads\/2019\/06\/PT-SEC1-768x420.jpg?resize=525%2C300&ssl=1 1.5x, https:\/\/i0.wp.com\/www.grieta.org.mx\/wp-content\/uploads\/2019\/06\/PT-SEC1-768x420.jpg?resize=700%2C400&ssl=1 2x"},"classes":[]},{"id":68293,"url":"https:\/\/www.grieta.org.mx\/index.php\/2024\/01\/09\/primaria-de-campeche-bajo-los-escombros-padres-protestan-por-rehabilitacion-inconclusa\/","url_meta":{"origin":25567,"position":5},"title":"Primaria de Campeche, &#8216;bajo los escombros&#8217;; padres protestan por rehabilitaci\u00f3n inconclusa","author":"grieta","date":"9 enero, 2024","format":false,"excerpt":"July Yerbes \/ Por Esto! Ante la falta de entrega de la rehabilitaci\u00f3n de la Escuela Primaria \u201cIgnacio Zaragoza\u201d de Campeche, padres de familia acudieron al plantel a manifestarse ante el director y autoridades de la Secretar\u00eda de Educaci\u00f3n; reclamaron que desde octubre pasado retiraron a sus hijos del plantel\u2026","rel":"","context":"En &quot;Campeche&quot;","block_context":{"text":"Campeche","link":"https:\/\/www.grieta.org.mx\/index.php\/category\/noticias-nacionales\/campeche\/"},"img":{"alt_text":"","src":"https:\/\/i0.wp.com\/www.grieta.org.mx\/wp-content\/uploads\/2024\/01\/Primaria-e1704989343352.jpg?resize=350%2C200&ssl=1","width":350,"height":200,"srcset":"https:\/\/i0.wp.com\/www.grieta.org.mx\/wp-content\/uploads\/2024\/01\/Primaria-e1704989343352.jpg?resize=350%2C200&ssl=1 1x, https:\/\/i0.wp.com\/www.grieta.org.mx\/wp-content\/uploads\/2024\/01\/Primaria-e1704989343352.jpg?resize=525%2C300&ssl=1 1.5x, https:\/\/i0.wp.com\/www.grieta.org.mx\/wp-content\/uploads\/2024\/01\/Primaria-e1704989343352.jpg?resize=700%2C400&ssl=1 2x"},"classes":[]}],"_links":{"self":[{"href":"https:\/\/www.grieta.org.mx\/index.php\/wp-json\/wp\/v2\/posts\/25567","targetHints":{"allow":["GET"]}}],"collection":[{"href":"https:\/\/www.grieta.org.mx\/index.php\/wp-json\/wp\/v2\/posts"}],"about":[{"href":"https:\/\/www.grieta.org.mx\/index.php\/wp-json\/wp\/v2\/types\/post"}],"author":[{"embeddable":true,"href":"https:\/\/www.grieta.org.mx\/index.php\/wp-json\/wp\/v2\/users\/2"}],"replies":[{"embeddable":true,"href":"https:\/\/www.grieta.org.mx\/index.php\/wp-json\/wp\/v2\/comments?post=25567"}],"version-history":[{"count":1,"href":"https:\/\/www.grieta.org.mx\/index.php\/wp-json\/wp\/v2\/posts\/25567\/revisions"}],"predecessor-version":[{"id":25571,"href":"https:\/\/www.grieta.org.mx\/index.php\/wp-json\/wp\/v2\/posts\/25567\/revisions\/25571"}],"wp:featuredmedia":[{"embeddable":true,"href":"https:\/\/www.grieta.org.mx\/index.php\/wp-json\/wp\/v2\/media\/25570"}],"wp:attachment":[{"href":"https:\/\/www.grieta.org.mx\/index.php\/wp-json\/wp\/v2\/media?parent=25567"}],"wp:term":[{"taxonomy":"category","embeddable":true,"href":"https:\/\/www.grieta.org.mx\/index.php\/wp-json\/wp\/v2\/categories?post=25567"},{"taxonomy":"post_tag","embeddable":true,"href":"https:\/\/www.grieta.org.mx\/index.php\/wp-json\/wp\/v2\/tags?post=25567"}],"curies":[{"name":"wp","href":"https:\/\/api.w.org\/{rel}","templated":true}]}}