{"id":25564,"date":"2018-08-10T15:22:45","date_gmt":"2018-08-10T20:22:45","guid":{"rendered":"http:\/\/www.grieta.org.mx\/?p=25564"},"modified":"2018-08-16T15:31:16","modified_gmt":"2018-08-16T20:31:16","slug":"protestan-por-construccion-de-gasolinera-en-santa-lucia-campeche","status":"publish","type":"post","link":"https:\/\/www.grieta.org.mx\/index.php\/2018\/08\/10\/protestan-por-construccion-de-gasolinera-en-santa-lucia-campeche\/","title":{"rendered":"Protestan por construcci\u00f3n de gasolinera en Santa Luc\u00eda (Campeche)"},"content":{"rendered":"<p><img loading=\"lazy\" decoding=\"async\" data-attachment-id=\"25565\" data-permalink=\"https:\/\/www.grieta.org.mx\/index.php\/2018\/08\/10\/protestan-por-construccion-de-gasolinera-en-santa-lucia-campeche\/09samuel-ok-696x707\/\" data-orig-file=\"https:\/\/www.grieta.org.mx\/wp-content\/uploads\/2018\/08\/09samuel-ok-696x707.jpg\" data-orig-size=\"696,707\" data-comments-opened=\"0\" data-image-meta=\"{&quot;aperture&quot;:&quot;0&quot;,&quot;credit&quot;:&quot;&quot;,&quot;camera&quot;:&quot;&quot;,&quot;caption&quot;:&quot;&quot;,&quot;created_timestamp&quot;:&quot;0&quot;,&quot;copyright&quot;:&quot;&quot;,&quot;focal_length&quot;:&quot;0&quot;,&quot;iso&quot;:&quot;0&quot;,&quot;shutter_speed&quot;:&quot;0&quot;,&quot;title&quot;:&quot;&quot;,&quot;orientation&quot;:&quot;0&quot;}\" data-image-title=\"09samuel-ok-696&amp;#215;707\" data-image-description=\"\" data-image-caption=\"\" data-medium-file=\"https:\/\/www.grieta.org.mx\/wp-content\/uploads\/2018\/08\/09samuel-ok-696x707-295x300.jpg\" data-large-file=\"https:\/\/www.grieta.org.mx\/wp-content\/uploads\/2018\/08\/09samuel-ok-696x707.jpg\" src=\"http:\/\/www.grieta.org.mx\/wp-content\/uploads\/2018\/08\/09samuel-ok-696x707.jpg\" alt=\"\" width=\"696\" height=\"707\" class=\"aligncenter size-full wp-image-25565\" srcset=\"https:\/\/www.grieta.org.mx\/wp-content\/uploads\/2018\/08\/09samuel-ok-696x707.jpg 696w, https:\/\/www.grieta.org.mx\/wp-content\/uploads\/2018\/08\/09samuel-ok-696x707-295x300.jpg 295w, https:\/\/www.grieta.org.mx\/wp-content\/uploads\/2018\/08\/09samuel-ok-696x707-492x500.jpg 492w\" sizes=\"auto, (max-width: 696px) 100vw, 696px\" \/><\/p>\n<p>Novedades Campeche<br \/>\nVecinos del fraccionamiento Fovissste, de la colonia Santa Luc\u00eda, protestaron en contra de la construcci\u00f3n de una gasolinera en esta zona habitacional, ya que temen por la seguridad de sus familiares, inclusive porque a escasos metros se encuentra una primaria.<br \/>\nLos inconformes coincidieron en que el terreno no es apto para una gasolinera, ya que es un espacio peque\u00f1o, pero sobre todo, hay otros fraccionamientos aleda\u00f1os que en caso de que se presentara un accidente, podr\u00eda desembocar en una gran tragedia.<br \/>\nPara don Samuel Rivero Dzib, la obra es una bomba de tiempo, porque est\u00e1 dentro de una zona poblacional muy densa.<br \/>\n\u201cPor m\u00ed no hay problema, ya viv\u00ed lo que deb\u00eda, pero tengo nietos y lo que menos quisiera es que les pasara algo a consecuencia de la gasolinera; eso rompe nuestra tranquilidad, pues en un principio no nos quejamos ya que pens\u00e1bamos que se construir\u00e1 un parque, inclusive una abarrotera, porque en esta parte hay muchos comercios, pero vaya sorpresa nos llevamos cuando nos enteramos que se va a construcci\u00f3n una gasolinera\u201d, asever\u00f3.<br \/>\nEsa misma preocupaci\u00f3n expres\u00f3 do\u00f1a Candelaria Coll\u00ed, quien tiene su vivienda en frente de donde se construye el establecimiento, calle en la que sus nietos suelen salir a jugar.<\/p>\n<p>HAB\u00cdA UN TALLER<br \/>\nOtra vecina que extern\u00f3 su malestar fue do\u00f1a Claudia Pastrana, quien mencion\u00f3 que ese terreno era un taller que no pon\u00eda en riesgo a los habitantes, pero ahora ya la gente est\u00e1 intranquila, porque \u201cno es capricho de nadie, sino que se debe tomar en cuenta que est\u00e1 en sitio muy habitado\u201d.<br \/>\nWendy Escobar, madre de dos menores, manifest\u00f3 que en el terreno viv\u00eda una persona a quien el vecino de a un costado del lote lo despoj\u00f3 con tal de venderlo para la construcci\u00f3n de la gasolinera.<br \/>\n\u201cTenemos entendido que ya se levantaron firmas para exigir que no se construya, pero vemos que la obra contin\u00faa, cuando no es un espacio adecuado\u201d, dijo.<br \/>\nAl igual que los dem\u00e1s do\u00f1a Wendy pens\u00f3 que se trataba de una tienda de conveniencia o un parque, insisti\u00f3: \u201cNo se tom\u00f3 ni siquiera en cuenta que cerca hay una escuela primaria y a\u00fan as\u00ed con ello, las autoridades municipales lo permitieron\u201d.<\/p>\n<p><a href=\"https:\/\/www.novedadescampeche.com.mx\/estado\/campeche\/protestan-por-construccion-de-gasolinera-en-santa-lucia\/\" rel=\"noopener\" target=\"_blank\">https:\/\/www.novedadescampeche.com.mx\/estado\/campeche\/protestan-por-construccion-de-gasolinera-en-santa-lucia\/<\/a><\/p>\n","protected":false},"excerpt":{"rendered":"<p>Novedades Campeche Vecinos del fraccionamiento Fovissste, de la colonia Santa Luc\u00eda, protestaron en contra de la construcci\u00f3n de una gasolinera en esta zona habitacional, ya que temen por la seguridad &hellip; <a href=\"https:\/\/www.grieta.org.mx\/index.php\/2018\/08\/10\/protestan-por-construccion-de-gasolinera-en-santa-lucia-campeche\/\" class=\"more-link\">Leer m\u00e1s<\/a><\/p>\n","protected":false},"author":2,"featured_media":25565,"comment_status":"closed","ping_status":"closed","sticky":false,"template":"","format":"standard","meta":{"ngg_post_thumbnail":0,"_jetpack_newsletter_access":"","_jetpack_dont_email_post_to_subs":false,"_jetpack_newsletter_tier_id":0,"_jetpack_memberships_contains_paywalled_content":false,"_jetpack_memberships_contains_paid_content":false,"footnotes":""},"categories":[11,80,2,1599],"tags":[1600],"class_list":["post-25564","post","type-post","status-publish","format-standard","has-post-thumbnail","hentry","category-campeche","category-cintillo","category-noticias-nacionales","category-protestas-contra-gasolineras-en-campeche","tag-protesta-contra-construccion-gasolinera","entry"],"jetpack_featured_media_url":"https:\/\/www.grieta.org.mx\/wp-content\/uploads\/2018\/08\/09samuel-ok-696x707.jpg","jetpack_sharing_enabled":true,"jetpack_shortlink":"https:\/\/wp.me\/p7ZJR4-6Ek","jetpack_likes_enabled":false,"jetpack-related-posts":[{"id":4896,"url":"https:\/\/www.grieta.org.mx\/index.php\/2016\/03\/16\/vecinos-de-tequisquiapan-rechazan-gasolinera\/","url_meta":{"origin":25564,"position":0},"title":"Vecinos de Tequisquiapan rechazan gasolinera","author":"grieta","date":"16 marzo, 2016","format":false,"excerpt":"Norma Ayala\/El Universal Habitantes del municipio de Tequisquiapan expresaron su inconformidad por la instalaci\u00f3n de una gasolinera, la numero 10 en el ayuntamiento, pues acusaron que la distribuidora de combustible pone en riesgo a alrededor de 460 familias de la zona, y a m\u00e1s de 2 mil alumnos, ya que\u2026","rel":"","context":"En &quot;CINTILLO&quot;","block_context":{"text":"CINTILLO","link":"https:\/\/www.grieta.org.mx\/index.php\/category\/cintillo\/"},"img":{"alt_text":"","src":"https:\/\/i0.wp.com\/www.grieta.org.mx\/wp-content\/uploads\/2018\/03\/14524434_1106112876131411_958039263622046936_o.jpg?resize=350%2C200&ssl=1","width":350,"height":200,"srcset":"https:\/\/i0.wp.com\/www.grieta.org.mx\/wp-content\/uploads\/2018\/03\/14524434_1106112876131411_958039263622046936_o.jpg?resize=350%2C200&ssl=1 1x, https:\/\/i0.wp.com\/www.grieta.org.mx\/wp-content\/uploads\/2018\/03\/14524434_1106112876131411_958039263622046936_o.jpg?resize=525%2C300&ssl=1 1.5x, https:\/\/i0.wp.com\/www.grieta.org.mx\/wp-content\/uploads\/2018\/03\/14524434_1106112876131411_958039263622046936_o.jpg?resize=700%2C400&ssl=1 2x"},"classes":[]},{"id":4899,"url":"https:\/\/www.grieta.org.mx\/index.php\/2016\/02\/29\/habitantes-de-el-porvenir-luchan-por-evitar-la-construccion-de-una-gasolinera\/","url_meta":{"origin":25564,"position":1},"title":"Habitantes de El Porvenir luchan por evitar la construcci\u00f3n de una gasolinera","author":"grieta","date":"29 febrero, 2016","format":false,"excerpt":"Esmeralda Trueba\/AM Quer\u00e9taro Hace dos a\u00f1os, los vecinos de la colonia El Porvenir Quer\u00e9taro contaban con un parque con \u00e1rea verde, sin embargo, un d\u00eda de forma inesperada arrib\u00f3 maquinaria a la zona, derribando este espacio dejando una gasolinera en su lugar, lo que provoc\u00f3 la inconformidad de cientos de\u2026","rel":"","context":"En &quot;CINTILLO&quot;","block_context":{"text":"CINTILLO","link":"https:\/\/www.grieta.org.mx\/index.php\/category\/cintillo\/"},"img":{"alt_text":"","src":"https:\/\/i0.wp.com\/www.grieta.org.mx\/wp-content\/uploads\/2018\/03\/14524434_1106112876131411_958039263622046936_o.jpg?resize=350%2C200&ssl=1","width":350,"height":200,"srcset":"https:\/\/i0.wp.com\/www.grieta.org.mx\/wp-content\/uploads\/2018\/03\/14524434_1106112876131411_958039263622046936_o.jpg?resize=350%2C200&ssl=1 1x, https:\/\/i0.wp.com\/www.grieta.org.mx\/wp-content\/uploads\/2018\/03\/14524434_1106112876131411_958039263622046936_o.jpg?resize=525%2C300&ssl=1 1.5x, https:\/\/i0.wp.com\/www.grieta.org.mx\/wp-content\/uploads\/2018\/03\/14524434_1106112876131411_958039263622046936_o.jpg?resize=700%2C400&ssl=1 2x"},"classes":[]},{"id":4906,"url":"https:\/\/www.grieta.org.mx\/index.php\/2015\/11\/15\/vecinos-de-la-colonia-el-porvenir-protestan-contra-gasolinera\/","url_meta":{"origin":25564,"position":2},"title":"Vecinos de la colonia El Porvenir protestan contra gasolinera","author":"grieta","date":"15 noviembre, 2015","format":false,"excerpt":"Aurora Vizca\u00edno Ruiz\/Tribuna de Quer\u00e9taro Anteriormente hab\u00edan conseguido la clausura de la gasolinera. Sin embargo, los sellos fueron removidos y la obra prosigui\u00f3 Habitantes de la calle Felipe \u00c1ngeles, en la colonia El Porvenir, se manifestaron nuevamente en contra de la instalaci\u00f3n y construcci\u00f3n de una gasolinera. \u201cAntes hab\u00eda \u00e1reas\u2026","rel":"","context":"En &quot;CINTILLO&quot;","block_context":{"text":"CINTILLO","link":"https:\/\/www.grieta.org.mx\/index.php\/category\/cintillo\/"},"img":{"alt_text":"","src":"https:\/\/i0.wp.com\/www.grieta.org.mx\/wp-content\/uploads\/2018\/03\/14524434_1106112876131411_958039263622046936_o.jpg?resize=350%2C200&ssl=1","width":350,"height":200,"srcset":"https:\/\/i0.wp.com\/www.grieta.org.mx\/wp-content\/uploads\/2018\/03\/14524434_1106112876131411_958039263622046936_o.jpg?resize=350%2C200&ssl=1 1x, https:\/\/i0.wp.com\/www.grieta.org.mx\/wp-content\/uploads\/2018\/03\/14524434_1106112876131411_958039263622046936_o.jpg?resize=525%2C300&ssl=1 1.5x, https:\/\/i0.wp.com\/www.grieta.org.mx\/wp-content\/uploads\/2018\/03\/14524434_1106112876131411_958039263622046936_o.jpg?resize=700%2C400&ssl=1 2x"},"classes":[]},{"id":4895,"url":"https:\/\/www.grieta.org.mx\/index.php\/2016\/03\/16\/protestas-contra-gasolineras-en-queretaro\/","url_meta":{"origin":25564,"position":3},"title":"Protestas contra gasolineras en Quer\u00e9taro","author":"grieta","date":"16 marzo, 2016","format":false,"excerpt":"16\/03\/16. Vecinos de Tequisquiapan rechazan gasolinera El Universal 29\/02\/16. Habitantes de El Porvenir luchan por evitar la construcci\u00f3n de una gasolinera AM Quer\u00e9taro 22\/11\/15. Contin\u00faan acciones en el Fraccionamiento Santiago contra gasolinera AM Quer\u00e9taro 15\/11\/15. Vecinos de la colonia El Porvenir protestan contra gasolinera Tribuna de Quer\u00e9taro 16\/10\/15. Colonos de\u2026","rel":"","context":"En &quot;NOTICIAS NACIONALES&quot;","block_context":{"text":"NOTICIAS NACIONALES","link":"https:\/\/www.grieta.org.mx\/index.php\/category\/noticias-nacionales\/"},"img":{"alt_text":"","src":"https:\/\/i0.wp.com\/www.grieta.org.mx\/wp-content\/uploads\/2018\/03\/14524434_1106112876131411_958039263622046936_o.jpg?resize=350%2C200&ssl=1","width":350,"height":200,"srcset":"https:\/\/i0.wp.com\/www.grieta.org.mx\/wp-content\/uploads\/2018\/03\/14524434_1106112876131411_958039263622046936_o.jpg?resize=350%2C200&ssl=1 1x, https:\/\/i0.wp.com\/www.grieta.org.mx\/wp-content\/uploads\/2018\/03\/14524434_1106112876131411_958039263622046936_o.jpg?resize=525%2C300&ssl=1 1.5x, https:\/\/i0.wp.com\/www.grieta.org.mx\/wp-content\/uploads\/2018\/03\/14524434_1106112876131411_958039263622046936_o.jpg?resize=700%2C400&ssl=1 2x"},"classes":[]},{"id":4903,"url":"https:\/\/www.grieta.org.mx\/index.php\/2015\/11\/22\/continuan-acciones-en-el-fraccionamiento-santiago-contra-gasolinera\/","url_meta":{"origin":25564,"position":4},"title":"Contin\u00faan acciones en el Fraccionamiento Santiago contra gasolinera","author":"grieta","date":"22 noviembre, 2015","format":false,"excerpt":"Cecilia Conde\/AM Quer\u00e9taro Ser\u00e1 la administraci\u00f3n municipal quien decida si clausura o no esa gasolinera, ya que esa autoridad fue la que otorg\u00f3 los permisos durante la pasada administraci\u00f3n Vecinos del contin\u00faan con acciones para detener la apertura de la gasolinera, la cual se encuentra casi terminada en su construcci\u00f3n.\u2026","rel":"","context":"En &quot;CINTILLO&quot;","block_context":{"text":"CINTILLO","link":"https:\/\/www.grieta.org.mx\/index.php\/category\/cintillo\/"},"img":{"alt_text":"","src":"https:\/\/i0.wp.com\/www.grieta.org.mx\/wp-content\/uploads\/2018\/03\/14524434_1106112876131411_958039263622046936_o.jpg?resize=350%2C200&ssl=1","width":350,"height":200,"srcset":"https:\/\/i0.wp.com\/www.grieta.org.mx\/wp-content\/uploads\/2018\/03\/14524434_1106112876131411_958039263622046936_o.jpg?resize=350%2C200&ssl=1 1x, https:\/\/i0.wp.com\/www.grieta.org.mx\/wp-content\/uploads\/2018\/03\/14524434_1106112876131411_958039263622046936_o.jpg?resize=525%2C300&ssl=1 1.5x, https:\/\/i0.wp.com\/www.grieta.org.mx\/wp-content\/uploads\/2018\/03\/14524434_1106112876131411_958039263622046936_o.jpg?resize=700%2C400&ssl=1 2x"},"classes":[]},{"id":4909,"url":"https:\/\/www.grieta.org.mx\/index.php\/2015\/07\/24\/vecinos-del-fraccionamiento-santiago-bloquean-avenida-en-protesta-por-gasolinera\/","url_meta":{"origin":25564,"position":5},"title":"Vecinos del Fraccionamiento Santiago bloquean avenida en protesta por gasolinera","author":"grieta","date":"24 julio, 2015","format":false,"excerpt":"Cecilia Conde\/AM Quer\u00e9taro La edificaci\u00f3n de una gasolinera en avenida 5 de febrero no contaba con las medidas de seguridad que marca el reglamento para la construcci\u00f3n en la capital Personal de la administraci\u00f3n municipal de Quer\u00e9taro suspendi\u00f3 la obra de la construcci\u00f3n de la gasolinera que se pretend\u00eda ubicar\u2026","rel":"","context":"En &quot;CINTILLO&quot;","block_context":{"text":"CINTILLO","link":"https:\/\/www.grieta.org.mx\/index.php\/category\/cintillo\/"},"img":{"alt_text":"","src":"https:\/\/i0.wp.com\/www.grieta.org.mx\/wp-content\/uploads\/2018\/03\/14524434_1106112876131411_958039263622046936_o.jpg?resize=350%2C200&ssl=1","width":350,"height":200,"srcset":"https:\/\/i0.wp.com\/www.grieta.org.mx\/wp-content\/uploads\/2018\/03\/14524434_1106112876131411_958039263622046936_o.jpg?resize=350%2C200&ssl=1 1x, https:\/\/i0.wp.com\/www.grieta.org.mx\/wp-content\/uploads\/2018\/03\/14524434_1106112876131411_958039263622046936_o.jpg?resize=525%2C300&ssl=1 1.5x, https:\/\/i0.wp.com\/www.grieta.org.mx\/wp-content\/uploads\/2018\/03\/14524434_1106112876131411_958039263622046936_o.jpg?resize=700%2C400&ssl=1 2x"},"classes":[]}],"_links":{"self":[{"href":"https:\/\/www.grieta.org.mx\/index.php\/wp-json\/wp\/v2\/posts\/25564","targetHints":{"allow":["GET"]}}],"collection":[{"href":"https:\/\/www.grieta.org.mx\/index.php\/wp-json\/wp\/v2\/posts"}],"about":[{"href":"https:\/\/www.grieta.org.mx\/index.php\/wp-json\/wp\/v2\/types\/post"}],"author":[{"embeddable":true,"href":"https:\/\/www.grieta.org.mx\/index.php\/wp-json\/wp\/v2\/users\/2"}],"replies":[{"embeddable":true,"href":"https:\/\/www.grieta.org.mx\/index.php\/wp-json\/wp\/v2\/comments?post=25564"}],"version-history":[{"count":1,"href":"https:\/\/www.grieta.org.mx\/index.php\/wp-json\/wp\/v2\/posts\/25564\/revisions"}],"predecessor-version":[{"id":25566,"href":"https:\/\/www.grieta.org.mx\/index.php\/wp-json\/wp\/v2\/posts\/25564\/revisions\/25566"}],"wp:featuredmedia":[{"embeddable":true,"href":"https:\/\/www.grieta.org.mx\/index.php\/wp-json\/wp\/v2\/media\/25565"}],"wp:attachment":[{"href":"https:\/\/www.grieta.org.mx\/index.php\/wp-json\/wp\/v2\/media?parent=25564"}],"wp:term":[{"taxonomy":"category","embeddable":true,"href":"https:\/\/www.grieta.org.mx\/index.php\/wp-json\/wp\/v2\/categories?post=25564"},{"taxonomy":"post_tag","embeddable":true,"href":"https:\/\/www.grieta.org.mx\/index.php\/wp-json\/wp\/v2\/tags?post=25564"}],"curies":[{"name":"wp","href":"https:\/\/api.w.org\/{rel}","templated":true}]}}