{"id":25560,"date":"2018-08-15T15:02:18","date_gmt":"2018-08-15T20:02:18","guid":{"rendered":"http:\/\/www.grieta.org.mx\/?p=25560"},"modified":"2018-08-16T15:08:39","modified_gmt":"2018-08-16T20:08:39","slug":"exigen-incremento-salarial-jubilados-y-pensionados-del-ic-campeche","status":"publish","type":"post","link":"https:\/\/www.grieta.org.mx\/index.php\/2018\/08\/15\/exigen-incremento-salarial-jubilados-y-pensionados-del-ic-campeche\/","title":{"rendered":"Exigen incremento salarial jubilados y pensionados del IC (Campeche)"},"content":{"rendered":"<p><img loading=\"lazy\" decoding=\"async\" data-attachment-id=\"25561\" data-permalink=\"https:\/\/www.grieta.org.mx\/index.php\/2018\/08\/15\/exigen-incremento-salarial-jubilados-y-pensionados-del-ic-campeche\/jubilado-pensionado-34522\/\" data-orig-file=\"https:\/\/www.grieta.org.mx\/wp-content\/uploads\/2018\/08\/jubilado-pensionado-34522.jpg\" data-orig-size=\"800,600\" data-comments-opened=\"0\" data-image-meta=\"{&quot;aperture&quot;:&quot;0&quot;,&quot;credit&quot;:&quot;&quot;,&quot;camera&quot;:&quot;&quot;,&quot;caption&quot;:&quot;&quot;,&quot;created_timestamp&quot;:&quot;0&quot;,&quot;copyright&quot;:&quot;&quot;,&quot;focal_length&quot;:&quot;0&quot;,&quot;iso&quot;:&quot;0&quot;,&quot;shutter_speed&quot;:&quot;0&quot;,&quot;title&quot;:&quot;&quot;,&quot;orientation&quot;:&quot;0&quot;}\" data-image-title=\"jubilado-pensionado-34522\" data-image-description=\"\" data-image-caption=\"\" data-medium-file=\"https:\/\/www.grieta.org.mx\/wp-content\/uploads\/2018\/08\/jubilado-pensionado-34522-300x225.jpg\" data-large-file=\"https:\/\/www.grieta.org.mx\/wp-content\/uploads\/2018\/08\/jubilado-pensionado-34522.jpg\" src=\"http:\/\/www.grieta.org.mx\/wp-content\/uploads\/2018\/08\/jubilado-pensionado-34522.jpg\" alt=\"\" width=\"800\" height=\"600\" class=\"aligncenter size-full wp-image-25561\" srcset=\"https:\/\/www.grieta.org.mx\/wp-content\/uploads\/2018\/08\/jubilado-pensionado-34522.jpg 800w, https:\/\/www.grieta.org.mx\/wp-content\/uploads\/2018\/08\/jubilado-pensionado-34522-300x225.jpg 300w, https:\/\/www.grieta.org.mx\/wp-content\/uploads\/2018\/08\/jubilado-pensionado-34522-768x576.jpg 768w, https:\/\/www.grieta.org.mx\/wp-content\/uploads\/2018\/08\/jubilado-pensionado-34522-667x500.jpg 667w\" sizes=\"auto, (max-width: 800px) 100vw, 800px\" \/><\/p>\n<p>Jubilados y pensionados del Instituto Campechano, encabezados por el presidente de esta agrupaci\u00f3n, Vicente Ram\u00f3n Guzm\u00e1n Vega, se manifestaron en el edificio central de esta instituci\u00f3n, solicitando al rector Fernando Sandoval Castellanos un incremento salarial.<\/p>\n<p>\u201c\u00c9l pensar\u00e1 que 2.5 que se nos otorg\u00f3 es mucho, pero para un intendente no es nada, por eso convocamos a una protesta pac\u00edfica de la cual ya tiene conocimiento el rector y tenemos conocimiento que hasta se burl\u00f3, aqu\u00ed hay gente que ha dado m\u00e1s de 50 a\u00f1os trabajando, queremos que se pague 3.4 que es lo que dice el contrato colectivo vigente\u201d.<\/p>\n<p>Alegaron que en otras instituciones educativas como la Universidad Aut\u00f3noma de Campeche ya se aplic\u00f3 el incremento salarial, y por derecho, los 256 jubilados y pensionados deber\u00e1n recibir este beneficio.<\/p>\n<p>Acusaron que el actual rector ha quitado beneficios a la base trabajadora, como los vales de despensas y apoyos econ\u00f3micos, con la excusa de que no hay recursos, pese a que los jubilados y pensionados han ofrecido su apoyo para realizar gestiones.<\/p>\n<p>\u201cEn noviembre se firm\u00f3 un convenio y se recibieron 20 millones de pesos, de esos, 9 millones de pesos iba a formar parte del fondo para jubilados y no sabemos donde estan\u201d.<\/p>\n<p>Por su parte el rector del Instituto Campechano, Fernando Sandoval Castellanos, consider\u00f3 que siempre ser\u00e1 justo para los jubilados y pensionados recibir un mayor incremento salarial, pero dentro del presupuesto que aprob\u00f3 el Congreso del Estado para este centro educativo, no hay posibilidad de otorgar lo que ellos solicotan, aunque asegur\u00f3 que se realizan las gestiones para dar respuesta.<\/p>\n<p><a href=\"http:\/\/www.campeche.com.mx\/exigen-incremento-salarial-jubilados-pensionados-del-ic\/\" rel=\"noopener\" target=\"_blank\">http:\/\/www.campeche.com.mx\/exigen-incremento-salarial-jubilados-pensionados-del-ic\/<\/a><\/p>\n","protected":false},"excerpt":{"rendered":"<p>Jubilados y pensionados del Instituto Campechano, encabezados por el presidente de esta agrupaci\u00f3n, Vicente Ram\u00f3n Guzm\u00e1n Vega, se manifestaron en el edificio central de esta instituci\u00f3n, solicitando al rector Fernando &hellip; <a href=\"https:\/\/www.grieta.org.mx\/index.php\/2018\/08\/15\/exigen-incremento-salarial-jubilados-y-pensionados-del-ic-campeche\/\" class=\"more-link\">Leer m\u00e1s<\/a><\/p>\n","protected":false},"author":2,"featured_media":25561,"comment_status":"closed","ping_status":"closed","sticky":false,"template":"","format":"standard","meta":{"ngg_post_thumbnail":0,"_jetpack_newsletter_access":"","_jetpack_dont_email_post_to_subs":false,"_jetpack_newsletter_tier_id":0,"_jetpack_memberships_contains_paywalled_content":false,"_jetpack_memberships_contains_paid_content":false,"footnotes":""},"categories":[11,80,2,1150],"tags":[841,203],"class_list":["post-25560","post","type-post","status-publish","format-standard","has-post-thumbnail","hentry","category-campeche","category-cintillo","category-noticias-nacionales","category-protestas-de-jubilados-en-campeche","tag-movilizaciones-jubilados","tag-pensionados","entry"],"jetpack_featured_media_url":"https:\/\/www.grieta.org.mx\/wp-content\/uploads\/2018\/08\/jubilado-pensionado-34522.jpg","jetpack_sharing_enabled":true,"jetpack_shortlink":"https:\/\/wp.me\/p7ZJR4-6Eg","jetpack_likes_enabled":false,"jetpack-related-posts":[{"id":21239,"url":"https:\/\/www.grieta.org.mx\/index.php\/2016\/09\/09\/jubilados-exigen-pago-de-bonos-campeche\/","url_meta":{"origin":25560,"position":0},"title":"Jubilados exigen pago de bonos (Campeche)","author":"grieta","date":"9 septiembre, 2016","format":false,"excerpt":"Jubilados y pensionados del Issste se manifestaron a las puertas de la delegaci\u00f3n para exigir el pago de los conceptos 02 y 03 de previsi\u00f3n social m\u00faltiple y bono de despensa conforme lo establece la ley y que les adeudan desde el 2008. Portando pancartas los integrantes de la Coalici\u00f3n\u2026","rel":"","context":"En &quot;Campeche&quot;","block_context":{"text":"Campeche","link":"https:\/\/www.grieta.org.mx\/index.php\/category\/noticias-nacionales\/campeche\/"},"img":{"alt_text":"","src":"https:\/\/i0.wp.com\/www.grieta.org.mx\/wp-content\/uploads\/2018\/03\/14524434_1106112876131411_958039263622046936_o.jpg?resize=350%2C200&ssl=1","width":350,"height":200,"srcset":"https:\/\/i0.wp.com\/www.grieta.org.mx\/wp-content\/uploads\/2018\/03\/14524434_1106112876131411_958039263622046936_o.jpg?resize=350%2C200&ssl=1 1x, https:\/\/i0.wp.com\/www.grieta.org.mx\/wp-content\/uploads\/2018\/03\/14524434_1106112876131411_958039263622046936_o.jpg?resize=525%2C300&ssl=1 1.5x, https:\/\/i0.wp.com\/www.grieta.org.mx\/wp-content\/uploads\/2018\/03\/14524434_1106112876131411_958039263622046936_o.jpg?resize=700%2C400&ssl=1 2x"},"classes":[]},{"id":65623,"url":"https:\/\/www.grieta.org.mx\/index.php\/2022\/10\/22\/jubilados-de-la-unacar-denuncian-al-rector-por-corrupcion-campeche\/","url_meta":{"origin":25560,"position":1},"title":"Jubilados de la Unacar denuncian al Rector por corrupci\u00f3n (Campeche)","author":"grieta","date":"22 octubre, 2022","format":false,"excerpt":"Roberto Espinoza \/ Ricardo Jim\u00e9nez \/ Por Esto! Derivado del adeudo de dos quincenas que no ha pagado la Universidad Aut\u00f3noma de Carmen a los jubilados y pensionados de la m\u00e1xima casa de estudios carmelita, un grupo de al menos 15 inconformes de la Uni\u00f3n de jubilados de la UNACAR\u2026","rel":"","context":"En &quot;Campeche&quot;","block_context":{"text":"Campeche","link":"https:\/\/www.grieta.org.mx\/index.php\/category\/noticias-nacionales\/campeche\/"},"img":{"alt_text":"","src":"https:\/\/i0.wp.com\/www.grieta.org.mx\/wp-content\/uploads\/2022\/10\/Unacar-e1666888270396.jpg?resize=350%2C200&ssl=1","width":350,"height":200,"srcset":"https:\/\/i0.wp.com\/www.grieta.org.mx\/wp-content\/uploads\/2022\/10\/Unacar-e1666888270396.jpg?resize=350%2C200&ssl=1 1x, https:\/\/i0.wp.com\/www.grieta.org.mx\/wp-content\/uploads\/2022\/10\/Unacar-e1666888270396.jpg?resize=525%2C300&ssl=1 1.5x, https:\/\/i0.wp.com\/www.grieta.org.mx\/wp-content\/uploads\/2022\/10\/Unacar-e1666888270396.jpg?resize=700%2C400&ssl=1 2x"},"classes":[]},{"id":67735,"url":"https:\/\/www.grieta.org.mx\/index.php\/2023\/09\/14\/en-ciudad-del-carmen-jubilados-de-la-unacar-exigen-pagos-atrasados-campeche\/","url_meta":{"origin":25560,"position":2},"title":"En Ciudad del Carmen, jubilados de la Unacar exigen pagos atrasados (Campeche)","author":"grieta","date":"14 septiembre, 2023","format":false,"excerpt":"Un grupo de jubilados y pensionados de la Universidad Aut\u00f3noma del Carmen marcharon del Sindicato \u00danico de Trabajadores de la Unacar (Sutunacar) hasta rector\u00eda para exigir a las autoridades universitarias, encabezadas por Sandra Martha Laff\u00f3n Leal, como rectora, que cumpla con el pago de quincenas atrasadas, pues hay algunos a\u2026","rel":"","context":"En &quot;Campeche&quot;","block_context":{"text":"Campeche","link":"https:\/\/www.grieta.org.mx\/index.php\/category\/noticias-nacionales\/campeche\/"},"img":{"alt_text":"","src":"https:\/\/i0.wp.com\/www.grieta.org.mx\/wp-content\/uploads\/2023\/09\/CDCarmen-e1694802785883.jpg?resize=350%2C200&ssl=1","width":350,"height":200,"srcset":"https:\/\/i0.wp.com\/www.grieta.org.mx\/wp-content\/uploads\/2023\/09\/CDCarmen-e1694802785883.jpg?resize=350%2C200&ssl=1 1x, https:\/\/i0.wp.com\/www.grieta.org.mx\/wp-content\/uploads\/2023\/09\/CDCarmen-e1694802785883.jpg?resize=525%2C300&ssl=1 1.5x, https:\/\/i0.wp.com\/www.grieta.org.mx\/wp-content\/uploads\/2023\/09\/CDCarmen-e1694802785883.jpg?resize=700%2C400&ssl=1 2x"},"classes":[]},{"id":67964,"url":"https:\/\/www.grieta.org.mx\/index.php\/2023\/10\/18\/jubilados-toman-la-rectoria-de-la-unacar-campeche\/","url_meta":{"origin":25560,"position":3},"title":"Jubilados toman la Rector\u00eda de la Unacar (Campeche)","author":"grieta","date":"18 octubre, 2023","format":false,"excerpt":"CARMEN. \u201cSi las autoridades universitarias han perdido el poder de gesti\u00f3n o no pueden trabajar en nuestro beneficio, que se vayan\u201d, exigieron los trabajadores jubilados y pensionados de la Universidad Aut\u00f3noma del Carmen (Unacar), al tomar las instalaciones de la Rector\u00eda de la maxima casa de estudios en demanda del\u2026","rel":"","context":"En &quot;Campeche&quot;","block_context":{"text":"Campeche","link":"https:\/\/www.grieta.org.mx\/index.php\/category\/noticias-nacionales\/campeche\/"},"img":{"alt_text":"","src":"https:\/\/i0.wp.com\/www.grieta.org.mx\/wp-content\/uploads\/2023\/10\/Jubilados-e1697896122422.jpg?resize=350%2C200&ssl=1","width":350,"height":200,"srcset":"https:\/\/i0.wp.com\/www.grieta.org.mx\/wp-content\/uploads\/2023\/10\/Jubilados-e1697896122422.jpg?resize=350%2C200&ssl=1 1x, https:\/\/i0.wp.com\/www.grieta.org.mx\/wp-content\/uploads\/2023\/10\/Jubilados-e1697896122422.jpg?resize=525%2C300&ssl=1 1.5x, https:\/\/i0.wp.com\/www.grieta.org.mx\/wp-content\/uploads\/2023\/10\/Jubilados-e1697896122422.jpg?resize=700%2C400&ssl=1 2x"},"classes":[]},{"id":68612,"url":"https:\/\/www.grieta.org.mx\/index.php\/2024\/03\/03\/jubilados-y-pensionados-de-la-unacar-exigen-pagos-atrasados-desde-hace-tres-anos-campeche\/","url_meta":{"origin":25560,"position":4},"title":"Jubilados y pensionados de la Unacar exigen pagos atrasados desde hace tres a\u00f1os (Campeche)","author":"grieta","date":"3 marzo, 2024","format":false,"excerpt":"Gerardo Can \/ Por Esto! Ante la inacci\u00f3n de la rectora de la Universidad Aut\u00f3noma del Carmen (Unacar), Sandra Martha Laff\u00f3n Leal, lo cual se ha convertido en una situaci\u00f3n preocupante, los extrabajadores jubilados y pensionados sindicalizados han externado su enojo exigiendo los pagos pendientes del 2023, y las primeras\u2026","rel":"","context":"En &quot;Campeche&quot;","block_context":{"text":"Campeche","link":"https:\/\/www.grieta.org.mx\/index.php\/category\/noticias-nacionales\/campeche\/"},"img":{"alt_text":"","src":"https:\/\/i0.wp.com\/www.grieta.org.mx\/wp-content\/uploads\/2024\/03\/Jubilados-e1710725065743.jpg?resize=350%2C200&ssl=1","width":350,"height":200,"srcset":"https:\/\/i0.wp.com\/www.grieta.org.mx\/wp-content\/uploads\/2024\/03\/Jubilados-e1710725065743.jpg?resize=350%2C200&ssl=1 1x, https:\/\/i0.wp.com\/www.grieta.org.mx\/wp-content\/uploads\/2024\/03\/Jubilados-e1710725065743.jpg?resize=525%2C300&ssl=1 1.5x, https:\/\/i0.wp.com\/www.grieta.org.mx\/wp-content\/uploads\/2024\/03\/Jubilados-e1710725065743.jpg?resize=700%2C400&ssl=1 2x"},"classes":[]},{"id":60634,"url":"https:\/\/www.grieta.org.mx\/index.php\/2021\/07\/14\/protestan-empleados-del-ic-campeche\/","url_meta":{"origin":25560,"position":5},"title":"Protestan empleados del IC (Campeche)","author":"grieta","date":"14 julio, 2021","format":false,"excerpt":"Novedades Campeche Los manifestantes dijeron que no aceptar\u00e1n que este a\u00f1o se les niegue el incremento anual que por ley les corresponde . Tras ser notificados que en este 2021 no recibir\u00e1n aumento salarial, trabajadores en activo, jubilados y pensionados del Instituto Campechano encabezaron ayer una protesta en la que\u2026","rel":"","context":"En &quot;Campeche&quot;","block_context":{"text":"Campeche","link":"https:\/\/www.grieta.org.mx\/index.php\/category\/noticias-nacionales\/campeche\/"},"img":{"alt_text":"","src":"https:\/\/i0.wp.com\/www.grieta.org.mx\/wp-content\/uploads\/2021\/07\/13HC-Planton-de-jubilados-y-pensionados-del-Instituto-Campechano-3.jpg?resize=350%2C200&ssl=1","width":350,"height":200,"srcset":"https:\/\/i0.wp.com\/www.grieta.org.mx\/wp-content\/uploads\/2021\/07\/13HC-Planton-de-jubilados-y-pensionados-del-Instituto-Campechano-3.jpg?resize=350%2C200&ssl=1 1x, https:\/\/i0.wp.com\/www.grieta.org.mx\/wp-content\/uploads\/2021\/07\/13HC-Planton-de-jubilados-y-pensionados-del-Instituto-Campechano-3.jpg?resize=525%2C300&ssl=1 1.5x, https:\/\/i0.wp.com\/www.grieta.org.mx\/wp-content\/uploads\/2021\/07\/13HC-Planton-de-jubilados-y-pensionados-del-Instituto-Campechano-3.jpg?resize=700%2C400&ssl=1 2x"},"classes":[]}],"_links":{"self":[{"href":"https:\/\/www.grieta.org.mx\/index.php\/wp-json\/wp\/v2\/posts\/25560","targetHints":{"allow":["GET"]}}],"collection":[{"href":"https:\/\/www.grieta.org.mx\/index.php\/wp-json\/wp\/v2\/posts"}],"about":[{"href":"https:\/\/www.grieta.org.mx\/index.php\/wp-json\/wp\/v2\/types\/post"}],"author":[{"embeddable":true,"href":"https:\/\/www.grieta.org.mx\/index.php\/wp-json\/wp\/v2\/users\/2"}],"replies":[{"embeddable":true,"href":"https:\/\/www.grieta.org.mx\/index.php\/wp-json\/wp\/v2\/comments?post=25560"}],"version-history":[{"count":1,"href":"https:\/\/www.grieta.org.mx\/index.php\/wp-json\/wp\/v2\/posts\/25560\/revisions"}],"predecessor-version":[{"id":25562,"href":"https:\/\/www.grieta.org.mx\/index.php\/wp-json\/wp\/v2\/posts\/25560\/revisions\/25562"}],"wp:featuredmedia":[{"embeddable":true,"href":"https:\/\/www.grieta.org.mx\/index.php\/wp-json\/wp\/v2\/media\/25561"}],"wp:attachment":[{"href":"https:\/\/www.grieta.org.mx\/index.php\/wp-json\/wp\/v2\/media?parent=25560"}],"wp:term":[{"taxonomy":"category","embeddable":true,"href":"https:\/\/www.grieta.org.mx\/index.php\/wp-json\/wp\/v2\/categories?post=25560"},{"taxonomy":"post_tag","embeddable":true,"href":"https:\/\/www.grieta.org.mx\/index.php\/wp-json\/wp\/v2\/tags?post=25560"}],"curies":[{"name":"wp","href":"https:\/\/api.w.org\/{rel}","templated":true}]}}