{"id":25557,"date":"2018-08-14T13:38:24","date_gmt":"2018-08-14T18:38:24","guid":{"rendered":"http:\/\/www.grieta.org.mx\/?p=25557"},"modified":"2018-08-16T13:47:50","modified_gmt":"2018-08-16T18:47:50","slug":"a-partir-de-octubre-el-aumento-de-2-50-pesos-en-la-tarifa-de-transporte-publico-en-mexicali-baja-california","status":"publish","type":"post","link":"https:\/\/www.grieta.org.mx\/index.php\/2018\/08\/14\/a-partir-de-octubre-el-aumento-de-2-50-pesos-en-la-tarifa-de-transporte-publico-en-mexicali-baja-california\/","title":{"rendered":"A partir de octubre el aumento de  2.50 pesos en la tarifa de transporte p\u00fablico en Mexicali (Baja California)"},"content":{"rendered":"<p><img decoding=\"async\" data-attachment-id=\"25558\" data-permalink=\"https:\/\/www.grieta.org.mx\/index.php\/2018\/08\/14\/a-partir-de-octubre-el-aumento-de-2-50-pesos-en-la-tarifa-de-transporte-publico-en-mexicali-baja-california\/camiones-transporte\/\" data-orig-file=\"https:\/\/www.grieta.org.mx\/wp-content\/uploads\/2018\/08\/camiones-transporte.jpg\" data-orig-size=\"585,390\" data-comments-opened=\"0\" data-image-meta=\"{&quot;aperture&quot;:&quot;0&quot;,&quot;credit&quot;:&quot;&quot;,&quot;camera&quot;:&quot;&quot;,&quot;caption&quot;:&quot;&quot;,&quot;created_timestamp&quot;:&quot;0&quot;,&quot;copyright&quot;:&quot;&quot;,&quot;focal_length&quot;:&quot;0&quot;,&quot;iso&quot;:&quot;0&quot;,&quot;shutter_speed&quot;:&quot;0&quot;,&quot;title&quot;:&quot;&quot;,&quot;orientation&quot;:&quot;0&quot;}\" data-image-title=\"camiones-transporte\" data-image-description=\"\" data-image-caption=\"\" data-medium-file=\"https:\/\/www.grieta.org.mx\/wp-content\/uploads\/2018\/08\/camiones-transporte-300x200.jpg\" data-large-file=\"https:\/\/www.grieta.org.mx\/wp-content\/uploads\/2018\/08\/camiones-transporte.jpg\" src=\"http:\/\/www.grieta.org.mx\/wp-content\/uploads\/2018\/08\/camiones-transporte-300x200.jpg\" alt=\"\" width=\"100%\" class=\"aligncenter size-medium wp-image-25558\" srcset=\"https:\/\/www.grieta.org.mx\/wp-content\/uploads\/2018\/08\/camiones-transporte-300x200.jpg 300w, https:\/\/www.grieta.org.mx\/wp-content\/uploads\/2018\/08\/camiones-transporte.jpg 585w\" sizes=\"(max-width: 300px) 100vw, 300px\" \/><\/p>\n<blockquote><p>*Revela SIMUTRA que transportistas han cumplido con los acuerdos, que est\u00e1n por concluir la revisi\u00f3n de la operatividad<br \/>\n*En tres a\u00f1os la tarifa del transporte p\u00fablico de la capital se increment\u00f3 4.50 pesos.<\/p><\/blockquote>\n<p>Jorge Heras \/ Lindero Norte<\/p>\n<p>Mexicali.- A punto de concluir la revisi\u00f3n de los 4 puntos que acordaron cumplir a corto plazo los transportistas con el Gobierno Municipal, el Sistema Municipal de Transporte (SIMUTRA) revel\u00f3 que durante el mes de octubre los camiones urbanos de la capital del Estado podr\u00e1n cobrar la tarifa de 15 pesos con 50 centavos aprobada por el cabildo hace 5 meses.<\/p>\n<p>El 24 de marzo, el cabildo de Mexicali aprob\u00f3 por unanimidad (11 votos a favor y 5 en contra) aumentar la tarifa 2 pesos con 50 centavos como parte de lo que consideraron como \u201cun gran paso para la modernizaci\u00f3n del transporte\u201d, por lo que elaboraron y firmaron un documento que compromet\u00eda a los 11 concesionarios del transporte p\u00fablico a cumplir 14 acuerdos a corto, mediano y largo plazo.<\/p>\n<p>Para los primeros 4 puntos se estableci\u00f3 un tiempo de 30 d\u00edas, ya que se dijo los trasportistas ten\u00edan todo el dise\u00f1o, unidades nuevas y la operatividad lista para contar con una nueva tarifa; sin embargo, hasta la fecha no han podido cumplir con lo pactado por problemas internos.<\/p>\n<p>Antes de que el dictamen del incremento a la tarifa de transporte sea publicada en el Peri\u00f3dico Oficial de Baja California, los concesionarios deben dotar de accesos para discapacitados en el 10 por ciento de las unidades (35 en total); incorporar 20 camiones 2017 y 2018 durante este a\u00f1o as\u00ed como modernizar la flota en un 10% anual hasta alcanzar una antig\u00fcedad promedio no mayor a 5 a\u00f1os; instalar un software en cada uno de los 350 unidades para que sea funcional la tarjeta prepago y formar un sola figura entre las 11 empresas de transporte que responda a los temas de operatividad.<\/p>\n<p>El director de SIMUTRA, Luis Alfonso Vizcarra Qui\u00f1onez inform\u00f3 que se encuentran revisando cada uno de los compromisos, los cuales llevan m\u00e1s del 90 por ciento de avance, por lo que anunci\u00f3 que en una o dos semanas se estar\u00e1 publicando el alza al cobro del pasaje y la nueva forma de operar.<\/p>\n<p>Explic\u00f3 que tras la publicaci\u00f3n se tendr\u00edan 30 d\u00edas para la entrada en vigor de la nueva tarifa, para que de esta manera se empiece a cobrar los 15 pesos con 50 centavos durante la \u00faltima semana de septiembre o en los primeros d\u00edas de octubre.<\/p>\n<p>\u201cSe avanz\u00f3 en todos los temas, pero estamos verificando que las tarjetas de prepago vayan a funcionar perfectamente en los camiones; estamos en una etapa de pruebas ya que tengamos esa certeza se va a mandar publicar la nueva tarifa\u201d, puntualiz\u00f3 el funcionario municipal.<\/p>\n<p>Vizcarra Qui\u00f1onez coment\u00f3 que en los puntos en los que se tuvieron m\u00e1s problemas fue en adecuar los sistemas que se tienen para establecer una sola tarjeta de prepago que pueda hacer efectivo el trasbordo del usuario frecuente, cuyo programa permite que por cada 10 boletos que se paguen con anticipaci\u00f3n en la tarjeta se le regale uno m\u00e1s.<\/p>\n<p>Indic\u00f3 que tambi\u00e9n se est\u00e1 revisando la integraci\u00f3n del ente operador de concesionarios que haga mas eficiente la parte operativa del sistema de transporte.<\/p>\n<p>Las modalidades de la tarifa<\/p>\n<p>A partir de octubre habr\u00e1 tres tipos de tarifas:<\/p>\n<p>*La general que costar\u00e1 15.50 pesos (a excepci\u00f3n de estudiantes y adultos mayores que ser\u00e1 de 7.50 pesos).<\/p>\n<p>*La que se aplicar\u00e1 luego de un transbordo solamente con tarjeta prepago, pues se estableci\u00f3 que tendr\u00e1 un 50 por ciento de descuento de la tarifa real si el usuario toma una segunda ruta hasta con 40 minutos de diferencia (En una primera etapa solamente operar\u00e1n los transbordos en 14 puntos de cruce de rutas).<\/p>\n<p>*La que tendr\u00e1n descuento todos aquellos que compren 10 viajes en su tarjeta prepago tendr\u00e1n un viaje gratis, por lo que estiman que al hacer la ecuaci\u00f3n final del costo de pasaje solamente tendr\u00e1 un aumento de 1 peso.<\/p>\n<p>Aunque SIMUTRA asegura que apenas el 20 por ciento de los usuarios de transporte p\u00fablico cambian de ruta en una ocasi\u00f3n para cumplir con su viaje final, la realidad es que no existe un n\u00famero exacto de personas que en Mexicali realizan transbordo para llegar a su destino.<\/p>\n<p>Los concesionarios del transporte han se\u00f1alado que solamente el 8 por ciento de la poblaci\u00f3n de la capital del Estado usa camiones urbanos y taxis de ruta para trasladarse por la ciudad.<\/p>\n<p>En tres a\u00f1os, (dos gobierno municipales diferentes pero del mismo partido) la tarifa del transporte p\u00fablico de Mexicali se increment\u00f3 4.50 pesos.<\/p>\n<p><a href=\"https:\/\/linderonorte.com\/2018\/08\/14\/a-partir-de-octubre-el-aumento-de-2-50-pesos-en-la-tarifa-de-transporte-publico-en-mexicali\/\" rel=\"noopener\" target=\"_blank\">https:\/\/linderonorte.com\/2018\/08\/14\/a-partir-de-octubre-el-aumento-de-2-50-pesos-en-la-tarifa-de-transporte-publico-en-mexicali\/<\/a><\/p>\n","protected":false},"excerpt":{"rendered":"<p>*Revela SIMUTRA que transportistas han cumplido con los acuerdos, que est\u00e1n por concluir la revisi\u00f3n de la operatividad *En tres a\u00f1os la tarifa del transporte p\u00fablico de la capital se &hellip; <a href=\"https:\/\/www.grieta.org.mx\/index.php\/2018\/08\/14\/a-partir-de-octubre-el-aumento-de-2-50-pesos-en-la-tarifa-de-transporte-publico-en-mexicali-baja-california\/\" class=\"more-link\">Leer m\u00e1s<\/a><\/p>\n","protected":false},"author":2,"featured_media":25558,"comment_status":"closed","ping_status":"closed","sticky":false,"template":"","format":"standard","meta":{"ngg_post_thumbnail":0,"_jetpack_newsletter_access":"","_jetpack_dont_email_post_to_subs":false,"_jetpack_newsletter_tier_id":0,"_jetpack_memberships_contains_paywalled_content":false,"_jetpack_memberships_contains_paid_content":false,"footnotes":""},"categories":[5,80,1067,2],"tags":[1068,1595],"class_list":["post-25557","post","type-post","status-publish","format-standard","has-post-thumbnail","hentry","category-baja-california","category-cintillo","category-incremento-del-costo-de-la-vida-en-baja-california","category-noticias-nacionales","tag-incremento-en-el-costo-de-la-vida","tag-tarifa-transporte-publico","entry"],"jetpack_featured_media_url":"https:\/\/www.grieta.org.mx\/wp-content\/uploads\/2018\/08\/camiones-transporte.jpg","jetpack_sharing_enabled":true,"jetpack_shortlink":"https:\/\/wp.me\/p7ZJR4-6Ed","jetpack_likes_enabled":false,"jetpack-related-posts":[{"id":27618,"url":"https:\/\/www.grieta.org.mx\/index.php\/2018\/11\/12\/formalizan-incremento-a-la-tarifa-del-camion-en-mexicali-costara-15-50-pesos-baja-california\/","url_meta":{"origin":25557,"position":0},"title":"Formalizan incremento a la tarifa del cami\u00f3n en Mexicali, costar\u00e1 15.50 pesos (Baja California)","author":"grieta","date":"12 noviembre, 2018","format":false,"excerpt":"Eduardo Villa Lugo Luego de siete meses del anuncio, el Ayuntamiento de Mexicali inform\u00f3 que a partir del 15 de diciembre entrar\u00e1 en efecto el incremento a la tarifa del transporte que subir\u00e1 de 13 a 15.50 pesos, dejando la posibilidad abierta a que en un periodo de dos a\u00f1os\u2026","rel":"","context":"En &quot;Baja California&quot;","block_context":{"text":"Baja California","link":"https:\/\/www.grieta.org.mx\/index.php\/category\/noticias-nacionales\/baja-california\/"},"img":{"alt_text":"","src":"https:\/\/i0.wp.com\/www.grieta.org.mx\/wp-content\/uploads\/2018\/11\/WhatsApp-Image-2018-11-12-at-1.41.23-PM-750x500.jpeg?resize=350%2C200&ssl=1","width":350,"height":200,"srcset":"https:\/\/i0.wp.com\/www.grieta.org.mx\/wp-content\/uploads\/2018\/11\/WhatsApp-Image-2018-11-12-at-1.41.23-PM-750x500.jpeg?resize=350%2C200&ssl=1 1x, https:\/\/i0.wp.com\/www.grieta.org.mx\/wp-content\/uploads\/2018\/11\/WhatsApp-Image-2018-11-12-at-1.41.23-PM-750x500.jpeg?resize=525%2C300&ssl=1 1.5x, https:\/\/i0.wp.com\/www.grieta.org.mx\/wp-content\/uploads\/2018\/11\/WhatsApp-Image-2018-11-12-at-1.41.23-PM-750x500.jpeg?resize=700%2C400&ssl=1 2x"},"classes":[]},{"id":22240,"url":"https:\/\/www.grieta.org.mx\/index.php\/2018\/03\/24\/incrementan-20-tarifa-de-transporte-en-mexicali-15-50-costara-el-pasaje-mas-caro-del-pais\/","url_meta":{"origin":25557,"position":1},"title":"Incrementan 20% tarifa de transporte en Mexicali; 15.50 costar\u00e1 el pasaje m\u00e1s caro del pa\u00eds","author":"grieta","date":"24 marzo, 2018","format":false,"excerpt":"*En tres a\u00f1os la tarifa del transporte p\u00fablico de la capital se increment\u00f3 4.50 pesos. *Cabildo justifica aumento como parte de la modernizaci\u00f3n del transporte y sostienen que hay una reducci\u00f3n. *\u201dNo es un cheque en blanco\u2026 el aumento se puede revertir\u201d, advierte alcalde Jorge Heras Jorge Heras \/ Lindero\u2026","rel":"","context":"En &quot;Baja California&quot;","block_context":{"text":"Baja California","link":"https:\/\/www.grieta.org.mx\/index.php\/category\/noticias-nacionales\/baja-california\/"},"img":{"alt_text":"","src":"https:\/\/i0.wp.com\/www.grieta.org.mx\/wp-content\/uploads\/2018\/03\/20180323_172646608963735.jpg?resize=350%2C200&ssl=1","width":350,"height":200,"srcset":"https:\/\/i0.wp.com\/www.grieta.org.mx\/wp-content\/uploads\/2018\/03\/20180323_172646608963735.jpg?resize=350%2C200&ssl=1 1x, https:\/\/i0.wp.com\/www.grieta.org.mx\/wp-content\/uploads\/2018\/03\/20180323_172646608963735.jpg?resize=525%2C300&ssl=1 1.5x"},"classes":[]},{"id":42592,"url":"https:\/\/www.grieta.org.mx\/index.php\/2019\/12\/23\/edomex-tendra-en-2020-la-tarifa-de-transporte-publico-mas-cara-de-mexico\/","url_meta":{"origin":25557,"position":2},"title":"Edomex tendr\u00e1 en 2020 la tarifa de transporte p\u00fablico m\u00e1s cara de M\u00e9xico","author":"grieta","date":"23 diciembre, 2019","format":false,"excerpt":"Alma R\u00edos \/ El Gr\u00e1fico \u00a0 En 23 estados de la Rep\u00fablica la tarifa est\u00e1 por debajo de los 10.00 pesos. La m\u00e1s barata de 6 pesos y la tiene la Ciudad de M\u00e9xico TOLUCA.- A partir del pr\u00f3ximo primero de enero, el estado de M\u00e9xico tendr\u00e1 la tarifa del\u2026","rel":"","context":"En &quot;CINTILLO&quot;","block_context":{"text":"CINTILLO","link":"https:\/\/www.grieta.org.mx\/index.php\/category\/cintillo\/"},"img":{"alt_text":"","src":"https:\/\/i0.wp.com\/www.grieta.org.mx\/wp-content\/uploads\/2019\/12\/Edomex-tendr%C3%A1-en-2020-la-tarifa-de-transporte-p%C3%BAblico-m%C3%A1s-cara-de-edomex-dic.jpg?resize=350%2C200","width":350,"height":200},"classes":[]},{"id":21122,"url":"https:\/\/www.grieta.org.mx\/index.php\/2016\/08\/31\/exigen-taxistas-mas-permisos-a-cambio-de-retirar-propuesta-de-aumento-de-tarifa\/","url_meta":{"origin":25557,"position":3},"title":"Exigen taxistas m\u00e1s permisos a cambio de retirar propuesta de aumento de tarifa","author":"grieta","date":"31 agosto, 2016","format":false,"excerpt":"Por Jorge Heras Mexicali, 31 de agosto.- La Alianza de Transportistas Unidos de Baja California solicit\u00f3 al gobierno municipal 500 nuevos permisos de taxis para atender lo que consideraron una necesidad de la sociedad mexicalense para transportarse de zonas sin servicio de transporte y un apoyo para el gremio que\u2026","rel":"","context":"En &quot;CINTILLO&quot;","block_context":{"text":"CINTILLO","link":"https:\/\/www.grieta.org.mx\/index.php\/category\/cintillo\/"},"img":{"alt_text":"","src":"https:\/\/i0.wp.com\/www.grieta.org.mx\/wp-content\/uploads\/2018\/03\/14524434_1106112876131411_958039263622046936_o.jpg?resize=350%2C200&ssl=1","width":350,"height":200,"srcset":"https:\/\/i0.wp.com\/www.grieta.org.mx\/wp-content\/uploads\/2018\/03\/14524434_1106112876131411_958039263622046936_o.jpg?resize=350%2C200&ssl=1 1x, https:\/\/i0.wp.com\/www.grieta.org.mx\/wp-content\/uploads\/2018\/03\/14524434_1106112876131411_958039263622046936_o.jpg?resize=525%2C300&ssl=1 1.5x, https:\/\/i0.wp.com\/www.grieta.org.mx\/wp-content\/uploads\/2018\/03\/14524434_1106112876131411_958039263622046936_o.jpg?resize=700%2C400&ssl=1 2x"},"classes":[]},{"id":22340,"url":"https:\/\/www.grieta.org.mx\/index.php\/2018\/03\/18\/toman-instalaciones-de-pemex-en-mexicali\/","url_meta":{"origin":25557,"position":4},"title":"Toman instalaciones de Pemex, en Mexicali","author":"grieta","date":"18 marzo, 2018","format":false,"excerpt":"Cristian Torres Un grupo de alrededor de 30 personas tomaron la terminal de almacenamiento y reparto de Pemex en Mexicali, mejor conocida como La Rosita por su ubicaci\u00f3n a unos 10 kil\u00f3metros de la ciudad de Mexicali. Los manifestantes exigen que se homologue el precio de la gasolina al igual\u2026","rel":"","context":"En &quot;Baja California&quot;","block_context":{"text":"Baja California","link":"https:\/\/www.grieta.org.mx\/index.php\/category\/noticias-nacionales\/baja-california\/"},"img":{"alt_text":"","src":"https:\/\/i0.wp.com\/www.grieta.org.mx\/wp-content\/uploads\/2018\/03\/2D588482-46E3-4F22-9E96-2DE8BE3C961B-750x500.jpeg?resize=350%2C200&ssl=1","width":350,"height":200,"srcset":"https:\/\/i0.wp.com\/www.grieta.org.mx\/wp-content\/uploads\/2018\/03\/2D588482-46E3-4F22-9E96-2DE8BE3C961B-750x500.jpeg?resize=350%2C200&ssl=1 1x, https:\/\/i0.wp.com\/www.grieta.org.mx\/wp-content\/uploads\/2018\/03\/2D588482-46E3-4F22-9E96-2DE8BE3C961B-750x500.jpeg?resize=525%2C300&ssl=1 1.5x, https:\/\/i0.wp.com\/www.grieta.org.mx\/wp-content\/uploads\/2018\/03\/2D588482-46E3-4F22-9E96-2DE8BE3C961B-750x500.jpeg?resize=700%2C400&ssl=1 2x"},"classes":[]},{"id":42832,"url":"https:\/\/www.grieta.org.mx\/index.php\/2020\/01\/03\/realizan-foro-estatal-en-contra-del-tarifazo-al-transporte-publico-estado-de-mexico\/","url_meta":{"origin":25557,"position":5},"title":"Realizan Foro Estatal en contra del tarifazo al transporte p\u00fablico (Estado de M\u00e9xico)","author":"grieta","date":"3 enero, 2020","format":false,"excerpt":"Foto: Luis Rodr\u00edguez \/ El Sol de Toluca Adriana Garc\u00eda \/ El Sol de Toluca Piden a la ciudadan\u00eda unirse a la movilizaci\u00f3n del 9 de enero Diversos colectivos del Estado de M\u00e9xico llevaron a cabo el Foro estatal contra el tarifazo al transporte p\u00fablico de dos pesos al pasaje\u2026","rel":"","context":"En &quot;CINTILLO&quot;","block_context":{"text":"CINTILLO","link":"https:\/\/www.grieta.org.mx\/index.php\/category\/cintillo\/"},"img":{"alt_text":"","src":"https:\/\/i0.wp.com\/www.grieta.org.mx\/wp-content\/uploads\/2020\/01\/Realizan-Foro-Estatal-en-contra-del-tarifazo-al-transporte-p%C3%BAblico-edomex-ene.jpg?resize=350%2C200&ssl=1","width":350,"height":200,"srcset":"https:\/\/i0.wp.com\/www.grieta.org.mx\/wp-content\/uploads\/2020\/01\/Realizan-Foro-Estatal-en-contra-del-tarifazo-al-transporte-p%C3%BAblico-edomex-ene.jpg?resize=350%2C200&ssl=1 1x, https:\/\/i0.wp.com\/www.grieta.org.mx\/wp-content\/uploads\/2020\/01\/Realizan-Foro-Estatal-en-contra-del-tarifazo-al-transporte-p%C3%BAblico-edomex-ene.jpg?resize=525%2C300&ssl=1 1.5x, https:\/\/i0.wp.com\/www.grieta.org.mx\/wp-content\/uploads\/2020\/01\/Realizan-Foro-Estatal-en-contra-del-tarifazo-al-transporte-p%C3%BAblico-edomex-ene.jpg?resize=700%2C400&ssl=1 2x"},"classes":[]}],"_links":{"self":[{"href":"https:\/\/www.grieta.org.mx\/index.php\/wp-json\/wp\/v2\/posts\/25557","targetHints":{"allow":["GET"]}}],"collection":[{"href":"https:\/\/www.grieta.org.mx\/index.php\/wp-json\/wp\/v2\/posts"}],"about":[{"href":"https:\/\/www.grieta.org.mx\/index.php\/wp-json\/wp\/v2\/types\/post"}],"author":[{"embeddable":true,"href":"https:\/\/www.grieta.org.mx\/index.php\/wp-json\/wp\/v2\/users\/2"}],"replies":[{"embeddable":true,"href":"https:\/\/www.grieta.org.mx\/index.php\/wp-json\/wp\/v2\/comments?post=25557"}],"version-history":[{"count":1,"href":"https:\/\/www.grieta.org.mx\/index.php\/wp-json\/wp\/v2\/posts\/25557\/revisions"}],"predecessor-version":[{"id":25559,"href":"https:\/\/www.grieta.org.mx\/index.php\/wp-json\/wp\/v2\/posts\/25557\/revisions\/25559"}],"wp:featuredmedia":[{"embeddable":true,"href":"https:\/\/www.grieta.org.mx\/index.php\/wp-json\/wp\/v2\/media\/25558"}],"wp:attachment":[{"href":"https:\/\/www.grieta.org.mx\/index.php\/wp-json\/wp\/v2\/media?parent=25557"}],"wp:term":[{"taxonomy":"category","embeddable":true,"href":"https:\/\/www.grieta.org.mx\/index.php\/wp-json\/wp\/v2\/categories?post=25557"},{"taxonomy":"post_tag","embeddable":true,"href":"https:\/\/www.grieta.org.mx\/index.php\/wp-json\/wp\/v2\/tags?post=25557"}],"curies":[{"name":"wp","href":"https:\/\/api.w.org\/{rel}","templated":true}]}}