{"id":25537,"date":"2018-08-10T20:28:59","date_gmt":"2018-08-11T01:28:59","guid":{"rendered":"http:\/\/www.grieta.org.mx\/?p=25537"},"modified":"2018-08-15T20:34:04","modified_gmt":"2018-08-16T01:34:04","slug":"vecinos-y-paot-acusan-anomalias-en-obra-en-xoco-ciudad-de-mexico","status":"publish","type":"post","link":"https:\/\/www.grieta.org.mx\/index.php\/2018\/08\/10\/vecinos-y-paot-acusan-anomalias-en-obra-en-xoco-ciudad-de-mexico\/","title":{"rendered":"Vecinos y PAOT acusan anomal\u00edas en obra en Xoco, (Ciudad de M\u00e9xico)"},"content":{"rendered":"<p>Gerardo Su\u00e1rez\/El Universal<\/p>\n<p>La Procuradur\u00eda Ambiental y de Ordenamiento Territorial (PAOT) y vecinos de la zona de Xoco, en la delegaci\u00f3n Benito Ju\u00e1rez, se\u00f1alaron irregularidades en la construcci\u00f3n de una torre de 20 niveles en avenida M\u00e9xico-Coyoac\u00e1n 281 y cuestionaron que a pesar de las evidencias, la constructora denunci\u00f3 a un colono por supuesto da\u00f1o moral.<\/p>\n<p>En conferencia de prensa, el subprocurador de Ordenamiento Territorial, Emigdio Roa, difundi\u00f3 los resultados de una investigaci\u00f3n en la cual se detectaron diferencias significativas en diversos documentos del proyecto respecto a la superficie total, de desplante y el \u00e1rea libre.<\/p>\n<p>\u201cNo se detect\u00f3 el \u00e1rea libre correspondiente que hab\u00eda registrado el desarrollador para el proyecto\u201d, dijo Roa al referir que se us\u00f3 un dron y un programa especializado mediante el cual se hall\u00f3 que dicha superficie es menor a la establecida en el pol\u00edgono de actuaci\u00f3n que otorg\u00f3 la Secretar\u00eda de Desarrollo Urbano y Vivienda (Seduvi) para posibilitar la torre de 20 pisos.<\/p>\n<p>A su vez plante\u00f3 que la torre denominada Urbano Park se construye con una manifestaci\u00f3n tipo B cuando deber\u00eda tener un permiso tipo C, que corresponde a obras de m\u00e1s de 10 mil metros cuadrados.<\/p>\n<p>\u201cSe solicit\u00f3 al Instituto de Verificaci\u00f3n Administrativa y a la Direcci\u00f3n de Obras y Desarrollo Urbano de la delegaci\u00f3n atender la resoluci\u00f3n para tomar las acciones correspondientes\u201d, a\u00f1adi\u00f3 el subprocurador.<\/p>\n<p>Ambas instituciones clausuraron la obra hace unos d\u00edas, la \u00faltima acci\u00f3n incluso fue despu\u00e9s de una protesta vecinal. Tambi\u00e9n hay otra suspensi\u00f3n ordenada por el Tribunal de Justicia Administrativa.<\/p>\n<p>Sin embargo Alejandro Vel\u00e1zquez, abogado de los inconformes, exigi\u00f3 que se haga una medici\u00f3n oficial del \u00e1rea de construcci\u00f3n y la libre, como lo solicita la PAOT, para definir las presuntas anomal\u00edas y se corrijan.<\/p>\n<p>De ser as\u00ed, se\u00f1al\u00f3 que eso implicar\u00eda modificar el pol\u00edgono de actuaci\u00f3n que otorg\u00f3 la Seduvi.<\/p>\n<p>En tanto, Miguel \u00c1ngel Cancino, titular de la PAOT, dijo que tambi\u00e9n se har\u00e1 llegar la investigaci\u00f3n a la Seduvi para que revise la actuaci\u00f3n del Director Responsable de Obra (DRO), el cual es vigilante de que la ley se cumpla en la construcci\u00f3n.<\/p>\n<p>Denuncian intimidaci\u00f3n. A pesar de las anomal\u00edas, el vecino de Xoco H\u00e9ctor Oscoy fue denunciado por los constructores de la torre por supuesto da\u00f1o moral luego de manifestarse y se\u00f1alar que esta y otras construcciones que surgen en Xoco podr\u00edan impactar de forma negativa en los servicios como el abasto de agua.<\/p>\n<p>Alejandro Vel\u00e1zquez y H\u00e9ctor Oscoy calificaron la demanda como un intento de intimidaci\u00f3n y aseguraron que el vecino s\u00f3lo ha hecho uso a su derecho de libertad de expresi\u00f3n; en tanto Miguel \u00c1ngel Cancino dijo que \u201cno nos gusta\u201d que un constructor denuncie a un vecino, pues consider\u00f3 que incluso a nivel internacional, hay un monitoreo del impacto que ocasionan las construcciones.<\/p>\n<p><a href=\"http:\/\/www.eluniversal.com.mx\/metropoli\/cdmx\/vecinos-y-paot-acusan-anomalias-en-obra-en-xoco\">http:\/\/www.eluniversal.com.mx\/metropoli\/cdmx\/vecinos-y-paot-acusan-anomalias-en-obra-en-xoco<\/a><\/p>\n","protected":false},"excerpt":{"rendered":"<p>Gerardo Su\u00e1rez\/El Universal La Procuradur\u00eda Ambiental y de Ordenamiento Territorial (PAOT) y vecinos de la zona de Xoco, en la delegaci\u00f3n Benito Ju\u00e1rez, se\u00f1alaron irregularidades en la construcci\u00f3n de una &hellip; <a href=\"https:\/\/www.grieta.org.mx\/index.php\/2018\/08\/10\/vecinos-y-paot-acusan-anomalias-en-obra-en-xoco-ciudad-de-mexico\/\" class=\"more-link\">Leer m\u00e1s<\/a><\/p>\n","protected":false},"author":2,"featured_media":21928,"comment_status":"closed","ping_status":"closed","sticky":false,"template":"","format":"standard","meta":{"ngg_post_thumbnail":0,"_jetpack_newsletter_access":"","_jetpack_dont_email_post_to_subs":false,"_jetpack_newsletter_tier_id":0,"_jetpack_memberships_contains_paywalled_content":false,"_jetpack_memberships_contains_paid_content":false,"footnotes":""},"categories":[80,14,1044],"tags":[1585,1584,1587,1586],"class_list":["post-25537","post","type-post","status-publish","format-standard","has-post-thumbnail","hentry","category-cintillo","category-ciudad-de-mexico","category-desarrollos-inmobiliarios-en-la-ciudad-de-mexico","tag-anomalias-en-obras","tag-construccion-de-torre-en-coyoacan","tag-protestas-vecinales","tag-pueblo-de-xoco","entry"],"jetpack_featured_media_url":"https:\/\/www.grieta.org.mx\/wp-content\/uploads\/2018\/03\/14524434_1106112876131411_958039263622046936_o.jpg","jetpack_sharing_enabled":true,"jetpack_shortlink":"https:\/\/wp.me\/p7ZJR4-6DT","jetpack_likes_enabled":false,"jetpack-related-posts":[{"id":63889,"url":"https:\/\/www.grieta.org.mx\/index.php\/2022\/04\/02\/construiran-pozo-de-agua-en-pueblo-de-xoco-mientras-vecinos-denuncian-mas-agresiones-ciudad-de-mexico\/","url_meta":{"origin":25537,"position":0},"title":"Construir\u00e1n pozo de agua en Pueblo de Xoco, mientras vecinos denuncian m\u00e1s agresiones (Ciudad de M\u00e9xico)","author":"grieta","date":"2 abril, 2022","format":false,"excerpt":"Alberto Cuenca \/ Capital CDMX En el pueblo de Xoco, donde habitantes de la zona mantienen una f\u00e9rrea oposici\u00f3n al desarrollo inmobiliario de M\u00edtikah, autoridades capitalinas construir\u00e1n un nuevo pozo de agua. A decir de la jefa de gobierno Claudia Sheinbaum, la construcci\u00f3n de ese y otros pozos en la\u2026","rel":"","context":"En &quot;CINTILLO&quot;","block_context":{"text":"CINTILLO","link":"https:\/\/www.grieta.org.mx\/index.php\/category\/cintillo\/"},"img":{"alt_text":"","src":"https:\/\/i0.wp.com\/www.grieta.org.mx\/wp-content\/uploads\/2018\/03\/14524434_1106112876131411_958039263622046936_o.jpg?resize=350%2C200&ssl=1","width":350,"height":200,"srcset":"https:\/\/i0.wp.com\/www.grieta.org.mx\/wp-content\/uploads\/2018\/03\/14524434_1106112876131411_958039263622046936_o.jpg?resize=350%2C200&ssl=1 1x, https:\/\/i0.wp.com\/www.grieta.org.mx\/wp-content\/uploads\/2018\/03\/14524434_1106112876131411_958039263622046936_o.jpg?resize=525%2C300&ssl=1 1.5x, https:\/\/i0.wp.com\/www.grieta.org.mx\/wp-content\/uploads\/2018\/03\/14524434_1106112876131411_958039263622046936_o.jpg?resize=700%2C400&ssl=1 2x"},"classes":[]},{"id":61095,"url":"https:\/\/www.grieta.org.mx\/index.php\/2021\/08\/14\/bajo-aviso-no-hay-delito-vecinos-de-xoco-remueven-tapiales-de-la-constructora-mitikah-ciudad-de-mexico\/","url_meta":{"origin":25537,"position":1},"title":"Bajo aviso no hay delito: vecinos de Xoco remueven tapiales de la constructora Mitikah (Ciudad de M\u00e9xico)","author":"grieta","date":"14 agosto, 2021","format":false,"excerpt":"Desde febrero pasado, la Asamblea del Pueblo de Xoco solicit\u00f3 al gobierno de la Ciudad de M\u00e9xico la remoci\u00f3n de los tapiales que la constructora Fibra UNO, responsable del complejo de torres Mitikah, pues obstaculizan el paso de la calle. Ante la falta de respuesta, pusieron manos a la obra.\u2026","rel":"","context":"En &quot;CINTILLO&quot;","block_context":{"text":"CINTILLO","link":"https:\/\/www.grieta.org.mx\/index.php\/category\/cintillo\/"},"img":{"alt_text":"","src":"https:\/\/i0.wp.com\/www.grieta.org.mx\/wp-content\/uploads\/2021\/08\/pdp_mitikah_arturocontreras02.jpg?resize=350%2C200&ssl=1","width":350,"height":200,"srcset":"https:\/\/i0.wp.com\/www.grieta.org.mx\/wp-content\/uploads\/2021\/08\/pdp_mitikah_arturocontreras02.jpg?resize=350%2C200&ssl=1 1x, https:\/\/i0.wp.com\/www.grieta.org.mx\/wp-content\/uploads\/2021\/08\/pdp_mitikah_arturocontreras02.jpg?resize=525%2C300&ssl=1 1.5x, https:\/\/i0.wp.com\/www.grieta.org.mx\/wp-content\/uploads\/2021\/08\/pdp_mitikah_arturocontreras02.jpg?resize=700%2C400&ssl=1 2x, https:\/\/i0.wp.com\/www.grieta.org.mx\/wp-content\/uploads\/2021\/08\/pdp_mitikah_arturocontreras02.jpg?resize=1050%2C600&ssl=1 3x"},"classes":[]},{"id":34156,"url":"https:\/\/www.grieta.org.mx\/index.php\/2019\/05\/19\/xoco-el-pueblo-desplazado-por-la-torre-mitikah-ciudad-de-mexico\/","url_meta":{"origin":25537,"position":2},"title":"Xoco, el pueblo desplazado por la Torre M\u00edtikah (Ciudad de M\u00e9xico)","author":"grieta","date":"19 mayo, 2019","format":false,"excerpt":"Cecilia Nava\/El sol de M\u00e9xico M\u00edtikah promete a sus inquilinos tener la torre residencial m\u00e1s grande de la Ciudad de M\u00e9xico M\u00edtikah, torre residencial en construcci\u00f3n -proyectada para ser el rascacielos m\u00e1s alto de la ciudad con 276.3 metros de altura y 67 pisos-, por ahora se encuentra parada por\u2026","rel":"","context":"En &quot;CINTILLO&quot;","block_context":{"text":"CINTILLO","link":"https:\/\/www.grieta.org.mx\/index.php\/category\/cintillo\/"},"img":{"alt_text":"","src":"https:\/\/i0.wp.com\/www.grieta.org.mx\/wp-content\/uploads\/2019\/06\/desplazados-1.jpg?resize=350%2C200&ssl=1","width":350,"height":200,"srcset":"https:\/\/i0.wp.com\/www.grieta.org.mx\/wp-content\/uploads\/2019\/06\/desplazados-1.jpg?resize=350%2C200&ssl=1 1x, https:\/\/i0.wp.com\/www.grieta.org.mx\/wp-content\/uploads\/2019\/06\/desplazados-1.jpg?resize=525%2C300&ssl=1 1.5x, https:\/\/i0.wp.com\/www.grieta.org.mx\/wp-content\/uploads\/2019\/06\/desplazados-1.jpg?resize=700%2C400&ssl=1 2x"},"classes":[]},{"id":60897,"url":"https:\/\/www.grieta.org.mx\/index.php\/2021\/07\/30\/por-protestar-contra-mitikah-detienen-a-activista-de-xoco-ciudad-de-mexico\/","url_meta":{"origin":25537,"position":3},"title":"Por protestar contra M\u00edtikah, detienen a activista de Xoco (Ciudad de M\u00e9xico)","author":"grieta","date":"30 julio, 2021","format":false,"excerpt":"Texto: Arturo Contreras Camero Fotos : Especial Pie de P\u00e1gina \u00c1lvaro Antonio Rosales Gaddar coordinador de la Asamblea del Pueblo Originario de Xoco fue detenido despu\u00e9s de tres d\u00edas de protestas en contra de las obras que se desarrollan en esa colonia para la construcci\u00f3n del megaproyecto urbano conocido como\u2026","rel":"","context":"En &quot;Abuso policiaco y tortura en la Ciudad de M\u00e9xico&quot;","block_context":{"text":"Abuso policiaco y tortura en la Ciudad de M\u00e9xico","link":"https:\/\/www.grieta.org.mx\/index.php\/category\/noticias-nacionales\/ciudad-de-mexico\/abuso-policiaco-y-tortura-en-la-ciudad-de-mexico\/"},"img":{"alt_text":"","src":"https:\/\/i0.wp.com\/www.grieta.org.mx\/wp-content\/uploads\/2021\/08\/Por-protestar-contra-Mitikah-detienen-a-activista-de-Xoco-cdmx-ago.jpg?resize=350%2C200&ssl=1","width":350,"height":200,"srcset":"https:\/\/i0.wp.com\/www.grieta.org.mx\/wp-content\/uploads\/2021\/08\/Por-protestar-contra-Mitikah-detienen-a-activista-de-Xoco-cdmx-ago.jpg?resize=350%2C200&ssl=1 1x, https:\/\/i0.wp.com\/www.grieta.org.mx\/wp-content\/uploads\/2021\/08\/Por-protestar-contra-Mitikah-detienen-a-activista-de-Xoco-cdmx-ago.jpg?resize=525%2C300&ssl=1 1.5x, https:\/\/i0.wp.com\/www.grieta.org.mx\/wp-content\/uploads\/2021\/08\/Por-protestar-contra-Mitikah-detienen-a-activista-de-Xoco-cdmx-ago.jpg?resize=700%2C400&ssl=1 2x"},"classes":[]},{"id":25728,"url":"https:\/\/www.grieta.org.mx\/index.php\/2018\/08\/21\/lucha-del-pueblo-de-xoco-contra-la-especulacion-inmobiliaria-y-el-despojo-del-territorio-ciudad-de-mexico\/","url_meta":{"origin":25537,"position":4},"title":"Lucha del pueblo de Xoco contra la especulaci\u00f3n inmobiliaria y el despojo del territorio (Ciudad de M\u00e9xico)","author":"grieta","date":"21 agosto, 2018","format":false,"excerpt":"COLECTIVO GRIETA \/ 20 de agosto de 2018. \u201cLos nuevos c\u00e1rteles inmobiliarios favorecen la degradaci\u00f3n de nuestro patrimonio, la depredaci\u00f3n de nuestros recursos y el deterioro de nuestra calidad de vida\u201d El d\u00eda 31 de julio, vecinos del pueblo de Xoco, en la delegaci\u00f3n Benito Ju\u00e1rez de la Ciudad de\u2026","rel":"","context":"En &quot;CINTILLO&quot;","block_context":{"text":"CINTILLO","link":"https:\/\/www.grieta.org.mx\/index.php\/category\/cintillo\/"},"img":{"alt_text":"","src":"https:\/\/i0.wp.com\/www.grieta.org.mx\/wp-content\/uploads\/2018\/08\/XOCO.jpg?resize=350%2C200&ssl=1","width":350,"height":200,"srcset":"https:\/\/i0.wp.com\/www.grieta.org.mx\/wp-content\/uploads\/2018\/08\/XOCO.jpg?resize=350%2C200&ssl=1 1x, https:\/\/i0.wp.com\/www.grieta.org.mx\/wp-content\/uploads\/2018\/08\/XOCO.jpg?resize=525%2C300&ssl=1 1.5x"},"classes":[]},{"id":34498,"url":"https:\/\/www.grieta.org.mx\/index.php\/2019\/06\/05\/vecinos-de-xoco-exigen-ser-incluidos-en-dialogos-con-mitikah-y-gobierno\/","url_meta":{"origin":25537,"position":5},"title":"Vecinos de Xoco exigen ser incluidos en di\u00e1logos con M\u00edtikah y gobierno","author":"grieta","date":"5 junio, 2019","format":false,"excerpt":"Texto y fotograf\u00edas: Arturo Contreras Camero\/Pie de P\u00e1gina Por ser los m\u00e1s afectados, vecinos de la Asamblea ciudadana del pueblo de Xoco piden que se les tome en cuenta en las mesas de discusi\u00f3n entre Fibra Uno, los constructores del desarrollo Mitikah, y el gobierno capitalino Vecinos del pueblo de\u2026","rel":"","context":"En &quot;CINTILLO&quot;","block_context":{"text":"CINTILLO","link":"https:\/\/www.grieta.org.mx\/index.php\/category\/cintillo\/"},"img":{"alt_text":"","src":"https:\/\/i0.wp.com\/www.grieta.org.mx\/wp-content\/uploads\/2019\/06\/pdp_xoco_050619_ac2-1-1140x570.jpg?resize=350%2C200&ssl=1","width":350,"height":200,"srcset":"https:\/\/i0.wp.com\/www.grieta.org.mx\/wp-content\/uploads\/2019\/06\/pdp_xoco_050619_ac2-1-1140x570.jpg?resize=350%2C200&ssl=1 1x, https:\/\/i0.wp.com\/www.grieta.org.mx\/wp-content\/uploads\/2019\/06\/pdp_xoco_050619_ac2-1-1140x570.jpg?resize=525%2C300&ssl=1 1.5x, https:\/\/i0.wp.com\/www.grieta.org.mx\/wp-content\/uploads\/2019\/06\/pdp_xoco_050619_ac2-1-1140x570.jpg?resize=700%2C400&ssl=1 2x, https:\/\/i0.wp.com\/www.grieta.org.mx\/wp-content\/uploads\/2019\/06\/pdp_xoco_050619_ac2-1-1140x570.jpg?resize=1050%2C600&ssl=1 3x"},"classes":[]}],"_links":{"self":[{"href":"https:\/\/www.grieta.org.mx\/index.php\/wp-json\/wp\/v2\/posts\/25537","targetHints":{"allow":["GET"]}}],"collection":[{"href":"https:\/\/www.grieta.org.mx\/index.php\/wp-json\/wp\/v2\/posts"}],"about":[{"href":"https:\/\/www.grieta.org.mx\/index.php\/wp-json\/wp\/v2\/types\/post"}],"author":[{"embeddable":true,"href":"https:\/\/www.grieta.org.mx\/index.php\/wp-json\/wp\/v2\/users\/2"}],"replies":[{"embeddable":true,"href":"https:\/\/www.grieta.org.mx\/index.php\/wp-json\/wp\/v2\/comments?post=25537"}],"version-history":[{"count":1,"href":"https:\/\/www.grieta.org.mx\/index.php\/wp-json\/wp\/v2\/posts\/25537\/revisions"}],"predecessor-version":[{"id":25538,"href":"https:\/\/www.grieta.org.mx\/index.php\/wp-json\/wp\/v2\/posts\/25537\/revisions\/25538"}],"wp:featuredmedia":[{"embeddable":true,"href":"https:\/\/www.grieta.org.mx\/index.php\/wp-json\/wp\/v2\/media\/21928"}],"wp:attachment":[{"href":"https:\/\/www.grieta.org.mx\/index.php\/wp-json\/wp\/v2\/media?parent=25537"}],"wp:term":[{"taxonomy":"category","embeddable":true,"href":"https:\/\/www.grieta.org.mx\/index.php\/wp-json\/wp\/v2\/categories?post=25537"},{"taxonomy":"post_tag","embeddable":true,"href":"https:\/\/www.grieta.org.mx\/index.php\/wp-json\/wp\/v2\/tags?post=25537"}],"curies":[{"name":"wp","href":"https:\/\/api.w.org\/{rel}","templated":true}]}}