{"id":25527,"date":"2018-08-13T11:37:00","date_gmt":"2018-08-13T16:37:00","guid":{"rendered":"http:\/\/www.grieta.org.mx\/?p=25527"},"modified":"2018-08-14T11:55:39","modified_gmt":"2018-08-14T16:55:39","slug":"sin-control-aguas-negras-al-mar-y-desechos-al-rio-alamar-baja-california","status":"publish","type":"post","link":"https:\/\/www.grieta.org.mx\/index.php\/2018\/08\/13\/sin-control-aguas-negras-al-mar-y-desechos-al-rio-alamar-baja-california\/","title":{"rendered":"Sin control aguas negras al mar y desechos al r\u00edo Alamar (Baja California)"},"content":{"rendered":"<p><img decoding=\"async\" data-attachment-id=\"25528\" data-permalink=\"https:\/\/www.grieta.org.mx\/index.php\/2018\/08\/13\/sin-control-aguas-negras-al-mar-y-desechos-al-rio-alamar-baja-california\/derrame-aguas-negras-en-punta-bandera\/\" data-orig-file=\"https:\/\/www.grieta.org.mx\/wp-content\/uploads\/2018\/08\/aguasnegraspuntabandera1b.jpg\" data-orig-size=\"620,414\" data-comments-opened=\"0\" data-image-meta=\"{&quot;aperture&quot;:&quot;0&quot;,&quot;credit&quot;:&quot;&quot;,&quot;camera&quot;:&quot;&quot;,&quot;caption&quot;:&quot;Derrame aguas negras en punta Bandera&quot;,&quot;created_timestamp&quot;:&quot;0&quot;,&quot;copyright&quot;:&quot;&quot;,&quot;focal_length&quot;:&quot;0&quot;,&quot;iso&quot;:&quot;0&quot;,&quot;shutter_speed&quot;:&quot;0&quot;,&quot;title&quot;:&quot;Derrame aguas negras en punta Bandera&quot;,&quot;orientation&quot;:&quot;0&quot;}\" data-image-title=\"Derrame aguas negras en punta Bandera\" data-image-description=\"\" data-image-caption=\"&lt;p&gt;Derrame aguas negras en punta Bandera&lt;\/p&gt;\n\" data-medium-file=\"https:\/\/www.grieta.org.mx\/wp-content\/uploads\/2018\/08\/aguasnegraspuntabandera1b-300x200.jpg\" data-large-file=\"https:\/\/www.grieta.org.mx\/wp-content\/uploads\/2018\/08\/aguasnegraspuntabandera1b.jpg\" class=\"size-medium wp-image-25528\" src=\"http:\/\/www.grieta.org.mx\/wp-content\/uploads\/2018\/08\/aguasnegraspuntabandera1b-300x200.jpg\" alt=\"\" width=\"100%\" srcset=\"https:\/\/www.grieta.org.mx\/wp-content\/uploads\/2018\/08\/aguasnegraspuntabandera1b-300x200.jpg 300w, https:\/\/www.grieta.org.mx\/wp-content\/uploads\/2018\/08\/aguasnegraspuntabandera1b.jpg 620w\" sizes=\"(max-width: 300px) 100vw, 300px\" \/><\/p>\n<p>Isabel Mercado<\/p>\n<blockquote><p>Plantas de tratamiento de agua residual sin funcionar, l\u00edquido que se derrama tanto en las playas mexicanas como en el canal del R\u00edo Tijuana, en cuyo lecho se depositan todo tipo de desechos, son la principal causa de contaminaci\u00f3n que desemboca en costas de Estados Unidos y que la autoridad no atiende, avivando con ello un conflicto binacional<\/p><\/blockquote>\n<p>Desde hace un mes, los aireadores de varias plantas de tratamiento de aguas residuales de la Comisi\u00f3n Estatal de Servicios P\u00fablicos de Tijuana (Cespt) no funcionan, por lo que el l\u00edquido se descarga a las cuencas que desembocan al mar sin pasar por el proceso que corresponde para no contaminar; problem\u00e1tica grave que no es reconocida por la dependencia.<\/p>\n<p>Lo que s\u00ed reconocen, \u201cporque ya no es posible ocultar\u201d, exponen los ambientalistas de M\u00e9xico y Estados Unidos, es el grave problema de contaminaci\u00f3n que se genera en la planta de tratamiento de Punta Bandera.<\/p>\n<p>Punta Bandera recibe el 50% del agua residual generada en Tijuana y Playas de Rosarito, es decir, entre 750 a un mil litros por segundo; por lo obsoleto de su equipo y la saturaci\u00f3n de lodo que registra, esta planta cumple con su funci\u00f3n de tratar las aguas negras que recibe \u201centre un 40 y el 60%\u201d; registr\u00f3 Germ\u00e1n Lizola M\u00e1rquez, director de la Cespt.<\/p>\n<p>No obstante, a esta situaci\u00f3n admitida como grave, el funcionario no acept\u00f3 que Cespt sea responsable de contaminar el mar con descargas de aguas negras, como lo han documentado y se\u00f1alado vecinos, ambientalistas y autoridades de Estados Unidos, quienes han presentado denuncias en contra de la Comisi\u00f3n Internacional de L\u00edmites de Agua (CILA) de la Uni\u00f3n Americana, acciones legales que los protectores del medio ambiente advierten, buscar\u00e1n replicar en M\u00e9xico.<\/p>\n<p>Al problema ambiental generado por las descargas de aguas residuales al mar sin el tratamiento adecuado, se suma la contaminaci\u00f3n con desechos de todo tipo arrojados indiscriminadamente en el Arroyo Alamar, el cual confluye en el R\u00edo Tijuana.<\/p>\n<p>Con una longitud de 195 km, este r\u00edo binacional atraviesa la costa del Pac\u00edfico de Baja California y el sur de California. R\u00edo bajo donde el agua fluye a trav\u00e9s de Tijuana por un canal de concreto hasta la frontera internacional, continuando hacia el oeste, a trav\u00e9s del valle del R\u00edo Tijuana por una distancia de nueve kil\u00f3metros.<\/p>\n<p>Este dato proporcionado por la Comisi\u00f3n Nacional del Agua (Conagua), dimensiona el tama\u00f1o del problema de contaminaci\u00f3n que se genera en Tijuana hasta desembocar en un estuario en el extremo sur del condado de San Diego, en el l\u00edmite con Imperial Beach, ciudad cuyo alcalde, Serge Dedina, ha sido el principal promotor de las denuncias en contra de CILA y que p\u00fablicamente ha se\u00f1alado a las autoridades mexicanas de no corregir, sancionar, mucho menos que act\u00fae en el saneamiento de este sistema hidr\u00e1ulico, cada vez m\u00e1s saturado de basura.<\/p>\n<p><img decoding=\"async\" data-attachment-id=\"25529\" data-permalink=\"https:\/\/www.grieta.org.mx\/index.php\/2018\/08\/13\/sin-control-aguas-negras-al-mar-y-desechos-al-rio-alamar-baja-california\/aguasnegrascanalpasteje3b-338x600\/\" data-orig-file=\"https:\/\/www.grieta.org.mx\/wp-content\/uploads\/2018\/08\/aguasnegrascanalpasteje3b-338x600.jpg\" data-orig-size=\"338,600\" data-comments-opened=\"0\" data-image-meta=\"{&quot;aperture&quot;:&quot;0&quot;,&quot;credit&quot;:&quot;&quot;,&quot;camera&quot;:&quot;&quot;,&quot;caption&quot;:&quot;&quot;,&quot;created_timestamp&quot;:&quot;0&quot;,&quot;copyright&quot;:&quot;&quot;,&quot;focal_length&quot;:&quot;0&quot;,&quot;iso&quot;:&quot;0&quot;,&quot;shutter_speed&quot;:&quot;0&quot;,&quot;title&quot;:&quot;&quot;,&quot;orientation&quot;:&quot;0&quot;}\" data-image-title=\"aguasnegrascanalpasteje3b-338&amp;#215;600\" data-image-description=\"\" data-image-caption=\"\" data-medium-file=\"https:\/\/www.grieta.org.mx\/wp-content\/uploads\/2018\/08\/aguasnegrascanalpasteje3b-338x600-169x300.jpg\" data-large-file=\"https:\/\/www.grieta.org.mx\/wp-content\/uploads\/2018\/08\/aguasnegrascanalpasteje3b-338x600.jpg\" class=\"aligncenter size-medium wp-image-25529\" src=\"http:\/\/www.grieta.org.mx\/wp-content\/uploads\/2018\/08\/aguasnegrascanalpasteje3b-338x600-169x300.jpg\" alt=\"\" width=\"100%\" srcset=\"https:\/\/www.grieta.org.mx\/wp-content\/uploads\/2018\/08\/aguasnegrascanalpasteje3b-338x600-169x300.jpg 169w, https:\/\/www.grieta.org.mx\/wp-content\/uploads\/2018\/08\/aguasnegrascanalpasteje3b-338x600-282x500.jpg 282w, https:\/\/www.grieta.org.mx\/wp-content\/uploads\/2018\/08\/aguasnegrascanalpasteje3b-338x600.jpg 338w\" sizes=\"(max-width: 169px) 100vw, 169px\" \/><br \/>\nFotos: Cortes\u00eda.-Arroyo Pastej\u00e9<\/p>\n<p>CONTAMINACI\u00d3N INVISIBLE SOLO PARA CESPT<\/p>\n<p>La ma\u00f1ana del martes 24 de agosto, el pestilente olor del agua residual que corre por el ducto de drenaje que descarga en distintos puntos que van desde la Secci\u00f3n Costa Hermosa hasta Costa Azul, asentamientos ubicados frente a las Playas de Tijuana, despert\u00f3 a los habitantes de la zona.<\/p>\n<p>Uno de los residentes, el regidor Manuel Rodr\u00edguez Mon\u00e1rrez, tambi\u00e9n maestro en la preparatoria CETIS 156, document\u00f3 junto con sus alumnos, el hecho que hizo del conocimiento p\u00fablico.<\/p>\n<p>Pese a la evidencia, autoridades de Cespt, encabezadas por Germ\u00e1n Lizola M\u00e1rquez, negaron la problem\u00e1tica, sosteniendo que en una inspecci\u00f3n realizada ese mismo d\u00eda, se realiz\u00f3 un recorrido en toda la costa para evaluar el da\u00f1o, sin que se haya detectado \u201cning\u00fan problema en el sistema de saneamiento\u201d.<\/p>\n<p>A\u00f1adi\u00f3 que de manera peri\u00f3dica se examina el \u00e1rea de playa para detectar descargas irregulares de aguas negras, proceso que, sostuvo, se tiene controlado, a excepci\u00f3n de Punta Bandera, problema para el cual se elabora un estudio para darle soluci\u00f3n.<\/p>\n<p>SISTEMA DE TRATAMIENTO SIN FUNCIONAR<\/p>\n<p>Personal de Cespt y especialistas en la materia han documentado y reportado a ZETA, la falta de funcionamiento de al menos cinco plantas de tratamiento de agua residual, la mayor\u00eda por descompostura en los aireadores, sistema b\u00e1sico para ejecutar debidamente el proceso de limpia del l\u00edquido.<\/p>\n<p>La planta de El Rub\u00ed, Urbi Villas del Prado, Santa Fe, Los Laureles y Playas de Rosarito, fueron reportadas con operaci\u00f3n intermitente por constantes desperfectos y, en el caso de las tres primeras, fueron se\u00f1aladas sin funcionar desde hace un mes, aproximadamente.<\/p>\n<p>En un recorrido se evidenci\u00f3 el agua sin tratar en diversos puntos que terminan desembocando ya sea en la canalizaci\u00f3n del R\u00edo Tijuana, o en el mar.<\/p>\n<p><img decoding=\"async\" data-attachment-id=\"25530\" data-permalink=\"https:\/\/www.grieta.org.mx\/index.php\/2018\/08\/13\/sin-control-aguas-negras-al-mar-y-desechos-al-rio-alamar-baja-california\/contaminacionrioalamar2-600x399\/\" data-orig-file=\"https:\/\/www.grieta.org.mx\/wp-content\/uploads\/2018\/08\/contaminacionrioalamar2-600x399.jpg\" data-orig-size=\"600,399\" data-comments-opened=\"0\" data-image-meta=\"{&quot;aperture&quot;:&quot;0&quot;,&quot;credit&quot;:&quot;&quot;,&quot;camera&quot;:&quot;&quot;,&quot;caption&quot;:&quot;&quot;,&quot;created_timestamp&quot;:&quot;0&quot;,&quot;copyright&quot;:&quot;&quot;,&quot;focal_length&quot;:&quot;0&quot;,&quot;iso&quot;:&quot;0&quot;,&quot;shutter_speed&quot;:&quot;0&quot;,&quot;title&quot;:&quot;&quot;,&quot;orientation&quot;:&quot;0&quot;}\" data-image-title=\"contaminacionrioalamar2-600&amp;#215;399\" data-image-description=\"\" data-image-caption=\"\" data-medium-file=\"https:\/\/www.grieta.org.mx\/wp-content\/uploads\/2018\/08\/contaminacionrioalamar2-600x399-300x200.jpg\" data-large-file=\"https:\/\/www.grieta.org.mx\/wp-content\/uploads\/2018\/08\/contaminacionrioalamar2-600x399.jpg\" class=\"aligncenter size-medium wp-image-25530\" src=\"http:\/\/www.grieta.org.mx\/wp-content\/uploads\/2018\/08\/contaminacionrioalamar2-600x399-300x200.jpg\" alt=\"\" width=\"100%\" srcset=\"https:\/\/www.grieta.org.mx\/wp-content\/uploads\/2018\/08\/contaminacionrioalamar2-600x399-300x200.jpg 300w, https:\/\/www.grieta.org.mx\/wp-content\/uploads\/2018\/08\/contaminacionrioalamar2-600x399.jpg 600w\" sizes=\"(max-width: 300px) 100vw, 300px\" \/><br \/>\nFoto: Cortes\u00eda-Elliot Salcedo.- Camiones depositan basura sobre el lecho del R\u00edo Tijuana<\/p>\n<p>Cuestionado al respecto, el director de Cespt solo reconoci\u00f3 un evento de derrames de aguas negras, el cual registr\u00f3 en la planta ubicada en Playas de Rosarito, la cual \u201cse obstruy\u00f3 porque vecinos tiran grasas y basura, lo que provoc\u00f3 el azolve\u201d.<\/p>\n<p>Subray\u00f3 que las plantas funcionen al 100%, ya que tienen personal \u201ccuid\u00e1ndolas y limpi\u00e1ndolas\u201d.<\/p>\n<p>Manifest\u00f3: \u201candamos mal\u201d en la planta de Punta Bandera, en la cual anunci\u00f3 la inversi\u00f3n de 10 millones de pesos en un estudio integral que marque la pauta para su rehabilitaci\u00f3n. El estudio se realiza con recursos aportados por Nadbank, Banobras y Cespt, y consta de cuatro etapas: ingenier\u00eda b\u00e1sica, en la que ya se est\u00e1 trabajando para concluirla en octubre de este a\u00f1o; costo beneficio; factibilidad financiera; y asesor\u00eda estrat\u00e9gica, detall\u00f3 el funcionario.<\/p>\n<p>En forma paralela, dijo, \u201cestamos buscando 56 millones de pesos para iniciar el desazolve, ejecutar acciones de saneamiento, limpiar esas lagunas, sacar los lodos porque est\u00e1n saturadas\u201d. Estas acciones podr\u00edan iniciar este a\u00f1o con recursos del gobierno del Estado, pero no comprometi\u00f3 monto ni tiempos de ejecuci\u00f3n.<\/p>\n<p>Otro proyecto de inversi\u00f3n que anunci\u00f3, ser\u00e1 de 17.6 millones de pesos para la adquisici\u00f3n de equipo de desazolve del sistema de alojamiento de aguas residuales para atender el mantenimiento de la red de alcantarillado de tres mil 500 kil\u00f3metros del l\u00edquido que pasa por las 16 plantas tratadoras, ubicadas en Rosarito y Tijuana. Precis\u00f3 que en todas las plantas se da tratamiento a tres mil 528 litros por segundo.<\/p>\n<p>El martes 7 de agosto, el director de Cespt se reuni\u00f3 con el alcalde de Imperial Beach y Paloma Aguirre, directora de proyectos costeros de Costa Salvaje, encuentro que fue testificado por la c\u00f3nsul de M\u00e9xico en San Diego, Marcela Celorio.<\/p>\n<p>El principal tema que se trat\u00f3 fue precisamente las descargas recurrentes de aguas negras que desembocan al mar desde la costa mexicana.<\/p>\n<p>El funcionario plante\u00f3 estos proyectos de saneamiento y mejora de la infraestructura, lo cual fue cuestionado por Paloma Aguirre, quien acus\u00f3 a Cespt de solo invertir en estudios para buscar soluciones que nunca ejecuta, \u201cde ah\u00ed el severo problema de contaminaci\u00f3n\u201d, expuso.<\/p>\n<p>Se dijo decepcionada de que el director desmarque a la dependencia de las descargas de aguas negras, \u201cculpando a los desarrolladores, cuando sabemos que su infraestructura obsoleta y la falta de mantenimiento en sus sistemas son la principal causa. Falta compromiso del director de Cespt por dar soluci\u00f3n a este problema de contaminaci\u00f3n y de salud p\u00fablica\u201d, expuso.<\/p>\n<p>La activista no descart\u00f3 la posibilidad de que, en conjunto con otros organismos ambientalistas, se busque una soluci\u00f3n legal al problema, \u201ccomo ya lo hacen las autoridades de Estados Unidos\u201d.<\/p>\n<p>Indic\u00f3 que tambi\u00e9n consideran elaborar un estudio que d\u00e9 una georreferenciaci\u00f3n de cada una de las descargas que se hacen en las costas mexicana, particularmente del \u00e1rea de Playas de Tijuana, \u201cpara documentar lo que Cespt niega o no quiere reconocer\u201d.<\/p>\n<p>\u201cLa falta de presupuesto es un reto para poder hacer ese tipo de actividades, pero no quiere decir que no lo vayamos a hacer\u201d, advirti\u00f3.<\/p>\n<p>LA CRISIS DE CESPT POR MALA GESTI\u00d3N DE DIRECTORES<\/p>\n<p>La realidad es que \u201cel sistema de alcantarillado y el de saneamiento de las aguas residuales presentan un estado cr\u00edtico de deterioro, debido al descuido y mala gesti\u00f3n de la infraestructura\u201d, se\u00f1al\u00f3 el vicepresidente del Sector H\u00eddrico de la C\u00e1mara Mexicana de la Industria de la Construcci\u00f3n (CMIC), Manuel Becerra Lizardi.<\/p>\n<p>\u201cCon esto nos referimos a que no solo hacen falta inversiones para las reposiciones y rehabilitaciones, sino tambi\u00e9n de una mejora integral de la planeaci\u00f3n y de la operaci\u00f3n y mantenimiento de estos sistemas de alcantarillado y saneamiento, pero tambi\u00e9n de los de agua potable\u201d.<\/p>\n<p>En un an\u00e1lisis entregado por CMIC a la Cespt, el especialista concluy\u00f3 que la crisis de la dependencia deriva de una mala gesti\u00f3n que desde hace tiempo se desarrolla en lo general.<\/p>\n<p>\u201cLos servicios de agua deben ser profesionalizados. No se puede seguir improvisando con gente que no sabe del tema. Solo de esta forma, las inversiones que se vayan ejerciendo podr\u00e1n tener los resultados esperados\u201d, acot\u00f3.<\/p>\n<p><img decoding=\"async\" data-attachment-id=\"25532\" data-permalink=\"https:\/\/www.grieta.org.mx\/index.php\/2018\/08\/13\/sin-control-aguas-negras-al-mar-y-desechos-al-rio-alamar-baja-california\/aguasnegrasplayasdetj1b-338x600\/\" data-orig-file=\"https:\/\/www.grieta.org.mx\/wp-content\/uploads\/2018\/08\/aguasnegrasplayasdetj1b-338x600.jpg\" data-orig-size=\"338,600\" data-comments-opened=\"0\" data-image-meta=\"{&quot;aperture&quot;:&quot;0&quot;,&quot;credit&quot;:&quot;&quot;,&quot;camera&quot;:&quot;&quot;,&quot;caption&quot;:&quot;&quot;,&quot;created_timestamp&quot;:&quot;0&quot;,&quot;copyright&quot;:&quot;&quot;,&quot;focal_length&quot;:&quot;0&quot;,&quot;iso&quot;:&quot;0&quot;,&quot;shutter_speed&quot;:&quot;0&quot;,&quot;title&quot;:&quot;&quot;,&quot;orientation&quot;:&quot;0&quot;}\" data-image-title=\"aguasnegrasplayasdetj1b-338&amp;#215;600\" data-image-description=\"\" data-image-caption=\"\" data-medium-file=\"https:\/\/www.grieta.org.mx\/wp-content\/uploads\/2018\/08\/aguasnegrasplayasdetj1b-338x600-169x300.jpg\" data-large-file=\"https:\/\/www.grieta.org.mx\/wp-content\/uploads\/2018\/08\/aguasnegrasplayasdetj1b-338x600.jpg\" class=\"aligncenter size-medium wp-image-25532\" src=\"http:\/\/www.grieta.org.mx\/wp-content\/uploads\/2018\/08\/aguasnegrasplayasdetj1b-338x600-169x300.jpg\" alt=\"\" width=\"100%\" srcset=\"https:\/\/www.grieta.org.mx\/wp-content\/uploads\/2018\/08\/aguasnegrasplayasdetj1b-338x600-169x300.jpg 169w, https:\/\/www.grieta.org.mx\/wp-content\/uploads\/2018\/08\/aguasnegrasplayasdetj1b-338x600-282x500.jpg 282w, https:\/\/www.grieta.org.mx\/wp-content\/uploads\/2018\/08\/aguasnegrasplayasdetj1b-338x600.jpg 338w\" sizes=\"(max-width: 169px) 100vw, 169px\" \/><br \/>\nFoto: Cortes\u00eda.- Agua sin tratar es derramada directamente a la playa<\/p>\n<p>LLANTAS Y ESCOMBROS SON ARROJADOS AL R\u00cdO ALAMAR<\/p>\n<p>En menos de 15 minutos, al menos una decena de camiones de carga, tipo d\u00famper, arrojaron desechos al lecho del R\u00edo Alamar y a un costado del canal por donde corre el afluente, esto mientras el regidor Manuel Rodr\u00edguez Mon\u00e1rrez videogrababa la escena, el mi\u00e9rcoles 8 de agosto. Pipas descargando l\u00edquido, al parecer aguas residuales, tambi\u00e9n se observaron en la escena.<\/p>\n<p>\u201c\u00c9sta es una de las partes m\u00e1s contaminadas de Tijuana y foco de infecci\u00f3n, de un punto que va a desembocar al R\u00edo Tijuana y luego al Oc\u00e9ano Pac\u00edfico, en una cuenca compartida con los Estados Unidos\u201d, asent\u00f3, al tiempo que ret\u00f3 a las autoridades de la Cespt a explicar con qu\u00e9 elementos qu\u00edmicos procesan lo que es arrojado al R\u00edo Alamar.<\/p>\n<p>El edil hizo un llamado a las autoridades de los tres niveles de gobierno, particularmente a las ambientales: Secretar\u00eda del Medio Ambiente y Recursos Naturales (Semarnat), Comisi\u00f3n Nacional del Agua (Conagua), Procuradur\u00eda Federal de Protecci\u00f3n al Ambiente (Profepa) y Secretar\u00eda de Protecci\u00f3n al Ambiente de Baja California (SPA).<\/p>\n<p>CONAGUA RECONOCE CONTAMINACI\u00d3N Y TAMPOCO ACT\u00daA<\/p>\n<p>El director general de la Comisi\u00f3n Nacional del Agua (Conagua), Roberto Ram\u00edrez de la Parra, reconoci\u00f3 la necesidad de desazolvar el R\u00edo Tijuana como una forma \u201cde poner soluci\u00f3n a una problem\u00e1tica de salud que se vive en este municipio\u201d.<\/p>\n<p>Para ello, en mayo de este a\u00f1o anunci\u00f3 la aplicaci\u00f3n de una inversi\u00f3n de 80 millones de pesos para atender el saneamiento de esta infraestructura hidr\u00e1ulica, as\u00ed como para mejorar la infraestructura de bombeo en aras de una adecuada conducci\u00f3n hacia las plantas de tratamiento.<\/p>\n<p>A la fecha, la dependencia inform\u00f3 que se invierte en infraestructura de Cespt para mejorar la conducci\u00f3n de aguas negras, pero no dio cuenta de sanciones aplicadas por la contaminaci\u00f3n generada en cuencas y en la canalizaci\u00f3n del R\u00edo Tijuana.<\/p>\n<p><a href=\"http:\/\/zetatijuana.com\/2018\/08\/sin-control-aguas-negras-al-mar-y-desechos-al-rio-alamar\/\" rel=\"noopener\" target=\"_blank\">http:\/\/zetatijuana.com\/2018\/08\/sin-control-aguas-negras-al-mar-y-desechos-al-rio-alamar\/<\/a><\/p>\n","protected":false},"excerpt":{"rendered":"<p>Isabel Mercado Plantas de tratamiento de agua residual sin funcionar, l\u00edquido que se derrama tanto en las playas mexicanas como en el canal del R\u00edo Tijuana, en cuyo lecho se &hellip; <a href=\"https:\/\/www.grieta.org.mx\/index.php\/2018\/08\/13\/sin-control-aguas-negras-al-mar-y-desechos-al-rio-alamar-baja-california\/\" class=\"more-link\">Leer m\u00e1s<\/a><\/p>\n","protected":false},"author":2,"featured_media":25528,"comment_status":"closed","ping_status":"closed","sticky":false,"template":"","format":"standard","meta":{"ngg_post_thumbnail":0,"_jetpack_newsletter_access":"","_jetpack_dont_email_post_to_subs":false,"_jetpack_newsletter_tier_id":0,"_jetpack_memberships_contains_paywalled_content":false,"_jetpack_memberships_contains_paid_content":false,"footnotes":""},"categories":[5,80,1581,2],"tags":[1583,1582],"class_list":["post-25527","post","type-post","status-publish","format-standard","has-post-thumbnail","hentry","category-baja-california","category-cintillo","category-conflictos-por-contaminacion-en-baja-california","category-noticias-nacionales","tag-aguas-negras-sin-tratar","tag-problemas-socioambientales","entry"],"jetpack_featured_media_url":"https:\/\/www.grieta.org.mx\/wp-content\/uploads\/2018\/08\/aguasnegraspuntabandera1b.jpg","jetpack_sharing_enabled":true,"jetpack_shortlink":"https:\/\/wp.me\/p7ZJR4-6DJ","jetpack_likes_enabled":false,"jetpack-related-posts":[{"id":25193,"url":"https:\/\/www.grieta.org.mx\/index.php\/2018\/07\/28\/negligencia-de-gobiernos-de-bc-genera-demanda-internacional-por-contaminacion\/","url_meta":{"origin":25527,"position":0},"title":"Negligencia de gobiernos de BC genera demanda internacional por contaminaci\u00f3n","author":"grieta","date":"28 julio, 2018","format":false,"excerpt":"La organizaci\u00f3n ambientalista Costa Salvaje inici\u00f3 un proceso jur\u00eddico internacional en contra del gobierno de Baja California, a quien acusa de solapar la contaminaci\u00f3n de 25 kil\u00f3metros de costa binacional que provoca la planta de tratamiento que opera en San Antonio de los Buenos, Tijuana. Al respecto, Francisco Vega de\u2026","rel":"","context":"En &quot;Baja California&quot;","block_context":{"text":"Baja California","link":"https:\/\/www.grieta.org.mx\/index.php\/category\/noticias-nacionales\/baja-california\/"},"img":{"alt_text":"","src":"https:\/\/i0.wp.com\/www.grieta.org.mx\/wp-content\/uploads\/2018\/07\/PROTESTA-SAN-DIEGO-CONTAMINACION-MARINA.png?resize=350%2C200&ssl=1","width":350,"height":200,"srcset":"https:\/\/i0.wp.com\/www.grieta.org.mx\/wp-content\/uploads\/2018\/07\/PROTESTA-SAN-DIEGO-CONTAMINACION-MARINA.png?resize=350%2C200&ssl=1 1x, https:\/\/i0.wp.com\/www.grieta.org.mx\/wp-content\/uploads\/2018\/07\/PROTESTA-SAN-DIEGO-CONTAMINACION-MARINA.png?resize=525%2C300&ssl=1 1.5x, https:\/\/i0.wp.com\/www.grieta.org.mx\/wp-content\/uploads\/2018\/07\/PROTESTA-SAN-DIEGO-CONTAMINACION-MARINA.png?resize=700%2C400&ssl=1 2x"},"classes":[]},{"id":29506,"url":"https:\/\/www.grieta.org.mx\/index.php\/2019\/02\/21\/industrias-pesqueras-descargan-aguas-de-proceso-en-alcantarillado-de-cespe-baja-california\/","url_meta":{"origin":25527,"position":1},"title":"Industrias pesqueras descargan aguas de proceso en alcantarillado de CESPE (Baja California)","author":"grieta","date":"21 febrero, 2019","format":false,"excerpt":"Zeta Tijuana. Marco A. Flores, Se han detectado descargas de aguas industriales al alcantarillado dom\u00e9stico; desechos de pescado, grasas y aceites que deber\u00edan ser depositados al colector industrial, desembocan en el alcantarillado de CESPE, lo que ocasiona que el drenaje est\u00e9 saturado y, por ende, provoca escurrimientos que van a\u2026","rel":"","context":"En &quot;Baja California&quot;","block_context":{"text":"Baja California","link":"https:\/\/www.grieta.org.mx\/index.php\/category\/noticias-nacionales\/baja-california\/"},"img":{"alt_text":"","src":"https:\/\/i0.wp.com\/www.grieta.org.mx\/wp-content\/uploads\/2019\/02\/Pesqueras.jpeg?resize=350%2C200&ssl=1","width":350,"height":200,"srcset":"https:\/\/i0.wp.com\/www.grieta.org.mx\/wp-content\/uploads\/2019\/02\/Pesqueras.jpeg?resize=350%2C200&ssl=1 1x, https:\/\/i0.wp.com\/www.grieta.org.mx\/wp-content\/uploads\/2019\/02\/Pesqueras.jpeg?resize=525%2C300&ssl=1 1.5x, https:\/\/i0.wp.com\/www.grieta.org.mx\/wp-content\/uploads\/2019\/02\/Pesqueras.jpeg?resize=700%2C400&ssl=1 2x"},"classes":[]},{"id":43713,"url":"https:\/\/www.grieta.org.mx\/index.php\/2020\/01\/09\/grave-contaminacion-por-el-abandono-de-plantas-tratadoras-veracruz\/","url_meta":{"origin":25527,"position":2},"title":"Grave contaminaci\u00f3n por el abandono de plantas tratadoras (Veracruz)","author":"grieta","date":"9 enero, 2020","format":false,"excerpt":"Isa\u00edas Garc\u00eda Perez \/ Vanguardia Coatzintla, Ver.- Compa\u00f1\u00edas desarrolladoras de vivienda son solapadas por autoridades, pues no se les exige la edificaci\u00f3n de plantas de tratamiento de aguas residuales, mismas que van a parar directamente al r\u00edo y sus afluentes. Vecinos de las colonias Ruiz Cortines, Sector Coatzintla y Barrio\u2026","rel":"","context":"En &quot;CINTILLO&quot;","block_context":{"text":"CINTILLO","link":"https:\/\/www.grieta.org.mx\/index.php\/category\/cintillo\/"},"img":{"alt_text":"","src":"https:\/\/i0.wp.com\/www.grieta.org.mx\/wp-content\/uploads\/2020\/01\/https-_www.vanguardiaveracruz.mx_wp-content_uploads_2020_01_1.-.-plantas.jpg?resize=350%2C200&ssl=1","width":350,"height":200,"srcset":"https:\/\/i0.wp.com\/www.grieta.org.mx\/wp-content\/uploads\/2020\/01\/https-_www.vanguardiaveracruz.mx_wp-content_uploads_2020_01_1.-.-plantas.jpg?resize=350%2C200&ssl=1 1x, https:\/\/i0.wp.com\/www.grieta.org.mx\/wp-content\/uploads\/2020\/01\/https-_www.vanguardiaveracruz.mx_wp-content_uploads_2020_01_1.-.-plantas.jpg?resize=525%2C300&ssl=1 1.5x, https:\/\/i0.wp.com\/www.grieta.org.mx\/wp-content\/uploads\/2020\/01\/https-_www.vanguardiaveracruz.mx_wp-content_uploads_2020_01_1.-.-plantas.jpg?resize=700%2C400&ssl=1 2x, https:\/\/i0.wp.com\/www.grieta.org.mx\/wp-content\/uploads\/2020\/01\/https-_www.vanguardiaveracruz.mx_wp-content_uploads_2020_01_1.-.-plantas.jpg?resize=1050%2C600&ssl=1 3x"},"classes":[]},{"id":66683,"url":"https:\/\/www.grieta.org.mx\/index.php\/2023\/01\/28\/investigan-calidad-del-agua-en-rio-suchil-por-probable-contaminacion-por-pesticidas-y-aguas-negras-zacatecas\/","url_meta":{"origin":25527,"position":3},"title":"Investigan calidad del agua en r\u00edo S\u00fachil por probable contaminaci\u00f3n por pesticidas y aguas negras (Zacatecas)","author":"grieta","date":"28 enero, 2023","format":false,"excerpt":"Por: Antonio Gayt\u00e1n 28 de enero de 2023, notigram Investigan calidad del agua en r\u00edo S\u00fachil por probable contaminaci\u00f3n por pesticidas y aguas negras, an\u00e1lisis en proceso que se realiza en la Universidad Tecnol\u00f3gica de Poanas (UTP). Jorge Adri\u00e1n Puentes Gonz\u00e1lez, estudiante de la carretera Agricultura Sustentable y Protegida, ante\u2026","rel":"","context":"En &quot;CINTILLO&quot;","block_context":{"text":"CINTILLO","link":"https:\/\/www.grieta.org.mx\/index.php\/category\/cintillo\/"},"img":{"alt_text":"","src":"https:\/\/i0.wp.com\/www.grieta.org.mx\/wp-content\/uploads\/2018\/03\/14524434_1106112876131411_958039263622046936_o.jpg?resize=350%2C200&ssl=1","width":350,"height":200,"srcset":"https:\/\/i0.wp.com\/www.grieta.org.mx\/wp-content\/uploads\/2018\/03\/14524434_1106112876131411_958039263622046936_o.jpg?resize=350%2C200&ssl=1 1x, https:\/\/i0.wp.com\/www.grieta.org.mx\/wp-content\/uploads\/2018\/03\/14524434_1106112876131411_958039263622046936_o.jpg?resize=525%2C300&ssl=1 1.5x, https:\/\/i0.wp.com\/www.grieta.org.mx\/wp-content\/uploads\/2018\/03\/14524434_1106112876131411_958039263622046936_o.jpg?resize=700%2C400&ssl=1 2x"},"classes":[]},{"id":25834,"url":"https:\/\/www.grieta.org.mx\/index.php\/2018\/08\/24\/por-falta-de-presupuesto-pospondran-limpia-del-canal-rio-tijuana-conagua-baja-california\/","url_meta":{"origin":25527,"position":4},"title":"Por falta de presupuesto, pospondr\u00e1n limpia del canal R\u00edo Tijuana: Conagua (Baja California)","author":"grieta","date":"24 agosto, 2018","format":false,"excerpt":"La pr\u00f3xima Legislatura federal tendr\u00e1 la responsabilidad de designar los recursos para limpiar la canalizaci\u00f3n, antes de que llegue la temporada de lluvias. Foto Antonio Maya Antonio Maya Tijuana, 24 de agosto.- La flora que ha crecido en la canalizaci\u00f3n del r\u00edo Tijuana no ser\u00e1 retirada este a\u00f1o ya que\u2026","rel":"","context":"En &quot;Baja California&quot;","block_context":{"text":"Baja California","link":"https:\/\/www.grieta.org.mx\/index.php\/category\/noticias-nacionales\/baja-california\/"},"img":{"alt_text":"","src":"https:\/\/i0.wp.com\/www.grieta.org.mx\/wp-content\/uploads\/2018\/08\/canalizacion_rio_tijuana_antonio_maya.jpeg?resize=350%2C200&ssl=1","width":350,"height":200,"srcset":"https:\/\/i0.wp.com\/www.grieta.org.mx\/wp-content\/uploads\/2018\/08\/canalizacion_rio_tijuana_antonio_maya.jpeg?resize=350%2C200&ssl=1 1x, https:\/\/i0.wp.com\/www.grieta.org.mx\/wp-content\/uploads\/2018\/08\/canalizacion_rio_tijuana_antonio_maya.jpeg?resize=525%2C300&ssl=1 1.5x"},"classes":[]},{"id":44036,"url":"https:\/\/www.grieta.org.mx\/index.php\/2020\/01\/31\/panuco-vive-entre-aguas-negras-y-heces-fecales-acusa-activista-veracruz\/","url_meta":{"origin":25527,"position":5},"title":"P\u00e1nuco vive entre aguas negras y heces fecales, acusa activista (Veracruz)","author":"grieta","date":"31 enero, 2020","format":false,"excerpt":"Alejandro Morteo \/ El Dictamen El activista acusa que el problema ha sido desatendido por las autoridades de las \u00faltimas administraciones locales o estatales. P\u00e1nuco vive entre aguas negras Jorge Torroella, quien fue entrevistado por Imagen Radio, asegur\u00f3 que el alcantarillado y el tratamiento de residuos en aqu\u00e9l municipio de\u2026","rel":"","context":"En &quot;CINTILLO&quot;","block_context":{"text":"CINTILLO","link":"https:\/\/www.grieta.org.mx\/index.php\/category\/cintillo\/"},"img":{"alt_text":"","src":"https:\/\/i0.wp.com\/www.grieta.org.mx\/wp-content\/uploads\/2020\/02\/Screenshot_2020-02-07-P%C3%A1nuco-vive-entre-aguas-negras-y-heces-fecales-acusa-activista.png?resize=350%2C200&ssl=1","width":350,"height":200,"srcset":"https:\/\/i0.wp.com\/www.grieta.org.mx\/wp-content\/uploads\/2020\/02\/Screenshot_2020-02-07-P%C3%A1nuco-vive-entre-aguas-negras-y-heces-fecales-acusa-activista.png?resize=350%2C200&ssl=1 1x, https:\/\/i0.wp.com\/www.grieta.org.mx\/wp-content\/uploads\/2020\/02\/Screenshot_2020-02-07-P%C3%A1nuco-vive-entre-aguas-negras-y-heces-fecales-acusa-activista.png?resize=525%2C300&ssl=1 1.5x, https:\/\/i0.wp.com\/www.grieta.org.mx\/wp-content\/uploads\/2020\/02\/Screenshot_2020-02-07-P%C3%A1nuco-vive-entre-aguas-negras-y-heces-fecales-acusa-activista.png?resize=700%2C400&ssl=1 2x"},"classes":[]}],"_links":{"self":[{"href":"https:\/\/www.grieta.org.mx\/index.php\/wp-json\/wp\/v2\/posts\/25527","targetHints":{"allow":["GET"]}}],"collection":[{"href":"https:\/\/www.grieta.org.mx\/index.php\/wp-json\/wp\/v2\/posts"}],"about":[{"href":"https:\/\/www.grieta.org.mx\/index.php\/wp-json\/wp\/v2\/types\/post"}],"author":[{"embeddable":true,"href":"https:\/\/www.grieta.org.mx\/index.php\/wp-json\/wp\/v2\/users\/2"}],"replies":[{"embeddable":true,"href":"https:\/\/www.grieta.org.mx\/index.php\/wp-json\/wp\/v2\/comments?post=25527"}],"version-history":[{"count":1,"href":"https:\/\/www.grieta.org.mx\/index.php\/wp-json\/wp\/v2\/posts\/25527\/revisions"}],"predecessor-version":[{"id":25533,"href":"https:\/\/www.grieta.org.mx\/index.php\/wp-json\/wp\/v2\/posts\/25527\/revisions\/25533"}],"wp:featuredmedia":[{"embeddable":true,"href":"https:\/\/www.grieta.org.mx\/index.php\/wp-json\/wp\/v2\/media\/25528"}],"wp:attachment":[{"href":"https:\/\/www.grieta.org.mx\/index.php\/wp-json\/wp\/v2\/media?parent=25527"}],"wp:term":[{"taxonomy":"category","embeddable":true,"href":"https:\/\/www.grieta.org.mx\/index.php\/wp-json\/wp\/v2\/categories?post=25527"},{"taxonomy":"post_tag","embeddable":true,"href":"https:\/\/www.grieta.org.mx\/index.php\/wp-json\/wp\/v2\/tags?post=25527"}],"curies":[{"name":"wp","href":"https:\/\/api.w.org\/{rel}","templated":true}]}}