{"id":25482,"date":"2018-05-18T13:51:39","date_gmt":"2018-05-18T18:51:39","guid":{"rendered":"http:\/\/www.grieta.org.mx\/?p=25482"},"modified":"2019-11-20T12:24:14","modified_gmt":"2019-11-20T18:24:14","slug":"mexico-continua-busqueda-del-hermano-desaparecido-del-artista-oaxaqueno-lukas-avendano","status":"publish","type":"post","link":"https:\/\/www.grieta.org.mx\/index.php\/2018\/05\/18\/mexico-continua-busqueda-del-hermano-desaparecido-del-artista-oaxaqueno-lukas-avendano\/","title":{"rendered":"M\u00e9xico: Contin\u00faa b\u00fasqueda del hermano desaparecido del artista oaxaque\u00f1o Lukas Avenda\u00f1o"},"content":{"rendered":"<p>Avispa Midia.<\/p>\n<p>Lukas Avenda\u00f1o (1977) es del sur de Oaxaca, es perfomancero y antrop\u00f3logo. Quiz\u00e1 el m\u00e1s importante de la comunidad muxe oaxaque\u00f1a. Ha llevado su performance por M\u00e9xico, Canad\u00e1, Dinamarca, Estados Unidos, Polonia, Rep\u00fablica Checa, Colombia, Per\u00fa y Argentina. El 10 de mayo fue desaparecido su hermano Bruno Avenda\u00f1o cuando se dirig\u00eda a visitar a su madre. Tras ineficiencia de las autoridades, ha decidido emprender su b\u00fasqueda con amigos y familiares.<\/p>\n<p>Por Jorge Gonz\u00e1lez\/ Roc\u00edo Flores<\/p>\n<p>OAXACA, Oax. El tiempo transcurre, pero los familiares de Bruno Avenda\u00f1o no pierden aliento. Con 35 a\u00f1os, Bruno Alonso Avenda\u00f1o Mart\u00ednez, el joven istme\u00f1o desaparecido el 10 de mayo pasado,  se suma a la lista de 191 personas reportadas como desaparecidas en Oaxaca, en M\u00e9xico son casi 35 mil el n\u00famero de desaparecidos, seg\u00fan reportes oficiales.<\/p>\n<p>El Registro Nacional de Datos de Personas Extraviadas o Desaparecidas en el pa\u00eds reporta 34 mil 268 entre  2014 y marzo de 2018, aunque seg\u00fan el informe de Amnist\u00eda Internacional de 2017\/2018, \u201cla cifra es m\u00e1s alta debido a que los datos oficiales excluyen los casos federales anteriores a 2014.<\/p>\n<p><img loading=\"lazy\" decoding=\"async\" data-attachment-id=\"25483\" data-permalink=\"https:\/\/www.grieta.org.mx\/index.php\/2018\/05\/18\/mexico-continua-busqueda-del-hermano-desaparecido-del-artista-oaxaqueno-lukas-avendano\/b\/\" data-orig-file=\"https:\/\/www.grieta.org.mx\/wp-content\/uploads\/2018\/08\/b.jpg\" data-orig-size=\"768,510\" data-comments-opened=\"0\" data-image-meta=\"{&quot;aperture&quot;:&quot;0&quot;,&quot;credit&quot;:&quot;&quot;,&quot;camera&quot;:&quot;&quot;,&quot;caption&quot;:&quot;&quot;,&quot;created_timestamp&quot;:&quot;0&quot;,&quot;copyright&quot;:&quot;&quot;,&quot;focal_length&quot;:&quot;0&quot;,&quot;iso&quot;:&quot;0&quot;,&quot;shutter_speed&quot;:&quot;0&quot;,&quot;title&quot;:&quot;&quot;,&quot;orientation&quot;:&quot;0&quot;}\" data-image-title=\"b\" data-image-description=\"\" data-image-caption=\"\" data-medium-file=\"https:\/\/www.grieta.org.mx\/wp-content\/uploads\/2018\/08\/b-300x199.jpg\" data-large-file=\"https:\/\/www.grieta.org.mx\/wp-content\/uploads\/2018\/08\/b.jpg\" src=\"http:\/\/www.grieta.org.mx\/wp-content\/uploads\/2018\/08\/b-300x199.jpg\" alt=\"\" width=\"300\" height=\"199\" class=\"aligncenter size-medium wp-image-25483\" srcset=\"https:\/\/www.grieta.org.mx\/wp-content\/uploads\/2018\/08\/b-300x199.jpg 300w, https:\/\/www.grieta.org.mx\/wp-content\/uploads\/2018\/08\/b.jpg 768w, https:\/\/www.grieta.org.mx\/wp-content\/uploads\/2018\/08\/b-753x500.jpg 753w\" sizes=\"auto, (max-width: 300px) 100vw, 300px\" \/><\/p>\n<p>La b\u00fasqueda de Bruno inici\u00f3 el mismo d\u00eda por parte de sus familiares, luego intervino personal de la Marina coordinado con autoridades municipales de Tehuantepec. Un d\u00eda despu\u00e9s la familia hizo su denuncia por desaparici\u00f3n en el Ministerio P\u00fablico. Los familiares de Bruno se\u00f1alan que hay ineficacia de la Fiscal\u00eda Regional del Istmo.<\/p>\n<p>El artista Lukas Avenda\u00f1o, hermano de Bruno, dijo que no est\u00e1n investigando de acuerdo al protocolo, \u201ceso ha alentado el proceso de b\u00fasqueda. A\u00fan no se revisan c\u00e1maras ni la posible ubicaci\u00f3n de mi hermano por medio de su celular, nada\u201d, asegur\u00f3 v\u00eda telef\u00f3nica el performacista de talla internacional.<\/p>\n<p>La actuaci\u00f3n de la Fiscal\u00eda orill\u00f3 a familiares y amistades de Bruno y Lukas Avenda\u00f1o a iniciar acciones de b\u00fasqueda y, a la par, de protesta. Colectivos y amigos hicieron un llamado a trav\u00e9s de las redes sociales para manifestarse el d\u00eda de hoy en las oficinas de la Casa de Representaci\u00f3n del Estado de Oaxaca, en la Ciudad de M\u00e9xico.<\/p>\n<p>El d\u00eda 15 de mayo, familiares, amigos y distintos colectivos, se manifestaron fuera de las instalaciones de la Procuradur\u00eda General de la Rep\u00fablica (PGR) pidiendo una audiencia con el procurador general Alberto El\u00edas Beltr\u00e1n: El funcionario no atendi\u00f3 la demanda.<\/p>\n<p>Ante la negativa, el contingente se dirigi\u00f3 a las oficinas temporales de la PGR, sin embargo la respuesta fue similar, \u201caqu\u00ed no est\u00e1 el subprocurador, ni el procurador, aqu\u00ed est\u00e1n sus oficinas de forma temporal por los terremotos, pero ellos no est\u00e1n aqu\u00ed\u201d, dijo un agente que resguardaba el sitio.<\/p>\n<p>Han pasado siete d\u00edas desde la \u00faltima vez que vieron con vida a Bruno. Eran aproximadamente las 3 de la tarde del pasado 10 de mayo,  cuando, seg\u00fan testigos, fue visto en el paraje Los Manguitos, en la carretera Transistmica. Eso fue lo \u00faltimo que supieron sus familiares sobre su paradero.<\/p>\n<p><img loading=\"lazy\" decoding=\"async\" data-attachment-id=\"25484\" data-permalink=\"https:\/\/www.grieta.org.mx\/index.php\/2018\/05\/18\/mexico-continua-busqueda-del-hermano-desaparecido-del-artista-oaxaqueno-lukas-avendano\/c-2\/\" data-orig-file=\"https:\/\/www.grieta.org.mx\/wp-content\/uploads\/2018\/08\/c.jpg\" data-orig-size=\"500,332\" data-comments-opened=\"0\" data-image-meta=\"{&quot;aperture&quot;:&quot;0&quot;,&quot;credit&quot;:&quot;&quot;,&quot;camera&quot;:&quot;&quot;,&quot;caption&quot;:&quot;&quot;,&quot;created_timestamp&quot;:&quot;0&quot;,&quot;copyright&quot;:&quot;&quot;,&quot;focal_length&quot;:&quot;0&quot;,&quot;iso&quot;:&quot;0&quot;,&quot;shutter_speed&quot;:&quot;0&quot;,&quot;title&quot;:&quot;&quot;,&quot;orientation&quot;:&quot;0&quot;}\" data-image-title=\"c\" data-image-description=\"\" data-image-caption=\"\" data-medium-file=\"https:\/\/www.grieta.org.mx\/wp-content\/uploads\/2018\/08\/c-300x199.jpg\" data-large-file=\"https:\/\/www.grieta.org.mx\/wp-content\/uploads\/2018\/08\/c.jpg\" src=\"http:\/\/www.grieta.org.mx\/wp-content\/uploads\/2018\/08\/c-300x199.jpg\" alt=\"\" width=\"300\" height=\"199\" class=\"aligncenter size-medium wp-image-25484\" srcset=\"https:\/\/www.grieta.org.mx\/wp-content\/uploads\/2018\/08\/c-300x199.jpg 300w, https:\/\/www.grieta.org.mx\/wp-content\/uploads\/2018\/08\/c.jpg 500w\" sizes=\"auto, (max-width: 300px) 100vw, 300px\" \/><\/p>\n<p>Lo que probablemente pudo haber sido un d\u00eda de celebraci\u00f3n para la familia Avenda\u00f1o, se convirti\u00f3 en una jornada de b\u00fasqueda e incertidumbre que se ha prolongado hasta el d\u00eda de hoy.<\/p>\n<p>Mientras contin\u00faan las acciones, el artista oaxaque\u00f1o  no cesa en llamarlo, apenas ayer escribi\u00f3 un mensaje dedicado a Bruno, su nene grande, su nene xhunco (en zapoteco quiere decir el m\u00e1s peque\u00f1o), como le llama en su texto titulado: Seguimos buscando a Bruno.<\/p>\n<p>\u201cNunca nos cansaremos. Te buscaremos Bruno. Y yo s\u00e9 que cada hoja guardar\u00e1 la forma de tus ojos. Y las piedras la tibieza de tu coraz\u00f3n. Te seguimos buscando. Y nunca perderemos la esperanza de abrazarte\u2026\u201d<\/p>\n<p>\u201cLos desesperados ser\u00e1n esperados y los perdidos ser\u00e1n encontrados porque ellos se desesperaron de tanto esperar y ellos se perdieron por tanto buscar\u201d, cita al final el artista oaxaque\u00f1o.<\/p>\n<p><a href=\"https:\/\/avispa.org\/23023-2\/\" rel=\"noopener noreferrer\" target=\"_blank\">https:\/\/avispa.org\/23023-2\/<\/a><\/p>\n","protected":false},"excerpt":{"rendered":"<p>Avispa Midia. Lukas Avenda\u00f1o (1977) es del sur de Oaxaca, es perfomancero y antrop\u00f3logo. Quiz\u00e1 el m\u00e1s importante de la comunidad muxe oaxaque\u00f1a. Ha llevado su performance por M\u00e9xico, Canad\u00e1, &hellip; <a href=\"https:\/\/www.grieta.org.mx\/index.php\/2018\/05\/18\/mexico-continua-busqueda-del-hermano-desaparecido-del-artista-oaxaqueno-lukas-avendano\/\" class=\"more-link\">Leer m\u00e1s<\/a><\/p>\n","protected":false},"author":2,"featured_media":25484,"comment_status":"closed","ping_status":"closed","sticky":false,"template":"","format":"standard","meta":{"ngg_post_thumbnail":0,"_jetpack_newsletter_access":"","_jetpack_dont_email_post_to_subs":false,"_jetpack_newsletter_tier_id":0,"_jetpack_memberships_contains_paywalled_content":false,"_jetpack_memberships_contains_paid_content":false,"footnotes":""},"categories":[80,2832,2,25,1496],"tags":[],"class_list":["post-25482","post","type-post","status-publish","format-standard","has-post-thumbnail","hentry","category-cintillo","category-desaparecidos-en-oaxaca","category-noticias-nacionales","category-oaxaca","category-represion-en-oaxaca","entry"],"jetpack_featured_media_url":"https:\/\/www.grieta.org.mx\/wp-content\/uploads\/2018\/08\/c.jpg","jetpack_sharing_enabled":true,"jetpack_shortlink":"https:\/\/wp.me\/p7ZJR4-6D0","jetpack_likes_enabled":false,"jetpack-related-posts":[{"id":55668,"url":"https:\/\/www.grieta.org.mx\/index.php\/2020\/12\/04\/despues-de-30-meses-encuentran-sin-vida-al-hermano-del-artista-oaxaqueno-lukas-avendano\/","url_meta":{"origin":25482,"position":0},"title":"Despu\u00e9s de 30 meses encuentran sin vida al hermano del artista oaxaque\u00f1o Lukas Avenda\u00f1o","author":"grieta","date":"4 diciembre, 2020","format":false,"excerpt":"Avispa Midia \/ Sare Frabes. Este jueves 3 de diciembre el artista oaxaque\u00f1o Lukas Avenda\u00f1o inform\u00f3 en sus redes sociales que su hermano Bruno Avenda\u00f1o, miembro activo de la marina de M\u00e9xico, desaparecido en el Istmo de Tehuantepec, Oaxaca, hab\u00eda sido localizado en una fosa clandestina desde el pasado 12\u2026","rel":"","context":"En &quot;CINTILLO&quot;","block_context":{"text":"CINTILLO","link":"https:\/\/www.grieta.org.mx\/index.php\/category\/cintillo\/"},"img":{"alt_text":"","src":"https:\/\/i0.wp.com\/www.grieta.org.mx\/wp-content\/uploads\/2020\/12\/Bruno-Avendano.jpg?resize=350%2C200&ssl=1","width":350,"height":200,"srcset":"https:\/\/i0.wp.com\/www.grieta.org.mx\/wp-content\/uploads\/2020\/12\/Bruno-Avendano.jpg?resize=350%2C200&ssl=1 1x, https:\/\/i0.wp.com\/www.grieta.org.mx\/wp-content\/uploads\/2020\/12\/Bruno-Avendano.jpg?resize=525%2C300&ssl=1 1.5x, https:\/\/i0.wp.com\/www.grieta.org.mx\/wp-content\/uploads\/2020\/12\/Bruno-Avendano.jpg?resize=700%2C400&ssl=1 2x"},"classes":[]},{"id":55609,"url":"https:\/\/www.grieta.org.mx\/index.php\/2020\/12\/03\/encuentran-sin-vida-a-bruno-avendano-marino-desaparecido-en-tehuantepec-oaxaca\/","url_meta":{"origin":25482,"position":1},"title":"Encuentran sin vida a Bruno Avenda\u00f1o, marino desaparecido en Tehuantepec (Oaxaca)","author":"grieta","date":"3 diciembre, 2020","format":false,"excerpt":"P\u00e1gina 3 \/ Diana Manzo. Familiares y amigos le dan el \u00faltimo adi\u00f3s con una eucarist\u00eda religiosa. Tehuantepec,Oax.- Bruno Alonso Avenda\u00f1o Mart\u00ednez, marino activo originario de Tehuantepec Oaxaca, volvi\u00f3 a su casa despu\u00e9s de 30 meses desaparecido, solo para despedirse de sus familiares que viven en la finca Santa Teresa.\u2026","rel":"","context":"En &quot;CINTILLO&quot;","block_context":{"text":"CINTILLO","link":"https:\/\/www.grieta.org.mx\/index.php\/category\/cintillo\/"},"img":{"alt_text":"","src":"https:\/\/i0.wp.com\/www.grieta.org.mx\/wp-content\/uploads\/2020\/12\/1.png?resize=350%2C200&ssl=1","width":350,"height":200,"srcset":"https:\/\/i0.wp.com\/www.grieta.org.mx\/wp-content\/uploads\/2020\/12\/1.png?resize=350%2C200&ssl=1 1x, https:\/\/i0.wp.com\/www.grieta.org.mx\/wp-content\/uploads\/2020\/12\/1.png?resize=525%2C300&ssl=1 1.5x, https:\/\/i0.wp.com\/www.grieta.org.mx\/wp-content\/uploads\/2020\/12\/1.png?resize=700%2C400&ssl=1 2x"},"classes":[]},{"id":29357,"url":"https:\/\/www.grieta.org.mx\/index.php\/2019\/02\/21\/lukas-avendano-en-el-museo-de-arte-contemporaneo-de-oaxaca\/","url_meta":{"origin":25482,"position":2},"title":"Lukas Avenda\u00f1o en el Museo de Arte Contempor\u00e1neo de Oaxaca","author":"grieta","date":"21 febrero, 2019","format":false,"excerpt":"P\u00e1gina 3. Comunicados, \u00bfD\u00f3nde est\u00e1 Bruno? Performance La desaparici\u00f3n forzada que amenaza la vida en M\u00e9xico ha arrancado a m\u00e1s de 40 mil 180 personas desaparecidas y otras 36 mil 708 fallecidas sin identificar en el pa\u00eds, seg\u00fan la Secretaria de Gobernaci\u00f3n en los \u00faltimos 10 a\u00f1os. No est\u00e1n en\u2026","rel":"","context":"En &quot;CINTILLO&quot;","block_context":{"text":"CINTILLO","link":"https:\/\/www.grieta.org.mx\/index.php\/category\/cintillo\/"},"img":{"alt_text":"","src":"http:\/\/www.grieta.org.mx\/wp-content\/uploads\/2019\/02\/Lukas-Avendan?o-300x199.png","width":350,"height":200},"classes":[]},{"id":25480,"url":"https:\/\/www.grieta.org.mx\/index.php\/2018\/08\/10\/oaxaca-la-busqueda-terminara-cuando-encontremos-al-ultimo-desaparecido-lukas-avendano\/","url_meta":{"origin":25482,"position":3},"title":"Oaxaca: \u201cLa b\u00fasqueda terminar\u00e1 cuando encontremos al \u00faltimo desaparecido\u201d, Lukas Avenda\u00f1o","author":"grieta","date":"10 agosto, 2018","format":false,"excerpt":"Avispa Midia. Por Jorge Gonz\u00e1lez Hay fuerza, en el cansancio de Lukas se puede percibir fortaleza. En sus ojos hay destellos de esperanza y melancol\u00eda, esa emoci\u00f3n tan humana que al paso del tiempo oxida. Pero en su mirada hay m\u00e1s que eso, una aproximaci\u00f3n, quiz\u00e1, a esa humanidad perdida\u2026","rel":"","context":"En &quot;CINTILLO&quot;","block_context":{"text":"CINTILLO","link":"https:\/\/www.grieta.org.mx\/index.php\/category\/cintillo\/"},"img":{"alt_text":"","src":"https:\/\/i0.wp.com\/www.grieta.org.mx\/wp-content\/uploads\/2018\/03\/14524434_1106112876131411_958039263622046936_o.jpg?resize=350%2C200&ssl=1","width":350,"height":200,"srcset":"https:\/\/i0.wp.com\/www.grieta.org.mx\/wp-content\/uploads\/2018\/03\/14524434_1106112876131411_958039263622046936_o.jpg?resize=350%2C200&ssl=1 1x, https:\/\/i0.wp.com\/www.grieta.org.mx\/wp-content\/uploads\/2018\/03\/14524434_1106112876131411_958039263622046936_o.jpg?resize=525%2C300&ssl=1 1.5x, https:\/\/i0.wp.com\/www.grieta.org.mx\/wp-content\/uploads\/2018\/03\/14524434_1106112876131411_958039263622046936_o.jpg?resize=700%2C400&ssl=1 2x"},"classes":[]},{"id":33380,"url":"https:\/\/www.grieta.org.mx\/index.php\/2019\/05\/11\/exigen-investigacion-por-bruno-avendano-oaxaca\/","url_meta":{"origin":25482,"position":4},"title":"Exigen investigaci\u00f3n por Bruno Avenda\u00f1o (Oaxaca)","author":"grieta","date":"11 mayo, 2019","format":false,"excerpt":"Noticias. Por Agencia Reforma, Un grupo de manifestantes exigen a las autoridades investigaci\u00f3n de Bruno Avenda\u00f1o. CIUDAD DE M\u00c9XICO.- Familiares y amigos del marino Bruno Avenda\u00f1o Mart\u00ednez realizaron una protesta frente a la sede de la Fiscal\u00eda General de la Rep\u00fablica (FGR) para exigir una investigaci\u00f3n que permita der con\u2026","rel":"","context":"En &quot;CINTILLO&quot;","block_context":{"text":"CINTILLO","link":"https:\/\/www.grieta.org.mx\/index.php\/category\/cintillo\/"},"img":{"alt_text":"","src":"https:\/\/i0.wp.com\/www.grieta.org.mx\/wp-content\/uploads\/2019\/05\/image_7.jpg?resize=350%2C200&ssl=1","width":350,"height":200,"srcset":"https:\/\/i0.wp.com\/www.grieta.org.mx\/wp-content\/uploads\/2019\/05\/image_7.jpg?resize=350%2C200&ssl=1 1x, https:\/\/i0.wp.com\/www.grieta.org.mx\/wp-content\/uploads\/2019\/05\/image_7.jpg?resize=525%2C300&ssl=1 1.5x, https:\/\/i0.wp.com\/www.grieta.org.mx\/wp-content\/uploads\/2019\/05\/image_7.jpg?resize=700%2C400&ssl=1 2x, https:\/\/i0.wp.com\/www.grieta.org.mx\/wp-content\/uploads\/2019\/05\/image_7.jpg?resize=1050%2C600&ssl=1 3x"},"classes":[]},{"id":55362,"url":"https:\/\/www.grieta.org.mx\/index.php\/2020\/11\/12\/memoria-y-verdad-la-justicia-se-aleja-para-los-nadies-lukas-avendano-oaxaca\/","url_meta":{"origin":25482,"position":5},"title":"Memoria y verdad \u00abLa justicia se aleja para los nadies\u00bb: Lukas Avenda\u00f1o (Oaxaca)","author":"grieta","date":"12 noviembre, 2020","format":false,"excerpt":"Pie de P\u00e1gina \/ Mar\u00eda Ruiz Foto: Cortes\u00eda Bruno Avenda\u00f1o desapareci\u00f3 el 10 de mayo del 2018 a 5 kil\u00f3metros de la casa de su madre en el Istmo de Tehuantepec. Su hermano Lukas, artista de performance y muxe, volc\u00f3 su vida y su arte en la b\u00fasqueda. Pero como\u2026","rel":"","context":"En &quot;CINTILLO&quot;","block_context":{"text":"CINTILLO","link":"https:\/\/www.grieta.org.mx\/index.php\/category\/cintillo\/"},"img":{"alt_text":"","src":"https:\/\/i0.wp.com\/www.grieta.org.mx\/wp-content\/uploads\/2020\/11\/X.jpg?resize=350%2C200&ssl=1","width":350,"height":200,"srcset":"https:\/\/i0.wp.com\/www.grieta.org.mx\/wp-content\/uploads\/2020\/11\/X.jpg?resize=350%2C200&ssl=1 1x, https:\/\/i0.wp.com\/www.grieta.org.mx\/wp-content\/uploads\/2020\/11\/X.jpg?resize=525%2C300&ssl=1 1.5x, https:\/\/i0.wp.com\/www.grieta.org.mx\/wp-content\/uploads\/2020\/11\/X.jpg?resize=700%2C400&ssl=1 2x, https:\/\/i0.wp.com\/www.grieta.org.mx\/wp-content\/uploads\/2020\/11\/X.jpg?resize=1050%2C600&ssl=1 3x, https:\/\/i0.wp.com\/www.grieta.org.mx\/wp-content\/uploads\/2020\/11\/X.jpg?resize=1400%2C800&ssl=1 4x"},"classes":[]}],"_links":{"self":[{"href":"https:\/\/www.grieta.org.mx\/index.php\/wp-json\/wp\/v2\/posts\/25482","targetHints":{"allow":["GET"]}}],"collection":[{"href":"https:\/\/www.grieta.org.mx\/index.php\/wp-json\/wp\/v2\/posts"}],"about":[{"href":"https:\/\/www.grieta.org.mx\/index.php\/wp-json\/wp\/v2\/types\/post"}],"author":[{"embeddable":true,"href":"https:\/\/www.grieta.org.mx\/index.php\/wp-json\/wp\/v2\/users\/2"}],"replies":[{"embeddable":true,"href":"https:\/\/www.grieta.org.mx\/index.php\/wp-json\/wp\/v2\/comments?post=25482"}],"version-history":[{"count":1,"href":"https:\/\/www.grieta.org.mx\/index.php\/wp-json\/wp\/v2\/posts\/25482\/revisions"}],"predecessor-version":[{"id":41309,"href":"https:\/\/www.grieta.org.mx\/index.php\/wp-json\/wp\/v2\/posts\/25482\/revisions\/41309"}],"wp:featuredmedia":[{"embeddable":true,"href":"https:\/\/www.grieta.org.mx\/index.php\/wp-json\/wp\/v2\/media\/25484"}],"wp:attachment":[{"href":"https:\/\/www.grieta.org.mx\/index.php\/wp-json\/wp\/v2\/media?parent=25482"}],"wp:term":[{"taxonomy":"category","embeddable":true,"href":"https:\/\/www.grieta.org.mx\/index.php\/wp-json\/wp\/v2\/categories?post=25482"},{"taxonomy":"post_tag","embeddable":true,"href":"https:\/\/www.grieta.org.mx\/index.php\/wp-json\/wp\/v2\/tags?post=25482"}],"curies":[{"name":"wp","href":"https:\/\/api.w.org\/{rel}","templated":true}]}}