{"id":25480,"date":"2018-08-10T13:45:52","date_gmt":"2018-08-10T18:45:52","guid":{"rendered":"http:\/\/www.grieta.org.mx\/?p=25480"},"modified":"2019-11-20T12:21:39","modified_gmt":"2019-11-20T18:21:39","slug":"oaxaca-la-busqueda-terminara-cuando-encontremos-al-ultimo-desaparecido-lukas-avendano","status":"publish","type":"post","link":"https:\/\/www.grieta.org.mx\/index.php\/2018\/08\/10\/oaxaca-la-busqueda-terminara-cuando-encontremos-al-ultimo-desaparecido-lukas-avendano\/","title":{"rendered":"Oaxaca: \u201cLa b\u00fasqueda terminar\u00e1 cuando encontremos al \u00faltimo desaparecido\u201d, Lukas Avenda\u00f1o"},"content":{"rendered":"<p>Avispa Midia.<\/p>\n<p>Por Jorge Gonz\u00e1lez<\/p>\n<p>Hay fuerza, en el cansancio de Lukas se puede percibir fortaleza. En sus ojos hay destellos de esperanza y melancol\u00eda, esa emoci\u00f3n tan humana que al paso del tiempo oxida. Pero en su mirada hay m\u00e1s que eso, una aproximaci\u00f3n, quiz\u00e1, a esa humanidad perdida de la que tanto se habla.<\/p>\n<p>Anochece. Sentado en una banca al interior de la Facultad de Bellas Artes, el artista oaxaque\u00f1o Lukas Avenda\u00f1o Mart\u00ednez, narra su fatigante experiencia a 3 meses de desconocer el paradero de su hermano, Bruno Alonso Avenda\u00f1o Mart\u00ednez. El tono de su voz acaricia y golpea fuerte al mismo tiempo: \u201cAunque encontremos a mi hermano, la b\u00fasqueda va a terminar cuando se encuentre a la \u00faltima persona desaparecida\u201d.<\/p>\n<p>Hoy se cumplen 3 meses de b\u00fasqueda de Bruno Avenda\u00f1o; hoy se cumplen 3 meses de impunidad y desinter\u00e9s por parte de las autoridades; hoy se cumplen 3 meses de solidaridad de amigos, familiares y desconocidos que hoy reclaman el paradero de Bruno y cuestionan \u201c\u00bfPara qu\u00e9 existen las fiscal\u00edas, para qu\u00e9 existen los mecanismos de b\u00fasqueda, para qu\u00e9 la ley contra las desapariciones, si Bruno a\u00fan no ha aparecido y no se han interesado en buscarlo?\u201d<\/p>\n<p>\u201cMi hermano desaparece el 10 de mayo. Comenzamos la b\u00fasqueda desde ese momento y al otro d\u00eda levantamos el acta en el Ministerio P\u00fablico de Tehuantepec. El caso de Bruno fue considerado como desaparici\u00f3n forzada una semana despu\u00e9s de la denuncia, pero hasta ahora ni la Fiscal\u00eda General del Estado de Oaxaca, ni la Secretar\u00eda de Gobierno ha asignado alguna comisi\u00f3n de b\u00fasqueda, a pesar de que la Ley General de Desaparici\u00f3n Forzada los obliga a hacerlo\u201d, asegura Lukas Avenda\u00f1o.<\/p>\n<p>El artista istme\u00f1o asegura que la impunidad prevalece en el caso de su hermano ya que, el art\u00edculo 50 de la Ley General en Materia de Desaparici\u00f3n Forzada de Personas, Desaparici\u00f3n Cometida por Particulares y del Sistema Nacional de B\u00fasqueda de Personas establece que, \u201ccada entidad federativa debe crear una Comisi\u00f3n Local de B\u00fasqueda, la cual debe coordinarse con la Comisi\u00f3n Nacional de B\u00fasqueda y realizar, en el \u00e1mbito de sus competencias, funciones an\u00e1logas a las previstas en esta Ley para la Comisi\u00f3n Nacional de B\u00fasqueda\u201d, situaci\u00f3n inexistente en Oaxaca, seg\u00fan la experiencia de Avenda\u00f1o, quien asevera que incluso la respuesta de la Fiscal\u00eda General del Estado de Oaxaca se ha limitado a argumentar \u201cno tenemos presupuesto para sacar fotocopias\u201d, como argument\u00f3 el Fiscal General del Estado de Oaxaca, Rub\u00e9n Vasconcelos M\u00e9ndez.<\/p>\n<p>El mecanismo legal tambi\u00e9n establece en su art\u00edculo Transitorio Vig\u00e9simo: \u201cEn tanto las entidades federativas se encuentren en la integraci\u00f3n de sus Comisiones de B\u00fasqueda, las obligaciones previstas para estas Comisiones en la Ley ser\u00e1n asumidas por la Secretar\u00eda de Gobierno de cada entidad\u201d, cuesti\u00f3n que involucra directamente a la Secretar\u00eda de Gobierno del Estado de Oaxaca, a cargo del Licenciado H\u00e9ctor Anuar Mafud Mafud qui\u00e9n ha ignorado el caso del originario de Santo Domingo Tehuantepec, Bruno Avenda\u00f1o, seg\u00fan su hermano.<\/p>\n<p>Ante la carencia de una Comisi\u00f3n Local de B\u00fasqueda, como las que ya operan en estados como Nuevo Le\u00f3n y Tamaulipas, la Fiscal\u00eda General del Estado de Oaxaca opt\u00f3 por dirigir un documento, al que tuvo acceso este medio, en el cu\u00e1l solicita a la Secretar\u00eda de Gobierno que \u201cdise\u00f1e y ejecute las estrategias para conocer la suerte y paradero\u201d de Bruno Avenda\u00f1o, sin tener hasta el momento, una respuesta oficial.<\/p>\n<p>Fiscal\u00eda General: \u201cUn elefante blanco\u201d.<\/p>\n<p>\u201cNo hay para copias\u201d, le dijo un funcionario a Lukas Avenda\u00f1o, cuando solicit\u00f3 apoyo para fotocopiar el expediente de su hermano desaparecido. El perfomancero internacional, sentencia que es \u201cinaudito lo que ocurre, la situaci\u00f3n actual de la Vicefiscal\u00eda Regional del Istmo de Tehuantepec y de la Fiscal\u00eda General del Estado de Oaxaca es de una completa orfandad y abandono, el personal no est\u00e1 capacitado, d\u00f3nde est\u00e1 todo el recurso que se destina\u201d.<\/p>\n<p>\u201cCuando no ten\u00edan gasolina, no ten\u00edan unidades, cuando no ten\u00edan unidades, no ten\u00edan personal, incluso argumentaron no tener toner. Hace una semana personal de la misma Fiscal\u00eda Estatal argumentaba no tener presupuesto para sacar copias y hacer un expediente nuevo que le estaba pidiendo otra entidad sobre el caso de mi hermano. La misma fiscal\u00eda general es un elefante blanco pues, quiere decir que no tienen los insumos necesarios para hacer pronta y expedita un proceso de investigaci\u00f3n\u201d, asevera Lukas Avenda\u00f1o.<\/p>\n<p>A pesar de que por ley se obliga al Sistema Nacional de B\u00fasqueda a crear las condiciones presupuestarias necesarias para coordinar la localizaci\u00f3n de personas desaparecidas y de que el Presupuesto de Egresos del Estado de Oaxaca para el Ejercicio Fiscal 2018 tiene contemplado el recurso de 678 millones, 461 mil, 467 pesos, para la Fiscal\u00eda General del Estado, la situaci\u00f3n en las fiscal\u00edas de Oaxaca m\u00e1s all\u00e1 de ser un apoyo, es un obst\u00e1culo para la localizaci\u00f3n de personas desaparecidas.<\/p>\n<p>Por su parte el Fiscal Especializado en Desaparici\u00f3n Forzada del Estado de Oaxaca, Emmanuel Cabrera rodr\u00edguez, asegura desconocer dicha condici\u00f3n: \u201cNo le puedo informar, no es mi \u00e1rea, mi competencia es investigar. Por ahora lo que podemos asegurar es que el d\u00eda de ayer personal de la Marina, en coordinaci\u00f3n con la Polic\u00eda Federal, de la Fiscal\u00eda, de la polic\u00eda municipal de Tehuantepec y de la Secretar\u00eda, nos reunimos con familiares para realizar una jornada de b\u00fasqueda\u201d.<\/p>\n<p>A tres meses de b\u00fasqueda, el semblante y la fortaleza de Lukas prevalece, asegura que va a encontrar a su hermano m\u00e1s peque\u00f1o, su \u201cxhunco\u201d (el m\u00e1s peque\u00f1o en zapoteco), como de forma cari\u00f1osa lo nombr\u00f3 en una de sus cartas para exigir justicia. Hoy Lukas cuestiona la violencia de un sistema en el que \u201cprevalece la impunidad porque se permite\u201d, pero no pierde la esperanza, sonriente lo asegura.<\/p>\n<p><a href=\"https:\/\/avispa.org\/oaxaca-la-busqueda-terminara-cuando-encontremos-al-ultimo-desaparecido-lukas-avendano\/\" rel=\"noopener noreferrer\" target=\"_blank\">https:\/\/avispa.org\/oaxaca-la-busqueda-terminara-cuando-encontremos-al-ultimo-desaparecido-lukas-avendano\/<\/a><\/p>\n","protected":false},"excerpt":{"rendered":"<p>Avispa Midia. Por Jorge Gonz\u00e1lez Hay fuerza, en el cansancio de Lukas se puede percibir fortaleza. En sus ojos hay destellos de esperanza y melancol\u00eda, esa emoci\u00f3n tan humana que &hellip; <a href=\"https:\/\/www.grieta.org.mx\/index.php\/2018\/08\/10\/oaxaca-la-busqueda-terminara-cuando-encontremos-al-ultimo-desaparecido-lukas-avendano\/\" class=\"more-link\">Leer m\u00e1s<\/a><\/p>\n","protected":false},"author":2,"featured_media":21928,"comment_status":"closed","ping_status":"closed","sticky":false,"template":"","format":"standard","meta":{"ngg_post_thumbnail":0,"_jetpack_newsletter_access":"","_jetpack_dont_email_post_to_subs":false,"_jetpack_newsletter_tier_id":0,"_jetpack_memberships_contains_paywalled_content":false,"_jetpack_memberships_contains_paid_content":false,"footnotes":""},"categories":[80,2832,2,25,1496],"tags":[],"class_list":["post-25480","post","type-post","status-publish","format-standard","has-post-thumbnail","hentry","category-cintillo","category-desaparecidos-en-oaxaca","category-noticias-nacionales","category-oaxaca","category-represion-en-oaxaca","entry"],"jetpack_featured_media_url":"https:\/\/www.grieta.org.mx\/wp-content\/uploads\/2018\/03\/14524434_1106112876131411_958039263622046936_o.jpg","jetpack_sharing_enabled":true,"jetpack_shortlink":"https:\/\/wp.me\/p7ZJR4-6CY","jetpack_likes_enabled":false,"jetpack-related-posts":[{"id":55668,"url":"https:\/\/www.grieta.org.mx\/index.php\/2020\/12\/04\/despues-de-30-meses-encuentran-sin-vida-al-hermano-del-artista-oaxaqueno-lukas-avendano\/","url_meta":{"origin":25480,"position":0},"title":"Despu\u00e9s de 30 meses encuentran sin vida al hermano del artista oaxaque\u00f1o Lukas Avenda\u00f1o","author":"grieta","date":"4 diciembre, 2020","format":false,"excerpt":"Avispa Midia \/ Sare Frabes. Este jueves 3 de diciembre el artista oaxaque\u00f1o Lukas Avenda\u00f1o inform\u00f3 en sus redes sociales que su hermano Bruno Avenda\u00f1o, miembro activo de la marina de M\u00e9xico, desaparecido en el Istmo de Tehuantepec, Oaxaca, hab\u00eda sido localizado en una fosa clandestina desde el pasado 12\u2026","rel":"","context":"En &quot;CINTILLO&quot;","block_context":{"text":"CINTILLO","link":"https:\/\/www.grieta.org.mx\/index.php\/category\/cintillo\/"},"img":{"alt_text":"","src":"https:\/\/i0.wp.com\/www.grieta.org.mx\/wp-content\/uploads\/2020\/12\/Bruno-Avendano.jpg?resize=350%2C200&ssl=1","width":350,"height":200,"srcset":"https:\/\/i0.wp.com\/www.grieta.org.mx\/wp-content\/uploads\/2020\/12\/Bruno-Avendano.jpg?resize=350%2C200&ssl=1 1x, https:\/\/i0.wp.com\/www.grieta.org.mx\/wp-content\/uploads\/2020\/12\/Bruno-Avendano.jpg?resize=525%2C300&ssl=1 1.5x, https:\/\/i0.wp.com\/www.grieta.org.mx\/wp-content\/uploads\/2020\/12\/Bruno-Avendano.jpg?resize=700%2C400&ssl=1 2x"},"classes":[]},{"id":25482,"url":"https:\/\/www.grieta.org.mx\/index.php\/2018\/05\/18\/mexico-continua-busqueda-del-hermano-desaparecido-del-artista-oaxaqueno-lukas-avendano\/","url_meta":{"origin":25480,"position":1},"title":"M\u00e9xico: Contin\u00faa b\u00fasqueda del hermano desaparecido del artista oaxaque\u00f1o Lukas Avenda\u00f1o","author":"grieta","date":"18 mayo, 2018","format":false,"excerpt":"Avispa Midia. Lukas Avenda\u00f1o (1977) es del sur de Oaxaca, es perfomancero y antrop\u00f3logo. Quiz\u00e1 el m\u00e1s importante de la comunidad muxe oaxaque\u00f1a. Ha llevado su performance por M\u00e9xico, Canad\u00e1, Dinamarca, Estados Unidos, Polonia, Rep\u00fablica Checa, Colombia, Per\u00fa y Argentina. El 10 de mayo fue desaparecido su hermano Bruno Avenda\u00f1o\u2026","rel":"","context":"En &quot;CINTILLO&quot;","block_context":{"text":"CINTILLO","link":"https:\/\/www.grieta.org.mx\/index.php\/category\/cintillo\/"},"img":{"alt_text":"","src":"https:\/\/i0.wp.com\/www.grieta.org.mx\/wp-content\/uploads\/2018\/08\/c.jpg?resize=350%2C200&ssl=1","width":350,"height":200},"classes":[]},{"id":55362,"url":"https:\/\/www.grieta.org.mx\/index.php\/2020\/11\/12\/memoria-y-verdad-la-justicia-se-aleja-para-los-nadies-lukas-avendano-oaxaca\/","url_meta":{"origin":25480,"position":2},"title":"Memoria y verdad \u00abLa justicia se aleja para los nadies\u00bb: Lukas Avenda\u00f1o (Oaxaca)","author":"grieta","date":"12 noviembre, 2020","format":false,"excerpt":"Pie de P\u00e1gina \/ Mar\u00eda Ruiz Foto: Cortes\u00eda Bruno Avenda\u00f1o desapareci\u00f3 el 10 de mayo del 2018 a 5 kil\u00f3metros de la casa de su madre en el Istmo de Tehuantepec. Su hermano Lukas, artista de performance y muxe, volc\u00f3 su vida y su arte en la b\u00fasqueda. Pero como\u2026","rel":"","context":"En &quot;CINTILLO&quot;","block_context":{"text":"CINTILLO","link":"https:\/\/www.grieta.org.mx\/index.php\/category\/cintillo\/"},"img":{"alt_text":"","src":"https:\/\/i0.wp.com\/www.grieta.org.mx\/wp-content\/uploads\/2020\/11\/X.jpg?resize=350%2C200&ssl=1","width":350,"height":200,"srcset":"https:\/\/i0.wp.com\/www.grieta.org.mx\/wp-content\/uploads\/2020\/11\/X.jpg?resize=350%2C200&ssl=1 1x, https:\/\/i0.wp.com\/www.grieta.org.mx\/wp-content\/uploads\/2020\/11\/X.jpg?resize=525%2C300&ssl=1 1.5x, https:\/\/i0.wp.com\/www.grieta.org.mx\/wp-content\/uploads\/2020\/11\/X.jpg?resize=700%2C400&ssl=1 2x, https:\/\/i0.wp.com\/www.grieta.org.mx\/wp-content\/uploads\/2020\/11\/X.jpg?resize=1050%2C600&ssl=1 3x, https:\/\/i0.wp.com\/www.grieta.org.mx\/wp-content\/uploads\/2020\/11\/X.jpg?resize=1400%2C800&ssl=1 4x"},"classes":[]},{"id":35315,"url":"https:\/\/www.grieta.org.mx\/index.php\/2019\/06\/03\/busqueda-de-personas-desaparecidas-en-mexico-alguien-esta-mintiendo-o-los-de-la-fiscalia-o-el-presidente-de-la-republica-lukas-avendano-oaxaca\/","url_meta":{"origin":25480,"position":3},"title":"B\u00fasqueda de personas desaparecidas en M\u00e9xico. \u201cAlguien est\u00e1 mintiendo, o los de la fiscal\u00eda, o el presidente de la rep\u00fablica\u201d: Lukas Avenda\u00f1o (Oaxaca)","author":"grieta","date":"3 junio, 2019","format":false,"excerpt":"Rafael E. Lozano \/ Avispa Midia. \u201cEs lamentable que tenga que decirlo, pero creo que en la medida en la que a m\u00ed me ha tocado de cerca esta situaci\u00f3n me pone en una posibilidad de observatorio\u201d, dice Lukas Avenda\u00f1o en entrevista para Avispa Midia. Se refiere al caso de\u2026","rel":"","context":"En &quot;CINTILLO&quot;","block_context":{"text":"CINTILLO","link":"https:\/\/www.grieta.org.mx\/index.php\/category\/cintillo\/"},"img":{"alt_text":"","src":"https:\/\/i0.wp.com\/www.grieta.org.mx\/wp-content\/uploads\/2019\/06\/Lukas_Avispa-4.jpg?resize=350%2C200&ssl=1","width":350,"height":200,"srcset":"https:\/\/i0.wp.com\/www.grieta.org.mx\/wp-content\/uploads\/2019\/06\/Lukas_Avispa-4.jpg?resize=350%2C200&ssl=1 1x, https:\/\/i0.wp.com\/www.grieta.org.mx\/wp-content\/uploads\/2019\/06\/Lukas_Avispa-4.jpg?resize=525%2C300&ssl=1 1.5x, https:\/\/i0.wp.com\/www.grieta.org.mx\/wp-content\/uploads\/2019\/06\/Lukas_Avispa-4.jpg?resize=700%2C400&ssl=1 2x, https:\/\/i0.wp.com\/www.grieta.org.mx\/wp-content\/uploads\/2019\/06\/Lukas_Avispa-4.jpg?resize=1050%2C600&ssl=1 3x"},"classes":[]},{"id":29357,"url":"https:\/\/www.grieta.org.mx\/index.php\/2019\/02\/21\/lukas-avendano-en-el-museo-de-arte-contemporaneo-de-oaxaca\/","url_meta":{"origin":25480,"position":4},"title":"Lukas Avenda\u00f1o en el Museo de Arte Contempor\u00e1neo de Oaxaca","author":"grieta","date":"21 febrero, 2019","format":false,"excerpt":"P\u00e1gina 3. Comunicados, \u00bfD\u00f3nde est\u00e1 Bruno? Performance La desaparici\u00f3n forzada que amenaza la vida en M\u00e9xico ha arrancado a m\u00e1s de 40 mil 180 personas desaparecidas y otras 36 mil 708 fallecidas sin identificar en el pa\u00eds, seg\u00fan la Secretaria de Gobernaci\u00f3n en los \u00faltimos 10 a\u00f1os. No est\u00e1n en\u2026","rel":"","context":"En &quot;CINTILLO&quot;","block_context":{"text":"CINTILLO","link":"https:\/\/www.grieta.org.mx\/index.php\/category\/cintillo\/"},"img":{"alt_text":"","src":"http:\/\/www.grieta.org.mx\/wp-content\/uploads\/2019\/02\/Lukas-Avendan?o-300x199.png","width":350,"height":200},"classes":[]},{"id":33380,"url":"https:\/\/www.grieta.org.mx\/index.php\/2019\/05\/11\/exigen-investigacion-por-bruno-avendano-oaxaca\/","url_meta":{"origin":25480,"position":5},"title":"Exigen investigaci\u00f3n por Bruno Avenda\u00f1o (Oaxaca)","author":"grieta","date":"11 mayo, 2019","format":false,"excerpt":"Noticias. Por Agencia Reforma, Un grupo de manifestantes exigen a las autoridades investigaci\u00f3n de Bruno Avenda\u00f1o. CIUDAD DE M\u00c9XICO.- Familiares y amigos del marino Bruno Avenda\u00f1o Mart\u00ednez realizaron una protesta frente a la sede de la Fiscal\u00eda General de la Rep\u00fablica (FGR) para exigir una investigaci\u00f3n que permita der con\u2026","rel":"","context":"En &quot;CINTILLO&quot;","block_context":{"text":"CINTILLO","link":"https:\/\/www.grieta.org.mx\/index.php\/category\/cintillo\/"},"img":{"alt_text":"","src":"https:\/\/i0.wp.com\/www.grieta.org.mx\/wp-content\/uploads\/2019\/05\/image_7.jpg?resize=350%2C200&ssl=1","width":350,"height":200,"srcset":"https:\/\/i0.wp.com\/www.grieta.org.mx\/wp-content\/uploads\/2019\/05\/image_7.jpg?resize=350%2C200&ssl=1 1x, https:\/\/i0.wp.com\/www.grieta.org.mx\/wp-content\/uploads\/2019\/05\/image_7.jpg?resize=525%2C300&ssl=1 1.5x, https:\/\/i0.wp.com\/www.grieta.org.mx\/wp-content\/uploads\/2019\/05\/image_7.jpg?resize=700%2C400&ssl=1 2x, https:\/\/i0.wp.com\/www.grieta.org.mx\/wp-content\/uploads\/2019\/05\/image_7.jpg?resize=1050%2C600&ssl=1 3x"},"classes":[]}],"_links":{"self":[{"href":"https:\/\/www.grieta.org.mx\/index.php\/wp-json\/wp\/v2\/posts\/25480","targetHints":{"allow":["GET"]}}],"collection":[{"href":"https:\/\/www.grieta.org.mx\/index.php\/wp-json\/wp\/v2\/posts"}],"about":[{"href":"https:\/\/www.grieta.org.mx\/index.php\/wp-json\/wp\/v2\/types\/post"}],"author":[{"embeddable":true,"href":"https:\/\/www.grieta.org.mx\/index.php\/wp-json\/wp\/v2\/users\/2"}],"replies":[{"embeddable":true,"href":"https:\/\/www.grieta.org.mx\/index.php\/wp-json\/wp\/v2\/comments?post=25480"}],"version-history":[{"count":1,"href":"https:\/\/www.grieta.org.mx\/index.php\/wp-json\/wp\/v2\/posts\/25480\/revisions"}],"predecessor-version":[{"id":41308,"href":"https:\/\/www.grieta.org.mx\/index.php\/wp-json\/wp\/v2\/posts\/25480\/revisions\/41308"}],"wp:featuredmedia":[{"embeddable":true,"href":"https:\/\/www.grieta.org.mx\/index.php\/wp-json\/wp\/v2\/media\/21928"}],"wp:attachment":[{"href":"https:\/\/www.grieta.org.mx\/index.php\/wp-json\/wp\/v2\/media?parent=25480"}],"wp:term":[{"taxonomy":"category","embeddable":true,"href":"https:\/\/www.grieta.org.mx\/index.php\/wp-json\/wp\/v2\/categories?post=25480"},{"taxonomy":"post_tag","embeddable":true,"href":"https:\/\/www.grieta.org.mx\/index.php\/wp-json\/wp\/v2\/tags?post=25480"}],"curies":[{"name":"wp","href":"https:\/\/api.w.org\/{rel}","templated":true}]}}