{"id":25384,"date":"2018-07-25T08:52:43","date_gmt":"2018-07-25T13:52:43","guid":{"rendered":"http:\/\/www.grieta.org.mx\/?p=25384"},"modified":"2018-08-08T15:33:28","modified_gmt":"2018-08-08T20:33:28","slug":"opacidad-con-los-1-mil-mdp-de-deuda-publica-de-oaxaca","status":"publish","type":"post","link":"https:\/\/www.grieta.org.mx\/index.php\/2018\/07\/25\/opacidad-con-los-1-mil-mdp-de-deuda-publica-de-oaxaca\/","title":{"rendered":"Opacidad con los 1 mil mdp de deuda p\u00fablica de Oaxaca"},"content":{"rendered":"<p>Noticias.<\/p>\n<p>Virgilio S\u00e1nchez,<\/p>\n<p>A pesar que el presupuesto destinado a obra p\u00fablica no se utiliza, el Gobierno del Estado asign\u00f3 recursos provenientes de la deuda p\u00fablica a la Secretar\u00eda de las Infraestructuras y el Ordenamiento Territorial Sustentable (Sinfra). <\/p>\n<p><img loading=\"lazy\" decoding=\"async\" data-attachment-id=\"25385\" data-permalink=\"https:\/\/www.grieta.org.mx\/index.php\/2018\/07\/25\/opacidad-con-los-1-mil-mdp-de-deuda-publica-de-oaxaca\/deuda-pub_noticias-250718\/\" data-orig-file=\"https:\/\/www.grieta.org.mx\/wp-content\/uploads\/2018\/08\/Deuda-pub_Noticias-250718.jpg\" data-orig-size=\"1144,645\" data-comments-opened=\"0\" data-image-meta=\"{&quot;aperture&quot;:&quot;0&quot;,&quot;credit&quot;:&quot;&quot;,&quot;camera&quot;:&quot;&quot;,&quot;caption&quot;:&quot;&quot;,&quot;created_timestamp&quot;:&quot;0&quot;,&quot;copyright&quot;:&quot;&quot;,&quot;focal_length&quot;:&quot;0&quot;,&quot;iso&quot;:&quot;0&quot;,&quot;shutter_speed&quot;:&quot;0&quot;,&quot;title&quot;:&quot;&quot;,&quot;orientation&quot;:&quot;0&quot;}\" data-image-title=\"Deuda pub_Noticias 250718\" data-image-description=\"\" data-image-caption=\"\" data-medium-file=\"https:\/\/www.grieta.org.mx\/wp-content\/uploads\/2018\/08\/Deuda-pub_Noticias-250718-300x169.jpg\" data-large-file=\"https:\/\/www.grieta.org.mx\/wp-content\/uploads\/2018\/08\/Deuda-pub_Noticias-250718-1024x577.jpg\" src=\"http:\/\/www.grieta.org.mx\/wp-content\/uploads\/2018\/08\/Deuda-pub_Noticias-250718-1024x577.jpg\" alt=\"\" width=\"1024\" height=\"577\" class=\"aligncenter size-large wp-image-25385\" srcset=\"https:\/\/www.grieta.org.mx\/wp-content\/uploads\/2018\/08\/Deuda-pub_Noticias-250718-1024x577.jpg 1024w, https:\/\/www.grieta.org.mx\/wp-content\/uploads\/2018\/08\/Deuda-pub_Noticias-250718-300x169.jpg 300w, https:\/\/www.grieta.org.mx\/wp-content\/uploads\/2018\/08\/Deuda-pub_Noticias-250718-768x433.jpg 768w, https:\/\/www.grieta.org.mx\/wp-content\/uploads\/2018\/08\/Deuda-pub_Noticias-250718-887x500.jpg 887w, https:\/\/www.grieta.org.mx\/wp-content\/uploads\/2018\/08\/Deuda-pub_Noticias-250718.jpg 1144w\" sizes=\"auto, (max-width: 1024px) 100vw, 1024px\" \/><br \/>\nMientras carreteras est\u00e1n sin terminar o destrozadas, Sinfra no invierte en obras y, a\u00fan as\u00ed, recibe recursos de costosos cr\u00e9ditos.<\/p>\n<p>De acuerdo con el primer reporte trimestral de 2018, entre enero y marzo esta dependencia estatal deveng\u00f3 20 millones 362 mil 660 pesos del cr\u00e9dito por mil 100 millones de pesos que fue contratado por la Secretar\u00eda de Finanzas el 4 de diciembre de 2017.<\/p>\n<p>El uso que dio Sinfra a estos recursos no fueron explicados en el informe.<\/p>\n<p>Otras de las instituciones que hicieron uso del dinero de este cr\u00e9dito fue el R\u00e9gimen Estatal de Protecci\u00f3n Social en Salud del Estado de Oaxaca (REPSSO), que com\u00fanmente se le denomina Seguro Popular.<\/p>\n<p>Esta dependencia utiliz\u00f3 6 millones 263 mil 393 pesos; seg\u00fan el reporte del \u201cestado anal\u00edtico del ejercicio del presupuesto de egresos 2018\u201d elaborado por la Secretar\u00eda de Finanzas.<\/p>\n<p>Tampoco se inform\u00f3 sobre el destino que el Seguro Popular dio a este recurso.<br \/>\nEn suma, ambos oficinas del Gobierno del Estado gastaron, en el primer trimestre de 2018, 26 millones 626 mil 53 pesos del cr\u00e9dito por mil 100 millones de pesos, identificado como deuda a corto plazo, bajo la clave ABAAA0617.<\/p>\n<p>En otro reporte de la Secretar\u00eda de Finanzas, tambi\u00e9n sobre el primer trimestre de 2018, sobre \u201cla situaci\u00f3n que guarda la deuda p\u00fablica y las obligaciones de pago\u201d, se\u00f1al\u00f3 que al 31 de marzo, el saldo de este cr\u00e9dito es por 416 millones 740 mil pesos, lo que significa el 37.8 por ciento del total del cr\u00e9dito.<\/p>\n<p>Desaprovechan presupuesto<\/p>\n<p>Mientras a Sinfra se le asignan dinero de la deuda p\u00fablica, el presupuesto etiquetado para obras no lo usa.<\/p>\n<p>Tan solo en los primeros tres meses de este a\u00f1o, no se ejerci\u00f3 el 53 por ciento del recurso destinado a carreteras, hospitales, escuelas, centros de salud, infraestructura de servicios b\u00e1sicos, vivienda, entre otros.<\/p>\n<p>NOTICIAS revel\u00f3 que en la administraci\u00f3n estatal se inform\u00f3 que entre enero y marzo de 2018, ten\u00eda asignados 2 mil 712 millones 227 mil 239 pesos para estas tareas, de los cuales no ejerci\u00f3 mil 440 millones 451 mil 504 pesos.<\/p>\n<p>El documento financiero del Gobierno del Estado refiri\u00f3 que en el rubro espec\u00edfico de \u201cobra p\u00fablica en bienes de dominio p\u00fablico\u201d, que ten\u00eda asignado el mayor porcentaje presupuestal en este periodo, con m\u00e1s de 2 mil 608 millones de pesos, de los cuales no se gastaron m\u00e1s de mil 366 millones de pesos.<\/p>\n<p><a href=\"https:\/\/www.nvinoticias.com\/nota\/97725\/opacidad-con-los-1-mil-mdp-de-deuda-publica-de-oaxaca\" rel=\"noopener\" target=\"_blank\">https:\/\/www.nvinoticias.com\/nota\/97725\/opacidad-con-los-1-mil-mdp-de-deuda-publica-de-oaxaca<\/a><\/p>\n","protected":false},"excerpt":{"rendered":"<p>Noticias. Virgilio S\u00e1nchez, A pesar que el presupuesto destinado a obra p\u00fablica no se utiliza, el Gobierno del Estado asign\u00f3 recursos provenientes de la deuda p\u00fablica a la Secretar\u00eda de &hellip; <a href=\"https:\/\/www.grieta.org.mx\/index.php\/2018\/07\/25\/opacidad-con-los-1-mil-mdp-de-deuda-publica-de-oaxaca\/\" class=\"more-link\">Leer m\u00e1s<\/a><\/p>\n","protected":false},"author":2,"featured_media":25385,"comment_status":"closed","ping_status":"closed","sticky":false,"template":"","format":"standard","meta":{"ngg_post_thumbnail":0,"_jetpack_newsletter_access":"","_jetpack_dont_email_post_to_subs":false,"_jetpack_newsletter_tier_id":0,"_jetpack_memberships_contains_paywalled_content":false,"_jetpack_memberships_contains_paid_content":false,"footnotes":""},"categories":[80,2,25,1500],"tags":[],"class_list":["post-25384","post","type-post","status-publish","format-standard","has-post-thumbnail","hentry","category-cintillo","category-noticias-nacionales","category-oaxaca","category-saqueo-de-recursos-publicos-en-oaxaca","entry"],"jetpack_featured_media_url":"https:\/\/www.grieta.org.mx\/wp-content\/uploads\/2018\/08\/Deuda-pub_Noticias-250718.jpg","jetpack_sharing_enabled":true,"jetpack_shortlink":"https:\/\/wp.me\/p7ZJR4-6Bq","jetpack_likes_enabled":false,"jetpack-related-posts":[{"id":24812,"url":"https:\/\/www.grieta.org.mx\/index.php\/2018\/07\/18\/se-destinan-191-mdp-mensuales-para-pagar-la-deuda-publica-en-oaxaca\/","url_meta":{"origin":25384,"position":0},"title":"Se destinan 191 mdp mensuales para pagar la deuda p\u00fablica en Oaxaca","author":"grieta","date":"18 julio, 2018","format":false,"excerpt":"Noticias. Ivonne Mateo, La cifra que el Gobierno del Estado emplea para pagar la deuda p\u00fablica a los diferentes acreedores es mayor a la asignada a 15 secretar\u00edas locales, de acuerdo a documentos oficiales. Seg\u00fan el informe financiero trimestral de la Secretar\u00eda de Finanzas (Sefin), para el pago de la\u2026","rel":"","context":"En &quot;CINTILLO&quot;","block_context":{"text":"CINTILLO","link":"https:\/\/www.grieta.org.mx\/index.php\/category\/cintillo\/"},"img":{"alt_text":"","src":"https:\/\/i0.wp.com\/www.grieta.org.mx\/wp-content\/uploads\/2018\/07\/Deuda-Oax.jpg?resize=350%2C200&ssl=1","width":350,"height":200,"srcset":"https:\/\/i0.wp.com\/www.grieta.org.mx\/wp-content\/uploads\/2018\/07\/Deuda-Oax.jpg?resize=350%2C200&ssl=1 1x, https:\/\/i0.wp.com\/www.grieta.org.mx\/wp-content\/uploads\/2018\/07\/Deuda-Oax.jpg?resize=525%2C300&ssl=1 1.5x, https:\/\/i0.wp.com\/www.grieta.org.mx\/wp-content\/uploads\/2018\/07\/Deuda-Oax.jpg?resize=700%2C400&ssl=1 2x, https:\/\/i0.wp.com\/www.grieta.org.mx\/wp-content\/uploads\/2018\/07\/Deuda-Oax.jpg?resize=1050%2C600&ssl=1 3x"},"classes":[]},{"id":26629,"url":"https:\/\/www.grieta.org.mx\/index.php\/2018\/09\/06\/no-hay-capacidad-para-la-reconstruccion-del-istmo-admite-sinfra-oaxaca\/","url_meta":{"origin":25384,"position":1},"title":"No hay capacidad para la reconstrucci\u00f3n del Istmo, admite Sinfra (Oaxaca)","author":"grieta","date":"6 septiembre, 2018","format":false,"excerpt":"P\u00e1gina 3. Jaime Guerrero, *La Secretar\u00eda de las Infraestructuras asegura sin embargo que se ha reconstruido 3 mil 616 viviendas, pero faltan 19 mil 487. |*El titular afirma que 200MDP que les autoriz\u00f3 el Legislativo se utilizaron para retirar escombros. Destrucci\u00f3n en Juchit\u00e1n tras el sismo del 7 de septiembre\u2026","rel":"","context":"En &quot;CINTILLO&quot;","block_context":{"text":"CINTILLO","link":"https:\/\/www.grieta.org.mx\/index.php\/category\/cintillo\/"},"img":{"alt_text":"","src":"https:\/\/i0.wp.com\/www.grieta.org.mx\/wp-content\/uploads\/2018\/09\/sismo-Juchit%C3%A1n-2.jpg?resize=350%2C200&ssl=1","width":350,"height":200,"srcset":"https:\/\/i0.wp.com\/www.grieta.org.mx\/wp-content\/uploads\/2018\/09\/sismo-Juchit%C3%A1n-2.jpg?resize=350%2C200&ssl=1 1x, https:\/\/i0.wp.com\/www.grieta.org.mx\/wp-content\/uploads\/2018\/09\/sismo-Juchit%C3%A1n-2.jpg?resize=525%2C300&ssl=1 1.5x, https:\/\/i0.wp.com\/www.grieta.org.mx\/wp-content\/uploads\/2018\/09\/sismo-Juchit%C3%A1n-2.jpg?resize=700%2C400&ssl=1 2x"},"classes":[]},{"id":26590,"url":"https:\/\/www.grieta.org.mx\/index.php\/2018\/08\/08\/preocupa-a-auditoria-de-oaxaca-destino-de-mil-230-mdp\/","url_meta":{"origin":25384,"position":2},"title":"\u201cPreocupa\u201d a Auditor\u00eda de Oaxaca destino de mil 230 mdp","author":"grieta","date":"8 agosto, 2018","format":false,"excerpt":"Noticias. Virgilio S\u00e1nchez, El uso de mil 230 millones 600 mil pesos no han sido comprobados, desde el a\u00f1o 2016, por nueve municipios oaxaque\u00f1os, la Universidad Aut\u00f3noma Benito Ju\u00e1rez de Oaxaca (UABJO) y el Gobierno del Estado; de acuerdo con la informaci\u00f3n presentada por el colectivo \u201c\u00bfFuiste T\u00fa?\u201d. La agrupaci\u00f3n\u2026","rel":"","context":"En &quot;CINTILLO&quot;","block_context":{"text":"CINTILLO","link":"https:\/\/www.grieta.org.mx\/index.php\/category\/cintillo\/"},"img":{"alt_text":"","src":"https:\/\/i0.wp.com\/www.grieta.org.mx\/wp-content\/uploads\/2018\/09\/auditoria.jpg?resize=350%2C200&ssl=1","width":350,"height":200,"srcset":"https:\/\/i0.wp.com\/www.grieta.org.mx\/wp-content\/uploads\/2018\/09\/auditoria.jpg?resize=350%2C200&ssl=1 1x, https:\/\/i0.wp.com\/www.grieta.org.mx\/wp-content\/uploads\/2018\/09\/auditoria.jpg?resize=525%2C300&ssl=1 1.5x, https:\/\/i0.wp.com\/www.grieta.org.mx\/wp-content\/uploads\/2018\/09\/auditoria.jpg?resize=700%2C400&ssl=1 2x, https:\/\/i0.wp.com\/www.grieta.org.mx\/wp-content\/uploads\/2018\/09\/auditoria.jpg?resize=1050%2C600&ssl=1 3x"},"classes":[]},{"id":26587,"url":"https:\/\/www.grieta.org.mx\/index.php\/2018\/08\/28\/oaxaca-en-el-top-ten-de-los-estados-con-mas-recursos-desviados-por-recuperar-por-orden-de-la-asf\/","url_meta":{"origin":25384,"position":3},"title":"Oaxaca en el top-ten de los Estados con m\u00e1s recursos desviados, por recuperar, por orden de la ASF","author":"grieta","date":"28 agosto, 2018","format":false,"excerpt":"P\u00e1gina 3. Jaime Guerrero, Oaxaca se encuentra dentro de los diez estados del pa\u00eds con mayor dinero pr\u00f3fugo, es decir, dinero que la Auditor\u00eda Superior de la Federaci\u00f3n (ASF) ha solicitado recuperar o aclarar a los gobiernos estatales, seg\u00fan el indicador #DineroPr\u00f3fugo, de la plataforma Data Coparmex. A Oaxaca corresponde\u2026","rel":"","context":"En &quot;CINTILLO&quot;","block_context":{"text":"CINTILLO","link":"https:\/\/www.grieta.org.mx\/index.php\/category\/cintillo\/"},"img":{"alt_text":"","src":"https:\/\/i0.wp.com\/www.grieta.org.mx\/wp-content\/uploads\/2018\/09\/fondos.jpg?resize=350%2C200&ssl=1","width":350,"height":200,"srcset":"https:\/\/i0.wp.com\/www.grieta.org.mx\/wp-content\/uploads\/2018\/09\/fondos.jpg?resize=350%2C200&ssl=1 1x, https:\/\/i0.wp.com\/www.grieta.org.mx\/wp-content\/uploads\/2018\/09\/fondos.jpg?resize=525%2C300&ssl=1 1.5x, https:\/\/i0.wp.com\/www.grieta.org.mx\/wp-content\/uploads\/2018\/09\/fondos.jpg?resize=700%2C400&ssl=1 2x"},"classes":[]},{"id":25417,"url":"https:\/\/www.grieta.org.mx\/index.php\/2018\/07\/31\/polemizan-por-gastos-de-10-mdp-en-conciertos-de-guelaguetza\/","url_meta":{"origin":25384,"position":4},"title":"Polemizan por gastos de 10 mdp en conciertos de Guelaguetza","author":"grieta","date":"31 julio, 2018","format":false,"excerpt":"Oro Radio, Maira Ric\u00e1rdez, Oaxaca.- De acuerdo a la informaci\u00f3n difundida por el Instituto de Acceso a la Informaci\u00f3n P\u00fablica y Protecci\u00f3n de Datos Personales del Estado de Oaxaca (IAIPO) fueron casi 10 millones de pesos los que el Gobierno del Estado pag\u00f3 a artistas como Lila Downs, \u00c1ngeles Azules,\u2026","rel":"","context":"En &quot;CINTILLO&quot;","block_context":{"text":"CINTILLO","link":"https:\/\/www.grieta.org.mx\/index.php\/category\/cintillo\/"},"img":{"alt_text":"","src":"https:\/\/i0.wp.com\/www.grieta.org.mx\/wp-content\/uploads\/2018\/08\/conciertos-Guelaguetza-e1533072497478-696x435.jpg?resize=350%2C200&ssl=1","width":350,"height":200,"srcset":"https:\/\/i0.wp.com\/www.grieta.org.mx\/wp-content\/uploads\/2018\/08\/conciertos-Guelaguetza-e1533072497478-696x435.jpg?resize=350%2C200&ssl=1 1x, https:\/\/i0.wp.com\/www.grieta.org.mx\/wp-content\/uploads\/2018\/08\/conciertos-Guelaguetza-e1533072497478-696x435.jpg?resize=525%2C300&ssl=1 1.5x"},"classes":[]},{"id":27579,"url":"https:\/\/www.grieta.org.mx\/index.php\/2018\/09\/18\/aun-sin-conocerse-el-destino-de-14-mil-mdp-ejercidos-por-administracion-de-gabino-cue-oaxaca\/","url_meta":{"origin":25384,"position":5},"title":"A\u00fan sin conocerse el destino de 14 mil mdp ejercidos por administraci\u00f3n de Gabino Cu\u00e9 (Oaxaca)","author":"grieta","date":"18 septiembre, 2018","format":false,"excerpt":"P\u00e1gina 3. Jaime Guerrero, Oaxaca.- En la antesala de la discusi\u00f3n e inminente rechazo -por parte de la LXIII Legislatura- de las cuentas p\u00fablicas 2014, 2015 y 2016, del ex gobernador, Gabino Cu\u00e9 Monteagudo, la Secretar\u00eda de la Contralor\u00eda y Transparencia Gubernamental, reiter\u00f3 en sus informes de auditorias que fueron\u2026","rel":"","context":"En &quot;CINTILLO&quot;","block_context":{"text":"CINTILLO","link":"https:\/\/www.grieta.org.mx\/index.php\/category\/cintillo\/"},"img":{"alt_text":"","src":"https:\/\/i0.wp.com\/www.grieta.org.mx\/wp-content\/uploads\/2018\/11\/010915-IZAMIENTO-MES-PATRIA-GABINO-CUE-JAP-6.jpg?resize=350%2C200&ssl=1","width":350,"height":200,"srcset":"https:\/\/i0.wp.com\/www.grieta.org.mx\/wp-content\/uploads\/2018\/11\/010915-IZAMIENTO-MES-PATRIA-GABINO-CUE-JAP-6.jpg?resize=350%2C200&ssl=1 1x, https:\/\/i0.wp.com\/www.grieta.org.mx\/wp-content\/uploads\/2018\/11\/010915-IZAMIENTO-MES-PATRIA-GABINO-CUE-JAP-6.jpg?resize=525%2C300&ssl=1 1.5x, https:\/\/i0.wp.com\/www.grieta.org.mx\/wp-content\/uploads\/2018\/11\/010915-IZAMIENTO-MES-PATRIA-GABINO-CUE-JAP-6.jpg?resize=700%2C400&ssl=1 2x"},"classes":[]}],"_links":{"self":[{"href":"https:\/\/www.grieta.org.mx\/index.php\/wp-json\/wp\/v2\/posts\/25384","targetHints":{"allow":["GET"]}}],"collection":[{"href":"https:\/\/www.grieta.org.mx\/index.php\/wp-json\/wp\/v2\/posts"}],"about":[{"href":"https:\/\/www.grieta.org.mx\/index.php\/wp-json\/wp\/v2\/types\/post"}],"author":[{"embeddable":true,"href":"https:\/\/www.grieta.org.mx\/index.php\/wp-json\/wp\/v2\/users\/2"}],"replies":[{"embeddable":true,"href":"https:\/\/www.grieta.org.mx\/index.php\/wp-json\/wp\/v2\/comments?post=25384"}],"version-history":[{"count":1,"href":"https:\/\/www.grieta.org.mx\/index.php\/wp-json\/wp\/v2\/posts\/25384\/revisions"}],"predecessor-version":[{"id":25388,"href":"https:\/\/www.grieta.org.mx\/index.php\/wp-json\/wp\/v2\/posts\/25384\/revisions\/25388"}],"wp:featuredmedia":[{"embeddable":true,"href":"https:\/\/www.grieta.org.mx\/index.php\/wp-json\/wp\/v2\/media\/25385"}],"wp:attachment":[{"href":"https:\/\/www.grieta.org.mx\/index.php\/wp-json\/wp\/v2\/media?parent=25384"}],"wp:term":[{"taxonomy":"category","embeddable":true,"href":"https:\/\/www.grieta.org.mx\/index.php\/wp-json\/wp\/v2\/categories?post=25384"},{"taxonomy":"post_tag","embeddable":true,"href":"https:\/\/www.grieta.org.mx\/index.php\/wp-json\/wp\/v2\/tags?post=25384"}],"curies":[{"name":"wp","href":"https:\/\/api.w.org\/{rel}","templated":true}]}}