{"id":2534,"date":"2015-09-13T04:11:19","date_gmt":"2015-09-13T04:11:19","guid":{"rendered":"http:\/\/50.22.11.12\/~grietaor\/?p=2534"},"modified":"2016-03-13T04:15:45","modified_gmt":"2016-03-13T04:15:45","slug":"destruccion-del-manglar-en-laguna-del-carpintero-tampico","status":"publish","type":"post","link":"https:\/\/www.grieta.org.mx\/index.php\/2015\/09\/13\/destruccion-del-manglar-en-laguna-del-carpintero-tampico\/","title":{"rendered":"Destrucci\u00f3n del manglar en Laguna del Carpintero, Tampico"},"content":{"rendered":"<p><strong>13\/09\/15. <\/strong><a href=\"http:\/\/grieta.org.mx\/index.php\/2015\/09\/13\/atentado-ecologico-en-tampico-esta-danado-el-manglar-de-la-laguna-del-carpintero\">Atentado ecol\u00f3gico en Tampico: est\u00e1 da\u00f1ado el manglar de la Laguna del Carpintero<\/a><br  \/><em>Aristegui Noticias<\/em><br  \/><\/p>\n","protected":false},"excerpt":{"rendered":"<p>13\/09\/15. Atentado ecol\u00f3gico en Tampico: est\u00e1 da\u00f1ado el manglar de la Laguna del CarpinteroAristegui Noticias<\/p>\n","protected":false},"author":2,"featured_media":21928,"comment_status":"closed","ping_status":"open","sticky":false,"template":"","format":"standard","meta":{"ngg_post_thumbnail":0,"_jetpack_newsletter_access":"","_jetpack_dont_email_post_to_subs":false,"_jetpack_newsletter_tier_id":0,"_jetpack_memberships_contains_paywalled_content":false,"_jetpack_memberships_contains_paid_content":false,"footnotes":""},"categories":[33],"tags":[],"class_list":["post-2534","post","type-post","status-publish","format-standard","has-post-thumbnail","hentry","category-tamaulipas","entry"],"jetpack_featured_media_url":"https:\/\/www.grieta.org.mx\/wp-content\/uploads\/2018\/03\/14524434_1106112876131411_958039263622046936_o.jpg","jetpack_sharing_enabled":true,"jetpack_shortlink":"https:\/\/wp.me\/p7ZJR4-ES","jetpack_likes_enabled":false,"jetpack-related-posts":[{"id":2515,"url":"https:\/\/www.grieta.org.mx\/index.php\/2015\/09\/13\/atentado-ecologico-en-tampico-esta-danado-el-manglar-de-la-laguna-del-carpintero\/","url_meta":{"origin":2534,"position":0},"title":"Atentado ecol\u00f3gico en Tampico: est\u00e1 da\u00f1ado el manglar de la Laguna del Carpintero","author":"grieta","date":"13 septiembre, 2015","format":false,"excerpt":"Aristegui Noticias La Laguna del Carpintero, ubicada en el centro de Tampico, est\u00e1 amenazada por la construcci\u00f3n de un parque ecol\u00f3gico. Se han afectado zonas de manglar \u2013protegidas por la legislaci\u00f3n ambiental\u2013 y \u00e1reas inundables, que son h\u00e1bitat de especies migratorias. En agosto pasado, el diario La Jornada inform\u00f3 que\u2026","rel":"","context":"En &quot;CINTILLO&quot;","block_context":{"text":"CINTILLO","link":"https:\/\/www.grieta.org.mx\/index.php\/category\/cintillo\/"},"img":{"alt_text":"","src":"https:\/\/i0.wp.com\/www.grieta.org.mx\/wp-content\/uploads\/2018\/03\/14524434_1106112876131411_958039263622046936_o.jpg?resize=350%2C200&ssl=1","width":350,"height":200,"srcset":"https:\/\/i0.wp.com\/www.grieta.org.mx\/wp-content\/uploads\/2018\/03\/14524434_1106112876131411_958039263622046936_o.jpg?resize=350%2C200&ssl=1 1x, https:\/\/i0.wp.com\/www.grieta.org.mx\/wp-content\/uploads\/2018\/03\/14524434_1106112876131411_958039263622046936_o.jpg?resize=525%2C300&ssl=1 1.5x, https:\/\/i0.wp.com\/www.grieta.org.mx\/wp-content\/uploads\/2018\/03\/14524434_1106112876131411_958039263622046936_o.jpg?resize=700%2C400&ssl=1 2x"},"classes":[]},{"id":48215,"url":"https:\/\/www.grieta.org.mx\/index.php\/2020\/04\/23\/ambientalistas-presentan-denuncia-ante-profepa-por-tala-de-manglar-en-la-laguna-nichupte-quintana-roo\/","url_meta":{"origin":2534,"position":1},"title":"Ambientalistas presentan denuncia ante Profepa por tala de manglar en la laguna Nichupt\u00e9  (Quintana Roo)","author":"grieta","date":"23 abril, 2020","format":false,"excerpt":"Sara\u00ed Reyes \/ Noticaribe CANC\u00daN, MX.- Tras la denuncia hecha en redes sociales sobre la tala de manglar en el litoral lagunar Nichupt\u00e9 frente a plaza Kukulc\u00e1n, la presidenta del Grupo de Ecologistas del Mayab A.C., Araceli Dom\u00ednguez, confirm\u00f3 que han presentado la denuncia ante las instancias correspondientes para que\u2026","rel":"","context":"En &quot;CINTILLO&quot;","block_context":{"text":"CINTILLO","link":"https:\/\/www.grieta.org.mx\/index.php\/category\/cintillo\/"},"img":{"alt_text":"","src":"https:\/\/i0.wp.com\/www.grieta.org.mx\/wp-content\/uploads\/2020\/04\/Nichupte-e1587853623984.png?resize=350%2C200&ssl=1","width":350,"height":200,"srcset":"https:\/\/i0.wp.com\/www.grieta.org.mx\/wp-content\/uploads\/2020\/04\/Nichupte-e1587853623984.png?resize=350%2C200&ssl=1 1x, https:\/\/i0.wp.com\/www.grieta.org.mx\/wp-content\/uploads\/2020\/04\/Nichupte-e1587853623984.png?resize=525%2C300&ssl=1 1.5x, https:\/\/i0.wp.com\/www.grieta.org.mx\/wp-content\/uploads\/2020\/04\/Nichupte-e1587853623984.png?resize=700%2C400&ssl=1 2x"},"classes":[]},{"id":5094,"url":"https:\/\/www.grieta.org.mx\/index.php\/2015\/08\/09\/interponen-amparo-vs-malecon-tajamar\/","url_meta":{"origin":2534,"position":2},"title":"Interponen amparo vs Malec\u00f3n Tajamar","author":"grieta","date":"9 agosto, 2015","format":false,"excerpt":"Canc\u00fan, QR. El Centro Mexicano de Derecho Ambiental (Cemda) interpuso el pasado 31 de julio un amparo en contra de la autorizaci\u00f3n de la Manifestaci\u00f3n Impacto Ambiental (MIA) condicionada que la Secretar\u00eda de Medio Ambiente y Recursos Naturales (Semarnat) otorg\u00f3 en favor del Fondo Nacional de Fomento al Turismo (Fonatur)\u2026","rel":"","context":"En &quot;CINTILLO&quot;","block_context":{"text":"CINTILLO","link":"https:\/\/www.grieta.org.mx\/index.php\/category\/cintillo\/"},"img":{"alt_text":"","src":"https:\/\/i0.wp.com\/www.grieta.org.mx\/wp-content\/uploads\/2018\/03\/14524434_1106112876131411_958039263622046936_o.jpg?resize=350%2C200&ssl=1","width":350,"height":200,"srcset":"https:\/\/i0.wp.com\/www.grieta.org.mx\/wp-content\/uploads\/2018\/03\/14524434_1106112876131411_958039263622046936_o.jpg?resize=350%2C200&ssl=1 1x, https:\/\/i0.wp.com\/www.grieta.org.mx\/wp-content\/uploads\/2018\/03\/14524434_1106112876131411_958039263622046936_o.jpg?resize=525%2C300&ssl=1 1.5x, https:\/\/i0.wp.com\/www.grieta.org.mx\/wp-content\/uploads\/2018\/03\/14524434_1106112876131411_958039263622046936_o.jpg?resize=700%2C400&ssl=1 2x"},"classes":[]},{"id":38385,"url":"https:\/\/www.grieta.org.mx\/index.php\/2019\/07\/26\/a-la-defensa-de-los-manglares-tamaulipas\/","url_meta":{"origin":2534,"position":3},"title":"A la defensa de los manglares (Tamaulipas)","author":"grieta","date":"26 julio, 2019","format":false,"excerpt":"Es abundante y est\u00e1 a la vista de todos, no es muy atractivo para ser presumido en fotograf\u00edas y es hasta criticado, pero una gran mayor\u00eda de la poblaci\u00f3n en general no tiene conocimiento puntual de la importante funci\u00f3n que realiza para el medio ambiente de la entidad y combatir\u2026","rel":"","context":"En &quot;CINTILLO&quot;","block_context":{"text":"CINTILLO","link":"https:\/\/www.grieta.org.mx\/index.php\/category\/cintillo\/"},"img":{"alt_text":"","src":"https:\/\/i0.wp.com\/www.grieta.org.mx\/wp-content\/uploads\/2019\/08\/Captura-de-pantalla-2019-07-25-a-las-22.25.10.png?resize=350%2C200&ssl=1","width":350,"height":200,"srcset":"https:\/\/i0.wp.com\/www.grieta.org.mx\/wp-content\/uploads\/2019\/08\/Captura-de-pantalla-2019-07-25-a-las-22.25.10.png?resize=350%2C200&ssl=1 1x, https:\/\/i0.wp.com\/www.grieta.org.mx\/wp-content\/uploads\/2019\/08\/Captura-de-pantalla-2019-07-25-a-las-22.25.10.png?resize=525%2C300&ssl=1 1.5x, https:\/\/i0.wp.com\/www.grieta.org.mx\/wp-content\/uploads\/2019\/08\/Captura-de-pantalla-2019-07-25-a-las-22.25.10.png?resize=700%2C400&ssl=1 2x"},"classes":[]},{"id":5033,"url":"https:\/\/www.grieta.org.mx\/index.php\/2016\/01\/20\/mexico-denuncian-destruccion-en-emblematica-laguna-de-cancun\/","url_meta":{"origin":2534,"position":4},"title":"M\u00e9xico: denuncian destrucci\u00f3n en emblem\u00e1tica laguna de Canc\u00fan","author":"grieta","date":"20 enero, 2016","format":false,"excerpt":"Juan Paullier BBC Mundo, Ciudad de M\u00e9xico (@juanpaullier) 20 enero 2016 Organizaciones civiles en Canc\u00fan denuncian la destrucci\u00f3n total de una zona de manglar en una emblem\u00e1tica laguna de ese centro tur\u00edstico en el Caribe mexicano. De acuerdo a la organizaci\u00f3n Salvemos Manglar Tajamar, creada para aunar esfuerzos en torno\u2026","rel":"","context":"En &quot;CINTILLO&quot;","block_context":{"text":"CINTILLO","link":"https:\/\/www.grieta.org.mx\/index.php\/category\/cintillo\/"},"img":{"alt_text":"","src":"https:\/\/i0.wp.com\/www.grieta.org.mx\/wp-content\/uploads\/2018\/03\/14524434_1106112876131411_958039263622046936_o.jpg?resize=350%2C200&ssl=1","width":350,"height":200,"srcset":"https:\/\/i0.wp.com\/www.grieta.org.mx\/wp-content\/uploads\/2018\/03\/14524434_1106112876131411_958039263622046936_o.jpg?resize=350%2C200&ssl=1 1x, https:\/\/i0.wp.com\/www.grieta.org.mx\/wp-content\/uploads\/2018\/03\/14524434_1106112876131411_958039263622046936_o.jpg?resize=525%2C300&ssl=1 1.5x, https:\/\/i0.wp.com\/www.grieta.org.mx\/wp-content\/uploads\/2018\/03\/14524434_1106112876131411_958039263622046936_o.jpg?resize=700%2C400&ssl=1 2x"},"classes":[]},{"id":5036,"url":"https:\/\/www.grieta.org.mx\/index.php\/2016\/01\/16\/cancun-despierta-devastan-malecon-tajamar-en-la-madrugada-y-con-proteccion-de-granaderos-entran-con-maquinaria-para-rellenar-manglar\/","url_meta":{"origin":2534,"position":5},"title":"\u201c\u00a1Canc\u00fan, Despierta!\u201d | Devastan Malec\u00f3n Tajamar: En la madrugada y con protecci\u00f3n de granaderos, entran con maquinaria para rellenar manglar","author":"grieta","date":"16 enero, 2016","format":false,"excerpt":"CANC\u00daN, MX.- En la oscuridad de la noche, como los delincuentes, con protecci\u00f3n de decenas de granaderos del gobierno municipal de Paul Carrillo y de la polic\u00eda estatal de Roberto Borge, la madrugada de este s\u00e1bado, maquinaria pesada y volquetes ingresaron a los terrenos del Malec\u00f3n Tajamar y empezaron a\u2026","rel":"","context":"En &quot;CINTILLO&quot;","block_context":{"text":"CINTILLO","link":"https:\/\/www.grieta.org.mx\/index.php\/category\/cintillo\/"},"img":{"alt_text":"","src":"https:\/\/i0.wp.com\/www.grieta.org.mx\/wp-content\/uploads\/2018\/03\/14524434_1106112876131411_958039263622046936_o.jpg?resize=350%2C200&ssl=1","width":350,"height":200,"srcset":"https:\/\/i0.wp.com\/www.grieta.org.mx\/wp-content\/uploads\/2018\/03\/14524434_1106112876131411_958039263622046936_o.jpg?resize=350%2C200&ssl=1 1x, https:\/\/i0.wp.com\/www.grieta.org.mx\/wp-content\/uploads\/2018\/03\/14524434_1106112876131411_958039263622046936_o.jpg?resize=525%2C300&ssl=1 1.5x, https:\/\/i0.wp.com\/www.grieta.org.mx\/wp-content\/uploads\/2018\/03\/14524434_1106112876131411_958039263622046936_o.jpg?resize=700%2C400&ssl=1 2x"},"classes":[]}],"_links":{"self":[{"href":"https:\/\/www.grieta.org.mx\/index.php\/wp-json\/wp\/v2\/posts\/2534","targetHints":{"allow":["GET"]}}],"collection":[{"href":"https:\/\/www.grieta.org.mx\/index.php\/wp-json\/wp\/v2\/posts"}],"about":[{"href":"https:\/\/www.grieta.org.mx\/index.php\/wp-json\/wp\/v2\/types\/post"}],"author":[{"embeddable":true,"href":"https:\/\/www.grieta.org.mx\/index.php\/wp-json\/wp\/v2\/users\/2"}],"replies":[{"embeddable":true,"href":"https:\/\/www.grieta.org.mx\/index.php\/wp-json\/wp\/v2\/comments?post=2534"}],"version-history":[{"count":1,"href":"https:\/\/www.grieta.org.mx\/index.php\/wp-json\/wp\/v2\/posts\/2534\/revisions"}],"predecessor-version":[{"id":2538,"href":"https:\/\/www.grieta.org.mx\/index.php\/wp-json\/wp\/v2\/posts\/2534\/revisions\/2538"}],"wp:featuredmedia":[{"embeddable":true,"href":"https:\/\/www.grieta.org.mx\/index.php\/wp-json\/wp\/v2\/media\/21928"}],"wp:attachment":[{"href":"https:\/\/www.grieta.org.mx\/index.php\/wp-json\/wp\/v2\/media?parent=2534"}],"wp:term":[{"taxonomy":"category","embeddable":true,"href":"https:\/\/www.grieta.org.mx\/index.php\/wp-json\/wp\/v2\/categories?post=2534"},{"taxonomy":"post_tag","embeddable":true,"href":"https:\/\/www.grieta.org.mx\/index.php\/wp-json\/wp\/v2\/tags?post=2534"}],"curies":[{"name":"wp","href":"https:\/\/api.w.org\/{rel}","templated":true}]}}