{"id":25156,"date":"2018-07-27T02:29:55","date_gmt":"2018-07-27T07:29:55","guid":{"rendered":"http:\/\/www.grieta.org.mx\/?p=25156"},"modified":"2018-07-27T02:29:55","modified_gmt":"2018-07-27T07:29:55","slug":"huastecos-anti-fracking-levantan-la-voz-en-defensa-de-ecosistemas-san-luis-potosi","status":"publish","type":"post","link":"https:\/\/www.grieta.org.mx\/index.php\/2018\/07\/27\/huastecos-anti-fracking-levantan-la-voz-en-defensa-de-ecosistemas-san-luis-potosi\/","title":{"rendered":"Huastecos anti Fracking levantan la voz en defensa de ecosistemas (San Luis Potos\u00ed)"},"content":{"rendered":"<p><img decoding=\"async\" data-attachment-id=\"25157\" data-permalink=\"https:\/\/www.grieta.org.mx\/index.php\/2018\/07\/27\/huastecos-anti-fracking-levantan-la-voz-en-defensa-de-ecosistemas-san-luis-potosi\/huastecos-anti-fracking-levantan-la-voz-en-defensa-de-ecosistemas\/\" data-orig-file=\"https:\/\/www.grieta.org.mx\/wp-content\/uploads\/2018\/07\/Huastecos-anti-Fracking-levantan-la-voz-en-defensa-de-ecosistemas.jpg\" data-orig-size=\"768,479\" data-comments-opened=\"0\" data-image-meta=\"{&quot;aperture&quot;:&quot;0&quot;,&quot;credit&quot;:&quot;&quot;,&quot;camera&quot;:&quot;&quot;,&quot;caption&quot;:&quot;&quot;,&quot;created_timestamp&quot;:&quot;0&quot;,&quot;copyright&quot;:&quot;&quot;,&quot;focal_length&quot;:&quot;0&quot;,&quot;iso&quot;:&quot;0&quot;,&quot;shutter_speed&quot;:&quot;0&quot;,&quot;title&quot;:&quot;&quot;,&quot;orientation&quot;:&quot;0&quot;}\" data-image-title=\"Huastecos anti Fracking levantan la voz en defensa de ecosistemas\" data-image-description=\"\" data-image-caption=\"\" data-medium-file=\"https:\/\/www.grieta.org.mx\/wp-content\/uploads\/2018\/07\/Huastecos-anti-Fracking-levantan-la-voz-en-defensa-de-ecosistemas-300x187.jpg\" data-large-file=\"https:\/\/www.grieta.org.mx\/wp-content\/uploads\/2018\/07\/Huastecos-anti-Fracking-levantan-la-voz-en-defensa-de-ecosistemas.jpg\" src=\"http:\/\/www.grieta.org.mx\/wp-content\/uploads\/2018\/07\/Huastecos-anti-Fracking-levantan-la-voz-en-defensa-de-ecosistemas.jpg\" alt=\"\" width=\"100%\" class=\"aligncenter size-full wp-image-25157\" srcset=\"https:\/\/www.grieta.org.mx\/wp-content\/uploads\/2018\/07\/Huastecos-anti-Fracking-levantan-la-voz-en-defensa-de-ecosistemas.jpg 768w, https:\/\/www.grieta.org.mx\/wp-content\/uploads\/2018\/07\/Huastecos-anti-Fracking-levantan-la-voz-en-defensa-de-ecosistemas-300x187.jpg 300w\" sizes=\"(max-width: 768px) 100vw, 768px\" \/><\/p>\n<p>Jos\u00e9 Luis Mart\u00ednez Castro \/ El Sol de San Luis<\/p>\n<p>En el municipio de San Antonio se realizar\u00e1n las primeras movilizaciones, siendo reacciones ocasionadas por el arribo del personal de la empresa paraestatal de petr\u00f3leos mexicanos, con la intenci\u00f3n de dar inicio a los trabajos de perforaci\u00f3n al subsuelo para extraer gas natural con la utilizaci\u00f3n del &#8220;fracking&#8221;.<\/p>\n<p>Ayer por la ma\u00f1ana el alcalde Domingo Rodr\u00edguez Martell, denunci\u00f3 que esto se realiza ya en la sierra del municipio de San Antonio, lo cual es un atentado a los recursos naturales, as\u00ed como a los ecosistemas de la Huasteca, y lo grave es que est\u00e1n utilizando al Ejercito mexicano para lograr este fin.<\/p>\n<p>Por su parte el representante de Confederaci\u00f3n de Colegios y Asociaciones de Abogados de M\u00e9xico A.C. (CONCAAM), Ignacio De la Rosa Mart\u00ednez, dijo que, si se llevan a cabo movilizaciones, no es una oposici\u00f3n\u2026&#8221;De ser cierta la informaci\u00f3n, cada uno de los huastecos debemos pronunciarnos y oponernos al fraking (fractura hidr\u00e1ulica), tomando en cuenta que esto s\u00f3lo traer\u00e1 da\u00f1os como la contaminaci\u00f3n de los mantos formativos y un grave da\u00f1o al medio ambiente\u201d.<\/p>\n<p>Se\u00f1al\u00f3 que\u2026\u201d Podemos interponer juicios de garant\u00edas (amparos) para que sea una autoridad federal, determine si hay o no vulneraci\u00f3n al derecho humano de vivir en un Medio Ambiente Sano y Sustentable&#8221;.<\/p>\n<p>Incluso acusaron que hay muchas irregularidades en la aplicaci\u00f3n de la ley al tratar de defender los recursos naturales; se puso como ejemplo que quienes llevan a cabo la defensa de la Laguna \u201cMarland\u201d en \u00c9bano, la denuncia penal se recibi\u00f3 y fue enviada hasta la PGR en Oaxaca, como si quisieran que se desistiera de esta lucha, pese a que fue un derrame grave de crudo que afect\u00f3 a toda la Laguna y dej\u00f3 sin trabajo a muchas familias que se dedicaban a la pesca.<\/p>\n<p>Algunos ecologistas han mencionado, que empezar\u00e1n las movilizaciones, esto ya se ve\u00eda venir, desde antes que se aprob\u00f3 la reforma energ\u00e9tica y el resultado de todo esto, ser\u00e1n consecuencias graves, tanto en lo econ\u00f3mico, social y ecol\u00f3gico, por lo que se reunir\u00e1n en San Antonio, en la Huasteca centro<\/p>\n<p>Tambi\u00e9n la ciudadan\u00eda est\u00e1 en desacuerdo con esta pr\u00e1ctica, porque esto no tiene nada positivo, esto traer\u00e1 destrucci\u00f3n y contaminaci\u00f3n de todo lo natural, representa un golpe devastador para la huasteca potosina, por ello no permiten la utilizaci\u00f3n de la fractura hidr\u00e1ulica.<\/p>\n<p><a href=\"https:\/\/www.elsoldesanluis.com.mx\/local\/valles\/huastecos-anti-fracking-levantan-la-voz-en-defensa-de-ecosistemas-1866965.html\" rel=\"noopener\" target=\"_blank\">https:\/\/www.elsoldesanluis.com.mx\/local\/valles\/huastecos-anti-fracking-levantan-la-voz-en-defensa-de-ecosistemas-1866965.html<\/a><\/p>\n","protected":false},"excerpt":{"rendered":"<p>Jos\u00e9 Luis Mart\u00ednez Castro \/ El Sol de San Luis En el municipio de San Antonio se realizar\u00e1n las primeras movilizaciones, siendo reacciones ocasionadas por el arribo del personal de &hellip; <a href=\"https:\/\/www.grieta.org.mx\/index.php\/2018\/07\/27\/huastecos-anti-fracking-levantan-la-voz-en-defensa-de-ecosistemas-san-luis-potosi\/\" class=\"more-link\">Leer m\u00e1s<\/a><\/p>\n","protected":false},"author":2,"featured_media":25157,"comment_status":"closed","ping_status":"closed","sticky":false,"template":"","format":"standard","meta":{"ngg_post_thumbnail":0,"_jetpack_newsletter_access":"","_jetpack_dont_email_post_to_subs":false,"_jetpack_newsletter_tier_id":0,"_jetpack_memberships_contains_paywalled_content":false,"_jetpack_memberships_contains_paid_content":false,"footnotes":""},"categories":[80,396,3,922,945,2,1442,29],"tags":[273,1282,266,1481,125,1533],"class_list":["post-25156","post","type-post","status-publish","format-standard","has-post-thumbnail","hentry","category-cintillo","category-fracking","category-megaproyectos","category-megaproyectos-estados","category-mp-san-luis-potosi","category-noticias-nacionales","category-rechazo-al-fracking-en-san-luis-potosi","category-san-luis-potosi","tag-fracking","tag-fractura-hidraulica","tag-gas-shale","tag-huasteca","tag-pemex","tag-san-antonio","entry"],"jetpack_featured_media_url":"https:\/\/www.grieta.org.mx\/wp-content\/uploads\/2018\/07\/Huastecos-anti-Fracking-levantan-la-voz-en-defensa-de-ecosistemas.jpg","jetpack_sharing_enabled":true,"jetpack_shortlink":"https:\/\/wp.me\/p7ZJR4-6xK","jetpack_likes_enabled":false,"jetpack-related-posts":[{"id":25212,"url":"https:\/\/www.grieta.org.mx\/index.php\/2018\/07\/31\/mas-de-2-mil-500-personas-en-la-marcha-contra-el-fracking-san-luis-potosi\/","url_meta":{"origin":25156,"position":0},"title":"M\u00e1s de 2 mil 500 personas en la marcha contra el \u201cFracking\u201d (San Luis Potos\u00ed)","author":"grieta","date":"31 julio, 2018","format":false,"excerpt":"Georgina Jaramillo \/ Zunoticia Anuncian un segundo encuentro el pr\u00f3ximo martes en el municipio de San Antonio Xilitla, S.L.P.- M\u00e1s de 2 mil quinientas personas de distintas comunidades ind\u00edgenas que conforman varios municipios de la Huasteca, participaron en la marcha en la localidad del Barranc\u00f3n Municipio de Tanlaj\u00e1s, para continuar\u2026","rel":"","context":"En &quot;CINTILLO&quot;","block_context":{"text":"CINTILLO","link":"https:\/\/www.grieta.org.mx\/index.php\/category\/cintillo\/"},"img":{"alt_text":"","src":"https:\/\/i0.wp.com\/www.grieta.org.mx\/wp-content\/uploads\/2018\/07\/M%C3%A1s-de-2-mil-500-personas-en-la-marcha-contra-el-%E2%80%9CFracking%E2%80%9D-%E2%80%93-Zunoticia.jpg?resize=350%2C200&ssl=1","width":350,"height":200,"srcset":"https:\/\/i0.wp.com\/www.grieta.org.mx\/wp-content\/uploads\/2018\/07\/M%C3%A1s-de-2-mil-500-personas-en-la-marcha-contra-el-%E2%80%9CFracking%E2%80%9D-%E2%80%93-Zunoticia.jpg?resize=350%2C200&ssl=1 1x, https:\/\/i0.wp.com\/www.grieta.org.mx\/wp-content\/uploads\/2018\/07\/M%C3%A1s-de-2-mil-500-personas-en-la-marcha-contra-el-%E2%80%9CFracking%E2%80%9D-%E2%80%93-Zunoticia.jpg?resize=525%2C300&ssl=1 1.5x"},"classes":[]},{"id":25215,"url":"https:\/\/www.grieta.org.mx\/index.php\/2018\/07\/31\/convertiremos-la-huasteca-en-un-infierno-de-lucha-contra-el-fracking-mhd-san-luis-potosi\/","url_meta":{"origin":25156,"position":1},"title":"Convertiremos la Huasteca en un infierno de lucha contra el &#8220;fracking&#8221;: MHD (San Luis Potos\u00ed)","author":"grieta","date":"31 julio, 2018","format":false,"excerpt":"Jos\u00e9 Luis Mart\u00ednez Castro \/ El Sol de San Luis Poco m\u00e1s de un centenar de campesinos cerraron la carretera Valles-Tampico Movilizaciones y otras acciones son las que realizar\u00e1 el MHD si llegan a utilizar el fracking en la Huasteca, adem\u00e1s que exigen cancelar las rondas de licitaciones para la\u2026","rel":"","context":"En &quot;CINTILLO&quot;","block_context":{"text":"CINTILLO","link":"https:\/\/www.grieta.org.mx\/index.php\/category\/cintillo\/"},"img":{"alt_text":"","src":"https:\/\/i0.wp.com\/www.grieta.org.mx\/wp-content\/uploads\/2018\/07\/Convertiremos-la-Huasteca-en-un-infierno-de-lucha-contra-el.jpg?resize=350%2C200&ssl=1","width":350,"height":200,"srcset":"https:\/\/i0.wp.com\/www.grieta.org.mx\/wp-content\/uploads\/2018\/07\/Convertiremos-la-Huasteca-en-un-infierno-de-lucha-contra-el.jpg?resize=350%2C200&ssl=1 1x, https:\/\/i0.wp.com\/www.grieta.org.mx\/wp-content\/uploads\/2018\/07\/Convertiremos-la-Huasteca-en-un-infierno-de-lucha-contra-el.jpg?resize=525%2C300&ssl=1 1.5x, https:\/\/i0.wp.com\/www.grieta.org.mx\/wp-content\/uploads\/2018\/07\/Convertiremos-la-Huasteca-en-un-infierno-de-lucha-contra-el.jpg?resize=700%2C400&ssl=1 2x"},"classes":[]},{"id":25153,"url":"https:\/\/www.grieta.org.mx\/index.php\/2018\/07\/27\/ejercito-custodia-camionetas-con-explosivos-dicen-es-el-fracking-san-luis-potosi\/","url_meta":{"origin":25156,"position":2},"title":"Ej\u00e9rcito custodia camionetas con explosivos, dicen es el Fracking (San Luis Potos\u00ed)","author":"grieta","date":"27 julio, 2018","format":false,"excerpt":"Jos\u00e9 Luis Mart\u00ednez Castro \/ El Sol de San Luis El Ej\u00e9rcito y la polic\u00eda llegaron a la localidad de \u201cSan Pedro\u201d, en San Antonio, custodiando camionetas del PEMEX con explosivos lo que puede ser el inicio del Fracking en la Huasteca o tambi\u00e9n conocida como fractura hidr\u00e1ulica, lo que\u2026","rel":"","context":"En &quot;CINTILLO&quot;","block_context":{"text":"CINTILLO","link":"https:\/\/www.grieta.org.mx\/index.php\/category\/cintillo\/"},"img":{"alt_text":"","src":"https:\/\/i0.wp.com\/www.grieta.org.mx\/wp-content\/uploads\/2018\/07\/Ejercito-custodia-camionetas-con-explosivos-dicen-es-el-Fracking.jpg?resize=350%2C200&ssl=1","width":350,"height":200,"srcset":"https:\/\/i0.wp.com\/www.grieta.org.mx\/wp-content\/uploads\/2018\/07\/Ejercito-custodia-camionetas-con-explosivos-dicen-es-el-Fracking.jpg?resize=350%2C200&ssl=1 1x, https:\/\/i0.wp.com\/www.grieta.org.mx\/wp-content\/uploads\/2018\/07\/Ejercito-custodia-camionetas-con-explosivos-dicen-es-el-Fracking.jpg?resize=525%2C300&ssl=1 1.5x, https:\/\/i0.wp.com\/www.grieta.org.mx\/wp-content\/uploads\/2018\/07\/Ejercito-custodia-camionetas-con-explosivos-dicen-es-el-Fracking.jpg?resize=700%2C400&ssl=1 2x"},"classes":[]},{"id":8732,"url":"https:\/\/www.grieta.org.mx\/index.php\/2016\/09\/10\/rechazo-al-fracking-en-san-luis-potosi\/","url_meta":{"origin":25156,"position":3},"title":"Rechazo al fracking en San Luis Potos\u00ed","author":"grieta","date":"10 septiembre, 2016","format":false,"excerpt":"05\/09\/16. Oposici\u00f3n huasteca a fracking por PemexEl Mexicano 06\/08\/16. Ind\u00edgenas en la Huasteca est\u00e1n alertas: el fracking no tarda en tomar sus patios, tambi\u00e9n su aguaSin Embargo 24\/07\/16. Encuentro contra el fracking en SLPEl Sol de San Luis 15\/07\/16. Definir\u00e1n acciones a emprender contra el fracking en la Huasteca, SLPEl\u2026","rel":"","context":"En &quot;Fracking&quot;","block_context":{"text":"Fracking","link":"https:\/\/www.grieta.org.mx\/index.php\/category\/megaproyectos\/fracking\/"},"img":{"alt_text":"","src":"https:\/\/i0.wp.com\/www.grieta.org.mx\/wp-content\/uploads\/2018\/03\/14524434_1106112876131411_958039263622046936_o.jpg?resize=350%2C200&ssl=1","width":350,"height":200,"srcset":"https:\/\/i0.wp.com\/www.grieta.org.mx\/wp-content\/uploads\/2018\/03\/14524434_1106112876131411_958039263622046936_o.jpg?resize=350%2C200&ssl=1 1x, https:\/\/i0.wp.com\/www.grieta.org.mx\/wp-content\/uploads\/2018\/03\/14524434_1106112876131411_958039263622046936_o.jpg?resize=525%2C300&ssl=1 1.5x, https:\/\/i0.wp.com\/www.grieta.org.mx\/wp-content\/uploads\/2018\/03\/14524434_1106112876131411_958039263622046936_o.jpg?resize=700%2C400&ssl=1 2x"},"classes":[]},{"id":25548,"url":"https:\/\/www.grieta.org.mx\/index.php\/2018\/08\/15\/huasteca-contra-el-fracking-cerraran-paso-a-pemex-san-luis-potosi\/","url_meta":{"origin":25156,"position":4},"title":"Huasteca contra el fracking, cerrar\u00e1n paso a Pemex (San Luis Potos\u00ed)","author":"grieta","date":"15 agosto, 2018","format":false,"excerpt":"Jos\u00e9 Luis Mart\u00ednez Castro \/ El Sol de San Luis \"Huastecos defender\u00e1n los pozos que Pemex quiere explotar\" \"En la zona Tenek se impedir\u00e1 llegue el \u201cfracking\u201d, incluso si es necesario se recurrir\u00e1 al amparo de la justicia federal, ya que esta practica devastara los recursos naturales y contaminara el\u2026","rel":"","context":"En &quot;CINTILLO&quot;","block_context":{"text":"CINTILLO","link":"https:\/\/www.grieta.org.mx\/index.php\/category\/cintillo\/"},"img":{"alt_text":"","src":"https:\/\/i0.wp.com\/www.grieta.org.mx\/wp-content\/uploads\/2018\/08\/Huasteca-contra-el-fracking-cerrar%C3%A1n-paso-a-Pemex.jpg?resize=350%2C200&ssl=1","width":350,"height":200,"srcset":"https:\/\/i0.wp.com\/www.grieta.org.mx\/wp-content\/uploads\/2018\/08\/Huasteca-contra-el-fracking-cerrar%C3%A1n-paso-a-Pemex.jpg?resize=350%2C200&ssl=1 1x, https:\/\/i0.wp.com\/www.grieta.org.mx\/wp-content\/uploads\/2018\/08\/Huasteca-contra-el-fracking-cerrar%C3%A1n-paso-a-Pemex.jpg?resize=525%2C300&ssl=1 1.5x, https:\/\/i0.wp.com\/www.grieta.org.mx\/wp-content\/uploads\/2018\/08\/Huasteca-contra-el-fracking-cerrar%C3%A1n-paso-a-Pemex.jpg?resize=700%2C400&ssl=1 2x"},"classes":[]},{"id":17610,"url":"https:\/\/www.grieta.org.mx\/index.php\/2016\/07\/15\/definiran-acciones-a-emprender-contra-el-fracking-en-la-huasteca-slp\/","url_meta":{"origin":25156,"position":5},"title":"Definir\u00e1n acciones a emprender contra el fracking en la Huasteca (San Luis Potos\u00ed)","author":"grieta","date":"15 julio, 2016","format":false,"excerpt":"Jos\u00e9 Luis Mart\u00ednez Castro \/ El Sol de San Luis Xilitla, San Luis Potos\u00ed.- Para analizar la situaci\u00f3n de la lucha y movimientos realizados en los Estados amenazados por los gasoductos, hidroel\u00e9ctricas, termoel\u00e9ctricas, trasvase de agua (acueducto Monterrey VI) y la t\u00e9cnica de la fractura hidr\u00e1ulica para la extracci\u00f3n de\u2026","rel":"","context":"En &quot;CINTILLO&quot;","block_context":{"text":"CINTILLO","link":"https:\/\/www.grieta.org.mx\/index.php\/category\/cintillo\/"},"img":{"alt_text":"","src":"https:\/\/i0.wp.com\/www.grieta.org.mx\/wp-content\/uploads\/2018\/03\/14524434_1106112876131411_958039263622046936_o.jpg?resize=350%2C200&ssl=1","width":350,"height":200,"srcset":"https:\/\/i0.wp.com\/www.grieta.org.mx\/wp-content\/uploads\/2018\/03\/14524434_1106112876131411_958039263622046936_o.jpg?resize=350%2C200&ssl=1 1x, https:\/\/i0.wp.com\/www.grieta.org.mx\/wp-content\/uploads\/2018\/03\/14524434_1106112876131411_958039263622046936_o.jpg?resize=525%2C300&ssl=1 1.5x, https:\/\/i0.wp.com\/www.grieta.org.mx\/wp-content\/uploads\/2018\/03\/14524434_1106112876131411_958039263622046936_o.jpg?resize=700%2C400&ssl=1 2x"},"classes":[]}],"_links":{"self":[{"href":"https:\/\/www.grieta.org.mx\/index.php\/wp-json\/wp\/v2\/posts\/25156","targetHints":{"allow":["GET"]}}],"collection":[{"href":"https:\/\/www.grieta.org.mx\/index.php\/wp-json\/wp\/v2\/posts"}],"about":[{"href":"https:\/\/www.grieta.org.mx\/index.php\/wp-json\/wp\/v2\/types\/post"}],"author":[{"embeddable":true,"href":"https:\/\/www.grieta.org.mx\/index.php\/wp-json\/wp\/v2\/users\/2"}],"replies":[{"embeddable":true,"href":"https:\/\/www.grieta.org.mx\/index.php\/wp-json\/wp\/v2\/comments?post=25156"}],"version-history":[{"count":1,"href":"https:\/\/www.grieta.org.mx\/index.php\/wp-json\/wp\/v2\/posts\/25156\/revisions"}],"predecessor-version":[{"id":25158,"href":"https:\/\/www.grieta.org.mx\/index.php\/wp-json\/wp\/v2\/posts\/25156\/revisions\/25158"}],"wp:featuredmedia":[{"embeddable":true,"href":"https:\/\/www.grieta.org.mx\/index.php\/wp-json\/wp\/v2\/media\/25157"}],"wp:attachment":[{"href":"https:\/\/www.grieta.org.mx\/index.php\/wp-json\/wp\/v2\/media?parent=25156"}],"wp:term":[{"taxonomy":"category","embeddable":true,"href":"https:\/\/www.grieta.org.mx\/index.php\/wp-json\/wp\/v2\/categories?post=25156"},{"taxonomy":"post_tag","embeddable":true,"href":"https:\/\/www.grieta.org.mx\/index.php\/wp-json\/wp\/v2\/tags?post=25156"}],"curies":[{"name":"wp","href":"https:\/\/api.w.org\/{rel}","templated":true}]}}