{"id":25153,"date":"2018-07-27T02:17:29","date_gmt":"2018-07-27T07:17:29","guid":{"rendered":"http:\/\/www.grieta.org.mx\/?p=25153"},"modified":"2018-07-27T02:17:29","modified_gmt":"2018-07-27T07:17:29","slug":"ejercito-custodia-camionetas-con-explosivos-dicen-es-el-fracking-san-luis-potosi","status":"publish","type":"post","link":"https:\/\/www.grieta.org.mx\/index.php\/2018\/07\/27\/ejercito-custodia-camionetas-con-explosivos-dicen-es-el-fracking-san-luis-potosi\/","title":{"rendered":"Ej\u00e9rcito custodia camionetas con explosivos, dicen es el Fracking (San Luis Potos\u00ed)"},"content":{"rendered":"<p><img decoding=\"async\" data-attachment-id=\"25154\" data-permalink=\"https:\/\/www.grieta.org.mx\/index.php\/2018\/07\/27\/ejercito-custodia-camionetas-con-explosivos-dicen-es-el-fracking-san-luis-potosi\/ejercito-custodia-camionetas-con-explosivos-dicen-es-el-fracking\/\" data-orig-file=\"https:\/\/www.grieta.org.mx\/wp-content\/uploads\/2018\/07\/Ejercito-custodia-camionetas-con-explosivos-dicen-es-el-Fracking.jpg\" data-orig-size=\"768,479\" data-comments-opened=\"0\" data-image-meta=\"{&quot;aperture&quot;:&quot;0&quot;,&quot;credit&quot;:&quot;&quot;,&quot;camera&quot;:&quot;&quot;,&quot;caption&quot;:&quot;&quot;,&quot;created_timestamp&quot;:&quot;0&quot;,&quot;copyright&quot;:&quot;&quot;,&quot;focal_length&quot;:&quot;0&quot;,&quot;iso&quot;:&quot;0&quot;,&quot;shutter_speed&quot;:&quot;0&quot;,&quot;title&quot;:&quot;&quot;,&quot;orientation&quot;:&quot;0&quot;}\" data-image-title=\"Ejercito custodia camionetas con explosivos, dicen es el Fracking\" data-image-description=\"\" data-image-caption=\"\" data-medium-file=\"https:\/\/www.grieta.org.mx\/wp-content\/uploads\/2018\/07\/Ejercito-custodia-camionetas-con-explosivos-dicen-es-el-Fracking-300x187.jpg\" data-large-file=\"https:\/\/www.grieta.org.mx\/wp-content\/uploads\/2018\/07\/Ejercito-custodia-camionetas-con-explosivos-dicen-es-el-Fracking.jpg\" src=\"http:\/\/www.grieta.org.mx\/wp-content\/uploads\/2018\/07\/Ejercito-custodia-camionetas-con-explosivos-dicen-es-el-Fracking.jpg\" alt=\"\" width=\"100%\" class=\"aligncenter size-full wp-image-25154\" srcset=\"https:\/\/www.grieta.org.mx\/wp-content\/uploads\/2018\/07\/Ejercito-custodia-camionetas-con-explosivos-dicen-es-el-Fracking.jpg 768w, https:\/\/www.grieta.org.mx\/wp-content\/uploads\/2018\/07\/Ejercito-custodia-camionetas-con-explosivos-dicen-es-el-Fracking-300x187.jpg 300w\" sizes=\"(max-width: 768px) 100vw, 768px\" \/><\/p>\n<p>Jos\u00e9 Luis Mart\u00ednez Castro \/ El Sol de San Luis<\/p>\n<p>El Ej\u00e9rcito y la polic\u00eda llegaron a la localidad de \u201cSan Pedro\u201d, en San Antonio, custodiando camionetas del PEMEX con explosivos lo que puede ser el inicio del Fracking en la Huasteca o tambi\u00e9n conocida como fractura hidr\u00e1ulica, lo que ha generado un clima de preocupaci\u00f3n e incertidumbre.<\/p>\n<p>Lo anterior se conoci\u00f3 a trav\u00e9s de las redes sociales y fue el ex diputado federal, Domingo Rodr\u00edguez Martell, quien a trav\u00e9s de su cuenta denunci\u00f3 que arribaron los elementos del Ej\u00e9rcito Mexicano y SSPE, custodiando veh\u00edculos y trabajadores de PEMEX a San Pedro, municipio de San Antonio, lo que asegura es para dar inicio al Fracking, m\u00e9todo con el cual se extraer\u00e1 gas y petr\u00f3leo.<\/p>\n<p>Tambi\u00e9n se\u00f1ala que los elementos del ej\u00e9rcito, la polic\u00eda estatal y de PEMEX, est\u00e1n adentr\u00e1ndose a las parcelas propiedad de los ind\u00edgenas de San Antonio, pero sin portar orden alguna, tal vez para depositar los explosivos, los cuales utilizar\u00e1n para posteriormente extraer los hidrocarburos en la regi\u00f3n.<\/p>\n<p>Esto traer\u00e1 como consecuencia la contaminaci\u00f3n del entorno, y un ecocidio que afectar\u00e1 gran parte de la regi\u00f3n, acabando con la flora y fauna, ya que al utilizar la fractura hidr\u00e1ulica se requieren de m\u00e1s de 260 sustancias qu\u00edmicas que son altamente t\u00f3xicos, lo que genera c\u00e1ncer as\u00ed como mutaciones, afectando a la vez a la poblaci\u00f3n, que ha externado su rechazo a la fractura hidr\u00e1ulica y adem\u00e1s porque no hay informaci\u00f3n si en la \u00faltima ronda se aprob\u00f3 la extracci\u00f3n de gas y de petr\u00f3leo en la Huasteca Potosina.<\/p>\n<p>Esto se realiza a pesar de que los ayuntamientos votaron en contra del fracking, sin embargo, la actual legislatura del Congreso del Estado y el Congreso de la Uni\u00f3n aprobaron la explotaci\u00f3n de los recursos naturales utilizando este m\u00e9todo, con lo cual extraer\u00e1n los hidrocarburos que hay en la zona huasteca, utilizando agua y una gran cantidad de qu\u00edmicos y de esta manera extraer el combustible crudo.<\/p>\n<p>La llegada de veh\u00edculos de Pemex custodiados por el Ejercito mexicano y por la polic\u00eda estatal, es la causa de que se integren ya grupos de oposici\u00f3n, no solo de San Antonio, sino de Xilitla, Tanlajas, Tamasopo, Ciudad Valles y otros, donde hay pozos de hidrocarburos, los cuales buscaran a toda medida evitar la utilizaci\u00f3n del fracking, para que no se contaminen los mantos fre\u00e1ticos como ha ocurrido en otros pa\u00edses.<\/p>\n<p><a href=\"https:\/\/www.elsoldesanluis.com.mx\/local\/valles\/ejercito-custodia-camionetas-con-explosivos-dicen-es-el-fracking-1864206.html\" rel=\"noopener\" target=\"_blank\">https:\/\/www.elsoldesanluis.com.mx\/local\/valles\/ejercito-custodia-camionetas-con-explosivos-dicen-es-el-fracking-1864206.html<\/a><\/p>\n","protected":false},"excerpt":{"rendered":"<p>Jos\u00e9 Luis Mart\u00ednez Castro \/ El Sol de San Luis El Ej\u00e9rcito y la polic\u00eda llegaron a la localidad de \u201cSan Pedro\u201d, en San Antonio, custodiando camionetas del PEMEX con &hellip; <a href=\"https:\/\/www.grieta.org.mx\/index.php\/2018\/07\/27\/ejercito-custodia-camionetas-con-explosivos-dicen-es-el-fracking-san-luis-potosi\/\" class=\"more-link\">Leer m\u00e1s<\/a><\/p>\n","protected":false},"author":2,"featured_media":25154,"comment_status":"closed","ping_status":"closed","sticky":false,"template":"","format":"standard","meta":{"ngg_post_thumbnail":0,"_jetpack_newsletter_access":"","_jetpack_dont_email_post_to_subs":false,"_jetpack_newsletter_tier_id":0,"_jetpack_memberships_contains_paywalled_content":false,"_jetpack_memberships_contains_paid_content":false,"footnotes":""},"categories":[80,396,3,922,945,2,1442,29],"tags":[223,273,1282,266,1481,1281,125,1533],"class_list":["post-25153","post","type-post","status-publish","format-standard","has-post-thumbnail","hentry","category-cintillo","category-fracking","category-megaproyectos","category-megaproyectos-estados","category-mp-san-luis-potosi","category-noticias-nacionales","category-rechazo-al-fracking-en-san-luis-potosi","category-san-luis-potosi","tag-ecocidio","tag-fracking","tag-fractura-hidraulica","tag-gas-shale","tag-huasteca","tag-mantos-freaticos","tag-pemex","tag-san-antonio","entry"],"jetpack_featured_media_url":"https:\/\/www.grieta.org.mx\/wp-content\/uploads\/2018\/07\/Ejercito-custodia-camionetas-con-explosivos-dicen-es-el-Fracking.jpg","jetpack_sharing_enabled":true,"jetpack_shortlink":"https:\/\/wp.me\/p7ZJR4-6xH","jetpack_likes_enabled":false,"jetpack-related-posts":[{"id":25548,"url":"https:\/\/www.grieta.org.mx\/index.php\/2018\/08\/15\/huasteca-contra-el-fracking-cerraran-paso-a-pemex-san-luis-potosi\/","url_meta":{"origin":25153,"position":0},"title":"Huasteca contra el fracking, cerrar\u00e1n paso a Pemex (San Luis Potos\u00ed)","author":"grieta","date":"15 agosto, 2018","format":false,"excerpt":"Jos\u00e9 Luis Mart\u00ednez Castro \/ El Sol de San Luis \"Huastecos defender\u00e1n los pozos que Pemex quiere explotar\" \"En la zona Tenek se impedir\u00e1 llegue el \u201cfracking\u201d, incluso si es necesario se recurrir\u00e1 al amparo de la justicia federal, ya que esta practica devastara los recursos naturales y contaminara el\u2026","rel":"","context":"En &quot;CINTILLO&quot;","block_context":{"text":"CINTILLO","link":"https:\/\/www.grieta.org.mx\/index.php\/category\/cintillo\/"},"img":{"alt_text":"","src":"https:\/\/i0.wp.com\/www.grieta.org.mx\/wp-content\/uploads\/2018\/08\/Huasteca-contra-el-fracking-cerrar%C3%A1n-paso-a-Pemex.jpg?resize=350%2C200&ssl=1","width":350,"height":200,"srcset":"https:\/\/i0.wp.com\/www.grieta.org.mx\/wp-content\/uploads\/2018\/08\/Huasteca-contra-el-fracking-cerrar%C3%A1n-paso-a-Pemex.jpg?resize=350%2C200&ssl=1 1x, https:\/\/i0.wp.com\/www.grieta.org.mx\/wp-content\/uploads\/2018\/08\/Huasteca-contra-el-fracking-cerrar%C3%A1n-paso-a-Pemex.jpg?resize=525%2C300&ssl=1 1.5x, https:\/\/i0.wp.com\/www.grieta.org.mx\/wp-content\/uploads\/2018\/08\/Huasteca-contra-el-fracking-cerrar%C3%A1n-paso-a-Pemex.jpg?resize=700%2C400&ssl=1 2x"},"classes":[]},{"id":25212,"url":"https:\/\/www.grieta.org.mx\/index.php\/2018\/07\/31\/mas-de-2-mil-500-personas-en-la-marcha-contra-el-fracking-san-luis-potosi\/","url_meta":{"origin":25153,"position":1},"title":"M\u00e1s de 2 mil 500 personas en la marcha contra el \u201cFracking\u201d (San Luis Potos\u00ed)","author":"grieta","date":"31 julio, 2018","format":false,"excerpt":"Georgina Jaramillo \/ Zunoticia Anuncian un segundo encuentro el pr\u00f3ximo martes en el municipio de San Antonio Xilitla, S.L.P.- M\u00e1s de 2 mil quinientas personas de distintas comunidades ind\u00edgenas que conforman varios municipios de la Huasteca, participaron en la marcha en la localidad del Barranc\u00f3n Municipio de Tanlaj\u00e1s, para continuar\u2026","rel":"","context":"En &quot;CINTILLO&quot;","block_context":{"text":"CINTILLO","link":"https:\/\/www.grieta.org.mx\/index.php\/category\/cintillo\/"},"img":{"alt_text":"","src":"https:\/\/i0.wp.com\/www.grieta.org.mx\/wp-content\/uploads\/2018\/07\/M%C3%A1s-de-2-mil-500-personas-en-la-marcha-contra-el-%E2%80%9CFracking%E2%80%9D-%E2%80%93-Zunoticia.jpg?resize=350%2C200&ssl=1","width":350,"height":200,"srcset":"https:\/\/i0.wp.com\/www.grieta.org.mx\/wp-content\/uploads\/2018\/07\/M%C3%A1s-de-2-mil-500-personas-en-la-marcha-contra-el-%E2%80%9CFracking%E2%80%9D-%E2%80%93-Zunoticia.jpg?resize=350%2C200&ssl=1 1x, https:\/\/i0.wp.com\/www.grieta.org.mx\/wp-content\/uploads\/2018\/07\/M%C3%A1s-de-2-mil-500-personas-en-la-marcha-contra-el-%E2%80%9CFracking%E2%80%9D-%E2%80%93-Zunoticia.jpg?resize=525%2C300&ssl=1 1.5x"},"classes":[]},{"id":25156,"url":"https:\/\/www.grieta.org.mx\/index.php\/2018\/07\/27\/huastecos-anti-fracking-levantan-la-voz-en-defensa-de-ecosistemas-san-luis-potosi\/","url_meta":{"origin":25153,"position":2},"title":"Huastecos anti Fracking levantan la voz en defensa de ecosistemas (San Luis Potos\u00ed)","author":"grieta","date":"27 julio, 2018","format":false,"excerpt":"Jos\u00e9 Luis Mart\u00ednez Castro \/ El Sol de San Luis En el municipio de San Antonio se realizar\u00e1n las primeras movilizaciones, siendo reacciones ocasionadas por el arribo del personal de la empresa paraestatal de petr\u00f3leos mexicanos, con la intenci\u00f3n de dar inicio a los trabajos de perforaci\u00f3n al subsuelo para\u2026","rel":"","context":"En &quot;CINTILLO&quot;","block_context":{"text":"CINTILLO","link":"https:\/\/www.grieta.org.mx\/index.php\/category\/cintillo\/"},"img":{"alt_text":"","src":"https:\/\/i0.wp.com\/www.grieta.org.mx\/wp-content\/uploads\/2018\/07\/Huastecos-anti-Fracking-levantan-la-voz-en-defensa-de-ecosistemas.jpg?resize=350%2C200&ssl=1","width":350,"height":200,"srcset":"https:\/\/i0.wp.com\/www.grieta.org.mx\/wp-content\/uploads\/2018\/07\/Huastecos-anti-Fracking-levantan-la-voz-en-defensa-de-ecosistemas.jpg?resize=350%2C200&ssl=1 1x, https:\/\/i0.wp.com\/www.grieta.org.mx\/wp-content\/uploads\/2018\/07\/Huastecos-anti-Fracking-levantan-la-voz-en-defensa-de-ecosistemas.jpg?resize=525%2C300&ssl=1 1.5x, https:\/\/i0.wp.com\/www.grieta.org.mx\/wp-content\/uploads\/2018\/07\/Huastecos-anti-Fracking-levantan-la-voz-en-defensa-de-ecosistemas.jpg?resize=700%2C400&ssl=1 2x"},"classes":[]},{"id":25215,"url":"https:\/\/www.grieta.org.mx\/index.php\/2018\/07\/31\/convertiremos-la-huasteca-en-un-infierno-de-lucha-contra-el-fracking-mhd-san-luis-potosi\/","url_meta":{"origin":25153,"position":3},"title":"Convertiremos la Huasteca en un infierno de lucha contra el &#8220;fracking&#8221;: MHD (San Luis Potos\u00ed)","author":"grieta","date":"31 julio, 2018","format":false,"excerpt":"Jos\u00e9 Luis Mart\u00ednez Castro \/ El Sol de San Luis Poco m\u00e1s de un centenar de campesinos cerraron la carretera Valles-Tampico Movilizaciones y otras acciones son las que realizar\u00e1 el MHD si llegan a utilizar el fracking en la Huasteca, adem\u00e1s que exigen cancelar las rondas de licitaciones para la\u2026","rel":"","context":"En &quot;CINTILLO&quot;","block_context":{"text":"CINTILLO","link":"https:\/\/www.grieta.org.mx\/index.php\/category\/cintillo\/"},"img":{"alt_text":"","src":"https:\/\/i0.wp.com\/www.grieta.org.mx\/wp-content\/uploads\/2018\/07\/Convertiremos-la-Huasteca-en-un-infierno-de-lucha-contra-el.jpg?resize=350%2C200&ssl=1","width":350,"height":200,"srcset":"https:\/\/i0.wp.com\/www.grieta.org.mx\/wp-content\/uploads\/2018\/07\/Convertiremos-la-Huasteca-en-un-infierno-de-lucha-contra-el.jpg?resize=350%2C200&ssl=1 1x, https:\/\/i0.wp.com\/www.grieta.org.mx\/wp-content\/uploads\/2018\/07\/Convertiremos-la-Huasteca-en-un-infierno-de-lucha-contra-el.jpg?resize=525%2C300&ssl=1 1.5x, https:\/\/i0.wp.com\/www.grieta.org.mx\/wp-content\/uploads\/2018\/07\/Convertiremos-la-Huasteca-en-un-infierno-de-lucha-contra-el.jpg?resize=700%2C400&ssl=1 2x"},"classes":[]},{"id":8740,"url":"https:\/\/www.grieta.org.mx\/index.php\/2015\/05\/21\/productores-agropecuarios-de-la-huasteca-se-pronuncian-contra-el-fracking\/","url_meta":{"origin":25153,"position":4},"title":"Productores agropecuarios de la Huasteca se pronuncian contra el fracking (San Luis Potos\u00ed)","author":"grieta","date":"21 mayo, 2015","format":false,"excerpt":"San Luis Potos\u00ed, S. L. P.- Rosa Esther Pe\u00f1a Soto, \u00a0Coordinadora de Organizaciones Campesinas e Ind\u00edgenas de la Huasteca Potosina \u00a0(COCIHP) denunci\u00f3 que en la Huasteca potosina, productores de 18 municipios podr\u00e1n verse afectados por el fracking y el plan Monterrey VI. Pe\u00f1a Soto detallo que cafetaleros, productores de piloncillo,\u2026","rel":"","context":"En &quot;CINTILLO&quot;","block_context":{"text":"CINTILLO","link":"https:\/\/www.grieta.org.mx\/index.php\/category\/cintillo\/"},"img":{"alt_text":"","src":"https:\/\/i0.wp.com\/www.grieta.org.mx\/wp-content\/uploads\/2015\/05\/Productores-agropecuarios-de-la-Huasteca-se-pronuncian-contra-el-fracking.jpg?resize=350%2C200&ssl=1","width":350,"height":200,"srcset":"https:\/\/i0.wp.com\/www.grieta.org.mx\/wp-content\/uploads\/2015\/05\/Productores-agropecuarios-de-la-Huasteca-se-pronuncian-contra-el-fracking.jpg?resize=350%2C200&ssl=1 1x, https:\/\/i0.wp.com\/www.grieta.org.mx\/wp-content\/uploads\/2015\/05\/Productores-agropecuarios-de-la-Huasteca-se-pronuncian-contra-el-fracking.jpg?resize=525%2C300&ssl=1 1.5x, https:\/\/i0.wp.com\/www.grieta.org.mx\/wp-content\/uploads\/2015\/05\/Productores-agropecuarios-de-la-Huasteca-se-pronuncian-contra-el-fracking.jpg?resize=700%2C400&ssl=1 2x, https:\/\/i0.wp.com\/www.grieta.org.mx\/wp-content\/uploads\/2015\/05\/Productores-agropecuarios-de-la-Huasteca-se-pronuncian-contra-el-fracking.jpg?resize=1050%2C600&ssl=1 3x, https:\/\/i0.wp.com\/www.grieta.org.mx\/wp-content\/uploads\/2015\/05\/Productores-agropecuarios-de-la-Huasteca-se-pronuncian-contra-el-fracking.jpg?resize=1400%2C800&ssl=1 4x"},"classes":[]},{"id":17610,"url":"https:\/\/www.grieta.org.mx\/index.php\/2016\/07\/15\/definiran-acciones-a-emprender-contra-el-fracking-en-la-huasteca-slp\/","url_meta":{"origin":25153,"position":5},"title":"Definir\u00e1n acciones a emprender contra el fracking en la Huasteca (San Luis Potos\u00ed)","author":"grieta","date":"15 julio, 2016","format":false,"excerpt":"Jos\u00e9 Luis Mart\u00ednez Castro \/ El Sol de San Luis Xilitla, San Luis Potos\u00ed.- Para analizar la situaci\u00f3n de la lucha y movimientos realizados en los Estados amenazados por los gasoductos, hidroel\u00e9ctricas, termoel\u00e9ctricas, trasvase de agua (acueducto Monterrey VI) y la t\u00e9cnica de la fractura hidr\u00e1ulica para la extracci\u00f3n de\u2026","rel":"","context":"En &quot;CINTILLO&quot;","block_context":{"text":"CINTILLO","link":"https:\/\/www.grieta.org.mx\/index.php\/category\/cintillo\/"},"img":{"alt_text":"","src":"https:\/\/i0.wp.com\/www.grieta.org.mx\/wp-content\/uploads\/2018\/03\/14524434_1106112876131411_958039263622046936_o.jpg?resize=350%2C200&ssl=1","width":350,"height":200,"srcset":"https:\/\/i0.wp.com\/www.grieta.org.mx\/wp-content\/uploads\/2018\/03\/14524434_1106112876131411_958039263622046936_o.jpg?resize=350%2C200&ssl=1 1x, https:\/\/i0.wp.com\/www.grieta.org.mx\/wp-content\/uploads\/2018\/03\/14524434_1106112876131411_958039263622046936_o.jpg?resize=525%2C300&ssl=1 1.5x, https:\/\/i0.wp.com\/www.grieta.org.mx\/wp-content\/uploads\/2018\/03\/14524434_1106112876131411_958039263622046936_o.jpg?resize=700%2C400&ssl=1 2x"},"classes":[]}],"_links":{"self":[{"href":"https:\/\/www.grieta.org.mx\/index.php\/wp-json\/wp\/v2\/posts\/25153","targetHints":{"allow":["GET"]}}],"collection":[{"href":"https:\/\/www.grieta.org.mx\/index.php\/wp-json\/wp\/v2\/posts"}],"about":[{"href":"https:\/\/www.grieta.org.mx\/index.php\/wp-json\/wp\/v2\/types\/post"}],"author":[{"embeddable":true,"href":"https:\/\/www.grieta.org.mx\/index.php\/wp-json\/wp\/v2\/users\/2"}],"replies":[{"embeddable":true,"href":"https:\/\/www.grieta.org.mx\/index.php\/wp-json\/wp\/v2\/comments?post=25153"}],"version-history":[{"count":1,"href":"https:\/\/www.grieta.org.mx\/index.php\/wp-json\/wp\/v2\/posts\/25153\/revisions"}],"predecessor-version":[{"id":25155,"href":"https:\/\/www.grieta.org.mx\/index.php\/wp-json\/wp\/v2\/posts\/25153\/revisions\/25155"}],"wp:featuredmedia":[{"embeddable":true,"href":"https:\/\/www.grieta.org.mx\/index.php\/wp-json\/wp\/v2\/media\/25154"}],"wp:attachment":[{"href":"https:\/\/www.grieta.org.mx\/index.php\/wp-json\/wp\/v2\/media?parent=25153"}],"wp:term":[{"taxonomy":"category","embeddable":true,"href":"https:\/\/www.grieta.org.mx\/index.php\/wp-json\/wp\/v2\/categories?post=25153"},{"taxonomy":"post_tag","embeddable":true,"href":"https:\/\/www.grieta.org.mx\/index.php\/wp-json\/wp\/v2\/tags?post=25153"}],"curies":[{"name":"wp","href":"https:\/\/api.w.org\/{rel}","templated":true}]}}