{"id":25117,"date":"2018-07-24T22:14:57","date_gmt":"2018-07-25T03:14:57","guid":{"rendered":"http:\/\/www.grieta.org.mx\/?p=25117"},"modified":"2018-07-25T22:20:56","modified_gmt":"2018-07-26T03:20:56","slug":"presume-seguridad-publica-saldo-blanco-con-dos-muertos-y-un-asalto-violento-en-fiestas-de-la-guelaguetza-oaxaca","status":"publish","type":"post","link":"https:\/\/www.grieta.org.mx\/index.php\/2018\/07\/24\/presume-seguridad-publica-saldo-blanco-con-dos-muertos-y-un-asalto-violento-en-fiestas-de-la-guelaguetza-oaxaca\/","title":{"rendered":"Presume Seguridad P\u00fablica \u201csaldo blanco\u201d con dos muertos y un asalto violento en fiestas de la Guelaguetza (Oaxaca)"},"content":{"rendered":"<p>P\u00e1gina 3.<\/p>\n<p>Pedro Mat\u00edas,<\/p>\n<p>Oaxaca.- Mientras que el secretario de Seguridad P\u00fablica de Oaxaca (SSPO), Jos\u00e9 Raymundo Tu\u00f1\u00f3n J\u00e1uregui, afirmaba anticipadamente que el primer Lunes del Cerro culmin\u00f3 con \u201csaldo blanco\u201d, en inmediaciones de la feria del mezcal asaltaron e hirieron a un expositor y posteriormente ejecutaron a un taxista.<\/p>\n<p><img loading=\"lazy\" decoding=\"async\" data-attachment-id=\"25119\" data-permalink=\"https:\/\/www.grieta.org.mx\/index.php\/2018\/07\/24\/presume-seguridad-publica-saldo-blanco-con-dos-muertos-y-un-asalto-violento-en-fiestas-de-la-guelaguetza-oaxaca\/alvaroobregon_asesinato-crispin-p3\/\" data-orig-file=\"https:\/\/www.grieta.org.mx\/wp-content\/uploads\/2018\/07\/ALvaroObregon_Asesinato-Crispin-p3.jpg\" data-orig-size=\"1000,510\" data-comments-opened=\"0\" data-image-meta=\"{&quot;aperture&quot;:&quot;0&quot;,&quot;credit&quot;:&quot;&quot;,&quot;camera&quot;:&quot;&quot;,&quot;caption&quot;:&quot;&quot;,&quot;created_timestamp&quot;:&quot;0&quot;,&quot;copyright&quot;:&quot;&quot;,&quot;focal_length&quot;:&quot;0&quot;,&quot;iso&quot;:&quot;0&quot;,&quot;shutter_speed&quot;:&quot;0&quot;,&quot;title&quot;:&quot;&quot;,&quot;orientation&quot;:&quot;0&quot;}\" data-image-title=\"ALvaroObregon_Asesinato-Crispin, p3\" data-image-description=\"\" data-image-caption=\"\" data-medium-file=\"https:\/\/www.grieta.org.mx\/wp-content\/uploads\/2018\/07\/ALvaroObregon_Asesinato-Crispin-p3-300x153.jpg\" data-large-file=\"https:\/\/www.grieta.org.mx\/wp-content\/uploads\/2018\/07\/ALvaroObregon_Asesinato-Crispin-p3.jpg\" src=\"http:\/\/www.grieta.org.mx\/wp-content\/uploads\/2018\/07\/ALvaroObregon_Asesinato-Crispin-p3.jpg\" alt=\"\" width=\"1000\" height=\"510\" class=\"aligncenter size-full wp-image-25119\" srcset=\"https:\/\/www.grieta.org.mx\/wp-content\/uploads\/2018\/07\/ALvaroObregon_Asesinato-Crispin-p3.jpg 1000w, https:\/\/www.grieta.org.mx\/wp-content\/uploads\/2018\/07\/ALvaroObregon_Asesinato-Crispin-p3-300x153.jpg 300w, https:\/\/www.grieta.org.mx\/wp-content\/uploads\/2018\/07\/ALvaroObregon_Asesinato-Crispin-p3-768x392.jpg 768w, https:\/\/www.grieta.org.mx\/wp-content\/uploads\/2018\/07\/ALvaroObregon_Asesinato-Crispin-p3-980x500.jpg 980w\" sizes=\"auto, (max-width: 1000px) 100vw, 1000px\" \/><\/p>\n<p>Horas antes del inicio de la Guelaguetza, en el Istmo de Tehuantepec donde el gobernador despleg\u00f3 el Grupo Fuerza Especial de Seguridad Oaxaca con m\u00e1s de 500 elementos de seguridad y m\u00e1s de 50 veh\u00edculos que atender\u00e1n las tareas de procuraci\u00f3n y administraci\u00f3n de justicia para hacer frente al crimen organizado y a la impunidad, fue asesinado Rolando Crisp\u00edn L\u00f3pez, integrante de la Asamblea de Pueblos de \u00c1lvaro Obreg\u00f3n.<\/p>\n<p>La Asamblea de Pueblos Ind\u00edgenas del Istmo en Defensa de la Tierra y el Territorio denunci\u00f3 que el atentado ocurri\u00f3 alrededor de las 08:00 horas de este domingo despu\u00e9s de concluir su turno como guardia comunitario y \u201ccasi de inmediato, en un moto taxi rojo lleg\u00f3 un sujeto encapuchado quien, de manera artera y cobarde, dispar\u00f3 en repetidas ocasiones contra nuestro compa\u00f1ero, asesin\u00e1ndolo e hiriendo a una ni\u00f1a de 8 a\u00f1os de edad\u201d.<\/p>\n<p>Resaltaron que Rolando Crisp\u00edn L\u00f3pez, quien desde hace cinco a\u00f1os era polic\u00eda comunitario de \u00c1lvaro Obreg\u00f3n, agencia municipal de Juchit\u00e1n, donde desde el 2012, defendieron su territorio en contra de la empresa e\u00f3lica Mare\u00f1a Renovables, ahora llamada E\u00f3lica del Sur.<\/p>\n<p>Como parte de las Fiestas de la Guelaguetza 2018, el gobierno del estado inform\u00f3 que desplegaron mil 400 elementos de la Polic\u00eda Estatal, la Polic\u00eda Vial Estatal y su Unidad Ciclista, el Heroico Cuerpo de Bomberos de Oaxaca (HCBO) y la Unidad de Atenci\u00f3n Prehospitalaria, as\u00ed como la Polic\u00eda Auxiliar, Bancaria, Industrial y Comercial (PABIC), en coordinaci\u00f3n con instancias de salud y protecci\u00f3n civil.<\/p>\n<p>Pese al operativo de seguridad en inmediaciones de la Feria del Mezcal ubicada en el parque Paseo del Llano se report\u00f3 un asalto violento contra un expositor, quien recibi\u00f3 un disparo de arma de fuego en la pierna derecha para poder despojarlo de 60 mil pesos producto de la venta del d\u00eda.<\/p>\n<p>Los hechos ocurrieron anoche entre las calles de San Mart\u00edn y Libres en esta capital donde dos individuos que viajaban en una motocicleta lo interceptaron y lo atacaron con arma de fuego para despojarlo del dinero.<\/p>\n<p>Posteriormente, en la madrugada de esta martes fue ejecutado, en la colonia Reforma, el conductor de un taxi del sitio Luz de Noche de Santa Luc\u00eda del Camino, adherido al Sindicato Libertad, Luis Fabi\u00e1n Santos, de 35 a\u00f1os de edad.<\/p>\n<p>Los hechos ocurrieron alrededor de las 03:00 horas de este martes en la calle de Belisario Dom\u00ednguez esquina con Heroico Colegio Militar, precisamente, a dos cuadras de las oficinas de la Secretar\u00eda de Seguridad P\u00fablica.<\/p>\n<p>El taxista conduc\u00eda la unidad de alquiler con n\u00famero 20-638 del sitio Libertad cuando fue atacado a balazos por sujetos desconocidos recibiendo dos impactos de arma de fuego, uno de ellos en el t\u00f3rax y otro en el cuello.<\/p>\n<p><a href=\"https:\/\/pagina3.mx\/2018\/07\/presume-seguridad-publica-saldo-blanco-con-dos-muertos-y-un-asalto-violento-en-fiestas-de-la-guelaguetza\/\" rel=\"noopener\" target=\"_blank\">https:\/\/pagina3.mx\/2018\/07\/presume-seguridad-publica-saldo-blanco-con-dos-muertos-y-un-asalto-violento-en-fiestas-de-la-guelaguetza\/<\/a><\/p>\n","protected":false},"excerpt":{"rendered":"<p>P\u00e1gina 3. Pedro Mat\u00edas, Oaxaca.- Mientras que el secretario de Seguridad P\u00fablica de Oaxaca (SSPO), Jos\u00e9 Raymundo Tu\u00f1\u00f3n J\u00e1uregui, afirmaba anticipadamente que el primer Lunes del Cerro culmin\u00f3 con \u201csaldo &hellip; <a href=\"https:\/\/www.grieta.org.mx\/index.php\/2018\/07\/24\/presume-seguridad-publica-saldo-blanco-con-dos-muertos-y-un-asalto-violento-en-fiestas-de-la-guelaguetza-oaxaca\/\" class=\"more-link\">Leer m\u00e1s<\/a><\/p>\n","protected":false},"author":2,"featured_media":25119,"comment_status":"closed","ping_status":"closed","sticky":false,"template":"","format":"standard","meta":{"ngg_post_thumbnail":0,"_jetpack_newsletter_access":"","_jetpack_dont_email_post_to_subs":false,"_jetpack_newsletter_tier_id":0,"_jetpack_memberships_contains_paywalled_content":false,"_jetpack_memberships_contains_paid_content":false,"footnotes":""},"categories":[80,2,25,1496],"tags":[],"class_list":["post-25117","post","type-post","status-publish","format-standard","has-post-thumbnail","hentry","category-cintillo","category-noticias-nacionales","category-oaxaca","category-represion-en-oaxaca","entry"],"jetpack_featured_media_url":"https:\/\/www.grieta.org.mx\/wp-content\/uploads\/2018\/07\/ALvaroObregon_Asesinato-Crispin-p3.jpg","jetpack_sharing_enabled":true,"jetpack_shortlink":"https:\/\/wp.me\/p7ZJR4-6x7","jetpack_likes_enabled":false,"jetpack-related-posts":[{"id":18696,"url":"https:\/\/www.grieta.org.mx\/index.php\/2016\/08\/01\/maestros-realizan-3-bloqueos-en-oaxaca-toman-accesos-a-guelaguetza\/","url_meta":{"origin":25117,"position":0},"title":"Maestros realizan 3 bloqueos en Oaxaca; toman accesos a Guelaguetza","author":"grieta","date":"1 agosto, 2016","format":false,"excerpt":"Redacci\u00f3n Reporte Indigo Varios grupos de integrantes de la Secci\u00f3n 22 de la Coordinadora Nacional de los Trabajadores de la Educaci\u00f3n (CNTE), tomaron varias vialidades de la ciudad de Oaxaca. Los profesores mantienen tomados los 3 accesos principales al Cerro del Fort\u00edn, en tanto polic\u00edas estatales vigilan los cercos portando\u2026","rel":"","context":"En &quot;CINTILLO&quot;","block_context":{"text":"CINTILLO","link":"https:\/\/www.grieta.org.mx\/index.php\/category\/cintillo\/"},"img":{"alt_text":"","src":"https:\/\/i0.wp.com\/www.grieta.org.mx\/wp-content\/uploads\/2018\/03\/14524434_1106112876131411_958039263622046936_o.jpg?resize=350%2C200&ssl=1","width":350,"height":200,"srcset":"https:\/\/i0.wp.com\/www.grieta.org.mx\/wp-content\/uploads\/2018\/03\/14524434_1106112876131411_958039263622046936_o.jpg?resize=350%2C200&ssl=1 1x, https:\/\/i0.wp.com\/www.grieta.org.mx\/wp-content\/uploads\/2018\/03\/14524434_1106112876131411_958039263622046936_o.jpg?resize=525%2C300&ssl=1 1.5x, https:\/\/i0.wp.com\/www.grieta.org.mx\/wp-content\/uploads\/2018\/03\/14524434_1106112876131411_958039263622046936_o.jpg?resize=700%2C400&ssl=1 2x"},"classes":[]},{"id":25417,"url":"https:\/\/www.grieta.org.mx\/index.php\/2018\/07\/31\/polemizan-por-gastos-de-10-mdp-en-conciertos-de-guelaguetza\/","url_meta":{"origin":25117,"position":1},"title":"Polemizan por gastos de 10 mdp en conciertos de Guelaguetza","author":"grieta","date":"31 julio, 2018","format":false,"excerpt":"Oro Radio, Maira Ric\u00e1rdez, Oaxaca.- De acuerdo a la informaci\u00f3n difundida por el Instituto de Acceso a la Informaci\u00f3n P\u00fablica y Protecci\u00f3n de Datos Personales del Estado de Oaxaca (IAIPO) fueron casi 10 millones de pesos los que el Gobierno del Estado pag\u00f3 a artistas como Lila Downs, \u00c1ngeles Azules,\u2026","rel":"","context":"En &quot;CINTILLO&quot;","block_context":{"text":"CINTILLO","link":"https:\/\/www.grieta.org.mx\/index.php\/category\/cintillo\/"},"img":{"alt_text":"","src":"https:\/\/i0.wp.com\/www.grieta.org.mx\/wp-content\/uploads\/2018\/08\/conciertos-Guelaguetza-e1533072497478-696x435.jpg?resize=350%2C200&ssl=1","width":350,"height":200,"srcset":"https:\/\/i0.wp.com\/www.grieta.org.mx\/wp-content\/uploads\/2018\/08\/conciertos-Guelaguetza-e1533072497478-696x435.jpg?resize=350%2C200&ssl=1 1x, https:\/\/i0.wp.com\/www.grieta.org.mx\/wp-content\/uploads\/2018\/08\/conciertos-Guelaguetza-e1533072497478-696x435.jpg?resize=525%2C300&ssl=1 1.5x"},"classes":[]},{"id":18693,"url":"https:\/\/www.grieta.org.mx\/index.php\/2016\/08\/01\/retiene-seccion-22-del-snte-otros-tres-vehiculos-de-empresas-oaxaca\/","url_meta":{"origin":25117,"position":2},"title":"Retiene Secci\u00f3n 22 del SNTE otros tres veh\u00edculos de empresas  (Oaxaca)","author":"grieta","date":"1 agosto, 2016","format":false,"excerpt":"Oscar Garc\u00eda, Oaxaca.- La Secci\u00f3n 22 del SNTE retuvo este lunes otras tres unidades de empresas para reforzar su bloqueo en la calle de Crespo, por donde dej\u00f3 abierto el paso peatonal y a trav\u00e9s de las escaleras del Fort\u00edn. Con un meg\u00e1fono, los inconformes advierten que no habr\u00e1 paso\u2026","rel":"","context":"En &quot;CINTILLO&quot;","block_context":{"text":"CINTILLO","link":"https:\/\/www.grieta.org.mx\/index.php\/category\/cintillo\/"},"img":{"alt_text":"","src":"https:\/\/i0.wp.com\/www.grieta.org.mx\/wp-content\/uploads\/2018\/03\/14524434_1106112876131411_958039263622046936_o.jpg?resize=350%2C200&ssl=1","width":350,"height":200,"srcset":"https:\/\/i0.wp.com\/www.grieta.org.mx\/wp-content\/uploads\/2018\/03\/14524434_1106112876131411_958039263622046936_o.jpg?resize=350%2C200&ssl=1 1x, https:\/\/i0.wp.com\/www.grieta.org.mx\/wp-content\/uploads\/2018\/03\/14524434_1106112876131411_958039263622046936_o.jpg?resize=525%2C300&ssl=1 1.5x, https:\/\/i0.wp.com\/www.grieta.org.mx\/wp-content\/uploads\/2018\/03\/14524434_1106112876131411_958039263622046936_o.jpg?resize=700%2C400&ssl=1 2x"},"classes":[]},{"id":5087,"url":"https:\/\/www.grieta.org.mx\/index.php\/2015\/07\/27\/mas-de-20-mil-maestras-y-maestros-salen-a-las-calles-de-oaxaca-para-defender-sus-derechos-laborales-6-mil-elementos-de-seguridad-fueron-deslegados\/","url_meta":{"origin":25117,"position":3},"title":"M\u00e1s de 20 mil maestras y maestros salen a las calles de Oaxaca para defender sus derechos laborales. 6 mil elementos de seguridad fueron deslegados","author":"grieta","date":"27 julio, 2015","format":false,"excerpt":"Revoluci\u00f3n 3.0, Redacci\u00f3n.- M\u00e1s de 20 mil profesores adheridos a la CNTE iniciaron una marcha rumbo al Z\u00f3calo de Oaxaca en demanda de la derogaci\u00f3n del decreto que reforma el Instituto Estatal de Educaci\u00f3n P\u00fablica de Oaxaca (Ieepo), calcul\u00f3 la Secretar\u00eda de Seguridad P\u00fablica del estado. El magisterio disidente asegura\u2026","rel":"","context":"En &quot;CINTILLO&quot;","block_context":{"text":"CINTILLO","link":"https:\/\/www.grieta.org.mx\/index.php\/category\/cintillo\/"},"img":{"alt_text":"","src":"https:\/\/i0.wp.com\/www.grieta.org.mx\/wp-content\/uploads\/2018\/03\/14524434_1106112876131411_958039263622046936_o.jpg?resize=350%2C200&ssl=1","width":350,"height":200,"srcset":"https:\/\/i0.wp.com\/www.grieta.org.mx\/wp-content\/uploads\/2018\/03\/14524434_1106112876131411_958039263622046936_o.jpg?resize=350%2C200&ssl=1 1x, https:\/\/i0.wp.com\/www.grieta.org.mx\/wp-content\/uploads\/2018\/03\/14524434_1106112876131411_958039263622046936_o.jpg?resize=525%2C300&ssl=1 1.5x, https:\/\/i0.wp.com\/www.grieta.org.mx\/wp-content\/uploads\/2018\/03\/14524434_1106112876131411_958039263622046936_o.jpg?resize=700%2C400&ssl=1 2x"},"classes":[]},{"id":51061,"url":"https:\/\/www.grieta.org.mx\/index.php\/2020\/06\/19\/feministas-declaran-luto-en-la-cuenca-piden-guelaguetza-sin-flor-de-pina-oaxaca\/","url_meta":{"origin":25117,"position":4},"title":"Feministas declaran luto en la Cuenca, piden Guelaguetza sin Flor de Pi\u00f1a (Oaxaca)","author":"grieta","date":"19 junio, 2020","format":false,"excerpt":"Noticias \/ Citlalli Luciana. Ante el incremento de desapariciones y feminicidios en la regi\u00f3n de la Cuenca del Papaloapan, integrantes de la colectiva feminista Tuxfem, pidieron analizar la presentaci\u00f3n de la \u201cFlor de Pi\u00f1a\u201d en la Guelaguetza convocada por el gobierno del estado a realizarse en diciembre. Mon, \u00c1ngela y\u2026","rel":"","context":"En &quot;CINTILLO&quot;","block_context":{"text":"CINTILLO","link":"https:\/\/www.grieta.org.mx\/index.php\/category\/cintillo\/"},"img":{"alt_text":"","src":"https:\/\/i0.wp.com\/www.grieta.org.mx\/wp-content\/uploads\/2018\/03\/14524434_1106112876131411_958039263622046936_o.jpg?resize=350%2C200&ssl=1","width":350,"height":200,"srcset":"https:\/\/i0.wp.com\/www.grieta.org.mx\/wp-content\/uploads\/2018\/03\/14524434_1106112876131411_958039263622046936_o.jpg?resize=350%2C200&ssl=1 1x, https:\/\/i0.wp.com\/www.grieta.org.mx\/wp-content\/uploads\/2018\/03\/14524434_1106112876131411_958039263622046936_o.jpg?resize=525%2C300&ssl=1 1.5x, https:\/\/i0.wp.com\/www.grieta.org.mx\/wp-content\/uploads\/2018\/03\/14524434_1106112876131411_958039263622046936_o.jpg?resize=700%2C400&ssl=1 2x"},"classes":[]},{"id":5093,"url":"https:\/\/www.grieta.org.mx\/index.php\/2015\/07\/27\/lider-de-la-seccion-22-llama-a-reconstituir-la-appo-en-oaxaca\/","url_meta":{"origin":25117,"position":5},"title":"L\u00edder de la Secci\u00f3n 22 llama a reconstituir la APPO en Oaxaca","author":"grieta","date":"27 julio, 2015","format":false,"excerpt":"Pedro Mat\u00edas, Oaxaca. OAXACA, Oax. (apro).- Este d\u00eda el l\u00edder de la Secci\u00f3n 22, Rub\u00e9n N\u00fa\u00f1ez Ginez, hizo un llamado a reconstituir la Asamblea Popular de Pueblos de Oaxaca (APPO), pues no \u201cno aceptar\u00e1n que los maestros sean reprimidos o despedidos\u201d, y si las bases deciden irse a un paro\u2026","rel":"","context":"En &quot;CINTILLO&quot;","block_context":{"text":"CINTILLO","link":"https:\/\/www.grieta.org.mx\/index.php\/category\/cintillo\/"},"img":{"alt_text":"","src":"https:\/\/i0.wp.com\/www.grieta.org.mx\/wp-content\/uploads\/2018\/03\/14524434_1106112876131411_958039263622046936_o.jpg?resize=350%2C200&ssl=1","width":350,"height":200,"srcset":"https:\/\/i0.wp.com\/www.grieta.org.mx\/wp-content\/uploads\/2018\/03\/14524434_1106112876131411_958039263622046936_o.jpg?resize=350%2C200&ssl=1 1x, https:\/\/i0.wp.com\/www.grieta.org.mx\/wp-content\/uploads\/2018\/03\/14524434_1106112876131411_958039263622046936_o.jpg?resize=525%2C300&ssl=1 1.5x, https:\/\/i0.wp.com\/www.grieta.org.mx\/wp-content\/uploads\/2018\/03\/14524434_1106112876131411_958039263622046936_o.jpg?resize=700%2C400&ssl=1 2x"},"classes":[]}],"_links":{"self":[{"href":"https:\/\/www.grieta.org.mx\/index.php\/wp-json\/wp\/v2\/posts\/25117","targetHints":{"allow":["GET"]}}],"collection":[{"href":"https:\/\/www.grieta.org.mx\/index.php\/wp-json\/wp\/v2\/posts"}],"about":[{"href":"https:\/\/www.grieta.org.mx\/index.php\/wp-json\/wp\/v2\/types\/post"}],"author":[{"embeddable":true,"href":"https:\/\/www.grieta.org.mx\/index.php\/wp-json\/wp\/v2\/users\/2"}],"replies":[{"embeddable":true,"href":"https:\/\/www.grieta.org.mx\/index.php\/wp-json\/wp\/v2\/comments?post=25117"}],"version-history":[{"count":1,"href":"https:\/\/www.grieta.org.mx\/index.php\/wp-json\/wp\/v2\/posts\/25117\/revisions"}],"predecessor-version":[{"id":25120,"href":"https:\/\/www.grieta.org.mx\/index.php\/wp-json\/wp\/v2\/posts\/25117\/revisions\/25120"}],"wp:featuredmedia":[{"embeddable":true,"href":"https:\/\/www.grieta.org.mx\/index.php\/wp-json\/wp\/v2\/media\/25119"}],"wp:attachment":[{"href":"https:\/\/www.grieta.org.mx\/index.php\/wp-json\/wp\/v2\/media?parent=25117"}],"wp:term":[{"taxonomy":"category","embeddable":true,"href":"https:\/\/www.grieta.org.mx\/index.php\/wp-json\/wp\/v2\/categories?post=25117"},{"taxonomy":"post_tag","embeddable":true,"href":"https:\/\/www.grieta.org.mx\/index.php\/wp-json\/wp\/v2\/tags?post=25117"}],"curies":[{"name":"wp","href":"https:\/\/api.w.org\/{rel}","templated":true}]}}