{"id":25111,"date":"2018-07-25T07:23:19","date_gmt":"2018-07-25T12:23:19","guid":{"rendered":"http:\/\/www.grieta.org.mx\/?p=25111"},"modified":"2018-07-25T16:29:42","modified_gmt":"2018-07-25T21:29:42","slug":"activistas-indigenas-pagan-con-sangre-la-defensa-en-oaxaca","status":"publish","type":"post","link":"https:\/\/www.grieta.org.mx\/index.php\/2018\/07\/25\/activistas-indigenas-pagan-con-sangre-la-defensa-en-oaxaca\/","title":{"rendered":"Activistas ind\u00edgenas pagan con sangre la defensa en Oaxaca"},"content":{"rendered":"<p>Noticias<\/p>\n<p>Ivonne Mateo,<\/p>\n<p>El asesinato a sangre fr\u00eda de Rolando Crisp\u00edn L\u00f3pez, defensor ind\u00edgena y polic\u00eda comunitario, perpetrado la ma\u00f1ana del pasado domingo, se suma a lista de 12 activistas que han perdido la vida en la presente administraci\u00f3n; 7 en lo que va del a\u00f1o.<\/p>\n<p><img loading=\"lazy\" decoding=\"async\" data-attachment-id=\"25112\" data-permalink=\"https:\/\/www.grieta.org.mx\/index.php\/2018\/07\/25\/activistas-indigenas-pagan-con-sangre-la-defensa-en-oaxaca\/activistas-noticias\/\" data-orig-file=\"https:\/\/www.grieta.org.mx\/wp-content\/uploads\/2018\/07\/activistas-noticias.jpg\" data-orig-size=\"1144,645\" data-comments-opened=\"0\" data-image-meta=\"{&quot;aperture&quot;:&quot;0&quot;,&quot;credit&quot;:&quot;&quot;,&quot;camera&quot;:&quot;&quot;,&quot;caption&quot;:&quot;&quot;,&quot;created_timestamp&quot;:&quot;0&quot;,&quot;copyright&quot;:&quot;&quot;,&quot;focal_length&quot;:&quot;0&quot;,&quot;iso&quot;:&quot;0&quot;,&quot;shutter_speed&quot;:&quot;0&quot;,&quot;title&quot;:&quot;&quot;,&quot;orientation&quot;:&quot;0&quot;}\" data-image-title=\"activistas-noticias\" data-image-description=\"\" data-image-caption=\"\" data-medium-file=\"https:\/\/www.grieta.org.mx\/wp-content\/uploads\/2018\/07\/activistas-noticias-300x169.jpg\" data-large-file=\"https:\/\/www.grieta.org.mx\/wp-content\/uploads\/2018\/07\/activistas-noticias-1024x577.jpg\" src=\"http:\/\/www.grieta.org.mx\/wp-content\/uploads\/2018\/07\/activistas-noticias-1024x577.jpg\" alt=\"\" width=\"1024\" height=\"577\" class=\"aligncenter size-large wp-image-25112\" srcset=\"https:\/\/www.grieta.org.mx\/wp-content\/uploads\/2018\/07\/activistas-noticias-1024x577.jpg 1024w, https:\/\/www.grieta.org.mx\/wp-content\/uploads\/2018\/07\/activistas-noticias-300x169.jpg 300w, https:\/\/www.grieta.org.mx\/wp-content\/uploads\/2018\/07\/activistas-noticias-768x433.jpg 768w, https:\/\/www.grieta.org.mx\/wp-content\/uploads\/2018\/07\/activistas-noticias-887x500.jpg 887w, https:\/\/www.grieta.org.mx\/wp-content\/uploads\/2018\/07\/activistas-noticias.jpg 1144w\" sizes=\"auto, (max-width: 1024px) 100vw, 1024px\" \/><br \/>\nFoto: Mario Jim\u00e9nez Leyva<br \/>\nLa defensa del territorio es una batalla que muchos ciudadanos y organizaciones de la sociedad civil han emprendido.<\/p>\n<p>Crispin Lopez era integrante de la Asamblea de los Pueblos Ind\u00edgenas del Istmo en Defensa de la Tierra y el Territorio; de la Asamblea Popular del Pueblo Juchiteco (APPJ) y de la Asamblea de Pueblos de \u00c1lvaro Obreg\u00f3n.<\/p>\n<p>El activista integraba la lucha de la comunidad en contra de la empresa e\u00f3lica Mare\u00f1a Renovables, ahora llamada E\u00f3lica del Sur.<\/p>\n<p>La defensa del territorio es una batalla que muchos ciudadanos y organizaciones de la sociedad civil han emprendido.<\/p>\n<p>Adem\u00e1s de los riesgos, agresiones y muertes tambi\u00e9n se puede hablar de triunfos.<br \/>\nEl m\u00e1s reciente fue en mayo.<\/p>\n<p>El Juzgado de Distrito del Estado de Oaxaca orden\u00f3 la suspensi\u00f3n definitiva de la construcci\u00f3n y operaci\u00f3n del proyecto central e\u00f3lica Gunaa Sicar\u00fa, mismo que la empresa E\u00f3lica de Oaxaca, SAPI de CV -filial de la transnacional francesa EDF EN- preve\u00eda aterrizar en la comunidad de Uni\u00f3n Hidalgo en el Istmo de Tehuantepec.<\/p>\n<p>El Proyecto de Derechos Econ\u00f3micos Sociales y Culturales (Prodesc) es la organizaci\u00f3n que representa a los comuneros organizados que se oponen al proyecto.<\/p>\n<p>Los abusos, la explotaci\u00f3n, la muerte de especies nativas, el da\u00f1o a la tierra y al medioambiente son sus argumentos.<\/p>\n<p>Logros<\/p>\n<p>Tambi\u00e9n, el Poder Judicial Federal otorg\u00f3 en el 2012 un amparo a la comunidad ikoots de San Dionisio del Mar y decret\u00f3 la cancelaci\u00f3n de la construcci\u00f3n de un parque e\u00f3lico de la empresa espa\u00f1ola Mare\u00f1a Renovables (E\u00f3lica del Sur), misma que no pudo instalar 102 aerogeneradores y cinco muelles de atraque que proyectaba su parque e\u00f3lico en la zona lagunar de San Dionisio del Mar.<\/p>\n<p>Otra golpe contra esta misma empresa e\u00f3lica fue la suspensi\u00f3n de un parque con 132 aerogeneradores para una capacidad total de 396 megawatts, el cual requerir\u00e1 una inversi\u00f3n estimada de 14 mil 454 millones de pesos.<\/p>\n<p>En el 2015, la autoridad jurisdiccional otorg\u00f3 un amparo a favor de m\u00e1s de mil habitantes del pueblo ind\u00edgena de Binniz\u00e1 en el Istmo de Tehuantepec.<\/p>\n<p>Un pueblo v\u00edctima de la explotaci\u00f3n y da\u00f1os ambientales de la miner\u00eda ha sido Capul\u00e1lpam de M\u00e9ndez. Los habitantes de esta comunidad han luchado por a\u00f1os contra las empresas, logrando clausuras y suspensiones en las actividades de extracci\u00f3n.<\/p>\n<p>En febrero de 2015, la Asamblea Comunal interpuso una demanda de amparo en el Juzgado Quinto de Distrito de Oaxaca, ante ello la alianza entre la Minera Natividad, Continuum Resources y otros consorcios mineros (como la Minera Santa Regina, Minera San Bernardo y otras transnacionales de origen canadiense) proponen realizar una consulta popular para llegar a acuerdos.<\/p>\n<p>Contra hidroel\u00e9ctrica<\/p>\n<p>Santa \u00darsula, es una peque\u00f1a localidad con apenas mil habitantes perteneciente al municipio de Tuxtepec, lucharon por cinco a\u00f1os contra de la construcci\u00f3n de una hidroel\u00e9ctrica de la empresa Overseas Private Investment Corp (OPIC), misma que desisti\u00f3 del proyecto ante la persistente oposici\u00f3n.<\/p>\n<p>Asimismo, ante denuncias de los pobladores, la Procuradur\u00eda Federal de Protecci\u00f3n al Ambiente (Profepa) realiz\u00f3 la clausura total temporal de mina La Natividad, en la regi\u00f3n Sierra Norte de Oaxaca, en 2017.<\/p>\n<p>El argumento fue la falta de autorizaci\u00f3n y estudios de impacto ambiental para actividades de exploraci\u00f3n, explotaci\u00f3n y beneficio de minerales y sustancias.<\/p>\n<p>La Asamblea Popular del Pueblo Juchiteco (APPJ) refiri\u00f3 mediante un comunicado el domingo pasado que la violencia que se est\u00e1 gestando contra los defensores de la tierra y el territorio se circunscribe dentro de lo que llamaron &#8220;terrorismo de Estado&#8221;, toda vez que se genera, acusaron, por parte de los distintos niveles de gobierno.<\/p>\n<p>Cabe referir que la impunidad ha caracterizado cada una de las muertes de los activistas oaxaque\u00f1os, pues las organizaciones sociales han condenado que hasta el momento no haya un detenido por estos delitos.<\/p>\n<p><a href=\"https:\/\/www.nvinoticias.com\/nota\/97734\/activistas-indigenas-pagan-con-sangre-la-defensa-en-oaxaca\" rel=\"noopener\" target=\"_blank\">https:\/\/www.nvinoticias.com\/nota\/97734\/activistas-indigenas-pagan-con-sangre-la-defensa-en-oaxaca<\/a><\/p>\n","protected":false},"excerpt":{"rendered":"<p>Noticias Ivonne Mateo, El asesinato a sangre fr\u00eda de Rolando Crisp\u00edn L\u00f3pez, defensor ind\u00edgena y polic\u00eda comunitario, perpetrado la ma\u00f1ana del pasado domingo, se suma a lista de 12 activistas &hellip; <a href=\"https:\/\/www.grieta.org.mx\/index.php\/2018\/07\/25\/activistas-indigenas-pagan-con-sangre-la-defensa-en-oaxaca\/\" class=\"more-link\">Leer m\u00e1s<\/a><\/p>\n","protected":false},"author":2,"featured_media":25112,"comment_status":"closed","ping_status":"closed","sticky":false,"template":"","format":"standard","meta":{"ngg_post_thumbnail":0,"_jetpack_newsletter_access":"","_jetpack_dont_email_post_to_subs":false,"_jetpack_newsletter_tier_id":0,"_jetpack_memberships_contains_paywalled_content":false,"_jetpack_memberships_contains_paid_content":false,"footnotes":""},"categories":[80,2,25,1496],"tags":[],"class_list":["post-25111","post","type-post","status-publish","format-standard","has-post-thumbnail","hentry","category-cintillo","category-noticias-nacionales","category-oaxaca","category-represion-en-oaxaca","entry"],"jetpack_featured_media_url":"https:\/\/www.grieta.org.mx\/wp-content\/uploads\/2018\/07\/activistas-noticias.jpg","jetpack_sharing_enabled":true,"jetpack_shortlink":"https:\/\/wp.me\/p7ZJR4-6x1","jetpack_likes_enabled":false,"jetpack-related-posts":[{"id":44825,"url":"https:\/\/www.grieta.org.mx\/index.php\/2020\/02\/21\/convocan-a-asamblea-en-defensa-del-territorio-oaxaca\/","url_meta":{"origin":25111,"position":0},"title":"Convocan a asamblea en defensa del territorio (Oaxaca)","author":"grieta","date":"21 febrero, 2020","format":false,"excerpt":"Noticias \/ Octavio V\u00e9lez. Pueblos, comunidades, organizaciones, sindicatos y colectivos se unieron para celebrar ma\u00f1ana la Asamblea Oaxaque\u00f1a en Defensa de la Tierra y el Territorio, ante las amenazas y despojos territoriales que violan los derechos de los pueblos ind\u00edgenas. En rueda de prensa, la vocera Hilaria L\u00f3pez L\u00f3pez sostuvo\u2026","rel":"","context":"En &quot;CINTILLO&quot;","block_context":{"text":"CINTILLO","link":"https:\/\/www.grieta.org.mx\/index.php\/category\/cintillo\/"},"img":{"alt_text":"","src":"https:\/\/i0.wp.com\/www.grieta.org.mx\/wp-content\/uploads\/2020\/02\/unnamed_0.jpg?resize=350%2C200&ssl=1","width":350,"height":200,"srcset":"https:\/\/i0.wp.com\/www.grieta.org.mx\/wp-content\/uploads\/2020\/02\/unnamed_0.jpg?resize=350%2C200&ssl=1 1x, https:\/\/i0.wp.com\/www.grieta.org.mx\/wp-content\/uploads\/2020\/02\/unnamed_0.jpg?resize=525%2C300&ssl=1 1.5x, https:\/\/i0.wp.com\/www.grieta.org.mx\/wp-content\/uploads\/2020\/02\/unnamed_0.jpg?resize=700%2C400&ssl=1 2x, https:\/\/i0.wp.com\/www.grieta.org.mx\/wp-content\/uploads\/2020\/02\/unnamed_0.jpg?resize=1050%2C600&ssl=1 3x"},"classes":[]},{"id":25108,"url":"https:\/\/www.grieta.org.mx\/index.php\/2018\/07\/24\/pronunciamiento-del-congreso-nacional-indigena-y-el-concejo-indigena-de-gobierno-por-el-asesinato-del-companero-rolando-crispin-lopez-oaxaca\/","url_meta":{"origin":25111,"position":1},"title":"Pronunciamiento del Congreso Nacional Ind\u00edgena y el Concejo Ind\u00edgena de Gobierno por el asesinato del compa\u00f1ero Rolando Crisp\u00edn L\u00f3pez (Oaxaca)","author":"grieta","date":"24 julio, 2018","format":false,"excerpt":"Al pueblo binniz\u00e1 de la Colonia \u00c1lvaro Obreg\u00f3n, Oaxaca A los pueblos originarios del Istmo A las redes de apoyo al CIG A la Sexta Nacional e Internacional A los medios de comunicaci\u00f3n El Congreso Nacional Ind\u00edgena y el Concejo Ind\u00edgena de Gobierno condenamos el asesinato del compa\u00f1ero Rolando Crisp\u00edn\u2026","rel":"","context":"En &quot;CINTILLO&quot;","block_context":{"text":"CINTILLO","link":"https:\/\/www.grieta.org.mx\/index.php\/category\/cintillo\/"},"img":{"alt_text":"","src":"https:\/\/i0.wp.com\/www.grieta.org.mx\/wp-content\/uploads\/2018\/07\/logo-CNI-To.png?resize=350%2C200&ssl=1","width":350,"height":200,"srcset":"https:\/\/i0.wp.com\/www.grieta.org.mx\/wp-content\/uploads\/2018\/07\/logo-CNI-To.png?resize=350%2C200&ssl=1 1x, https:\/\/i0.wp.com\/www.grieta.org.mx\/wp-content\/uploads\/2018\/07\/logo-CNI-To.png?resize=525%2C300&ssl=1 1.5x"},"classes":[]},{"id":30224,"url":"https:\/\/www.grieta.org.mx\/index.php\/2019\/03\/07\/los-guardianes-de-gui-xhi-ro-y-la-defensa-del-istmo-de-tehuantepec-oaxaca\/","url_meta":{"origin":25111,"position":2},"title":"Los guardianes de Gui\u2019 Xhi\u2019 Ro\u2019 y la defensa del Istmo de Tehuantepec (Oaxaca)","author":"grieta","date":"7 marzo, 2019","format":false,"excerpt":"Colectivo Grieta. 6 de marzo de 2019.- Desde enero de este a\u00f1o, la comunidad binniza \u2013zapoteca\u2013, de Gui\u2019 Xhi\u2019 Ro\u2019 \u2013Alvaro Obreg\u00f3n\u2013, en el municipio de Juchit\u00e1n, ha compartido su palabra y su historia de resistencia y rebeld\u00eda que busca seguir caminando con la larga lucha de los pueblos originarios\u2026","rel":"","context":"En &quot;CINTILLO&quot;","block_context":{"text":"CINTILLO","link":"https:\/\/www.grieta.org.mx\/index.php\/category\/cintillo\/"},"img":{"alt_text":"","src":"https:\/\/i0.wp.com\/www.grieta.org.mx\/wp-content\/uploads\/2018\/03\/14524434_1106112876131411_958039263622046936_o.jpg?resize=350%2C200&ssl=1","width":350,"height":200,"srcset":"https:\/\/i0.wp.com\/www.grieta.org.mx\/wp-content\/uploads\/2018\/03\/14524434_1106112876131411_958039263622046936_o.jpg?resize=350%2C200&ssl=1 1x, https:\/\/i0.wp.com\/www.grieta.org.mx\/wp-content\/uploads\/2018\/03\/14524434_1106112876131411_958039263622046936_o.jpg?resize=525%2C300&ssl=1 1.5x, https:\/\/i0.wp.com\/www.grieta.org.mx\/wp-content\/uploads\/2018\/03\/14524434_1106112876131411_958039263622046936_o.jpg?resize=700%2C400&ssl=1 2x"},"classes":[]},{"id":68485,"url":"https:\/\/www.grieta.org.mx\/index.php\/2024\/02\/12\/dan-46-anos-de-carcel-a-activista-comunitario-que-se-opuso-al-corredor-interoceanico-oaxaca\/","url_meta":{"origin":25111,"position":3},"title":"Dan 46 a\u00f1os de c\u00e1rcel a activista comunitario que se opuso al Corredor Interoce\u00e1nico (Oaxaca)","author":"grieta","date":"12 febrero, 2024","format":false,"excerpt":"Imagen: Diana Manzo Diana Manzo \/Istmo Press OAXACA. -Un juez de Oaxaca dict\u00f3 sentencia por 46 a\u00f1os y seis meses de prisi\u00f3n a David Hern\u00e1ndez Salazar, defensor comunitario binniz\u00e1 (zapoteco), que se opuso al Polo de Desarrollo industrial del Corredor Interoce\u00e1nico del Istmo de Tehuantepec en su comunidad, Puente Madera,\u2026","rel":"","context":"En &quot;5. Istmo&quot;","block_context":{"text":"5. Istmo","link":"https:\/\/www.grieta.org.mx\/index.php\/category\/espejos-de-la-resistencia\/5-istmo\/"},"img":{"alt_text":"","src":"https:\/\/i0.wp.com\/www.grieta.org.mx\/wp-content\/uploads\/2024\/02\/activista_agua_David_Hernandez_Diana_Manzo.jpg?resize=350%2C200&ssl=1","width":350,"height":200,"srcset":"https:\/\/i0.wp.com\/www.grieta.org.mx\/wp-content\/uploads\/2024\/02\/activista_agua_David_Hernandez_Diana_Manzo.jpg?resize=350%2C200&ssl=1 1x, https:\/\/i0.wp.com\/www.grieta.org.mx\/wp-content\/uploads\/2024\/02\/activista_agua_David_Hernandez_Diana_Manzo.jpg?resize=525%2C300&ssl=1 1.5x, https:\/\/i0.wp.com\/www.grieta.org.mx\/wp-content\/uploads\/2024\/02\/activista_agua_David_Hernandez_Diana_Manzo.jpg?resize=700%2C400&ssl=1 2x"},"classes":[]},{"id":66855,"url":"https:\/\/www.grieta.org.mx\/index.php\/2023\/04\/16\/demandan-justicia-por-muerte-de-defensor-felix-vicente-cruz-en-ixhuatan-oaxaca\/","url_meta":{"origin":25111,"position":4},"title":"Demandan justicia por muerte de defensor F\u00e9lix Vicente Cruz en Ixhuat\u00e1n, Oaxaca","author":"grieta","date":"16 abril, 2023","format":false,"excerpt":"Imagen: Cortes\u00eda Octavio V\u00e9lez Ascencio \/ Noticias NVI La Asamblea de los Pueblos Ind\u00edgenas del Istmo en Defensa de la Tierra y el Territorio (APIIDTT) demand\u00f3 a las autoridades justicia por el crimen del defensor y agente municipal de El Morro, Ixhuat\u00e1n, F\u00e9lix Vicente Aquino, sucedido en esa comunidad de\u2026","rel":"","context":"En &quot;5. Istmo&quot;","block_context":{"text":"5. Istmo","link":"https:\/\/www.grieta.org.mx\/index.php\/category\/espejos-de-la-resistencia\/5-istmo\/"},"img":{"alt_text":"","src":"https:\/\/i0.wp.com\/www.grieta.org.mx\/wp-content\/uploads\/2023\/04\/defensor-de-la-tierra-Felix-Vicente-Cruz-820x394-1.png?resize=350%2C200&ssl=1","width":350,"height":200,"srcset":"https:\/\/i0.wp.com\/www.grieta.org.mx\/wp-content\/uploads\/2023\/04\/defensor-de-la-tierra-Felix-Vicente-Cruz-820x394-1.png?resize=350%2C200&ssl=1 1x, https:\/\/i0.wp.com\/www.grieta.org.mx\/wp-content\/uploads\/2023\/04\/defensor-de-la-tierra-Felix-Vicente-Cruz-820x394-1.png?resize=525%2C300&ssl=1 1.5x, https:\/\/i0.wp.com\/www.grieta.org.mx\/wp-content\/uploads\/2023\/04\/defensor-de-la-tierra-Felix-Vicente-Cruz-820x394-1.png?resize=700%2C400&ssl=1 2x"},"classes":[]},{"id":25117,"url":"https:\/\/www.grieta.org.mx\/index.php\/2018\/07\/24\/presume-seguridad-publica-saldo-blanco-con-dos-muertos-y-un-asalto-violento-en-fiestas-de-la-guelaguetza-oaxaca\/","url_meta":{"origin":25111,"position":5},"title":"Presume Seguridad P\u00fablica \u201csaldo blanco\u201d con dos muertos y un asalto violento en fiestas de la Guelaguetza (Oaxaca)","author":"grieta","date":"24 julio, 2018","format":false,"excerpt":"P\u00e1gina 3. Pedro Mat\u00edas, Oaxaca.- Mientras que el secretario de Seguridad P\u00fablica de Oaxaca (SSPO), Jos\u00e9 Raymundo Tu\u00f1\u00f3n J\u00e1uregui, afirmaba anticipadamente que el primer Lunes del Cerro culmin\u00f3 con \u201csaldo blanco\u201d, en inmediaciones de la feria del mezcal asaltaron e hirieron a un expositor y posteriormente ejecutaron a un taxista.\u2026","rel":"","context":"En &quot;CINTILLO&quot;","block_context":{"text":"CINTILLO","link":"https:\/\/www.grieta.org.mx\/index.php\/category\/cintillo\/"},"img":{"alt_text":"","src":"https:\/\/i0.wp.com\/www.grieta.org.mx\/wp-content\/uploads\/2018\/07\/ALvaroObregon_Asesinato-Crispin-p3.jpg?resize=350%2C200&ssl=1","width":350,"height":200,"srcset":"https:\/\/i0.wp.com\/www.grieta.org.mx\/wp-content\/uploads\/2018\/07\/ALvaroObregon_Asesinato-Crispin-p3.jpg?resize=350%2C200&ssl=1 1x, https:\/\/i0.wp.com\/www.grieta.org.mx\/wp-content\/uploads\/2018\/07\/ALvaroObregon_Asesinato-Crispin-p3.jpg?resize=525%2C300&ssl=1 1.5x, https:\/\/i0.wp.com\/www.grieta.org.mx\/wp-content\/uploads\/2018\/07\/ALvaroObregon_Asesinato-Crispin-p3.jpg?resize=700%2C400&ssl=1 2x"},"classes":[]}],"_links":{"self":[{"href":"https:\/\/www.grieta.org.mx\/index.php\/wp-json\/wp\/v2\/posts\/25111","targetHints":{"allow":["GET"]}}],"collection":[{"href":"https:\/\/www.grieta.org.mx\/index.php\/wp-json\/wp\/v2\/posts"}],"about":[{"href":"https:\/\/www.grieta.org.mx\/index.php\/wp-json\/wp\/v2\/types\/post"}],"author":[{"embeddable":true,"href":"https:\/\/www.grieta.org.mx\/index.php\/wp-json\/wp\/v2\/users\/2"}],"replies":[{"embeddable":true,"href":"https:\/\/www.grieta.org.mx\/index.php\/wp-json\/wp\/v2\/comments?post=25111"}],"version-history":[{"count":1,"href":"https:\/\/www.grieta.org.mx\/index.php\/wp-json\/wp\/v2\/posts\/25111\/revisions"}],"predecessor-version":[{"id":25113,"href":"https:\/\/www.grieta.org.mx\/index.php\/wp-json\/wp\/v2\/posts\/25111\/revisions\/25113"}],"wp:featuredmedia":[{"embeddable":true,"href":"https:\/\/www.grieta.org.mx\/index.php\/wp-json\/wp\/v2\/media\/25112"}],"wp:attachment":[{"href":"https:\/\/www.grieta.org.mx\/index.php\/wp-json\/wp\/v2\/media?parent=25111"}],"wp:term":[{"taxonomy":"category","embeddable":true,"href":"https:\/\/www.grieta.org.mx\/index.php\/wp-json\/wp\/v2\/categories?post=25111"},{"taxonomy":"post_tag","embeddable":true,"href":"https:\/\/www.grieta.org.mx\/index.php\/wp-json\/wp\/v2\/tags?post=25111"}],"curies":[{"name":"wp","href":"https:\/\/api.w.org\/{rel}","templated":true}]}}