{"id":25108,"date":"2018-07-24T11:05:14","date_gmt":"2018-07-24T16:05:14","guid":{"rendered":"http:\/\/www.grieta.org.mx\/?p=25108"},"modified":"2018-07-25T22:30:26","modified_gmt":"2018-07-26T03:30:26","slug":"pronunciamiento-del-congreso-nacional-indigena-y-el-concejo-indigena-de-gobierno-por-el-asesinato-del-companero-rolando-crispin-lopez-oaxaca","status":"publish","type":"post","link":"https:\/\/www.grieta.org.mx\/index.php\/2018\/07\/24\/pronunciamiento-del-congreso-nacional-indigena-y-el-concejo-indigena-de-gobierno-por-el-asesinato-del-companero-rolando-crispin-lopez-oaxaca\/","title":{"rendered":"Pronunciamiento del Congreso Nacional Ind\u00edgena y el Concejo Ind\u00edgena de Gobierno por el asesinato del compa\u00f1ero Rolando Crisp\u00edn L\u00f3pez (Oaxaca)"},"content":{"rendered":"<p>Al pueblo binniz\u00e1 de la Colonia \u00c1lvaro Obreg\u00f3n, Oaxaca<\/p>\n<p>A los pueblos originarios del Istmo<\/p>\n<p>A las redes de apoyo al CIG<\/p>\n<p>A la Sexta Nacional e Internacional<\/p>\n<p>A los medios de comunicaci\u00f3n<\/p>\n<p>El Congreso Nacional Ind\u00edgena y el Concejo Ind\u00edgena de Gobierno condenamos el asesinato del compa\u00f1ero Rolando Crisp\u00edn L\u00f3pez, integrante de la Asamblea de los Pueblos Ind\u00edgenas del Istmo en Defensa de la Tierra y el Territorio, de la Asamblea Popular del Pueblo Juchiteco (APPJ) y de la Asamblea Popular de \u00c1lvaro Obreg\u00f3n,; municipio de Juchit\u00e1n de Zaragoza, Oaxaca; cuando el pasado 22 de julio, luego de terminar su turno de servicio como polic\u00eda comunitario de su comunidad, fue cobardemente asesinado por una persona encapuchada, al parecer polic\u00eda municipal de Juchit\u00e1n, quien desde un mototaxi dispar\u00f3 y asesin\u00f3 al compa\u00f1ero.<\/p>\n<p>El asesinato de Rolando es parte de la ofensiva emprendida por los gobiernos y las empresas trasnacionales en contra de la comunidad binniz\u00e1 de La Colonia \u00c1lvaro Obreg\u00f3n, que con dignidad y determinaci\u00f3n defiende su territorio ante la invasi\u00f3n y destrucci\u00f3n por parte de los megaproyectos e\u00f3licos.<\/p>\n<p>Alertamos de la embestida represiva paramilitar que se vive en varias geograf\u00edas del M\u00e9xico de abajo, el que se resiste y se rebela contra el despojo, donde lejos de los festejos de arriba, seguimos creciendo con nuestros muertos el luto y la rabia.<\/p>\n<p>Justicia para el compa\u00f1ero Rolando Crisp\u00edn L\u00f3pez<\/p>\n<p>Justicia para los pueblos originarios del Istmo<\/p>\n<p>Atentamente<\/p>\n<p>Julio de 2018<\/p>\n<p>Por la Reconstituci\u00f3n Integral de Nuestros Pueblos<\/p>\n<p>Nunca M\u00e1s Un M\u00e9xico sin Nosotros<\/p>\n<p>Congreso Nacional Ind\u00edgena<\/p>\n<p>Concejo Ind\u00edgena de Gobierno<\/p>\n<p><img loading=\"lazy\" decoding=\"async\" data-attachment-id=\"25109\" data-permalink=\"https:\/\/www.grieta.org.mx\/index.php\/2018\/07\/24\/pronunciamiento-del-congreso-nacional-indigena-y-el-concejo-indigena-de-gobierno-por-el-asesinato-del-companero-rolando-crispin-lopez-oaxaca\/logo-cni-to-2\/\" data-orig-file=\"https:\/\/www.grieta.org.mx\/wp-content\/uploads\/2018\/07\/logo-CNI-To.png\" data-orig-size=\"558,303\" data-comments-opened=\"0\" data-image-meta=\"{&quot;aperture&quot;:&quot;0&quot;,&quot;credit&quot;:&quot;&quot;,&quot;camera&quot;:&quot;&quot;,&quot;caption&quot;:&quot;&quot;,&quot;created_timestamp&quot;:&quot;0&quot;,&quot;copyright&quot;:&quot;&quot;,&quot;focal_length&quot;:&quot;0&quot;,&quot;iso&quot;:&quot;0&quot;,&quot;shutter_speed&quot;:&quot;0&quot;,&quot;title&quot;:&quot;&quot;,&quot;orientation&quot;:&quot;0&quot;}\" data-image-title=\"logo-CNI-To\" data-image-description=\"\" data-image-caption=\"\" data-medium-file=\"https:\/\/www.grieta.org.mx\/wp-content\/uploads\/2018\/07\/logo-CNI-To-300x163.png\" data-large-file=\"https:\/\/www.grieta.org.mx\/wp-content\/uploads\/2018\/07\/logo-CNI-To.png\" src=\"http:\/\/www.grieta.org.mx\/wp-content\/uploads\/2018\/07\/logo-CNI-To.png\" alt=\"\" width=\"558\" height=\"303\" class=\"aligncenter size-full wp-image-25109\" srcset=\"https:\/\/www.grieta.org.mx\/wp-content\/uploads\/2018\/07\/logo-CNI-To.png 558w, https:\/\/www.grieta.org.mx\/wp-content\/uploads\/2018\/07\/logo-CNI-To-300x163.png 300w\" sizes=\"auto, (max-width: 558px) 100vw, 558px\" \/><\/p>\n<p><a href=\"http:\/\/www.congresonacionalindigena.org\/2018\/07\/24\/pronunciamiento-del-congreso-nacional-indigena-y-el-concejo-indigena-de-gobierno-por-el-asesinato-del-companero-rolando-crispin-lopez\/\" rel=\"noopener\" target=\"_blank\">http:\/\/www.congresonacionalindigena.org\/2018\/07\/24\/pronunciamiento-del-congreso-nacional-indigena-y-el-concejo-indigena-de-gobierno-por-el-asesinato-del-companero-rolando-crispin-lopez\/<\/a><\/p>\n","protected":false},"excerpt":{"rendered":"<p>Al pueblo binniz\u00e1 de la Colonia \u00c1lvaro Obreg\u00f3n, Oaxaca A los pueblos originarios del Istmo A las redes de apoyo al CIG A la Sexta Nacional e Internacional A los &hellip; <a href=\"https:\/\/www.grieta.org.mx\/index.php\/2018\/07\/24\/pronunciamiento-del-congreso-nacional-indigena-y-el-concejo-indigena-de-gobierno-por-el-asesinato-del-companero-rolando-crispin-lopez-oaxaca\/\" class=\"more-link\">Leer m\u00e1s<\/a><\/p>\n","protected":false},"author":2,"featured_media":25109,"comment_status":"closed","ping_status":"closed","sticky":false,"template":"","format":"standard","meta":{"ngg_post_thumbnail":0,"_jetpack_newsletter_access":"","_jetpack_dont_email_post_to_subs":false,"_jetpack_newsletter_tier_id":0,"_jetpack_memberships_contains_paywalled_content":false,"_jetpack_memberships_contains_paid_content":false,"footnotes":""},"categories":[80,79,921],"tags":[],"class_list":["post-25108","post","type-post","status-publish","format-standard","has-post-thumbnail","hentry","category-cintillo","category-cni","category-comunicados","entry"],"jetpack_featured_media_url":"https:\/\/www.grieta.org.mx\/wp-content\/uploads\/2018\/07\/logo-CNI-To.png","jetpack_sharing_enabled":true,"jetpack_shortlink":"https:\/\/wp.me\/p7ZJR4-6wY","jetpack_likes_enabled":false,"jetpack-related-posts":[{"id":30224,"url":"https:\/\/www.grieta.org.mx\/index.php\/2019\/03\/07\/los-guardianes-de-gui-xhi-ro-y-la-defensa-del-istmo-de-tehuantepec-oaxaca\/","url_meta":{"origin":25108,"position":0},"title":"Los guardianes de Gui\u2019 Xhi\u2019 Ro\u2019 y la defensa del Istmo de Tehuantepec (Oaxaca)","author":"grieta","date":"7 marzo, 2019","format":false,"excerpt":"Colectivo Grieta. 6 de marzo de 2019.- Desde enero de este a\u00f1o, la comunidad binniza \u2013zapoteca\u2013, de Gui\u2019 Xhi\u2019 Ro\u2019 \u2013Alvaro Obreg\u00f3n\u2013, en el municipio de Juchit\u00e1n, ha compartido su palabra y su historia de resistencia y rebeld\u00eda que busca seguir caminando con la larga lucha de los pueblos originarios\u2026","rel":"","context":"En &quot;CINTILLO&quot;","block_context":{"text":"CINTILLO","link":"https:\/\/www.grieta.org.mx\/index.php\/category\/cintillo\/"},"img":{"alt_text":"","src":"https:\/\/i0.wp.com\/www.grieta.org.mx\/wp-content\/uploads\/2018\/03\/14524434_1106112876131411_958039263622046936_o.jpg?resize=350%2C200&ssl=1","width":350,"height":200,"srcset":"https:\/\/i0.wp.com\/www.grieta.org.mx\/wp-content\/uploads\/2018\/03\/14524434_1106112876131411_958039263622046936_o.jpg?resize=350%2C200&ssl=1 1x, https:\/\/i0.wp.com\/www.grieta.org.mx\/wp-content\/uploads\/2018\/03\/14524434_1106112876131411_958039263622046936_o.jpg?resize=525%2C300&ssl=1 1.5x, https:\/\/i0.wp.com\/www.grieta.org.mx\/wp-content\/uploads\/2018\/03\/14524434_1106112876131411_958039263622046936_o.jpg?resize=700%2C400&ssl=1 2x"},"classes":[]},{"id":28325,"url":"https:\/\/www.grieta.org.mx\/index.php\/2018\/12\/31\/comunicado-del-congreso-nacional-indigena-y-del-concejo-indigena-de-gobierno-al-pueblo-chinanteco-de-san-juan-petlapa-oaxaca\/","url_meta":{"origin":25108,"position":1},"title":"COMUNICADO DEL CONGRESO NACIONAL IND\u00cdGENA Y DEL CONCEJO IND\u00cdGENA DE GOBIERNO AL PUEBLO CHINANTECO DE SAN JUAN PETLAPA, OAXACA","author":"grieta","date":"31 diciembre, 2018","format":false,"excerpt":"A la comunidad de San Juan Petlapa, Oaxaca Al pueblo Chinanteco Al Pueblo de M\u00e9xico A los medios de comunicaci\u00f3n El Congreso Nacional Ind\u00edgena y el Concejo Ind\u00edgena de Gobierno manifestamos nuestro pleno respeto a los modos que los pueblos originarios de nuestro pa\u00eds deciden para el nombramiento de sus\u2026","rel":"","context":"En &quot;CIG&quot;","block_context":{"text":"CIG","link":"https:\/\/www.grieta.org.mx\/index.php\/category\/cig\/"},"img":{"alt_text":"","src":"https:\/\/i0.wp.com\/www.grieta.org.mx\/wp-content\/uploads\/2018\/03\/14524434_1106112876131411_958039263622046936_o.jpg?resize=350%2C200&ssl=1","width":350,"height":200,"srcset":"https:\/\/i0.wp.com\/www.grieta.org.mx\/wp-content\/uploads\/2018\/03\/14524434_1106112876131411_958039263622046936_o.jpg?resize=350%2C200&ssl=1 1x, https:\/\/i0.wp.com\/www.grieta.org.mx\/wp-content\/uploads\/2018\/03\/14524434_1106112876131411_958039263622046936_o.jpg?resize=525%2C300&ssl=1 1.5x, https:\/\/i0.wp.com\/www.grieta.org.mx\/wp-content\/uploads\/2018\/03\/14524434_1106112876131411_958039263622046936_o.jpg?resize=700%2C400&ssl=1 2x"},"classes":[]},{"id":12405,"url":"https:\/\/www.grieta.org.mx\/index.php\/2016\/05\/16\/comunicado-conjunto-cni-ezln-sobre-la-agresion-al-pueblo-de-alvaro-obregon-oaxaca\/","url_meta":{"origin":25108,"position":2},"title":"Comunicado conjunto CNI-EZLN sobre la agresi\u00f3n al pueblo de \u00c1lvaro Obreg\u00f3n, Oaxaca","author":"grieta","date":"16 mayo, 2016","format":false,"excerpt":"CONGRESO NACIONAL IND\u00cdGENA EJ\u00c9RCITO ZAPATISTA DE LIBERACI\u00d3N NACIONAL A los medios de comunicaci\u00f3n A las organizaciones solidarias A las organizaciones defensoras de derechos humanos Al digno pueblo binizza de \u00c1lvaro Obreg\u00f3n, Juchit\u00e1n, Oaxaca Hermanas y hermanos Con rabia e indignaci\u00f3n vemos desde nuestros pueblos, tribus, comunidades, organizaciones y barrios, como\u2026","rel":"","context":"En &quot;CINTILLO&quot;","block_context":{"text":"CINTILLO","link":"https:\/\/www.grieta.org.mx\/index.php\/category\/cintillo\/"},"img":{"alt_text":"","src":"https:\/\/i0.wp.com\/www.grieta.org.mx\/wp-content\/uploads\/2018\/03\/14524434_1106112876131411_958039263622046936_o.jpg?resize=350%2C200&ssl=1","width":350,"height":200,"srcset":"https:\/\/i0.wp.com\/www.grieta.org.mx\/wp-content\/uploads\/2018\/03\/14524434_1106112876131411_958039263622046936_o.jpg?resize=350%2C200&ssl=1 1x, https:\/\/i0.wp.com\/www.grieta.org.mx\/wp-content\/uploads\/2018\/03\/14524434_1106112876131411_958039263622046936_o.jpg?resize=525%2C300&ssl=1 1.5x, https:\/\/i0.wp.com\/www.grieta.org.mx\/wp-content\/uploads\/2018\/03\/14524434_1106112876131411_958039263622046936_o.jpg?resize=700%2C400&ssl=1 2x"},"classes":[]},{"id":25044,"url":"https:\/\/www.grieta.org.mx\/index.php\/2018\/07\/18\/comunicado-del-cni-y-el-cig-por-el-asesinato-del-companero-abraham-hernandez-gonzalez-de-codedi-oaxaca\/","url_meta":{"origin":25108,"position":3},"title":"Comunicado del CNI y el CIG por el asesinato del compa\u00f1ero Abraham Hern\u00e1ndez Gonz\u00e1lez de CODEDI (Oaxaca)","author":"grieta","date":"18 julio, 2018","format":false,"excerpt":"Al Comit\u00e9 de Defensa de Derechos Ind\u00edgenas (Codedi) Al pueblo de M\u00e9xico A la Sexta nacional e internacional A los medios de comunicaci\u00f3n Aunque arriba los poderosos se sigan repartiendo nuestra patria, con cualquier rostro viejo o nuevo, abajo nuestra sangre y dolor sigue ba\u00f1ando el territorio. Tambi\u00e9n nuestra resistencia\u2026","rel":"","context":"En &quot;CINTILLO&quot;","block_context":{"text":"CINTILLO","link":"https:\/\/www.grieta.org.mx\/index.php\/category\/cintillo\/"},"img":{"alt_text":"","src":"https:\/\/i0.wp.com\/www.grieta.org.mx\/wp-content\/uploads\/2018\/07\/logo-CNI-T.png?resize=350%2C200&ssl=1","width":350,"height":200,"srcset":"https:\/\/i0.wp.com\/www.grieta.org.mx\/wp-content\/uploads\/2018\/07\/logo-CNI-T.png?resize=350%2C200&ssl=1 1x, https:\/\/i0.wp.com\/www.grieta.org.mx\/wp-content\/uploads\/2018\/07\/logo-CNI-T.png?resize=525%2C300&ssl=1 1.5x"},"classes":[]},{"id":28616,"url":"https:\/\/www.grieta.org.mx\/index.php\/2019\/01\/23\/convocatoria-a-la-tercera-asamblea-general-del-congreso-nacional-indigena-y-el-concejo-indigena-de-gobierno\/","url_meta":{"origin":25108,"position":4},"title":"CONVOCATORIA A LA TERCERA ASAMBLEA GENERAL DEL CONGRESO NACIONAL IND\u00cdGENA Y EL CONCEJO IND\u00cdGENA DE GOBIERNO","author":"grieta","date":"23 enero, 2019","format":false,"excerpt":"Considerando: Que los pueblos originarios de M\u00e9xico seguimos construyendo en nuestra resistencia los mecanismos y las formas de contener la destrucci\u00f3n capitalista, que mantiene amenazadas grandes extensiones de nuestros territorios con sus megaproyectos de muerte. Que los malos gobiernos pretenden con sus mentiras desarticular la organizaci\u00f3n de abajo, para dejar\u2026","rel":"","context":"En &quot;CIG&quot;","block_context":{"text":"CIG","link":"https:\/\/www.grieta.org.mx\/index.php\/category\/cig\/"},"img":{"alt_text":"","src":"https:\/\/i0.wp.com\/www.grieta.org.mx\/wp-content\/uploads\/2019\/01\/IMG-20190123-WA0006.jpg?resize=350%2C200&ssl=1","width":350,"height":200,"srcset":"https:\/\/i0.wp.com\/www.grieta.org.mx\/wp-content\/uploads\/2019\/01\/IMG-20190123-WA0006.jpg?resize=350%2C200&ssl=1 1x, https:\/\/i0.wp.com\/www.grieta.org.mx\/wp-content\/uploads\/2019\/01\/IMG-20190123-WA0006.jpg?resize=525%2C300&ssl=1 1.5x"},"classes":[]},{"id":44825,"url":"https:\/\/www.grieta.org.mx\/index.php\/2020\/02\/21\/convocan-a-asamblea-en-defensa-del-territorio-oaxaca\/","url_meta":{"origin":25108,"position":5},"title":"Convocan a asamblea en defensa del territorio (Oaxaca)","author":"grieta","date":"21 febrero, 2020","format":false,"excerpt":"Noticias \/ Octavio V\u00e9lez. Pueblos, comunidades, organizaciones, sindicatos y colectivos se unieron para celebrar ma\u00f1ana la Asamblea Oaxaque\u00f1a en Defensa de la Tierra y el Territorio, ante las amenazas y despojos territoriales que violan los derechos de los pueblos ind\u00edgenas. En rueda de prensa, la vocera Hilaria L\u00f3pez L\u00f3pez sostuvo\u2026","rel":"","context":"En &quot;CINTILLO&quot;","block_context":{"text":"CINTILLO","link":"https:\/\/www.grieta.org.mx\/index.php\/category\/cintillo\/"},"img":{"alt_text":"","src":"https:\/\/i0.wp.com\/www.grieta.org.mx\/wp-content\/uploads\/2020\/02\/unnamed_0.jpg?resize=350%2C200&ssl=1","width":350,"height":200,"srcset":"https:\/\/i0.wp.com\/www.grieta.org.mx\/wp-content\/uploads\/2020\/02\/unnamed_0.jpg?resize=350%2C200&ssl=1 1x, https:\/\/i0.wp.com\/www.grieta.org.mx\/wp-content\/uploads\/2020\/02\/unnamed_0.jpg?resize=525%2C300&ssl=1 1.5x, https:\/\/i0.wp.com\/www.grieta.org.mx\/wp-content\/uploads\/2020\/02\/unnamed_0.jpg?resize=700%2C400&ssl=1 2x, https:\/\/i0.wp.com\/www.grieta.org.mx\/wp-content\/uploads\/2020\/02\/unnamed_0.jpg?resize=1050%2C600&ssl=1 3x"},"classes":[]}],"_links":{"self":[{"href":"https:\/\/www.grieta.org.mx\/index.php\/wp-json\/wp\/v2\/posts\/25108","targetHints":{"allow":["GET"]}}],"collection":[{"href":"https:\/\/www.grieta.org.mx\/index.php\/wp-json\/wp\/v2\/posts"}],"about":[{"href":"https:\/\/www.grieta.org.mx\/index.php\/wp-json\/wp\/v2\/types\/post"}],"author":[{"embeddable":true,"href":"https:\/\/www.grieta.org.mx\/index.php\/wp-json\/wp\/v2\/users\/2"}],"replies":[{"embeddable":true,"href":"https:\/\/www.grieta.org.mx\/index.php\/wp-json\/wp\/v2\/comments?post=25108"}],"version-history":[{"count":1,"href":"https:\/\/www.grieta.org.mx\/index.php\/wp-json\/wp\/v2\/posts\/25108\/revisions"}],"predecessor-version":[{"id":25110,"href":"https:\/\/www.grieta.org.mx\/index.php\/wp-json\/wp\/v2\/posts\/25108\/revisions\/25110"}],"wp:featuredmedia":[{"embeddable":true,"href":"https:\/\/www.grieta.org.mx\/index.php\/wp-json\/wp\/v2\/media\/25109"}],"wp:attachment":[{"href":"https:\/\/www.grieta.org.mx\/index.php\/wp-json\/wp\/v2\/media?parent=25108"}],"wp:term":[{"taxonomy":"category","embeddable":true,"href":"https:\/\/www.grieta.org.mx\/index.php\/wp-json\/wp\/v2\/categories?post=25108"},{"taxonomy":"post_tag","embeddable":true,"href":"https:\/\/www.grieta.org.mx\/index.php\/wp-json\/wp\/v2\/tags?post=25108"}],"curies":[{"name":"wp","href":"https:\/\/api.w.org\/{rel}","templated":true}]}}