{"id":25103,"date":"2018-07-24T09:05:06","date_gmt":"2018-07-24T14:05:06","guid":{"rendered":"http:\/\/www.grieta.org.mx\/?p=25103"},"modified":"2018-07-25T09:19:50","modified_gmt":"2018-07-25T14:19:50","slug":"asesinan-a-reportero-en-playa-del-carmen-es-el-segundo-en-un-mes-en-q-roo","status":"publish","type":"post","link":"https:\/\/www.grieta.org.mx\/index.php\/2018\/07\/24\/asesinan-a-reportero-en-playa-del-carmen-es-el-segundo-en-un-mes-en-q-roo\/","title":{"rendered":"Asesinan a reportero en Playa del Carmen; es el segundo en un mes en Q. Roo"},"content":{"rendered":"<p><img loading=\"lazy\" decoding=\"async\" data-attachment-id=\"25104\" data-permalink=\"https:\/\/www.grieta.org.mx\/index.php\/2018\/07\/24\/asesinan-a-reportero-en-playa-del-carmen-es-el-segundo-en-un-mes-en-q-roo\/pat-1078x808\/\" data-orig-file=\"https:\/\/www.grieta.org.mx\/wp-content\/uploads\/2018\/07\/pat-1078x808.jpg\" data-orig-size=\"1078,808\" data-comments-opened=\"0\" data-image-meta=\"{&quot;aperture&quot;:&quot;0&quot;,&quot;credit&quot;:&quot;&quot;,&quot;camera&quot;:&quot;&quot;,&quot;caption&quot;:&quot;&quot;,&quot;created_timestamp&quot;:&quot;0&quot;,&quot;copyright&quot;:&quot;&quot;,&quot;focal_length&quot;:&quot;0&quot;,&quot;iso&quot;:&quot;0&quot;,&quot;shutter_speed&quot;:&quot;0&quot;,&quot;title&quot;:&quot;&quot;,&quot;orientation&quot;:&quot;0&quot;}\" data-image-title=\"pat-1078&amp;#215;808\" data-image-description=\"\" data-image-caption=\"\" data-medium-file=\"https:\/\/www.grieta.org.mx\/wp-content\/uploads\/2018\/07\/pat-1078x808-300x225.jpg\" data-large-file=\"https:\/\/www.grieta.org.mx\/wp-content\/uploads\/2018\/07\/pat-1078x808-1024x768.jpg\" src=\"http:\/\/www.grieta.org.mx\/wp-content\/uploads\/2018\/07\/pat-1078x808-1024x768.jpg\" alt=\"\" width=\"819\" height=\"614\" class=\"aligncenter size-large wp-image-25104\" srcset=\"https:\/\/www.grieta.org.mx\/wp-content\/uploads\/2018\/07\/pat-1078x808-1024x768.jpg 1024w, https:\/\/www.grieta.org.mx\/wp-content\/uploads\/2018\/07\/pat-1078x808-300x225.jpg 300w, https:\/\/www.grieta.org.mx\/wp-content\/uploads\/2018\/07\/pat-1078x808-768x576.jpg 768w, https:\/\/www.grieta.org.mx\/wp-content\/uploads\/2018\/07\/pat-1078x808-667x500.jpg 667w, https:\/\/www.grieta.org.mx\/wp-content\/uploads\/2018\/07\/pat-1078x808.jpg 1078w\" sizes=\"auto, (max-width: 819px) 100vw, 819px\" \/><\/p>\n<p>Sergio Caballero\/Proceso<br \/>\nCANCUN, Q. Roo (apro).- El periodista Rub\u00e9n Pat, especializado en nota roja y propietario del portal Semanario Playa News, fue asesinado esta madrugada de varios tiros, en el casco antiguo de Playa del Carmen.<\/p>\n<p>De acuerdo con los primeros reportes, a las 5:48 horas de hoy, la Polic\u00eda Preventiva Municipal recibi\u00f3 el reporte de un hombre baleado en la avenida Ju\u00e1rez, entre Avenida 20 y Avenida 25, en pleno centro de Playa del Carmen.<\/p>\n<p>El hombre fue identificado como Rub\u00e9n Pat, periodista local, y al parecer se encontraba en el bar \u201cArre\u201d, ubicado en la avenida Ju\u00e1rez y lo habr\u00edan asesinado afuera del establecimiento.<\/p>\n<p>A trav\u00e9s de un comunicado, el ayuntamiento de Solidaridad (Playa del Carmen), inform\u00f3 que \u201cla Polic\u00eda Municipal ha realizado los protocolos correspondientes para la intervenci\u00f3n del personal de la Fiscal\u00eda General del Estado (PGE), con el prop\u00f3sito de que se lleven a cabo las investigaciones pertinentes y llegar hasta las \u00faltimas consecuencias.<\/p>\n<p>\u201cTambi\u00e9n se activaron los protocolos respectivos al solicitar la revisi\u00f3n de unidades motorizadas y veh\u00edculos al interior de la ciudad, as\u00ed como en los filtros polic\u00edacos del norte y sur del municipio\u201d, agreg\u00f3.<\/p>\n<p>Rub\u00e9n Pat Cahuich, era originario de Felipe Carrillo Puerto, y desarroll\u00f3 su carrera en Playa del Carmen, en donde colabor\u00f3 en diversos medios hasta que cre\u00f3 la p\u00e1gina \u201cSemanario Playa News\u201d, que se convirti\u00f3 en referencia de nota roja en esta ciudad de la Riviera Maya.<\/p>\n<p>El periodista cobr\u00f3 notoriedad internacional al dar la primicia al ataque del club de playa \u201cBlue Parrot\u201d, la madrugada del 15 de enero de 2017.<\/p>\n<p>Apenas el 29 de junio, el periodista Jos\u00e9 Guadalupe Chan Dzib fue asesinado al interior del bar \u201cLa baticueva\u201d, en la ciudad de Felipe Carrillo Puerto, municipio del mismo nombre, localizado en el municipio maya de Felipe Carrillo Puerto, en la zona centro del estado.<\/p>\n<p>Chan Dzib era colaborador de \u201cPlaya News\u201d y en \u201cEl T\u00e1bano\u201d en la zona maya de la entidad.<\/p>\n<p>Hasta ahora, la Fiscal\u00eda General del Estado (FGE) no ha dado informes de sus investigaciones sobre el homicidio de Chan Dzib.<\/p>\n<p><a href=\"https:\/\/www.proceso.com.mx\/544161\/asesinan-a-reportero-en-playa-del-carmen-es-el-segundo-en-un-mes-en-q-roo\" rel=\"noopener\" target=\"_blank\">https:\/\/www.proceso.com.mx\/544161\/asesinan-a-reportero-en-playa-del-carmen-es-el-segundo-en-un-mes-en-q-roo<\/a><\/p>\n","protected":false},"excerpt":{"rendered":"<p>Sergio Caballero\/Proceso CANCUN, Q. Roo (apro).- El periodista Rub\u00e9n Pat, especializado en nota roja y propietario del portal Semanario Playa News, fue asesinado esta madrugada de varios tiros, en el &hellip; <a href=\"https:\/\/www.grieta.org.mx\/index.php\/2018\/07\/24\/asesinan-a-reportero-en-playa-del-carmen-es-el-segundo-en-un-mes-en-q-roo\/\" class=\"more-link\">Leer m\u00e1s<\/a><\/p>\n","protected":false},"author":2,"featured_media":25104,"comment_status":"closed","ping_status":"closed","sticky":false,"template":"","format":"standard","meta":{"ngg_post_thumbnail":0,"_jetpack_newsletter_access":"","_jetpack_dont_email_post_to_subs":false,"_jetpack_newsletter_tier_id":0,"_jetpack_memberships_contains_paywalled_content":false,"_jetpack_memberships_contains_paid_content":false,"footnotes":""},"categories":[80,2,28,83,88,1372],"tags":[120],"class_list":["post-25103","post","type-post","status-publish","format-standard","has-post-thumbnail","hentry","category-cintillo","category-noticias-nacionales","category-quintana-roo","category-temas-nacionales","category-violencia-contra-periodistas","category-violencia-contra-periodistas-en-quintana-roo","tag-violencia-contra-periodistas","entry"],"jetpack_featured_media_url":"https:\/\/www.grieta.org.mx\/wp-content\/uploads\/2018\/07\/pat-1078x808.jpg","jetpack_sharing_enabled":true,"jetpack_shortlink":"https:\/\/wp.me\/p7ZJR4-6wT","jetpack_likes_enabled":false,"jetpack-related-posts":[{"id":63184,"url":"https:\/\/www.grieta.org.mx\/index.php\/2022\/01\/25\/se-manifiestan-en-playa-del-carmen-por-el-asesinato-de-la-periodista-lourdes-maldonado-quintana-roo\/","url_meta":{"origin":25103,"position":0},"title":"Se manifiestan en Playa del Carmen por el asesinato de la periodista Lourdes Maldonado (Quintana Roo)","author":"grieta","date":"25 enero, 2022","format":false,"excerpt":"Fernando Morcillo \/ PorEsto! Reporteros acudieron al Palacio Municipal de Playa del Carmen para exigir justicia por el asesinato de la Lourdes Maldonado, periodista asesinada en Baja California, adem\u00e1s de tener condiciones seguras para trabajar Reporteros de Playa del Carmen se manifiestan en los bajos del Palacio Municipal, como parte\u2026","rel":"","context":"En &quot;CINTILLO&quot;","block_context":{"text":"CINTILLO","link":"https:\/\/www.grieta.org.mx\/index.php\/category\/cintillo\/"},"img":{"alt_text":"","src":"https:\/\/i0.wp.com\/www.grieta.org.mx\/wp-content\/uploads\/2022\/01\/PlayaPeriodistas-e1643308857279.png?resize=350%2C200&ssl=1","width":350,"height":200,"srcset":"https:\/\/i0.wp.com\/www.grieta.org.mx\/wp-content\/uploads\/2022\/01\/PlayaPeriodistas-e1643308857279.png?resize=350%2C200&ssl=1 1x, https:\/\/i0.wp.com\/www.grieta.org.mx\/wp-content\/uploads\/2022\/01\/PlayaPeriodistas-e1643308857279.png?resize=525%2C300&ssl=1 1.5x, https:\/\/i0.wp.com\/www.grieta.org.mx\/wp-content\/uploads\/2022\/01\/PlayaPeriodistas-e1643308857279.png?resize=700%2C400&ssl=1 2x"},"classes":[]},{"id":33731,"url":"https:\/\/www.grieta.org.mx\/index.php\/2019\/05\/16\/asesinan-al-reportero-francisco-romero-naca-naca-en-playa-del-carmen\/","url_meta":{"origin":25103,"position":1},"title":"Asesinan al reportero Francisco Romero, \u00d1aca-\u00d1aca, en Playa del Carmen","author":"grieta","date":"16 mayo, 2019","format":false,"excerpt":"El Sol de M\u00e9xico Online Playa del Carmen, Quintana Roo.- Francisco Romero, reportero de cr\u00f3nica roja en Playa del Carmen conocido como \u00d1aca \u00d1aca, fue asesinado este jueves afuera del bar \"La Gota\". Durante la madrugada se encontr\u00f3 su cuerpo junto a una motocicleta sobre la avenida 115, en el\u2026","rel":"","context":"En &quot;CINTILLO&quot;","block_context":{"text":"CINTILLO","link":"https:\/\/www.grieta.org.mx\/index.php\/category\/cintillo\/"},"img":{"alt_text":"","src":"https:\/\/i0.wp.com\/www.grieta.org.mx\/wp-content\/uploads\/2019\/05\/reportero-asesinado-playa-del-carmen.png?resize=350%2C200&ssl=1","width":350,"height":200,"srcset":"https:\/\/i0.wp.com\/www.grieta.org.mx\/wp-content\/uploads\/2019\/05\/reportero-asesinado-playa-del-carmen.png?resize=350%2C200&ssl=1 1x, https:\/\/i0.wp.com\/www.grieta.org.mx\/wp-content\/uploads\/2019\/05\/reportero-asesinado-playa-del-carmen.png?resize=525%2C300&ssl=1 1.5x, https:\/\/i0.wp.com\/www.grieta.org.mx\/wp-content\/uploads\/2019\/05\/reportero-asesinado-playa-del-carmen.png?resize=700%2C400&ssl=1 2x"},"classes":[]},{"id":67069,"url":"https:\/\/www.grieta.org.mx\/index.php\/2023\/01\/27\/periodista-ruben-dario-cruz-hernandez-sale-ileso-tras-un-ataque-en-cancun-quintana-roo\/","url_meta":{"origin":25103,"position":2},"title":"Periodista Rub\u00e9n Dar\u00edo Cruz Hern\u00e1ndez sale ileso tras un ataque en Canc\u00fan (Quintana Roo)","author":"grieta","date":"27 enero, 2023","format":false,"excerpt":"El Economista El periodista Rub\u00e9n Dar\u00edo Cruz Hern\u00e1ndez, del peri\u00f3dico \u201c\u00a1Por Esto!\u201d de Quintana Roo, fue atacado a balazos mientras viajaba a bordo de un veh\u00edculo en Canc\u00fan. Este jueves, el periodista Rub\u00e9n Dar\u00edo Cruz Hern\u00e1ndez, del peri\u00f3dico \u201c\u00a1Por Esto!\u201d de Quintana Roo, fue atacado a balazos mientras viajaba a\u2026","rel":"","context":"En &quot;CINTILLO&quot;","block_context":{"text":"CINTILLO","link":"https:\/\/www.grieta.org.mx\/index.php\/category\/cintillo\/"},"img":{"alt_text":"","src":"https:\/\/i0.wp.com\/www.grieta.org.mx\/wp-content\/uploads\/2023\/06\/Periodistas-e1687544648565.jpg?resize=350%2C200&ssl=1","width":350,"height":200,"srcset":"https:\/\/i0.wp.com\/www.grieta.org.mx\/wp-content\/uploads\/2023\/06\/Periodistas-e1687544648565.jpg?resize=350%2C200&ssl=1 1x, https:\/\/i0.wp.com\/www.grieta.org.mx\/wp-content\/uploads\/2023\/06\/Periodistas-e1687544648565.jpg?resize=525%2C300&ssl=1 1.5x, https:\/\/i0.wp.com\/www.grieta.org.mx\/wp-content\/uploads\/2023\/06\/Periodistas-e1687544648565.jpg?resize=700%2C400&ssl=1 2x"},"classes":[]},{"id":65567,"url":"https:\/\/www.grieta.org.mx\/index.php\/2022\/09\/02\/secuestran-y-golpean-a-periodista-de-quintana-roo\/","url_meta":{"origin":25103,"position":3},"title":"Secuestran y golpean a periodista de Quintana Roo","author":"grieta","date":"2 septiembre, 2022","format":false,"excerpt":"Animal Pol\u00edtico Foto Cuartoscuro La periodista Priscila Roco, colaboradora del medio Playa al d\u00eda, fue privada de la libertad y golpeada por hombres armados en Canc\u00fan, Quintana Roo. De acuerdo con el medio, un carro Versa color gris la sigui\u00f3 y un hombre armado y una mujer la subieron bajo\u2026","rel":"","context":"En &quot;CINTILLO&quot;","block_context":{"text":"CINTILLO","link":"https:\/\/www.grieta.org.mx\/index.php\/category\/cintillo\/"},"img":{"alt_text":"","src":"https:\/\/i0.wp.com\/www.grieta.org.mx\/wp-content\/uploads\/2022\/10\/Periodista-e1666390221879.jpg?resize=350%2C200&ssl=1","width":350,"height":200,"srcset":"https:\/\/i0.wp.com\/www.grieta.org.mx\/wp-content\/uploads\/2022\/10\/Periodista-e1666390221879.jpg?resize=350%2C200&ssl=1 1x, https:\/\/i0.wp.com\/www.grieta.org.mx\/wp-content\/uploads\/2022\/10\/Periodista-e1666390221879.jpg?resize=525%2C300&ssl=1 1.5x, https:\/\/i0.wp.com\/www.grieta.org.mx\/wp-content\/uploads\/2022\/10\/Periodista-e1666390221879.jpg?resize=700%2C400&ssl=1 2x"},"classes":[]},{"id":45986,"url":"https:\/\/www.grieta.org.mx\/index.php\/2020\/03\/08\/somos-la-voz-de-las-que-no-estan-marchan-al-menos-mil-500-mujeres-en-playa-del-carmen-contra-la-violencia-de-genero\/","url_meta":{"origin":25103,"position":4},"title":"\u201cSomos la voz de las que no est\u00e1n\u201d: Marchan al menos mil 500 mujeres en Playa del Carmen contra la violencia de g\u00e9nero","author":"grieta","date":"8 marzo, 2020","format":false,"excerpt":"Noticaribe PLAYA DEL CARMEN, MX.- Un contingente de al menos mil 500 mujeres, marcharon a lo largo de la Quinta Avenida, hasta llegar a la Plaza 28 de Julio, donde, frente al Palacio Municipal, familiares de v\u00edctimas de violencia contaron sus experiencias y exigieron un cese a las agresiones de\u2026","rel":"","context":"En &quot;CINTILLO&quot;","block_context":{"text":"CINTILLO","link":"https:\/\/www.grieta.org.mx\/index.php\/category\/cintillo\/"},"img":{"alt_text":"","src":"https:\/\/i0.wp.com\/www.grieta.org.mx\/wp-content\/uploads\/2020\/03\/MujeresPlayaDelCarmen8Mzo.png?resize=350%2C200&ssl=1","width":350,"height":200,"srcset":"https:\/\/i0.wp.com\/www.grieta.org.mx\/wp-content\/uploads\/2020\/03\/MujeresPlayaDelCarmen8Mzo.png?resize=350%2C200&ssl=1 1x, https:\/\/i0.wp.com\/www.grieta.org.mx\/wp-content\/uploads\/2020\/03\/MujeresPlayaDelCarmen8Mzo.png?resize=525%2C300&ssl=1 1.5x, https:\/\/i0.wp.com\/www.grieta.org.mx\/wp-content\/uploads\/2020\/03\/MujeresPlayaDelCarmen8Mzo.png?resize=700%2C400&ssl=1 2x"},"classes":[]},{"id":67282,"url":"https:\/\/www.grieta.org.mx\/index.php\/2023\/07\/31\/disparan-contra-vivienda-de-periodista-en-cancun-no-hay-detenidos-quintana-roo\/","url_meta":{"origin":25103,"position":5},"title":"Disparan contra vivienda de periodista en Canc\u00fan; no hay detenidos (Quintana Roo)","author":"grieta","date":"31 julio, 2023","format":false,"excerpt":"Pablo V\u00e1zquez \/ Milenio Canc\u00fan, Quintana Roo La vivienda del comunicador Jorge Ugalde Hern\u00e1ndez, director del portal de noticias 'Descontento Ciudadano Quintanarroense', fue objeto de disparos por desconocidos en el fraccionamiento Villas del Mar en la regi\u00f3n 248 de Canc\u00fan. El reporte preliminar de Seguridad P\u00fablica de Benito Juarez, es\u2026","rel":"","context":"En &quot;CINTILLO&quot;","block_context":{"text":"CINTILLO","link":"https:\/\/www.grieta.org.mx\/index.php\/category\/cintillo\/"},"img":{"alt_text":"","src":"https:\/\/i0.wp.com\/www.grieta.org.mx\/wp-content\/uploads\/2023\/08\/PeriodistaCancun-e1690931085425.jpg?resize=350%2C200&ssl=1","width":350,"height":200,"srcset":"https:\/\/i0.wp.com\/www.grieta.org.mx\/wp-content\/uploads\/2023\/08\/PeriodistaCancun-e1690931085425.jpg?resize=350%2C200&ssl=1 1x, https:\/\/i0.wp.com\/www.grieta.org.mx\/wp-content\/uploads\/2023\/08\/PeriodistaCancun-e1690931085425.jpg?resize=525%2C300&ssl=1 1.5x, https:\/\/i0.wp.com\/www.grieta.org.mx\/wp-content\/uploads\/2023\/08\/PeriodistaCancun-e1690931085425.jpg?resize=700%2C400&ssl=1 2x"},"classes":[]}],"_links":{"self":[{"href":"https:\/\/www.grieta.org.mx\/index.php\/wp-json\/wp\/v2\/posts\/25103","targetHints":{"allow":["GET"]}}],"collection":[{"href":"https:\/\/www.grieta.org.mx\/index.php\/wp-json\/wp\/v2\/posts"}],"about":[{"href":"https:\/\/www.grieta.org.mx\/index.php\/wp-json\/wp\/v2\/types\/post"}],"author":[{"embeddable":true,"href":"https:\/\/www.grieta.org.mx\/index.php\/wp-json\/wp\/v2\/users\/2"}],"replies":[{"embeddable":true,"href":"https:\/\/www.grieta.org.mx\/index.php\/wp-json\/wp\/v2\/comments?post=25103"}],"version-history":[{"count":1,"href":"https:\/\/www.grieta.org.mx\/index.php\/wp-json\/wp\/v2\/posts\/25103\/revisions"}],"predecessor-version":[{"id":25106,"href":"https:\/\/www.grieta.org.mx\/index.php\/wp-json\/wp\/v2\/posts\/25103\/revisions\/25106"}],"wp:featuredmedia":[{"embeddable":true,"href":"https:\/\/www.grieta.org.mx\/index.php\/wp-json\/wp\/v2\/media\/25104"}],"wp:attachment":[{"href":"https:\/\/www.grieta.org.mx\/index.php\/wp-json\/wp\/v2\/media?parent=25103"}],"wp:term":[{"taxonomy":"category","embeddable":true,"href":"https:\/\/www.grieta.org.mx\/index.php\/wp-json\/wp\/v2\/categories?post=25103"},{"taxonomy":"post_tag","embeddable":true,"href":"https:\/\/www.grieta.org.mx\/index.php\/wp-json\/wp\/v2\/tags?post=25103"}],"curies":[{"name":"wp","href":"https:\/\/api.w.org\/{rel}","templated":true}]}}