{"id":25003,"date":"2018-07-21T14:14:42","date_gmt":"2018-07-21T19:14:42","guid":{"rendered":"http:\/\/www.grieta.org.mx\/?p=25003"},"modified":"2018-07-23T14:18:33","modified_gmt":"2018-07-23T19:18:33","slug":"a-traves-de-la-violencia-fisica-amenazas-y-de-maniobras-legaloides-de-burocratas-federales-pretenden-imponer-parque-solar-en-muna-denuncian","status":"publish","type":"post","link":"https:\/\/www.grieta.org.mx\/index.php\/2018\/07\/21\/a-traves-de-la-violencia-fisica-amenazas-y-de-maniobras-legaloides-de-burocratas-federales-pretenden-imponer-parque-solar-en-muna-denuncian\/","title":{"rendered":"A trav\u00e9s de la violencia f\u00edsica, amenazas y de maniobras legaloides de bur\u00f3cratas federales pretenden imponer parque solar en Muna, denuncian"},"content":{"rendered":"<p><img loading=\"lazy\" decoding=\"async\" data-attachment-id=\"25068\" data-permalink=\"https:\/\/www.grieta.org.mx\/index.php\/2018\/07\/21\/a-traves-de-la-violencia-fisica-amenazas-y-de-maniobras-legaloides-de-burocratas-federales-pretenden-imponer-parque-solar-en-muna-denuncian\/solar5344-yjbfe5hbjh\/\" data-orig-file=\"https:\/\/www.grieta.org.mx\/wp-content\/uploads\/2018\/07\/solar5344-yjbfe5hbjh.jpg\" data-orig-size=\"800,420\" data-comments-opened=\"0\" data-image-meta=\"{&quot;aperture&quot;:&quot;0&quot;,&quot;credit&quot;:&quot;&quot;,&quot;camera&quot;:&quot;&quot;,&quot;caption&quot;:&quot;&quot;,&quot;created_timestamp&quot;:&quot;0&quot;,&quot;copyright&quot;:&quot;&quot;,&quot;focal_length&quot;:&quot;0&quot;,&quot;iso&quot;:&quot;0&quot;,&quot;shutter_speed&quot;:&quot;0&quot;,&quot;title&quot;:&quot;&quot;,&quot;orientation&quot;:&quot;0&quot;}\" data-image-title=\"solar5344-yjbfe5hbjh\" data-image-description=\"\" data-image-caption=\"\" data-medium-file=\"https:\/\/www.grieta.org.mx\/wp-content\/uploads\/2018\/07\/solar5344-yjbfe5hbjh-300x158.jpg\" data-large-file=\"https:\/\/www.grieta.org.mx\/wp-content\/uploads\/2018\/07\/solar5344-yjbfe5hbjh.jpg\" src=\"http:\/\/www.grieta.org.mx\/wp-content\/uploads\/2018\/07\/solar5344-yjbfe5hbjh.jpg\" alt=\"\" width=\"800\" height=\"420\" class=\"aligncenter size-full wp-image-25068\" srcset=\"https:\/\/www.grieta.org.mx\/wp-content\/uploads\/2018\/07\/solar5344-yjbfe5hbjh.jpg 800w, https:\/\/www.grieta.org.mx\/wp-content\/uploads\/2018\/07\/solar5344-yjbfe5hbjh-300x158.jpg 300w, https:\/\/www.grieta.org.mx\/wp-content\/uploads\/2018\/07\/solar5344-yjbfe5hbjh-768x403.jpg 768w\" sizes=\"auto, (max-width: 800px) 100vw, 800px\" \/><br \/>\nMicaela Mag\u00f3n\/Infolliteras<br \/>\nA trav\u00e9s del uso de la violencia f\u00edsica, de las amenazas y de las maniobras legaloides de bur\u00f3cratas federales y empresarios ambiciosos se pretende imponer un mega parque solar de 718 hect\u00e1reas en la comisar\u00eda de San Jos\u00e9 Tipceh. Se trata de los proyectos energ\u00e9ticos  Parque Solar Ticul 1 y Ticul 2 los que se proyectan en el municipio de Muna, Yucat\u00e1n. Con tal fin se organiza una \u201casamblea consultiva\u201d a modo en la que est\u00e1n involucrados funcionarios de Indemaya en Yucat\u00e1n as\u00ed como de la Comisi\u00f3n Nacional para el Desarrollo de los Pueblos Ind\u00edgenas y de la Sener (Secretar\u00eda de Energ\u00eda), los que con la promesa de \u201cbeneficios sociales compartidos\u201d pero utilizando la violencia, la amenaza y la exclusi\u00f3n de quienes se oponen, pretenden aprobar el mega proyecto.<\/p>\n<p>En efecto. Habitantes de San Jos\u00e9 Tipceh, en la comisaria de Muna, denunciaron a Infolliteras.com un intento de linchamiento del comisario ejidal Rodolfo Tut. La cobarde agresi\u00f3n ocurri\u00f3 el pasado 3 de julio, y el motivo es la oposici\u00f3n del comisario al mega parque energ\u00e9tico y sus dos proyectos: los parques de energ\u00eda solar Ticul I y Ticul II los que se construyen a 150 metros de distancia de la comunidad.<\/p>\n<p>La empresa transnacional Vega Solar pretende establecer m\u00e1s de un mill\u00f3n de celdas solares en 718 hect\u00e1reas, pagando tres millones 200 mil pesos por 40 a\u00f1os de arrendamiento entre 102 ejidatarios, denunciaron integrantes de la comunidad, los que est\u00e1n<\/p>\n<p>El tres de julio pasado, el comisario ejidal Rodolfo Tut fue agredido f\u00edsicamente por Francisco G\u00f3ngora, Rub\u00e9n Xool, Luis Venegas y Ceferino Hern\u00e1ndez, quienes son identificados por los pobladores como colaboradores de la empresa en la comunidad; de este hecho fue presentada una denuncia ante la Fiscal\u00eda General del Estado de Yucat\u00e1n.<\/p>\n<p>Este domingo 22 de julio la Secretar\u00eda de Energ\u00eda (Sener) debe realizar una consulta p\u00fablica, como se\u00f1alamos,  sin embargo, 120 integrantes de la comunidad, entre los que se encuentran 10 empresarios, no asistir\u00e1n por los acontecimientos del 3 de julio, fecha en la que la Sener inici\u00f3 el proceso de consulta.<\/p>\n<p>Los ciudadanos refieren no haber recibido apoyo de parte de las instituciones encargadas de salvaguardar sus derechos, como el Indemaya y la Comisi\u00f3n Nacional para el Desarrollo de los Pueblos Ind\u00edgenas (CDI), porque\u201cest\u00e1n velando por los empresarios y no por nosotros\u201d, declararon en entrevista con Infolliteras.com<\/p>\n<p><a href=\"http:\/\/infolliteras.com\/articulo.php?id=42917\" rel=\"noopener\" target=\"_blank\">http:\/\/infolliteras.com\/articulo.php?id=42917<\/a> <\/p>\n","protected":false},"excerpt":{"rendered":"<p>Micaela Mag\u00f3n\/Infolliteras A trav\u00e9s del uso de la violencia f\u00edsica, de las amenazas y de las maniobras legaloides de bur\u00f3cratas federales y empresarios ambiciosos se pretende imponer un mega parque &hellip; <a href=\"https:\/\/www.grieta.org.mx\/index.php\/2018\/07\/21\/a-traves-de-la-violencia-fisica-amenazas-y-de-maniobras-legaloides-de-burocratas-federales-pretenden-imponer-parque-solar-en-muna-denuncian\/\" class=\"more-link\">Leer m\u00e1s<\/a><\/p>\n","protected":false},"author":2,"featured_media":25068,"comment_status":"closed","ping_status":"closed","sticky":false,"template":"","format":"standard","meta":{"ngg_post_thumbnail":0,"_jetpack_newsletter_access":"","_jetpack_dont_email_post_to_subs":false,"_jetpack_newsletter_tier_id":0,"_jetpack_memberships_contains_paywalled_content":false,"_jetpack_memberships_contains_paid_content":false,"footnotes":""},"categories":[60,80,984,1,3,922,952,2,1051,1058,420,36],"tags":[184,262],"class_list":["post-25003","post","type-post","status-publish","format-standard","has-post-thumbnail","hentry","category-16-pueblo-maya","category-cintillo","category-esp-yucatan","category-espejos-de-la-resistencia","category-megaproyectos","category-megaproyectos-estados","category-mp-yucatan","category-noticias-nacionales","category-parques-eolicos-y-solares-en-yucatan","category-parques-eolicos-y-solares-en-yucatan-mp-yucatan","category-parques-solares","category-yucatan","tag-despojo","tag-parque-solar","entry"],"jetpack_featured_media_url":"https:\/\/www.grieta.org.mx\/wp-content\/uploads\/2018\/07\/solar5344-yjbfe5hbjh.jpg","jetpack_sharing_enabled":true,"jetpack_shortlink":"https:\/\/wp.me\/p7ZJR4-6vh","jetpack_likes_enabled":false,"jetpack-related-posts":[{"id":6189,"url":"https:\/\/www.grieta.org.mx\/index.php\/2016\/08\/29\/avanzan-proyectos-de-parques-eolicos-en-yucatan\/","url_meta":{"origin":25003,"position":0},"title":"Avanzan proyectos de parques e\u00f3licos en Yucat\u00e1n","author":"grieta","date":"29 agosto, 2016","format":false,"excerpt":"29\/08\/16. Sorpresa en obra e\u00f3lica (Yucat\u00e1n) Diario de Yucat\u00e1n 11\/06\/16. En Yucat\u00e1n, empresas de energ\u00eda e\u00f3lica obtendr\u00e1n cr\u00e9ditos hipotecando tierras mayas Mayapolitikon 31\/03\/16. Motul y Ticul \u201cacaparan\u201d parques e\u00f3licos y solares en Yucat\u00e1n Mayapolitikon 03\/12\/15. Pronto nuevo parque e\u00f3lico Diario de Yucat\u00e1n 23\/10\/15. Primer parque e\u00f3lico de Yucat\u00e1n 'alimentar\u00e1' todos\u2026","rel":"","context":"En &quot;16. Pueblo Maya&quot;","block_context":{"text":"16. Pueblo Maya","link":"https:\/\/www.grieta.org.mx\/index.php\/category\/espejos-de-la-resistencia\/16-pueblo-maya\/"},"img":{"alt_text":"","src":"https:\/\/i0.wp.com\/www.grieta.org.mx\/wp-content\/uploads\/2018\/03\/14524434_1106112876131411_958039263622046936_o.jpg?resize=350%2C200&ssl=1","width":350,"height":200,"srcset":"https:\/\/i0.wp.com\/www.grieta.org.mx\/wp-content\/uploads\/2018\/03\/14524434_1106112876131411_958039263622046936_o.jpg?resize=350%2C200&ssl=1 1x, https:\/\/i0.wp.com\/www.grieta.org.mx\/wp-content\/uploads\/2018\/03\/14524434_1106112876131411_958039263622046936_o.jpg?resize=525%2C300&ssl=1 1.5x, https:\/\/i0.wp.com\/www.grieta.org.mx\/wp-content\/uploads\/2018\/03\/14524434_1106112876131411_958039263622046936_o.jpg?resize=700%2C400&ssl=1 2x"},"classes":[]},{"id":14197,"url":"https:\/\/www.grieta.org.mx\/index.php\/2016\/03\/31\/motul-y-ticul-acaparan-parques-eolicos-y-solares-en-yucatan\/","url_meta":{"origin":25003,"position":1},"title":"Motul y Ticul \u201cacaparan\u201d parques e\u00f3licos y solares en Yucat\u00e1n","author":"grieta","date":"31 marzo, 2016","format":false,"excerpt":"Cinco municipios de Yucat\u00e1n albergar\u00e1n nueve granjas de \u201cenerg\u00eda verde\u201d, abarcando un \u00e1rea que toca pr\u00e1cticamente a todo el estado: en el centro, el sur y el oriente, incluyendo la costa. Se trata de cuatro parques e\u00f3licas y cinco solares. La Secretar\u00eda de Energ\u00eda (Sener) asign\u00f3 a Yucat\u00e1n el 50%\u2026","rel":"","context":"En &quot;CINTILLO&quot;","block_context":{"text":"CINTILLO","link":"https:\/\/www.grieta.org.mx\/index.php\/category\/cintillo\/"},"img":{"alt_text":"","src":"https:\/\/i0.wp.com\/www.grieta.org.mx\/wp-content\/uploads\/2018\/03\/14524434_1106112876131411_958039263622046936_o.jpg?resize=350%2C200&ssl=1","width":350,"height":200,"srcset":"https:\/\/i0.wp.com\/www.grieta.org.mx\/wp-content\/uploads\/2018\/03\/14524434_1106112876131411_958039263622046936_o.jpg?resize=350%2C200&ssl=1 1x, https:\/\/i0.wp.com\/www.grieta.org.mx\/wp-content\/uploads\/2018\/03\/14524434_1106112876131411_958039263622046936_o.jpg?resize=525%2C300&ssl=1 1.5x, https:\/\/i0.wp.com\/www.grieta.org.mx\/wp-content\/uploads\/2018\/03\/14524434_1106112876131411_958039263622046936_o.jpg?resize=700%2C400&ssl=1 2x"},"classes":[]},{"id":30641,"url":"https:\/\/www.grieta.org.mx\/index.php\/2019\/03\/11\/energias-limpias-con-procedimientos-puercos-en-yucatan\/","url_meta":{"origin":25003,"position":2},"title":"\u2018Energ\u00edas limpias\u2019 con procedimientos puercos en Yucat\u00e1n","author":"grieta","date":"11 marzo, 2019","format":false,"excerpt":"Yucat\u00e1n Ahora Representantes ejidales de Valladolid, Sinanch\u00e9, Muna e Ixil declararon que promotores de empresas fotovoltaicas y e\u00f3licas que pretenden instalarse en Yucat\u00e1n los han despojado de sus tierras bajo enga\u00f1os. En conferencia de prensa, los afectados informaron que han este estos hechos han interpuesto demandas ante el Tribunal Agrario\u2026","rel":"","context":"En &quot;16. Pueblo Maya&quot;","block_context":{"text":"16. Pueblo Maya","link":"https:\/\/www.grieta.org.mx\/index.php\/category\/espejos-de-la-resistencia\/16-pueblo-maya\/"},"img":{"alt_text":"","src":"https:\/\/i0.wp.com\/www.grieta.org.mx\/wp-content\/uploads\/2019\/03\/EnergiasLimpiasProcedimientosPuercos.png?resize=350%2C200&ssl=1","width":350,"height":200,"srcset":"https:\/\/i0.wp.com\/www.grieta.org.mx\/wp-content\/uploads\/2019\/03\/EnergiasLimpiasProcedimientosPuercos.png?resize=350%2C200&ssl=1 1x, https:\/\/i0.wp.com\/www.grieta.org.mx\/wp-content\/uploads\/2019\/03\/EnergiasLimpiasProcedimientosPuercos.png?resize=525%2C300&ssl=1 1.5x, https:\/\/i0.wp.com\/www.grieta.org.mx\/wp-content\/uploads\/2019\/03\/EnergiasLimpiasProcedimientosPuercos.png?resize=700%2C400&ssl=1 2x, https:\/\/i0.wp.com\/www.grieta.org.mx\/wp-content\/uploads\/2019\/03\/EnergiasLimpiasProcedimientosPuercos.png?resize=1050%2C600&ssl=1 3x"},"classes":[]},{"id":25360,"url":"https:\/\/www.grieta.org.mx\/index.php\/2018\/07\/31\/en-la-ilegalidad-los-20-proyectos-de-energia-renovable-en-yucatan\/","url_meta":{"origin":25003,"position":3},"title":"En la ilegalidad los 20 proyectos de energ\u00eda renovable en Yucat\u00e1n","author":"grieta","date":"31 julio, 2018","format":false,"excerpt":"Yucat\u00e1n Ahora Bajo la ilegalidad se desarrollan los 20 megaproyectos de energ\u00eda renovable en Yucat\u00e1n, ya que ninguno ha hecho la Evaluaci\u00f3n Ambiental Estrat\u00e9gica (EAE) y s\u00f3lo dos ya efectuaron una Consulta Ind\u00edgena pero ambas s\u00f3lo benefician al sector empresarial, afirm\u00f3 el especialista de la Unidad M\u00e9rida del Centro de\u2026","rel":"","context":"En &quot;16. Pueblo Maya&quot;","block_context":{"text":"16. Pueblo Maya","link":"https:\/\/www.grieta.org.mx\/index.php\/category\/espejos-de-la-resistencia\/16-pueblo-maya\/"},"img":{"alt_text":"","src":"https:\/\/i0.wp.com\/www.grieta.org.mx\/wp-content\/uploads\/2018\/08\/Eolicas.png?resize=350%2C200&ssl=1","width":350,"height":200,"srcset":"https:\/\/i0.wp.com\/www.grieta.org.mx\/wp-content\/uploads\/2018\/08\/Eolicas.png?resize=350%2C200&ssl=1 1x, https:\/\/i0.wp.com\/www.grieta.org.mx\/wp-content\/uploads\/2018\/08\/Eolicas.png?resize=525%2C300&ssl=1 1.5x, https:\/\/i0.wp.com\/www.grieta.org.mx\/wp-content\/uploads\/2018\/08\/Eolicas.png?resize=700%2C400&ssl=1 2x"},"classes":[]},{"id":39054,"url":"https:\/\/www.grieta.org.mx\/index.php\/2019\/09\/08\/parques-eolicos-y-solares-un-riesgo-regional-yucatan\/","url_meta":{"origin":25003,"position":4},"title":"Parques e\u00f3licos y solares, un riesgo regional (Yucat\u00e1n)","author":"grieta","date":"8 septiembre, 2019","format":false,"excerpt":"Estos megaproyectos se levantan a pesar de que no se realiz\u00f3 una evaluaci\u00f3n regional de las afectaciones ambientales y conflictos sociales que provocan en la Pen\u00ednsula de Yucat\u00e1n. Por Herbeth Escalante\/Fotograf\u00eda de Cuauht\u00e9moc Moreno\/Haz ruido M\u00e9rida, Yucat\u00e1n.- Investigadores de la asociaci\u00f3n Articulaci\u00f3n Yucat\u00e1n insisten en que la instalaci\u00f3n de m\u00e1s\u2026","rel":"","context":"En &quot;CINTILLO&quot;","block_context":{"text":"CINTILLO","link":"https:\/\/www.grieta.org.mx\/index.php\/category\/cintillo\/"},"img":{"alt_text":"","src":"https:\/\/i0.wp.com\/www.grieta.org.mx\/wp-content\/uploads\/2019\/09\/parque-eolico-560x416.jpg?resize=350%2C200&ssl=1","width":350,"height":200,"srcset":"https:\/\/i0.wp.com\/www.grieta.org.mx\/wp-content\/uploads\/2019\/09\/parque-eolico-560x416.jpg?resize=350%2C200&ssl=1 1x, https:\/\/i0.wp.com\/www.grieta.org.mx\/wp-content\/uploads\/2019\/09\/parque-eolico-560x416.jpg?resize=525%2C300&ssl=1 1.5x"},"classes":[]},{"id":37678,"url":"https:\/\/www.grieta.org.mx\/index.php\/2019\/08\/08\/denuncian-activistas-mayas-amenaza-de-cartel-del-narcotrafico-en-valladolid-yucatan\/","url_meta":{"origin":25003,"position":5},"title":"Denuncian activistas mayas amenaza de c\u00e1rtel del narcotr\u00e1fico en Valladolid (Yucat\u00e1n)","author":"grieta","date":"8 agosto, 2019","format":false,"excerpt":"Redacci\u00f3n\/Infolliteras En un comunicado la Asamblea de Defensores del Territorio Maya M\u00fauch\u2019 X\u00edinbal dice que uno de sus miembros ha recibido amenazas de muerte v\u00eda telef\u00f3nica en Yucat\u00e1n provenientes, al parecer, de un c\u00e1rtel del narcotr\u00e1fico que dijo estar asentado en el municipio de Valladolid. En el comunicado afirman que\u2026","rel":"","context":"En &quot;16. Pueblo Maya&quot;","block_context":{"text":"16. Pueblo Maya","link":"https:\/\/www.grieta.org.mx\/index.php\/category\/espejos-de-la-resistencia\/16-pueblo-maya\/"},"img":{"alt_text":"","src":"https:\/\/i0.wp.com\/www.grieta.org.mx\/wp-content\/uploads\/2019\/08\/Muuch.png?resize=350%2C200&ssl=1","width":350,"height":200,"srcset":"https:\/\/i0.wp.com\/www.grieta.org.mx\/wp-content\/uploads\/2019\/08\/Muuch.png?resize=350%2C200&ssl=1 1x, https:\/\/i0.wp.com\/www.grieta.org.mx\/wp-content\/uploads\/2019\/08\/Muuch.png?resize=525%2C300&ssl=1 1.5x, https:\/\/i0.wp.com\/www.grieta.org.mx\/wp-content\/uploads\/2019\/08\/Muuch.png?resize=700%2C400&ssl=1 2x"},"classes":[]}],"_links":{"self":[{"href":"https:\/\/www.grieta.org.mx\/index.php\/wp-json\/wp\/v2\/posts\/25003","targetHints":{"allow":["GET"]}}],"collection":[{"href":"https:\/\/www.grieta.org.mx\/index.php\/wp-json\/wp\/v2\/posts"}],"about":[{"href":"https:\/\/www.grieta.org.mx\/index.php\/wp-json\/wp\/v2\/types\/post"}],"author":[{"embeddable":true,"href":"https:\/\/www.grieta.org.mx\/index.php\/wp-json\/wp\/v2\/users\/2"}],"replies":[{"embeddable":true,"href":"https:\/\/www.grieta.org.mx\/index.php\/wp-json\/wp\/v2\/comments?post=25003"}],"version-history":[{"count":1,"href":"https:\/\/www.grieta.org.mx\/index.php\/wp-json\/wp\/v2\/posts\/25003\/revisions"}],"predecessor-version":[{"id":25069,"href":"https:\/\/www.grieta.org.mx\/index.php\/wp-json\/wp\/v2\/posts\/25003\/revisions\/25069"}],"wp:featuredmedia":[{"embeddable":true,"href":"https:\/\/www.grieta.org.mx\/index.php\/wp-json\/wp\/v2\/media\/25068"}],"wp:attachment":[{"href":"https:\/\/www.grieta.org.mx\/index.php\/wp-json\/wp\/v2\/media?parent=25003"}],"wp:term":[{"taxonomy":"category","embeddable":true,"href":"https:\/\/www.grieta.org.mx\/index.php\/wp-json\/wp\/v2\/categories?post=25003"},{"taxonomy":"post_tag","embeddable":true,"href":"https:\/\/www.grieta.org.mx\/index.php\/wp-json\/wp\/v2\/tags?post=25003"}],"curies":[{"name":"wp","href":"https:\/\/api.w.org\/{rel}","templated":true}]}}