{"id":2498,"date":"2016-08-22T02:48:58","date_gmt":"2016-08-22T07:48:58","guid":{"rendered":"http:\/\/50.22.11.12\/~grietaor\/?p=2498"},"modified":"2016-08-22T22:12:36","modified_gmt":"2016-08-23T03:12:36","slug":"feminicidios-en-el-estado-de-mexico","status":"publish","type":"post","link":"https:\/\/www.grieta.org.mx\/index.php\/2016\/08\/22\/feminicidios-en-el-estado-de-mexico\/","title":{"rendered":"Feminicidios en el Estado de M\u00e9xico"},"content":{"rendered":"<p><strong>22\/08\/16. <\/strong><a href=\"http:\/\/www.grieta.org.mx\/index.php\/2016\/08\/22\/crecen-violencia-machista-y-numero-de-mujeres-desaparecidas\/\">Crecen violencia machista y n\u00famero de mujeres desaparecidas<\/a><br  \/><em>Tres PM<\/em><br  \/><br \/>\n<strong>10\/08\/16. <\/strong><a href=\"http:\/\/www.grieta.org.mx\/index.php\/2016\/08\/10\/once-feminicidios-violentos-en-una-semana-en-edo-de-mexico\/\">Once feminicidios violentos en una semana en Edo. de M\u00e9xico<\/a><br  \/><em>Diario Cambio<\/em><br  \/><br \/>\n<strong>02\/08\/16. <\/strong><a href=\"http:\/\/www.grieta.org.mx\/index.php\/2016\/08\/02\/avg-edomex-un-ano-de-omision-y-discurso-mediatico\/\">AVG Edomex, un a\u00f1o de omisi\u00f3n y discurso medi\u00e1tico<\/a><br  \/><em>Somos el Medio<\/em><br  \/><br \/>\n<strong>26\/07\/16. <\/strong><a href=\"http:\/\/www.grieta.org.mx\/index.php\/2016\/07\/26\/la-alerta-de-genero-cumple-1-ano-y-nada-edomex-no-mueve-un-dedo-contra-feminicidios-acusan-ongs\/\">La Alerta de G\u00e9nero cumple 1 a\u00f1o, y nada: Edomex no mueve un dedo contra feminicidios, acusan ONGs<\/a><br  \/><em>Sin Embargo<\/em><br  \/><br \/>\n<strong>12\/07\/16. <\/strong><a href=\"http:\/\/www.grieta.org.mx\/index.php\/2016\/07\/12\/alarman-feminicidios-en-ecatepec-y-neza\/\">Alarman feminicidios en Ecatepec y Neza<\/a><br  \/><em>El Norte<\/em><br  \/><br \/>\n<strong>05\/07\/16. <\/strong><a href=\"http:\/\/www.grieta.org.mx\/index.php\/2016\/07\/05\/gobierno-de-huixquilucan-arremete-contra-protesta-por-feminicidios\/\">Gobierno de Huixquilucan arremete contra protesta por feminicidios<\/a><br  \/><em>Somos el Medio<\/em><br  \/><br \/>\n<strong>22\/06\/16. <\/strong><a href=\"http:\/\/www.grieta.org.mx\/index.php\/2016\/06\/22\/hallan-mujer-quemada-en-ecatepec\/\">Halan mujer quemada en Ecatepec<\/a><br  \/><em>Somos el Medio<\/em><br  \/><br \/>\n<strong>06\/06\/16. <\/strong><a href=\"http:\/\/www.grieta.org.mx\/index.php\/2016\/06\/06\/cruces-rosas-memoria-e-impunidad\/\">Cruces rosas, memoria e impunidad<\/a><br  \/><em>Sin Embargo<\/em><br  \/><br \/>\n<strong>29\/05\/16. <\/strong><a href=\"http:\/\/www.grieta.org.mx\/index.php\/2016\/05\/29\/mujeres-se-organizan-y-protestan-en-chimalhuacan-edomex-contra-ola-de-feminicidios\/\">Mujeres se organizan y protestan en Chimalhuac\u00e1n, Edomex, contra ola de feminicidios<\/a><br  \/><em>Sin Embargo<\/em><br  \/><br \/>\n<strong>05\/05\/16. <\/strong><a href=\"http:\/\/www.grieta.org.mx\/index.php\/2016\/05\/05\/autoridades-municipales-arrancan-cruces-representativas-de-victimas-de-feminicidio-en-chimalhuacan\/\">Autoridades municipales arrancan cruces representativas de v\u00edctimas de feminicidio en Chimalhuac\u00e1n<\/a><br  \/><em>5oyMexico<\/em><br  \/><br \/>\n<strong>21\/04\/16. <\/strong><a href=\"http:\/\/www.grieta.org.mx\/index.php\/2016\/04\/21\/en-edomex-feminicidios-son-cometidos-con-mas-dolo-y-sana-organizacion-reporta-67-en-lo-que-va-del-ano\/\">En Edomex feminicidios son cometidos con m\u00e1s dolo y sa\u00f1a; organizaci\u00f3n reporta 67 en lo que va del a\u00f1o<\/a><br  \/><em>Revoluci\u00f3n 3.0<\/em><br  \/><br \/>\n<strong>13\/04\/16. <\/strong><a href=\"http:\/\/www.grieta.org.mx\/index.php\/2016\/04\/13\/las-mujeres-no-somos-desechables\/\">Las mujeres no somos desechables<\/a><br  \/><em>Somos el medio<\/em><br  \/><br \/>\n<strong>13\/03\/16. <\/strong><a href=\"http:\/\/grieta.org.mx\/index.php\/2016\/03\/13\/ecatepec-se-inunda-de-cruces-rosas\/\">Ecatepec se inunda de cruces rosas<\/a><br  \/><em>Somos el medio<\/em><br  \/><br \/>\n<strong>08\/03\/16. <\/strong><a href=\"http:\/\/grieta.org.mx\/index.php\/2016\/03\/08\/se-enciende-el-fuego-de-la-autodefensa-feminista-en-el-estado-de-mexico\/\">Se enciende el fuego de la autodefensa feminista en el Estado de M\u00e9xico<\/a><br  \/><em>Subversiones<\/em><br  \/><br \/>\n<strong>08\/03\/16. <\/strong><a href=\"http:\/\/grieta.org.mx\/index.php\/2016\/03\/08\/rostros-de-fuego-del-bordo-a-la-esperanza\/\">Rostros de fuego, del Bordo a la Esperanza<\/a><br  \/><em>Somos el medio<\/em><br  \/><br \/>\n<strong>06\/03\/16. <\/strong><a href=\"http:\/\/grieta.org.mx\/index.php\/2016\/03\/06\/rostros-de-fuego-protesta-en-un-epicentro-de-feminicidios\/\">Rostros de Fuego: Protesta en un epicentro de feminicidios<\/a><br  \/><em>Tercera V\u00eda<\/em><br  \/><br \/>\n<strong>29\/01\/16. <\/strong><a href=\"http:\/\/grieta.org.mx\/index.php\/2016\/01\/29\/de-nada-ha-servido-la-alerta-de-genero-en-el-edomex-las-medidas-no-se-aplican-acusan-ongs\/\">De nada ha servido la alerta de g\u00e9nero en el Edomex; las medidas no se aplican, acusan ONG`s<\/a><br  \/><em>Plana Mayor<\/em><br  \/><br \/>\n<strong>27\/01\/16. <\/strong><a href=\"http:\/\/grieta.org.mx\/index.php\/2016\/01\/27\/pese-a-la-alerta-de-genero-en-edomex-feminicidos-siguen-incontenibles-en-lo-que-va-del-ano-12-asesinatos-y-ni-un-sospechoso\/\">Pese a la alerta de g\u00e9nero en Edomex feminicidos siguen incontenibles; en lo que va del a\u00f1o 12 asesinatos y ni un sospechoso<\/a><br  \/><em>Revoluci\u00f3n 3.0<\/em><br  \/><br \/>\n<strong>07\/01\/16. <\/strong><a href=\"http:\/\/grieta.org.mx\/index.php\/2016\/01\/13\/a-una-semana-de-iniciar-el-2016-se-reportan-3-feminicidios-en-municipios-del-edomex-donde-se-activo-la-avg\/\">A una semana de iniciar el 2016 se reportan 3 feminicidios en municipios del Edomex donde se activ\u00f3 la AVG<\/a><br  \/><em>Revoluci\u00f3n 3.0<\/em><br  \/><br \/>\n<strong>05\/01\/16. <\/strong><a href=\"http:\/\/grieta.org.mx\/index.php\/2016\/01\/05\/edomex-alerta-de-genero-ambigua-y-suntuosa\/\">Edomex: Alerta de g\u00e9nero ambigua y suntuosa<\/a><br  \/><em>Proceso<\/em><br  \/><br \/>\n<strong>03\/01\/16. <\/strong><a href=\"http:\/\/grieta.org.mx\/index.php\/2016\/01\/03\/la-alerta-de-genero-en-edomex-sirvio-para-plumas-imanes-y-calcomanias-reclama-ong\/\">La Alerta de G\u00e9nero en Edomex sirvi\u00f3 para plumas, imanes y calcoman\u00edas, reclama ONG<\/a><br  \/><em>Sin Embargo<\/em><br  \/><br \/>\n<strong>05\/12\/15. <\/strong><a href=\"http:\/\/grieta.org.mx\/index.php\/2015\/12\/05\/ineficaz-la-alerta-de-genero-en-edomex-se-acumulan-13-feminicidios-en-menos-de-un-mes\/\">Ineficaz la Alerta de G\u00e9nero en Edom\u00e9x, se acumulan 13 feminicidios en menos de un mes<\/a><br  \/><em>Alfa Diario<\/em><br  \/><br \/>\n<strong>02\/12\/15. <\/strong><a href=\"http:\/\/grieta.org.mx\/index.php\/2015\/12\/02\/edomex-debera-emitir-disculpa-publica-por-su-tardia-atencion-a-feminicidios\/\">Edomex deber\u00e1 emitir disculpa p\u00fablica por su tard\u00eda atenci\u00f3n a feminicidios<\/a><br  \/><em>Diario de M\u00e9xico<\/em><br  \/><br \/>\n<strong>01\/12\/15. <\/strong><a href=\"http:\/\/grieta.org.mx\/index.php\/2015\/12\/01\/las-mujeres-de-la-periferia-no-somos-desechables-performance-politico\/\">Las mujeres de la periferia no somos desechables: performance pol\u00edtico<\/a><br  \/><em>Somos el medio<\/em><br  \/><br \/>\n<strong>27\/11\/15. <\/strong><a href=\"http:\/\/grieta.org.mx\/index.php\/2015\/11\/27\/en-edomex-extincion-de-las-mujeres-por-medio-de-crimenes-de-odio-gobierno-estatal-es-omiso-y-ciego\/\">En Edomex extinci\u00f3n de las mujeres por medio de cr\u00edmenes de odio; \u201cgobierno estatal es omiso y ciego\u201d<\/a><br  \/><em>Revoluci\u00f3n 3.0<\/em><br  \/><br \/>\n<strong>25\/11\/15. <\/strong><a href=\"http:\/\/grieta.org.mx\/index.php\/2015\/11\/25\/feminicidios-en-edomex-se-han-incrementado-en-4-meses-pese-a-alerta-de-genero\/\">Feminicidios en Edomex se han incrementado en 4 meses, pese a Alerta de G\u00e9nero<\/a><br  \/><em>SDP noticias<\/em><br  \/><br \/>\n<strong>19\/11\/15. <\/strong><a href=\"http:\/\/grieta.org.mx\/index.php\/2015\/11\/19\/en-edomex-ofrece-recompensas-para-hallar-a-desaparecidos-pero-de-61-ninguna-ha-servido\/\">En Edomex ofrece recompensas para hallar a desaparecidos, pero de 61 ninguna ha servido<\/a><br  \/><em>Animal Pol\u00edtico<\/em><br  \/><br \/>\n<strong>16\/11\/15. <\/strong><a href=\"http:\/\/grieta.org.mx\/index.php\/2015\/11\/16\/tenemos-una-juarizacion-encabronada-david-mancera\/\">\u201cTenemos una juarizaci\u00f3n encabronada\u201d: David Mancera<\/a><br  \/><em>Revista Variopinto<\/em><br  \/><br \/>\n<strong>16\/11\/15. <\/strong><a href=\"http:\/\/grieta.org.mx\/index.php\/2015\/11\/16\/feminicidios-rostros-desdibujados-cuerpos-que-no-importan\/\">Feminicidios: rostros desdibujados cuerpos que no importan<\/a><br  \/><em>Revista Variopinto<\/em><br  \/><br \/>\n<strong>25\/10\/15. <\/strong><a href=\"http:\/\/grieta.org.mx\/index.php\/2015\/10\/25\/denuncian-feminicidios-en-edomex-durante-marcha-zombie\/\">Denuncian feminicidios en Edomex durante marcha zombie<\/a><br  \/><em>Revista Variopinto<\/em><br  \/><br \/>\n<strong>17\/10\/15. <\/strong><a href=\"http:\/\/grieta.org.mx\/index.php\/2015\/10\/17\/feminicidios-politizados\/\">Feminicidios politizados<\/a><br  \/><em>Impulso<\/em><br  \/><br \/>\n<strong>15\/10\/15. <\/strong><a href=\"http:\/\/grieta.org.mx\/index.php\/2015\/10\/15\/estado-de-mexico-tierra-del-feminicidio-y-la-barbarie-capitalista\/\">Estado de M\u00e9xico: tierra del feminicidio y la barbarie capitalista<\/a><br  \/><em>La Izquierda Diario<\/em><br  \/><br \/>\n<strong>13\/10\/15. <\/strong><a href=\"http:\/\/grieta.org.mx\/index.php\/2015\/10\/13\/flores-rostro-y-esperanza-a-las-victimas-de-feminicidios-en-el-rio-de-los-remedios\/\">Flores, rostro y esperanza a las victimas de feminicidios en el R\u00edo de los Remedios<\/a><br  \/><em>Somos el medio<\/em><br  \/><br \/>\n<strong>11\/10\/15. <\/strong><a href=\"http:\/\/grieta.org.mx\/index.php\/2015\/10\/11\/ecatepec-despierta-los-demonios-de-ciudad-juarez\/\">Ecatepec despierta los demonios de Ciudad Ju\u00e1rez<\/a><br  \/><em>El Pa\u00eds<\/em><br  \/><br \/>\n<strong>02\/10\/15. <\/strong><a href=\"http:\/\/grieta.org.mx\/index.php\/2015\/10\/02\/feminicidio-contra-madre-de-tres-menores-en-edomex-denunciado-ante-la-cidh\/\">Feminicidio contra madre de tres menores en Edomex, denunciado ante la CIDH<\/a><br  \/><em>Proceso<\/em><br  \/><br \/>\n<strong>21\/09\/15. <\/strong><a href=\"http:\/\/grieta.org.mx\/index.php\/2015\/09\/21\/ecatepec-como-es-vivir-en-el-peor-lugar-para-ser-mujer-de-todo-mexico\/\">Ecatepec: c\u00f3mo es vivir en el peor lugar para ser mujer de todo M\u00e9xico<\/a><br  \/><em>BBC Mundo<\/em><br  \/><br \/>\n<strong>19\/09\/15. <\/strong><a href=\"http:\/\/grieta.org.mx\/index.php\/2015\/09\/19\/registra-edomex-223-feminicidios-desde-2011-resuelven-solo-30\/\">Registra Edomex 223 feminicidios desde 2011; resuelven s\u00f3lo 30%<\/a><br  \/><em>Proceso<\/em><br  \/><br \/>\n<strong>08\/09\/15. <\/strong><a href=\"http:\/\/grieta.org.mx\/index.php\/2015\/09\/08\/asesinan-a-10-mujeres-a-pesar-de-alerta-de-genero-en-edomex\/\">Asesinan a 10 mujeres a pesar de alerta de g\u00e9nero en Edomex<\/a><br  \/><em>A Fondo<\/em><br  \/><br \/>\n<strong>03\/09\/15. <\/strong><a href=\"http:\/\/grieta.org.mx\/index.php\/2015\/09\/03\/en-edomex-36-feminicidios-en-2015-procurador\/\">En Edomex 36 feminicidios en 2015: Procurador<\/a><br  \/><em>Agencia Quadrat\u00edn<\/em><br  \/><br \/>\n<strong>27\/08\/15. <\/strong><a href=\"http:\/\/grieta.org.mx\/index.php\/2015\/08\/27\/ola-de-feminicidos-en-edomex\/\">Ola de feminicidos en Edomex<\/a><br  \/><em>Diario Fuerza del Estado de M\u00e9xico<\/em><br  \/><br \/>\n<strong>24\/08\/15. <\/strong><a href=\"http:\/\/grieta.org.mx\/index.php\/2015\/08\/24\/en-2015-19-feminicidios-en-municipios-de-edomex-con-alerta-de-genero\/\">En 2015, 19 feminicidios en municipios de Edomex con alerta de g\u00e9nero<\/a><br  \/><em>El Universal<\/em><br  \/><br \/>\n<strong>16\/08\/15. <\/strong><a href=\"http:\/\/grieta.org.mx\/index.php\/2015\/08\/16\/piden-ong-prevencion-en-favor-de-las-mujeres\/\">Piden ONG prevenci\u00f3n en favor de las mujeres<\/a><br  \/><em>El Universal<\/em><br  \/><br \/>\n<strong>10\/08\/15. <\/strong><a href=\"http:\/\/grieta.org.mx\/index.php\/2015\/08\/10\/alerta-de-genero-en-edomex-fue-demorada-injustificadamente-muchos-delitos-contra-mujeres-pudieron-evitarse\/\">Alerta de g\u00e9nero en Edomex fue demorada injustificadamente; \u201cmuchos delitos contra mujeres pudieron evitarse\u201d <\/a><br  \/><em>Revoluci\u00f3n 3.0<\/em><br  \/><br \/>\n<strong>06\/08\/15. <\/strong><a href=\"http:\/\/grieta.org.mx\/index.php\/2015\/08\/06\/edomex-no-tiene-prisa-en-investigar-feminicidio-como-le-ordeno-la-scjn-madre-de-victima\/\">Edomex no tiene prisa en investigar feminicidio, como le orden\u00f3 la SCJN: madre de v\u00edctima<\/a><br  \/><em>Sin Embargo<\/em><br  \/><br \/>\n<strong>28\/07\/15. <\/strong><a href=\"http:\/\/grieta.org.mx\/index.php\/2015\/07\/28\/aprueban-alerta-de-genero-para-11-municipios-del-edomex\/\">Aprueban alerta de g\u00e9nero para 11 municipios del Edomex<\/a><br  \/><em>La Jornada<\/em><br  \/><br \/>\n<strong>20\/07\/15. <\/strong><a href=\"http:\/\/grieta.org.mx\/index.php\/2015\/07\/20\/125-mujeres-en-representacion-de-cada-uno-de-los-municipios-mexiquenses-demandaron-alerta-a-la-segob\/\">125 mujeres en representaci\u00f3n de cada uno de los municipios mexiquenses demandaron alerta a la SEGOB <\/a><br  \/><em>El Occidental<\/em><br  \/><br \/>\n<strong>16\/07\/15. <\/strong><a href=\"http:\/\/grieta.org.mx\/index.php\/2015\/07\/16\/alerta-de-genero-debe-darse-a-todo-el-edomex-ongs\/\">Alerta de g\u00e9nero debe darse a todo el Edomex: ONGs<\/a><br  \/><em>Sin Embargo<\/em><br  \/><br \/>\n<strong>11\/07\/15. <\/strong><a href=\"http:\/\/grieta.org.mx\/index.php\/2015\/07\/11\/cifras-muestran-que-epn-mintio-en-edomex-para-no-emitir-alerta-de-genero\/\">Cifras muestran que EPN minti\u00f3 en Edomex para no emitir alerta de g\u00e9nero<\/a><br  \/><em>Sin Embargo<\/em><br  \/><br \/>\n<strong>09\/07\/15. <\/strong><a href=\"http:\/\/grieta.org.mx\/index.php\/2015\/07\/09\/decreta-edomex-alerta-de-genero-se-tarda-cinco-anos-en-solicitarla\/\">Decreta Edomex alerta de g\u00e9nero; se tarda cinco a\u00f1os en solicitarla<\/a><br  \/><em>Proceso<\/em><br  \/><br \/>\n<strong>08\/07\/15. <\/strong><a href=\"http:\/\/grieta.org.mx\/index.php\/2015\/07\/08\/continua-la-ola-de-feminicidios-en-edomex-dos-jovenes-son-arrojadas-a-la-carretera\/\">Contin\u00faa la ola de feminicidios en Edomex; dos j\u00f3venes son arrojadas a la carretera <\/a><br  \/><em>Revoluci\u00f3n 3.0<\/em><br  \/><br \/>\n<strong>24\/06\/15. <\/strong><a href=\"http:\/\/grieta.org.mx\/index.php\/2015\/06\/24\/busqueda-de-desaparecidas-en-edomex-entre-torpezas-y-omisiones\/\">B\u00fasqueda de desaparecidas en Edomex, entre torpezas y omisiones<\/a><br  \/><em>Proceso<\/em><br  \/><br \/>\n<strong>24\/06\/15. <\/strong><a href=\"http:\/\/grieta.org.mx\/index.php\/2015\/06\/24\/25-de-feminicidios-se-cometen-en-el-edomex-violencia-de-genero-tiene-sin-cuidado-a-eruviel-avila\/\">25 % de feminicidios se cometen en el Edomex; violencia de g\u00e9nero tiene sin cuidado a Eruviel \u00c1vila <\/a><br  \/><em>Revoluci\u00f3n 3.0<\/em><br  \/><br \/>\n<strong>23\/06\/15. <\/strong><a href=\"http:\/\/grieta.org.mx\/index.php\/2015\/06\/23\/asesinadas-en-el-estado-de-mexico-una-silenciosa-epidemia\/\">Asesinadas en el Estado de M\u00e9xico: una silenciosa epidemia<\/a><br  \/><em>VICE News<\/em><br  \/><br \/>\n<strong>08\/06\/15. <\/strong><a href=\"http:\/\/grieta.org.mx\/index.php\/2015\/04\/27\/domex-y-su-vacio-de-autoridad-frente-a-los-crimenes-de-genero\/\">Edomex y su &#8220;vac\u00edo de autoridad&#8221; frente a los cr\u00edmenes de g\u00e9nero<\/a><br  \/><em>Revista Hashtag<\/em><br  \/><br \/>\n<strong>27\/04\/15. <\/strong><a href=\"http:\/\/grieta.org.mx\/index.php\/2015\/04\/27\/fuera-de-control-feminicidio-en-edomex\/\">\u201cFuera de control\u201d, feminicidio en Edomex<\/a><br  \/><em>Cimac<\/em><br  \/><br \/>\n<strong>17\/04\/15. <\/strong><a href=\"http:\/\/grieta.org.mx\/index.php\/2015\/04\/17\/el-edomex-es-donde-hay-mas-mujeres-por-eso-hay-mas-feminicidios-justifica-titular-de-gobierno\/\">El Edomex es donde hay m\u00e1s mujeres, por eso hay m\u00e1s feminicidios, justifica titular de Gobierno<\/a><br  \/><em>Sin Embargo<\/em><br  \/><br \/>\n<strong>15\/04\/15. <\/strong><a href=\"http:\/\/grieta.org.mx\/index.php\/2016\/04\/15\/the-guardian-evidencia-epidemia-de-feminicidios-en-el-estado-de-mexico\/\">The Guardian evidencia \u201cepidemia\u201d de feminicidios en el Estado de M\u00e9xico<\/a><br  \/><em>Proceso<\/em><br  \/><br \/>\n<strong>07\/04\/15. <\/strong><a href=\"http:\/\/grieta.org.mx\/index.php\/2015\/04\/07\/pena-nieto-sin-accion-ante-feminicidios-edomex-supera-a-cd-juarez\/\">Pe\u00f1a Nieto sin acci\u00f3n ante feminicidios; Edomex supera a Cd. Ju\u00e1rez<\/a><br  \/><em>Revoluci\u00f3n 3.0<\/em><br  \/><br \/>\n<strong>01\/04\/15. <\/strong><a href=\"http:\/\/grieta.org.mx\/index.php\/2015\/04\/01\/matan-a-2-mujeres-por-dia-denuncia-observatorio-ciudadano\/\">Matan a 2 mujeres por d\u00eda, denuncia Observatorio Ciudadano<\/a><br  \/><em>El Universal<\/em><br  \/><br \/>\n<strong>31\/03\/15. <\/strong><a href=\"http:\/\/grieta.org.mx\/index.php\/2015\/03\/31\/ecatepec-supera-a-frontera-norte-en-homicidios\/\">Ecatepec supera a frontera norte en homicidios<\/a><br  \/><em>El Universal<\/em><br  \/><br \/>\n<strong>25\/03\/15. <\/strong><a href=\"http:\/\/grieta.org.mx\/index.php\/2015\/03\/25\/nueve-muertas-en-edomex-desde-enero\/\">Nueve muertas en Edomex desde enero<\/a><br  \/><em>La Jornada<\/em><br  \/><br \/>\n<strong>12\/03\/15. <\/strong><a href=\"http:\/\/grieta.org.mx\/index.php\/2015\/03\/12\/neza-y-chimalhuacan-contra-los-feminicidos-en-edomex\/\">Neza y Chimalhuac\u00e1n contra los feminicidos en Edomex<\/a><br  \/><em>Subversiones<\/em><br  \/><br \/>\n<strong>08\/03\/15. <\/strong><a href=\"http:\/\/grieta.org.mx\/index.php\/2015\/03\/08\/con-performance-denuncian-su-hartazgo-de-vivir-con-miedo-de-ser-la-siguiente-desaparecida\/\">Con performance denuncian su hartazgo de vivir con miedo de ser la siguiente desaparecida<\/a><br  \/><em>Somos el Medio<\/em><br  \/><br \/>\n<strong>17\/02\/15. <\/strong><a href=\"http:\/\/grieta.org.mx\/index.php\/2015\/02\/17\/las-desaparecidas-de-ecatepec-un-problema-que-sale-a-flote\/\">Las desaparecidas de Ecatepec: un problema que sale a flote<\/a><br  \/><em>Revista Chilango<\/em><br  \/><\/p>\n","protected":false},"excerpt":{"rendered":"<p>22\/08\/16. Crecen violencia machista y n\u00famero de mujeres desaparecidasTres PM 10\/08\/16. Once feminicidios violentos en una semana en Edo. de M\u00e9xicoDiario Cambio 02\/08\/16. AVG Edomex, un a\u00f1o de omisi\u00f3n y &hellip; <a href=\"https:\/\/www.grieta.org.mx\/index.php\/2016\/08\/22\/feminicidios-en-el-estado-de-mexico\/\" class=\"more-link\">Leer m\u00e1s<\/a><\/p>\n","protected":false},"author":2,"featured_media":21928,"comment_status":"closed","ping_status":"open","sticky":false,"template":"","format":"standard","meta":{"ngg_post_thumbnail":0,"_jetpack_newsletter_access":"","_jetpack_dont_email_post_to_subs":false,"_jetpack_newsletter_tier_id":0,"_jetpack_memberships_contains_paywalled_content":false,"_jetpack_memberships_contains_paid_content":false,"footnotes":""},"categories":[16,84,83],"tags":[],"class_list":["post-2498","post","type-post","status-publish","format-standard","has-post-thumbnail","hentry","category-estado-de-mexico","category-feminicidios","category-temas-nacionales","entry"],"jetpack_featured_media_url":"https:\/\/www.grieta.org.mx\/wp-content\/uploads\/2018\/03\/14524434_1106112876131411_958039263622046936_o.jpg","jetpack_sharing_enabled":true,"jetpack_shortlink":"https:\/\/wp.me\/p7ZJR4-Ei","jetpack_likes_enabled":false,"jetpack-related-posts":[{"id":36856,"url":"https:\/\/www.grieta.org.mx\/index.php\/2019\/07\/21\/edomex-segunda-entidad-con-mas-feminicidios-en-2019\/","url_meta":{"origin":2498,"position":0},"title":"Edomex, segunda entidad con m\u00e1s feminicidios en 2019","author":"grieta","date":"21 julio, 2019","format":false,"excerpt":"Sonia Vilchis\/As\u00ed sucede En M\u00e9xico, en los primeros seis meses del a\u00f1o se han dado 448 incidentes, de los cu\u00e1les el 10 por ciento se dieron en territorio estatal. Al respecto, Luz Estrada Mendoza, representante de Cat\u00f3licas por el Derecho a Decidir e integrante del Observatorio Ciudadano del Feminicidio, inform\u00f3\u2026","rel":"","context":"En &quot;CINTILLO&quot;","block_context":{"text":"CINTILLO","link":"https:\/\/www.grieta.org.mx\/index.php\/category\/cintillo\/"},"img":{"alt_text":"","src":"https:\/\/i0.wp.com\/www.grieta.org.mx\/wp-content\/uploads\/2019\/07\/feminicidio-610x389.jpg?resize=350%2C200&ssl=1","width":350,"height":200},"classes":[]},{"id":21839,"url":"https:\/\/www.grieta.org.mx\/index.php\/2018\/02\/27\/siguen-feminicidios-en-el-edomex-ocurren-7-casos-en-enero-de-este-ano\/","url_meta":{"origin":2498,"position":1},"title":"Siguen feminicidios en el Edomex, ocurren 7 casos en enero de este a\u00f1o","author":"grieta","date":"27 febrero, 2018","format":false,"excerpt":"De los 64 feminicidios que se registraron en enero de 2018, el Estado de M\u00e9xico y Nuevo Le\u00f3n encabezaron, con siete cada uno, la lista de estados donde m\u00e1s delitos de ese tipo se cometieron en el pa\u00eds, seg\u00fan el Secretariado Ejecutivo del Sistema Nacional de Seguridad P\u00fablica (SESNSP). De\u2026","rel":"","context":"En &quot;CINTILLO&quot;","block_context":{"text":"CINTILLO","link":"https:\/\/www.grieta.org.mx\/index.php\/category\/cintillo\/"},"img":{"alt_text":"","src":"https:\/\/i0.wp.com\/www.grieta.org.mx\/wp-content\/uploads\/2018\/02\/feminicidios_.jpg?resize=350%2C200&ssl=1","width":350,"height":200,"srcset":"https:\/\/i0.wp.com\/www.grieta.org.mx\/wp-content\/uploads\/2018\/02\/feminicidios_.jpg?resize=350%2C200&ssl=1 1x, https:\/\/i0.wp.com\/www.grieta.org.mx\/wp-content\/uploads\/2018\/02\/feminicidios_.jpg?resize=525%2C300&ssl=1 1.5x"},"classes":[]},{"id":42606,"url":"https:\/\/www.grieta.org.mx\/index.php\/2019\/12\/26\/402-mujeres-asesinadas-en-once-meses-en-edomex\/","url_meta":{"origin":2498,"position":2},"title":"402 mujeres asesinadas en once meses en Edomex","author":"grieta","date":"26 diciembre, 2019","format":false,"excerpt":"\u00a0 Iv\u00e1n Ju\u00e1rez \/ Quadratin Edomex TOLUCA, Edomex.-26 diciembre 2019.-De enero a noviembre, 402 mujeres fueron asesinadas intencionalmente en el Estado de M\u00e9xico, es decir, un promedio de 1.2 casos diarios para convertirse en la entidad m\u00e1s peligrosa para las personas del sexo femenino. Sin embargo, \u00fanicamente 108 eventos son\u2026","rel":"","context":"En &quot;CINTILLO&quot;","block_context":{"text":"CINTILLO","link":"https:\/\/www.grieta.org.mx\/index.php\/category\/cintillo\/"},"img":{"alt_text":"","src":"https:\/\/i0.wp.com\/www.grieta.org.mx\/wp-content\/uploads\/2019\/12\/meses-ano-suman-mexico-feminicidios_0_0_958_596.jpg?resize=350%2C200&ssl=1","width":350,"height":200,"srcset":"https:\/\/i0.wp.com\/www.grieta.org.mx\/wp-content\/uploads\/2019\/12\/meses-ano-suman-mexico-feminicidios_0_0_958_596.jpg?resize=350%2C200&ssl=1 1x, https:\/\/i0.wp.com\/www.grieta.org.mx\/wp-content\/uploads\/2019\/12\/meses-ano-suman-mexico-feminicidios_0_0_958_596.jpg?resize=525%2C300&ssl=1 1.5x, https:\/\/i0.wp.com\/www.grieta.org.mx\/wp-content\/uploads\/2019\/12\/meses-ano-suman-mexico-feminicidios_0_0_958_596.jpg?resize=700%2C400&ssl=1 2x"},"classes":[]},{"id":25292,"url":"https:\/\/www.grieta.org.mx\/index.php\/2018\/08\/01\/hallan-a-mujer-estrangulada-en-ecatepec-van-100-feminicidios-en-edomex-en-los-ultimos-2-anos\/","url_meta":{"origin":2498,"position":3},"title":"Hallan a mujer estrangulada en Ecatepec; van 100 feminicidios en Edomex en los \u00faltimos 2 a\u00f1os","author":"grieta","date":"1 agosto, 2018","format":false,"excerpt":"Animal Pol\u00edtico La madrugada de este mi\u00e9rcoles, el cuerpo de una mujer fue hallado en la v\u00eda p\u00fablica, en la colonia Solidaridad del municipio de Ecatepec, Estado de M\u00e9xico. De acuerdo con reportes del diario Reforma, vecinos de la colonia reportaron el hallazgo del cuerpo \u2013 que ten\u00eda un cable\u2026","rel":"","context":"En &quot;CINTILLO&quot;","block_context":{"text":"CINTILLO","link":"https:\/\/www.grieta.org.mx\/index.php\/category\/cintillo\/"},"img":{"alt_text":"","src":"https:\/\/i0.wp.com\/www.grieta.org.mx\/wp-content\/uploads\/2018\/08\/Puebla_Marcha_Feminicidios-1-e1533144300176-960x500.jpg?resize=350%2C200&ssl=1","width":350,"height":200,"srcset":"https:\/\/i0.wp.com\/www.grieta.org.mx\/wp-content\/uploads\/2018\/08\/Puebla_Marcha_Feminicidios-1-e1533144300176-960x500.jpg?resize=350%2C200&ssl=1 1x, https:\/\/i0.wp.com\/www.grieta.org.mx\/wp-content\/uploads\/2018\/08\/Puebla_Marcha_Feminicidios-1-e1533144300176-960x500.jpg?resize=525%2C300&ssl=1 1.5x, https:\/\/i0.wp.com\/www.grieta.org.mx\/wp-content\/uploads\/2018\/08\/Puebla_Marcha_Feminicidios-1-e1533144300176-960x500.jpg?resize=700%2C400&ssl=1 2x"},"classes":[]},{"id":2357,"url":"https:\/\/www.grieta.org.mx\/index.php\/2015\/04\/07\/pena-nieto-sin-accion-ante-feminicidios-edomex-supera-a-cd-juarez\/","url_meta":{"origin":2498,"position":4},"title":"Pe\u00f1a Nieto sin acci\u00f3n ante feminicidios; Edomex supera a Cd. Ju\u00e1rez","author":"grieta","date":"7 abril, 2015","format":false,"excerpt":"Edgar Rosas \/ 7 abril, 2015 En el contexto actual de crisis que vive M\u00e9xico, uno de los grandes problemas que debe afrontar el gobierno es el aumento de los feminicidios en diversas regiones de la rep\u00fablica. Esta situaci\u00f3n no ha sido atendida debidamente por las autoridades y a pesar\u2026","rel":"","context":"En &quot;CINTILLO&quot;","block_context":{"text":"CINTILLO","link":"https:\/\/www.grieta.org.mx\/index.php\/category\/cintillo\/"},"img":{"alt_text":"","src":"https:\/\/i0.wp.com\/www.grieta.org.mx\/wp-content\/uploads\/2018\/03\/14524434_1106112876131411_958039263622046936_o.jpg?resize=350%2C200&ssl=1","width":350,"height":200,"srcset":"https:\/\/i0.wp.com\/www.grieta.org.mx\/wp-content\/uploads\/2018\/03\/14524434_1106112876131411_958039263622046936_o.jpg?resize=350%2C200&ssl=1 1x, https:\/\/i0.wp.com\/www.grieta.org.mx\/wp-content\/uploads\/2018\/03\/14524434_1106112876131411_958039263622046936_o.jpg?resize=525%2C300&ssl=1 1.5x, https:\/\/i0.wp.com\/www.grieta.org.mx\/wp-content\/uploads\/2018\/03\/14524434_1106112876131411_958039263622046936_o.jpg?resize=700%2C400&ssl=1 2x"},"classes":[]},{"id":32597,"url":"https:\/\/www.grieta.org.mx\/index.php\/2019\/04\/23\/chimalhuacan-y-ecatepec-encabezan-la-lista-en-numero-de-feminicidios-en-edomex\/","url_meta":{"origin":2498,"position":5},"title":"Chimalhuac\u00e1n y Ecatepec encabezan la lista en n\u00famero de feminicidios en Edomex","author":"grieta","date":"23 abril, 2019","format":false,"excerpt":"Mariana Cervantes\/Grupo F\u00f3rmula Las cifras aumentaron entre 2017 y 2018 Desde hace cuatro a\u00f1os el municipio de Chimalhuac\u00e1n lidera la lista de los municipios del Estado de M\u00e9xico con el n\u00famero m\u00e1s alto de feminicidios, con 2.4 casos por cada cien mil habitantes, seg\u00fan cifras oficiales. A partir del asesinato\u2026","rel":"","context":"En &quot;CINTILLO&quot;","block_context":{"text":"CINTILLO","link":"https:\/\/www.grieta.org.mx\/index.php\/category\/cintillo\/"},"img":{"alt_text":"","src":"https:\/\/i0.wp.com\/www.grieta.org.mx\/wp-content\/uploads\/2018\/03\/14524434_1106112876131411_958039263622046936_o.jpg?resize=350%2C200&ssl=1","width":350,"height":200,"srcset":"https:\/\/i0.wp.com\/www.grieta.org.mx\/wp-content\/uploads\/2018\/03\/14524434_1106112876131411_958039263622046936_o.jpg?resize=350%2C200&ssl=1 1x, https:\/\/i0.wp.com\/www.grieta.org.mx\/wp-content\/uploads\/2018\/03\/14524434_1106112876131411_958039263622046936_o.jpg?resize=525%2C300&ssl=1 1.5x, https:\/\/i0.wp.com\/www.grieta.org.mx\/wp-content\/uploads\/2018\/03\/14524434_1106112876131411_958039263622046936_o.jpg?resize=700%2C400&ssl=1 2x"},"classes":[]}],"_links":{"self":[{"href":"https:\/\/www.grieta.org.mx\/index.php\/wp-json\/wp\/v2\/posts\/2498","targetHints":{"allow":["GET"]}}],"collection":[{"href":"https:\/\/www.grieta.org.mx\/index.php\/wp-json\/wp\/v2\/posts"}],"about":[{"href":"https:\/\/www.grieta.org.mx\/index.php\/wp-json\/wp\/v2\/types\/post"}],"author":[{"embeddable":true,"href":"https:\/\/www.grieta.org.mx\/index.php\/wp-json\/wp\/v2\/users\/2"}],"replies":[{"embeddable":true,"href":"https:\/\/www.grieta.org.mx\/index.php\/wp-json\/wp\/v2\/comments?post=2498"}],"version-history":[{"count":1,"href":"https:\/\/www.grieta.org.mx\/index.php\/wp-json\/wp\/v2\/posts\/2498\/revisions"}],"predecessor-version":[{"id":20216,"href":"https:\/\/www.grieta.org.mx\/index.php\/wp-json\/wp\/v2\/posts\/2498\/revisions\/20216"}],"wp:featuredmedia":[{"embeddable":true,"href":"https:\/\/www.grieta.org.mx\/index.php\/wp-json\/wp\/v2\/media\/21928"}],"wp:attachment":[{"href":"https:\/\/www.grieta.org.mx\/index.php\/wp-json\/wp\/v2\/media?parent=2498"}],"wp:term":[{"taxonomy":"category","embeddable":true,"href":"https:\/\/www.grieta.org.mx\/index.php\/wp-json\/wp\/v2\/categories?post=2498"},{"taxonomy":"post_tag","embeddable":true,"href":"https:\/\/www.grieta.org.mx\/index.php\/wp-json\/wp\/v2\/tags?post=2498"}],"curies":[{"name":"wp","href":"https:\/\/api.w.org\/{rel}","templated":true}]}}