{"id":24826,"date":"2016-05-10T19:58:51","date_gmt":"2016-05-11T00:58:51","guid":{"rendered":"http:\/\/www.grieta.org.mx\/?p=24826"},"modified":"2018-11-05T21:06:22","modified_gmt":"2018-11-06T03:06:22","slug":"denuncian-desalojo-ilegal-por-minera-habitantes-de-la-colorada","status":"publish","type":"post","link":"https:\/\/www.grieta.org.mx\/index.php\/2016\/05\/10\/denuncian-desalojo-ilegal-por-minera-habitantes-de-la-colorada\/","title":{"rendered":"Denuncian desalojo ilegal por minera habitantes de La Colorada"},"content":{"rendered":"<p><img loading=\"lazy\" decoding=\"async\" data-attachment-id=\"27508\" data-permalink=\"https:\/\/www.grieta.org.mx\/index.php\/2016\/05\/10\/denuncian-desalojo-ilegal-por-minera-habitantes-de-la-colorada\/colorada-300x225\/\" data-orig-file=\"https:\/\/www.grieta.org.mx\/wp-content\/uploads\/2018\/11\/colorada-300x225.jpg\" data-orig-size=\"300,225\" data-comments-opened=\"0\" data-image-meta=\"{&quot;aperture&quot;:&quot;0&quot;,&quot;credit&quot;:&quot;&quot;,&quot;camera&quot;:&quot;&quot;,&quot;caption&quot;:&quot;&quot;,&quot;created_timestamp&quot;:&quot;0&quot;,&quot;copyright&quot;:&quot;&quot;,&quot;focal_length&quot;:&quot;0&quot;,&quot;iso&quot;:&quot;0&quot;,&quot;shutter_speed&quot;:&quot;0&quot;,&quot;title&quot;:&quot;&quot;,&quot;orientation&quot;:&quot;0&quot;}\" data-image-title=\"colorada-300&amp;#215;225\" data-image-description=\"\" data-image-caption=\"\" data-medium-file=\"https:\/\/www.grieta.org.mx\/wp-content\/uploads\/2018\/11\/colorada-300x225-300x225.jpg\" data-large-file=\"https:\/\/www.grieta.org.mx\/wp-content\/uploads\/2018\/11\/colorada-300x225.jpg\" class=\"aligncenter size-full wp-image-27508\" src=\"http:\/\/www.grieta.org.mx\/wp-content\/uploads\/2018\/11\/colorada-300x225.jpg\" alt=\"\" width=\"300\" height=\"225\" \/><\/p>\n<p>Emilia Pesci\/Zacatecas online<\/p>\n<p>Habitantes de la comunidad La Colorada, de Chalchihuites, han solicitado a la Secretar\u00eda de Econom\u00eda que detenga las actividades de la empresa minera Plata Panamericana que, dicen, intenta desalojarlos de sus viviendas de manera ilegal.<\/p>\n<p>Desde principios de 2015 los habitantes denunciaron p\u00fablicamente que sus casas estaban siendo destruidas con sus pertenencias dentro por personal contratado por la mina, para obligarlos a mudarse a un Fraccionamiento llamado tambi\u00e9n La Colorada, donde les ser\u00edan otorgadas casas en comodato a cambio del uso de los terrenos.<\/p>\n<p>Plata Panamericana SA de CV, subsidiaria del grupo canadiense Panamerican Silver Corp, fue creada en 1994 para la exploraci\u00f3n y explotaci\u00f3n de minerales met\u00e1licos en la mina la Colorada, misma que compr\u00f3 en 1998.<\/p>\n<p>En diciembre de 2013 el gobierno mexicano aprob\u00f3 a la empresa un proyecto para aumentar la tasa de producci\u00f3n de la planta y entreg\u00f3 varias concesiones mineras, por lo que en 2015 se determin\u00f3 la reubicaci\u00f3n de los pobladores.<\/p>\n<p>Seg\u00fan los habitantes, a partir del mes de mayo de ese a\u00f1o se presentaron en la comunidad &#8220;diversas personas, quienes dijeron ser trabajadores de la empresa minera Plata Panamericana y enviados por orden del ingeniero Juan Villegas Gonz\u00e1lez como gerente general de tal empresa, sin que nos conste tal personalidad&#8221;.<\/p>\n<p>A la fecha viven en el lugar solo 4 familias que se resisten a abandonar sus hogares, mismos que la empresa no ha podido desalojar debido a que son los \u00fanicos que cuentan con derechos sobre la tierra, sin embargo, la mayor\u00eda de quienes se han mudado manifiestan ser v\u00edctimas de malas condiciones de vida.<\/p>\n<p>Afirman que no se les permite tener animales a pesar de que el ganado es parte esencial de su forma de vida, asimismo, est\u00e1 prohibida la m\u00fasica despu\u00e9s de cierta hora de la noche y no pueden establecer comercios, ya que solo se permite consumir en una tienda propiedad de la empresa.<\/p>\n<p>El pasado 28 de abril presentaron un documento ante la Secretar\u00eda de Econom\u00eda para solicitar que la planta detenga sus actividades.<\/p>\n<p>Lisandro Carrillo F\u00e9lix, abogado de los pobladores, explic\u00f3 que de acuerdo con lo establecido en el art\u00edculo 43 de la Ley Minera: &#8220;El derecho para realizar las obras y trabajos previstos por esta Ley se suspender\u00e1 cuando estos pongan en peligro la vida o integridad f\u00edsica de los trabajadores o de los miembros de la comunidad&#8221;.<\/p>\n<p>Asimismo, cuando &#8220;causen o puedan causar da\u00f1o a bienes de inter\u00e9s p\u00fablico, afectos a un servicio p\u00fablico o de propiedad privada&#8221;.<\/p>\n<p>Expuso que la ley mandata una visita de inspecci\u00f3n para determinar si hay da\u00f1os, sin embargo, el delegado de la Secretar\u00eda de Econom\u00eda, Eduardo L\u00f3pez Carrillo, &#8220;ha hecho caso omiso de su obligaci\u00f3n de ordenar la visita&#8221;.<\/p>\n<p>Se\u00f1al\u00f3 que, de determinarse riesgo, el mismo art\u00edculo de la Ley Minera se\u00f1ala que &#8220;se dispondr\u00e1 de inmediato la suspensi\u00f3n provisional de las obras y trabajos hasta que la empresa atienda las observaciones hechas y de no ser as\u00ed ordenar\u00e1 la suspensi\u00f3n definitiva de tales obras y trabajos.&#8221;<\/p>\n<p>Lamentablemente, dijo, desde la fecha en que el oficio fue entregado, L\u00f3pez Carrillo no le recibe en su oficina, ni atiende sus llamadas.<\/p>\n<p>El abogado afirm\u00f3 que los pobladores de la comunidad y el fraccionamiento est\u00e1n valorando tomar acciones m\u00e1s severas ante la negativa de las autoridades.<\/p>\n<p><img decoding=\"async\" data-attachment-id=\"24828\" data-permalink=\"https:\/\/www.grieta.org.mx\/index.php\/2016\/05\/10\/denuncian-desalojo-ilegal-por-minera-habitantes-de-la-colorada\/colorada-1\/\" data-orig-file=\"https:\/\/www.grieta.org.mx\/wp-content\/uploads\/2018\/07\/colorada-1.jpg\" data-orig-size=\"670,503\" data-comments-opened=\"0\" data-image-meta=\"{&quot;aperture&quot;:&quot;0&quot;,&quot;credit&quot;:&quot;&quot;,&quot;camera&quot;:&quot;&quot;,&quot;caption&quot;:&quot;&quot;,&quot;created_timestamp&quot;:&quot;0&quot;,&quot;copyright&quot;:&quot;&quot;,&quot;focal_length&quot;:&quot;0&quot;,&quot;iso&quot;:&quot;0&quot;,&quot;shutter_speed&quot;:&quot;0&quot;,&quot;title&quot;:&quot;&quot;,&quot;orientation&quot;:&quot;0&quot;}\" data-image-title=\"colorada-1\" data-image-description=\"\" data-image-caption=\"\" data-medium-file=\"https:\/\/www.grieta.org.mx\/wp-content\/uploads\/2018\/07\/colorada-1-300x225.jpg\" data-large-file=\"https:\/\/www.grieta.org.mx\/wp-content\/uploads\/2018\/07\/colorada-1.jpg\" class=\"aligncenter size-medium wp-image-24828\" src=\"http:\/\/www.grieta.org.mx\/wp-content\/uploads\/2018\/07\/colorada-1-300x225.jpg\" alt=\"\" width=\"100%\" srcset=\"https:\/\/www.grieta.org.mx\/wp-content\/uploads\/2018\/07\/colorada-1-300x225.jpg 300w, https:\/\/www.grieta.org.mx\/wp-content\/uploads\/2018\/07\/colorada-1-666x500.jpg 666w, https:\/\/www.grieta.org.mx\/wp-content\/uploads\/2018\/07\/colorada-1.jpg 670w\" sizes=\"(max-width: 300px) 100vw, 300px\" \/><\/p>\n<p><img decoding=\"async\" data-attachment-id=\"24829\" data-permalink=\"https:\/\/www.grieta.org.mx\/index.php\/2016\/05\/10\/denuncian-desalojo-ilegal-por-minera-habitantes-de-la-colorada\/colorada-2\/\" data-orig-file=\"https:\/\/www.grieta.org.mx\/wp-content\/uploads\/2018\/07\/colorada-2.jpg\" data-orig-size=\"670,502\" data-comments-opened=\"0\" data-image-meta=\"{&quot;aperture&quot;:&quot;0&quot;,&quot;credit&quot;:&quot;&quot;,&quot;camera&quot;:&quot;&quot;,&quot;caption&quot;:&quot;&quot;,&quot;created_timestamp&quot;:&quot;0&quot;,&quot;copyright&quot;:&quot;&quot;,&quot;focal_length&quot;:&quot;0&quot;,&quot;iso&quot;:&quot;0&quot;,&quot;shutter_speed&quot;:&quot;0&quot;,&quot;title&quot;:&quot;&quot;,&quot;orientation&quot;:&quot;0&quot;}\" data-image-title=\"colorada-2\" data-image-description=\"\" data-image-caption=\"\" data-medium-file=\"https:\/\/www.grieta.org.mx\/wp-content\/uploads\/2018\/07\/colorada-2-300x225.jpg\" data-large-file=\"https:\/\/www.grieta.org.mx\/wp-content\/uploads\/2018\/07\/colorada-2.jpg\" class=\"aligncenter size-medium wp-image-24829\" src=\"http:\/\/www.grieta.org.mx\/wp-content\/uploads\/2018\/07\/colorada-2-300x225.jpg\" alt=\"\" width=\"100%\" srcset=\"https:\/\/www.grieta.org.mx\/wp-content\/uploads\/2018\/07\/colorada-2-300x225.jpg 300w, https:\/\/www.grieta.org.mx\/wp-content\/uploads\/2018\/07\/colorada-2-667x500.jpg 667w, https:\/\/www.grieta.org.mx\/wp-content\/uploads\/2018\/07\/colorada-2.jpg 670w\" sizes=\"(max-width: 300px) 100vw, 300px\" \/><img loading=\"lazy\" decoding=\"async\" data-attachment-id=\"24830\" data-permalink=\"https:\/\/www.grieta.org.mx\/index.php\/2016\/05\/10\/denuncian-desalojo-ilegal-por-minera-habitantes-de-la-colorada\/colorada-3\/\" data-orig-file=\"https:\/\/www.grieta.org.mx\/wp-content\/uploads\/2018\/07\/colorada-3.jpg\" data-orig-size=\"670,503\" data-comments-opened=\"0\" data-image-meta=\"{&quot;aperture&quot;:&quot;0&quot;,&quot;credit&quot;:&quot;&quot;,&quot;camera&quot;:&quot;&quot;,&quot;caption&quot;:&quot;&quot;,&quot;created_timestamp&quot;:&quot;0&quot;,&quot;copyright&quot;:&quot;&quot;,&quot;focal_length&quot;:&quot;0&quot;,&quot;iso&quot;:&quot;0&quot;,&quot;shutter_speed&quot;:&quot;0&quot;,&quot;title&quot;:&quot;&quot;,&quot;orientation&quot;:&quot;0&quot;}\" data-image-title=\"colorada-3\" data-image-description=\"\" data-image-caption=\"\" data-medium-file=\"https:\/\/www.grieta.org.mx\/wp-content\/uploads\/2018\/07\/colorada-3-300x225.jpg\" data-large-file=\"https:\/\/www.grieta.org.mx\/wp-content\/uploads\/2018\/07\/colorada-3.jpg\" class=\"aligncenter size-medium wp-image-24830\" src=\"http:\/\/www.grieta.org.mx\/wp-content\/uploads\/2018\/07\/colorada-3-300x225.jpg\" alt=\"\" width=\"300\" height=\"225\" srcset=\"https:\/\/www.grieta.org.mx\/wp-content\/uploads\/2018\/07\/colorada-3-300x225.jpg 300w, https:\/\/www.grieta.org.mx\/wp-content\/uploads\/2018\/07\/colorada-3-666x500.jpg 666w, https:\/\/www.grieta.org.mx\/wp-content\/uploads\/2018\/07\/colorada-3.jpg 670w\" sizes=\"auto, (max-width: 300px) 100vw, 300px\" \/><\/p>\n<p><img decoding=\"async\" data-attachment-id=\"24831\" data-permalink=\"https:\/\/www.grieta.org.mx\/index.php\/2016\/05\/10\/denuncian-desalojo-ilegal-por-minera-habitantes-de-la-colorada\/colorada-4\/\" data-orig-file=\"https:\/\/www.grieta.org.mx\/wp-content\/uploads\/2018\/07\/colorada-4.jpg\" data-orig-size=\"670,503\" data-comments-opened=\"0\" data-image-meta=\"{&quot;aperture&quot;:&quot;0&quot;,&quot;credit&quot;:&quot;&quot;,&quot;camera&quot;:&quot;&quot;,&quot;caption&quot;:&quot;&quot;,&quot;created_timestamp&quot;:&quot;0&quot;,&quot;copyright&quot;:&quot;&quot;,&quot;focal_length&quot;:&quot;0&quot;,&quot;iso&quot;:&quot;0&quot;,&quot;shutter_speed&quot;:&quot;0&quot;,&quot;title&quot;:&quot;&quot;,&quot;orientation&quot;:&quot;0&quot;}\" data-image-title=\"colorada-4\" data-image-description=\"\" data-image-caption=\"\" data-medium-file=\"https:\/\/www.grieta.org.mx\/wp-content\/uploads\/2018\/07\/colorada-4-300x225.jpg\" data-large-file=\"https:\/\/www.grieta.org.mx\/wp-content\/uploads\/2018\/07\/colorada-4.jpg\" class=\"aligncenter size-medium wp-image-24831\" src=\"http:\/\/www.grieta.org.mx\/wp-content\/uploads\/2018\/07\/colorada-4-300x225.jpg\" alt=\"\" width=\"100%\" srcset=\"https:\/\/www.grieta.org.mx\/wp-content\/uploads\/2018\/07\/colorada-4-300x225.jpg 300w, https:\/\/www.grieta.org.mx\/wp-content\/uploads\/2018\/07\/colorada-4-666x500.jpg 666w, https:\/\/www.grieta.org.mx\/wp-content\/uploads\/2018\/07\/colorada-4.jpg 670w\" sizes=\"(max-width: 300px) 100vw, 300px\" \/><\/p>\n<p><img decoding=\"async\" data-attachment-id=\"24832\" data-permalink=\"https:\/\/www.grieta.org.mx\/index.php\/2016\/05\/10\/denuncian-desalojo-ilegal-por-minera-habitantes-de-la-colorada\/colorada-6\/\" data-orig-file=\"https:\/\/www.grieta.org.mx\/wp-content\/uploads\/2018\/07\/colorada-6.jpg\" data-orig-size=\"670,392\" data-comments-opened=\"0\" data-image-meta=\"{&quot;aperture&quot;:&quot;0&quot;,&quot;credit&quot;:&quot;&quot;,&quot;camera&quot;:&quot;&quot;,&quot;caption&quot;:&quot;&quot;,&quot;created_timestamp&quot;:&quot;0&quot;,&quot;copyright&quot;:&quot;&quot;,&quot;focal_length&quot;:&quot;0&quot;,&quot;iso&quot;:&quot;0&quot;,&quot;shutter_speed&quot;:&quot;0&quot;,&quot;title&quot;:&quot;&quot;,&quot;orientation&quot;:&quot;0&quot;}\" data-image-title=\"colorada-6\" data-image-description=\"\" data-image-caption=\"\" data-medium-file=\"https:\/\/www.grieta.org.mx\/wp-content\/uploads\/2018\/07\/colorada-6-300x176.jpg\" data-large-file=\"https:\/\/www.grieta.org.mx\/wp-content\/uploads\/2018\/07\/colorada-6.jpg\" class=\"aligncenter size-medium wp-image-24832\" src=\"http:\/\/www.grieta.org.mx\/wp-content\/uploads\/2018\/07\/colorada-6-300x176.jpg\" alt=\"\" width=\"100%\" srcset=\"https:\/\/www.grieta.org.mx\/wp-content\/uploads\/2018\/07\/colorada-6-300x176.jpg 300w, https:\/\/www.grieta.org.mx\/wp-content\/uploads\/2018\/07\/colorada-6.jpg 670w\" sizes=\"(max-width: 300px) 100vw, 300px\" \/><\/p>\n<p><img loading=\"lazy\" decoding=\"async\" width=\"300\" height=\"207\" data-attachment-id=\"24833\" data-permalink=\"https:\/\/www.grieta.org.mx\/index.php\/2016\/05\/10\/denuncian-desalojo-ilegal-por-minera-habitantes-de-la-colorada\/colorada-7\/\" data-orig-file=\"https:\/\/www.grieta.org.mx\/wp-content\/uploads\/2018\/07\/colorada-7.jpg\" data-orig-size=\"670,462\" data-comments-opened=\"0\" data-image-meta=\"{&quot;aperture&quot;:&quot;0&quot;,&quot;credit&quot;:&quot;&quot;,&quot;camera&quot;:&quot;&quot;,&quot;caption&quot;:&quot;&quot;,&quot;created_timestamp&quot;:&quot;0&quot;,&quot;copyright&quot;:&quot;&quot;,&quot;focal_length&quot;:&quot;0&quot;,&quot;iso&quot;:&quot;0&quot;,&quot;shutter_speed&quot;:&quot;0&quot;,&quot;title&quot;:&quot;&quot;,&quot;orientation&quot;:&quot;0&quot;}\" data-image-title=\"colorada-7\" data-image-description=\"\" data-image-caption=\"\" data-medium-file=\"https:\/\/www.grieta.org.mx\/wp-content\/uploads\/2018\/07\/colorada-7-300x207.jpg\" data-large-file=\"https:\/\/www.grieta.org.mx\/wp-content\/uploads\/2018\/07\/colorada-7.jpg\" class=\"aligncenter size-medium wp-image-24833\" src=\"http:\/\/www.grieta.org.mx\/wp-content\/uploads\/2018\/07\/colorada-7-300x207.jpg\" alt=\"\" srcset=\"https:\/\/www.grieta.org.mx\/wp-content\/uploads\/2018\/07\/colorada-7-300x207.jpg 300w, https:\/\/www.grieta.org.mx\/wp-content\/uploads\/2018\/07\/colorada-7.jpg 670w\" sizes=\"auto, (max-width: 300px) 100vw, 300px\" \/><\/p>\n<p><img decoding=\"async\" data-attachment-id=\"24834\" data-permalink=\"https:\/\/www.grieta.org.mx\/index.php\/2016\/05\/10\/denuncian-desalojo-ilegal-por-minera-habitantes-de-la-colorada\/colorada-9\/\" data-orig-file=\"https:\/\/www.grieta.org.mx\/wp-content\/uploads\/2018\/07\/colorada-9.jpg\" data-orig-size=\"670,503\" data-comments-opened=\"0\" data-image-meta=\"{&quot;aperture&quot;:&quot;0&quot;,&quot;credit&quot;:&quot;&quot;,&quot;camera&quot;:&quot;&quot;,&quot;caption&quot;:&quot;&quot;,&quot;created_timestamp&quot;:&quot;0&quot;,&quot;copyright&quot;:&quot;&quot;,&quot;focal_length&quot;:&quot;0&quot;,&quot;iso&quot;:&quot;0&quot;,&quot;shutter_speed&quot;:&quot;0&quot;,&quot;title&quot;:&quot;&quot;,&quot;orientation&quot;:&quot;0&quot;}\" data-image-title=\"colorada-9\" data-image-description=\"\" data-image-caption=\"\" data-medium-file=\"https:\/\/www.grieta.org.mx\/wp-content\/uploads\/2018\/07\/colorada-9-300x225.jpg\" data-large-file=\"https:\/\/www.grieta.org.mx\/wp-content\/uploads\/2018\/07\/colorada-9.jpg\" class=\"aligncenter size-medium wp-image-24834\" src=\"http:\/\/www.grieta.org.mx\/wp-content\/uploads\/2018\/07\/colorada-9-300x225.jpg\" alt=\"\" width=\"100%\" srcset=\"https:\/\/www.grieta.org.mx\/wp-content\/uploads\/2018\/07\/colorada-9-300x225.jpg 300w, https:\/\/www.grieta.org.mx\/wp-content\/uploads\/2018\/07\/colorada-9-666x500.jpg 666w, https:\/\/www.grieta.org.mx\/wp-content\/uploads\/2018\/07\/colorada-9.jpg 670w\" sizes=\"(max-width: 300px) 100vw, 300px\" \/><\/p>\n<p><img decoding=\"async\" data-attachment-id=\"24835\" data-permalink=\"https:\/\/www.grieta.org.mx\/index.php\/2016\/05\/10\/denuncian-desalojo-ilegal-por-minera-habitantes-de-la-colorada\/colorada-10\/\" data-orig-file=\"https:\/\/www.grieta.org.mx\/wp-content\/uploads\/2018\/07\/colorada-10.jpg\" data-orig-size=\"503,670\" data-comments-opened=\"0\" data-image-meta=\"{&quot;aperture&quot;:&quot;0&quot;,&quot;credit&quot;:&quot;&quot;,&quot;camera&quot;:&quot;&quot;,&quot;caption&quot;:&quot;&quot;,&quot;created_timestamp&quot;:&quot;0&quot;,&quot;copyright&quot;:&quot;&quot;,&quot;focal_length&quot;:&quot;0&quot;,&quot;iso&quot;:&quot;0&quot;,&quot;shutter_speed&quot;:&quot;0&quot;,&quot;title&quot;:&quot;&quot;,&quot;orientation&quot;:&quot;0&quot;}\" data-image-title=\"colorada-10\" data-image-description=\"\" data-image-caption=\"\" data-medium-file=\"https:\/\/www.grieta.org.mx\/wp-content\/uploads\/2018\/07\/colorada-10-225x300.jpg\" data-large-file=\"https:\/\/www.grieta.org.mx\/wp-content\/uploads\/2018\/07\/colorada-10.jpg\" class=\"aligncenter size-medium wp-image-24835\" src=\"http:\/\/www.grieta.org.mx\/wp-content\/uploads\/2018\/07\/colorada-10-225x300.jpg\" alt=\"\" width=\"100%\" srcset=\"https:\/\/www.grieta.org.mx\/wp-content\/uploads\/2018\/07\/colorada-10-225x300.jpg 225w, https:\/\/www.grieta.org.mx\/wp-content\/uploads\/2018\/07\/colorada-10-375x500.jpg 375w, https:\/\/www.grieta.org.mx\/wp-content\/uploads\/2018\/07\/colorada-10.jpg 503w\" sizes=\"(max-width: 225px) 100vw, 225px\" \/><\/p>\n<p><img decoding=\"async\" data-attachment-id=\"24836\" data-permalink=\"https:\/\/www.grieta.org.mx\/index.php\/2016\/05\/10\/denuncian-desalojo-ilegal-por-minera-habitantes-de-la-colorada\/colorada-11\/\" data-orig-file=\"https:\/\/www.grieta.org.mx\/wp-content\/uploads\/2018\/07\/colorada-11.jpg\" data-orig-size=\"503,670\" data-comments-opened=\"0\" data-image-meta=\"{&quot;aperture&quot;:&quot;0&quot;,&quot;credit&quot;:&quot;&quot;,&quot;camera&quot;:&quot;&quot;,&quot;caption&quot;:&quot;&quot;,&quot;created_timestamp&quot;:&quot;0&quot;,&quot;copyright&quot;:&quot;&quot;,&quot;focal_length&quot;:&quot;0&quot;,&quot;iso&quot;:&quot;0&quot;,&quot;shutter_speed&quot;:&quot;0&quot;,&quot;title&quot;:&quot;&quot;,&quot;orientation&quot;:&quot;0&quot;}\" data-image-title=\"colorada-11\" data-image-description=\"\" data-image-caption=\"\" data-medium-file=\"https:\/\/www.grieta.org.mx\/wp-content\/uploads\/2018\/07\/colorada-11-225x300.jpg\" data-large-file=\"https:\/\/www.grieta.org.mx\/wp-content\/uploads\/2018\/07\/colorada-11.jpg\" class=\"aligncenter size-medium wp-image-24836\" src=\"http:\/\/www.grieta.org.mx\/wp-content\/uploads\/2018\/07\/colorada-11-225x300.jpg\" alt=\"\" width=\"100%\" srcset=\"https:\/\/www.grieta.org.mx\/wp-content\/uploads\/2018\/07\/colorada-11-225x300.jpg 225w, https:\/\/www.grieta.org.mx\/wp-content\/uploads\/2018\/07\/colorada-11-375x500.jpg 375w, https:\/\/www.grieta.org.mx\/wp-content\/uploads\/2018\/07\/colorada-11.jpg 503w\" sizes=\"(max-width: 225px) 100vw, 225px\" \/><\/p>\n<p><a href=\"https:\/\/zacatecasonline.com.mx\/noticias\/municipios\/53295-desalojo-ilegal-colorada\" target=\"_blank\" rel=\"noopener\">https:\/\/zacatecasonline.com.mx\/noticias\/municipios\/53295-desalojo-ilegal-colorada<\/a><\/p>\n","protected":false},"excerpt":{"rendered":"<p>Emilia Pesci\/Zacatecas online Habitantes de la comunidad La Colorada, de Chalchihuites, han solicitado a la Secretar\u00eda de Econom\u00eda que detenga las actividades de la empresa minera Plata Panamericana que, dicen, &hellip; <a href=\"https:\/\/www.grieta.org.mx\/index.php\/2016\/05\/10\/denuncian-desalojo-ilegal-por-minera-habitantes-de-la-colorada\/\" class=\"more-link\">Leer m\u00e1s<\/a><\/p>\n","protected":false},"author":2,"featured_media":27508,"comment_status":"closed","ping_status":"closed","sticky":false,"template":"","format":"standard","meta":{"ngg_post_thumbnail":0,"_jetpack_newsletter_access":"","_jetpack_dont_email_post_to_subs":false,"_jetpack_newsletter_tier_id":0,"_jetpack_memberships_contains_paywalled_content":false,"_jetpack_memberships_contains_paid_content":false,"footnotes":""},"categories":[80,2,1866,76],"tags":[109,1503],"class_list":["post-24826","post","type-post","status-publish","format-standard","has-post-thumbnail","hentry","category-cintillo","category-noticias-nacionales","category-resistencia-contra-la-mineria-en-zacatecas","category-zacatecas","tag-mineria","tag-panamerican-silver-corp","entry"],"jetpack_featured_media_url":"https:\/\/www.grieta.org.mx\/wp-content\/uploads\/2018\/11\/colorada-300x225.jpg","jetpack_sharing_enabled":true,"jetpack_shortlink":"https:\/\/wp.me\/p7ZJR4-6sq","jetpack_likes_enabled":false,"jetpack-related-posts":[{"id":24844,"url":"https:\/\/www.grieta.org.mx\/index.php\/2016\/05\/10\/denuncia-desalojo-ilegal-por-minera-habitantes-de-la-colorada-zacatecas\/","url_meta":{"origin":24826,"position":0},"title":"Denuncia desalojo ilegal por minera habitantes de La Colorada (Zacatecas)","author":"grieta","date":"10 mayo, 2016","format":false,"excerpt":"Emilia Pesci\/Zacatecas online Habitantes de la comunidad La Colorada, de Chalchihuites, han solicitado a la Secretar\u00eda de Econom\u00eda que detenga las actividades de la empresa minera Plata Panamericana que, dicen, intenta desalojarlos de sus viviendas de manera ilegal. Desde principios de 2015 los habitantes denunciaron p\u00fablicamente que sus casas estaban\u2026","rel":"","context":"En &quot;CINTILLO&quot;","block_context":{"text":"CINTILLO","link":"https:\/\/www.grieta.org.mx\/index.php\/category\/cintillo\/"},"img":{"alt_text":"","src":"https:\/\/i0.wp.com\/www.grieta.org.mx\/wp-content\/uploads\/2018\/03\/14524434_1106112876131411_958039263622046936_o.jpg?resize=350%2C200&ssl=1","width":350,"height":200,"srcset":"https:\/\/i0.wp.com\/www.grieta.org.mx\/wp-content\/uploads\/2018\/03\/14524434_1106112876131411_958039263622046936_o.jpg?resize=350%2C200&ssl=1 1x, https:\/\/i0.wp.com\/www.grieta.org.mx\/wp-content\/uploads\/2018\/03\/14524434_1106112876131411_958039263622046936_o.jpg?resize=525%2C300&ssl=1 1.5x, https:\/\/i0.wp.com\/www.grieta.org.mx\/wp-content\/uploads\/2018\/03\/14524434_1106112876131411_958039263622046936_o.jpg?resize=700%2C400&ssl=1 2x"},"classes":[]},{"id":24846,"url":"https:\/\/www.grieta.org.mx\/index.php\/2017\/01\/31\/minera-desaloja-con-armas-a-47-familias-en-zacatecas\/","url_meta":{"origin":24826,"position":1},"title":"Minera desaloja con armas a 47 familias en Zacatecas","author":"grieta","date":"31 enero, 2017","format":false,"excerpt":"Redacci\u00f3n\/SDP noticias La canadiense Pan American Silver pretende explotar los yacimientos de la regi\u00f3n. M\u00e9xico.- Habitantes de La Colorada, en el municipio de Chalchihuites de Zacatecas, as\u00ed como extrabajadores de la minera canadiense Pan American Silver, denunciaron que fueron desalojados de sus casas tras un acoso de dos a\u00f1os. Seguridad\u2026","rel":"","context":"En &quot;CINTILLO&quot;","block_context":{"text":"CINTILLO","link":"https:\/\/www.grieta.org.mx\/index.php\/category\/cintillo\/"},"img":{"alt_text":"","src":"https:\/\/i0.wp.com\/www.grieta.org.mx\/wp-content\/uploads\/2018\/07\/Minera1.jpg?resize=350%2C200&ssl=1","width":350,"height":200,"srcset":"https:\/\/i0.wp.com\/www.grieta.org.mx\/wp-content\/uploads\/2018\/07\/Minera1.jpg?resize=350%2C200&ssl=1 1x, https:\/\/i0.wp.com\/www.grieta.org.mx\/wp-content\/uploads\/2018\/07\/Minera1.jpg?resize=525%2C300&ssl=1 1.5x"},"classes":[]},{"id":24848,"url":"https:\/\/www.grieta.org.mx\/index.php\/2017\/05\/08\/sufren-despojo-en-la-colorada-zacatecas\/","url_meta":{"origin":24826,"position":2},"title":"Sufren despojo en La Colorada (Zacatecas)","author":"grieta","date":"8 mayo, 2017","format":false,"excerpt":"Leticia Monta\u00f1ez\/NTR Zacatecas Chalchihuites.- A pesar de que 47 familias ten\u00edan un amparo para hacer su vida normal en la comunidad La Colorada, sus integrantes denunciaron haber sufrido saqueos y maltrato a sus animales dom\u00e9sticos, por parte de personal de la empresa minera Plata Panamericana, dio a conocer Aid\u00e9e Guerrero,\u2026","rel":"","context":"En &quot;CINTILLO&quot;","block_context":{"text":"CINTILLO","link":"https:\/\/www.grieta.org.mx\/index.php\/category\/cintillo\/"},"img":{"alt_text":"","src":"https:\/\/i0.wp.com\/www.grieta.org.mx\/wp-content\/uploads\/2018\/07\/sufren3.jpg?resize=350%2C200&ssl=1","width":350,"height":200,"srcset":"https:\/\/i0.wp.com\/www.grieta.org.mx\/wp-content\/uploads\/2018\/07\/sufren3.jpg?resize=350%2C200&ssl=1 1x, https:\/\/i0.wp.com\/www.grieta.org.mx\/wp-content\/uploads\/2018\/07\/sufren3.jpg?resize=525%2C300&ssl=1 1.5x, https:\/\/i0.wp.com\/www.grieta.org.mx\/wp-content\/uploads\/2018\/07\/sufren3.jpg?resize=700%2C400&ssl=1 2x"},"classes":[]},{"id":24850,"url":"https:\/\/www.grieta.org.mx\/index.php\/2018\/03\/29\/minera-destruye-casas-y-esclaviza-poblacion-en-zacatecas\/","url_meta":{"origin":24826,"position":3},"title":"Minera destruye casas y esclaviza poblaci\u00f3n en Zacatecas","author":"grieta","date":"29 marzo, 2018","format":false,"excerpt":"Gabriel RC\/Regeneracion Minera Panamerican Silver, con ejercito privado y complicidad de autoridades despoja y esclaviza a comunidad La Colorada, Zacatecas Regeneraci\u00f3n, 29 de marzo del 2018. Terror y esclavitud moderna por parte de la minera canadiense Panamerican Silver, denuncian. Denuncia de desplazamiento Forzado y Despojo de Territorio, no ha sido\u2026","rel":"","context":"En &quot;CINTILLO&quot;","block_context":{"text":"CINTILLO","link":"https:\/\/www.grieta.org.mx\/index.php\/category\/cintillo\/"},"img":{"alt_text":"","src":"https:\/\/i0.wp.com\/www.grieta.org.mx\/wp-content\/uploads\/2018\/07\/esc%C3%B1aviza.jpg?resize=350%2C200&ssl=1","width":350,"height":200,"srcset":"https:\/\/i0.wp.com\/www.grieta.org.mx\/wp-content\/uploads\/2018\/07\/esc%C3%B1aviza.jpg?resize=350%2C200&ssl=1 1x, https:\/\/i0.wp.com\/www.grieta.org.mx\/wp-content\/uploads\/2018\/07\/esc%C3%B1aviza.jpg?resize=525%2C300&ssl=1 1.5x, https:\/\/i0.wp.com\/www.grieta.org.mx\/wp-content\/uploads\/2018\/07\/esc%C3%B1aviza.jpg?resize=700%2C400&ssl=1 2x"},"classes":[]},{"id":36098,"url":"https:\/\/www.grieta.org.mx\/index.php\/2019\/06\/24\/durante-2018-organizacion-registro-25-casos-de-desplazamientos-forzados-masivos-en-el-pais\/","url_meta":{"origin":24826,"position":4},"title":"Durante 2018, organizaci\u00f3n registr\u00f3 25 casos de desplazamientos forzados masivos en el pa\u00eds","author":"grieta","date":"24 junio, 2019","format":false,"excerpt":"Raquel Ollaquindia\/La Jornada Zacatecas El informe, elaborado por Comisi\u00f3n Mexicana de Defensa y Protecci\u00f3n de los Derechos Humanos ? Zacatecas ha aparecido en dos ocasiones en este estudio, tanto en 2017 como en 2016 Durante 2018 en el pa\u00eds se registraron 25 casos de desplazamientos internos forzados masivos en cinco\u2026","rel":"","context":"En &quot;Desplazados an\u00e1lisis&quot;","block_context":{"text":"Desplazados an\u00e1lisis","link":"https:\/\/www.grieta.org.mx\/index.php\/category\/temas-nacionales\/desplazados_analisis\/"},"img":{"alt_text":"","src":"https:\/\/i0.wp.com\/www.grieta.org.mx\/wp-content\/uploads\/2019\/07\/Nota-1-Desplazamientos.jpg?resize=350%2C200&ssl=1","width":350,"height":200},"classes":[]},{"id":3499,"url":"https:\/\/www.grieta.org.mx\/index.php\/2015\/02\/22\/contaminacion-producida-por-minera-en-zacatecas-afecto-gravemente-la-salud-de-los-pobladores\/","url_meta":{"origin":24826,"position":5},"title":"Contaminaci\u00f3n producida por minera en Zacatecas afect\u00f3 gravemente la salud de los pobladores","author":"grieta","date":"22 febrero, 2015","format":false,"excerpt":"Redacci\u00f3n\/Lado B Plomo en la sangre, complicaciones respiratorias, malestares estomacales, infecci\u00f3n en los ojos son algunas de las complicaciones que presentan los habitantes de Chalchihuites, Zacatecas, por el trabajo de la minera El Toro, de la empresa canadiense First Majestic Silver Corp. La empresa realiza extracci\u00f3n de plata en esta\u2026","rel":"","context":"En &quot;CINTILLO&quot;","block_context":{"text":"CINTILLO","link":"https:\/\/www.grieta.org.mx\/index.php\/category\/cintillo\/"},"img":{"alt_text":"","src":"https:\/\/i0.wp.com\/www.grieta.org.mx\/wp-content\/uploads\/2015\/02\/mina6.jpg?resize=350%2C200&ssl=1","width":350,"height":200},"classes":[]}],"_links":{"self":[{"href":"https:\/\/www.grieta.org.mx\/index.php\/wp-json\/wp\/v2\/posts\/24826","targetHints":{"allow":["GET"]}}],"collection":[{"href":"https:\/\/www.grieta.org.mx\/index.php\/wp-json\/wp\/v2\/posts"}],"about":[{"href":"https:\/\/www.grieta.org.mx\/index.php\/wp-json\/wp\/v2\/types\/post"}],"author":[{"embeddable":true,"href":"https:\/\/www.grieta.org.mx\/index.php\/wp-json\/wp\/v2\/users\/2"}],"replies":[{"embeddable":true,"href":"https:\/\/www.grieta.org.mx\/index.php\/wp-json\/wp\/v2\/comments?post=24826"}],"version-history":[{"count":1,"href":"https:\/\/www.grieta.org.mx\/index.php\/wp-json\/wp\/v2\/posts\/24826\/revisions"}],"predecessor-version":[{"id":27510,"href":"https:\/\/www.grieta.org.mx\/index.php\/wp-json\/wp\/v2\/posts\/24826\/revisions\/27510"}],"wp:featuredmedia":[{"embeddable":true,"href":"https:\/\/www.grieta.org.mx\/index.php\/wp-json\/wp\/v2\/media\/27508"}],"wp:attachment":[{"href":"https:\/\/www.grieta.org.mx\/index.php\/wp-json\/wp\/v2\/media?parent=24826"}],"wp:term":[{"taxonomy":"category","embeddable":true,"href":"https:\/\/www.grieta.org.mx\/index.php\/wp-json\/wp\/v2\/categories?post=24826"},{"taxonomy":"post_tag","embeddable":true,"href":"https:\/\/www.grieta.org.mx\/index.php\/wp-json\/wp\/v2\/tags?post=24826"}],"curies":[{"name":"wp","href":"https:\/\/api.w.org\/{rel}","templated":true}]}}