{"id":24778,"date":"2018-07-17T22:31:53","date_gmt":"2018-07-18T03:31:53","guid":{"rendered":"http:\/\/www.grieta.org.mx\/?p=24778"},"modified":"2018-07-17T22:31:53","modified_gmt":"2018-07-18T03:31:53","slug":"desmiente-el-ejercito-zapatista-de-liberacion-nacional-contacto-alguno-con-amlo-comunicado-del-ccri-cg-del-ezln","status":"publish","type":"post","link":"https:\/\/www.grieta.org.mx\/index.php\/2018\/07\/17\/desmiente-el-ejercito-zapatista-de-liberacion-nacional-contacto-alguno-con-amlo-comunicado-del-ccri-cg-del-ezln\/","title":{"rendered":"Desmiente el Ej\u00e9rcito Zapatista de Liberaci\u00f3n Nacional contacto alguno con AMLO. Comunicado del CCRI-CG del EZLN"},"content":{"rendered":"<p>EJ\u00c9RCITO ZAPATISTA DE LIBERACI\u00d3N NACIONAL.<\/p>\n<p>M\u00c9XICO.<\/p>\n<p>AL PUEBLO DE M\u00c9XICO:<\/p>\n<p>A LOS PUEBLOS Y GOBIERNOS DEL MUNDO:<\/p>\n<p>A LOS MEDIOS LIBRES, ALTERNATIVOS, AUT\u00d3NOMOS O COMO SE LLAMEN:<\/p>\n<p>A LA SEXTA NACIONAL E INTERNACIONAL:<\/p>\n<p>AL CONGRESO NACIONAL IND\u00cdGENA Y AL CONCEJO IND\u00cdGENA DE GOBIERNO:<\/p>\n<p>A LA PRENSA NACIONAL E INTERNACIONAL:<\/p>\n<p>17 DE JULIO DEL 2018.<\/p>\n<p>  DESDE EL D\u00cdA DE AYER Y EN EL TRANSCURSO DEL D\u00cdA DE HOY, EN MEDIOS DE COMUNICACI\u00d3N CORRE LA VERSI\u00d3N, SUSTENTADA EN DECLARACIONES DEL SE\u00d1OR ALEJANDRO SOLALINDE (QUIEN SE OSTENTA COMO PRESB\u00cdTERO, SACERDOTE, CURA O COMO SE DIGA, CRISTIANO, CAT\u00d3LICO, APOST\u00d3LICO Y ROMANO), DE UN SUPUESTO ACERCAMIENTO ENTRE EL EZLN Y EL SE\u00d1OR ANDR\u00c9S MANUEL L\u00d3PEZ OBRADOR Y QUE \u201cYA ACEPT\u00d3 EL EZLN TENER EL PRIMER DI\u00c1LOGO\u201d (palabras textuales del se\u00f1or Solalinde).<\/p>\n<p>  SOBRE ESTA MENTIRA, EL EZLN DECLARA:<\/p>\n<p>PRIMERO: EL CCRI-CG DEL EZLN, DIRECCI\u00d3N POL\u00cdTICA, ORGANIZATIVA Y MILITAR DEL EZLN, NO HA ACEPTADO NING\u00daN PRIMER DI\u00c1LOGO CON NADIE.  COMO ES SABIDO POR QUIENES TIENEN EL M\u00cdNIMO CONOCIMIENTO SOBRE EL EZLN Y SUS MODOS, UN ASUNTO AS\u00cd SER\u00cdA COMUNICADO P\u00daBLICAMENTE CON ANTELACI\u00d3N.<\/p>\n<p>SEGUNDO: EL EZLN NO HA RECIBIDO DEL SE\u00d1OR SOLALINDE NADA M\u00c1S QUE MENTIRAS, INSULTOS, CALUMNIAS Y COMENTARIOS RACISTAS Y MACHISTAS, AL SUPONER \u00c9L QUE, COMO SE SOSTEN\u00cdA EN LA \u00c9POCA DEL SALINISMO Y EL ZEDILLISMO, SOMOS UNOS POBRES IND\u00cdGENAS IGNORANTES QUE SOMOS MANIPULADOS POR, USANDO SUS MISMAS PALABRAS, \u201cCAXLANES QUE ADMINISTRAN EL ZAPATISMO\u201d, Y QUE ESO EVITA QUE BAJEMOS LA VISTA Y NOS POSTREMOS ANTE QUIEN EL SE\u00d1OR SOLALINDE CONSIDERA EL NUEVO SALVADOR.<\/p>\n<p>TERCERO: ENTENDEMOS EL AFAN DE PROTAGONISMO DEL SE\u00d1OR SOLALINDE Y SU ACTITUD DE EXIGIR SOMETIMIENTO, PERO SE EQUIVOCA CON EL ZAPATISMO DEL EZLN.  NO S\u00d3LO EN ESO SE EQUIVOCA.  NO SABEMOS MUCHO DE ESO, PERO PARECE QUE UNO DE LOS MANDAMIENTOS DE LA IGLESIA A QUIEN DICE SERVIR EL SE\u00d1OR SOLALINDE, REZA: \u201cNO LEVANTAR\u00c1S FALSOS TESTIMONIOS CONTRA TU PR\u00d3JIMO NI MENTIR\u00c1S\u201d.<\/p>\n<p>CUARTO: COMO DEBER\u00cdA SABER CUALQUIERA QUE CONOZCA LAS LEYES MEXICANAS, EL SE\u00d1OR ANDR\u00c9S MANUEL L\u00d3PEZ OBRADOR NO ES EL PRESIDENTE DE M\u00c9XICO, NI SIQUIERA ES EL PRESIDENTE ELECTO.  PARA SER \u201cPRESIDENTE ELECTO\u201d, ES NECESARIA LA DECLARACI\u00d3N AL RESPECTO POR PARTE DEL TRIBUNAL ELECTORAL DEL PODER JUDICIAL DE LA FEDERACI\u00d3N; Y DE AH\u00cd SIGUE QUE LA C\u00c1MARA DE DIPUTADOS EMITA UN BANDO EN EL DIARIO OFICIAL DE LA FEDERACI\u00d3N DONDE LE COMUNICA A LA POBLACI\u00d3N QUE YA HAY UN PRESIDENTE ELECTO.  Y, SEG\u00daN LAS MISMAS LEYES, NO ES PRESIDENTE EN FUNCIONES HASTA QUE TOME PROTESTA EL D\u00cdA 1 DE DICIEMBRE DEL 2018.  POR CIERTO, DE ACUERDO A LA \u00daLTIMA REFORMA ELECTORAL, NO GOBERNAR\u00c1 6 A\u00d1OS, SINO DOS MESES MENOS.  CLARO, A MENOS QUE SE REFORME LA CONSTITUCI\u00d3N Y SE PERMITA LA REELECCI\u00d3N.<\/p>\n<p>QUINTO: SI LOS DEL EQUIPO DEL SE\u00d1OR ANDR\u00c9S MANUEL L\u00d3PEZ OBRADOR SE COMPORTAN COMO SI YA FUERAN GOBIERNO, PORQUE AS\u00cd SE LOS HAN HECHO CREER LOS GRANDES EMPRESARIOS (v\u00eda Youtube, lo que es una garant\u00eda de seriedad), LA ADMINISTRACI\u00d3N DEL SE\u00d1OR TRUMP (v\u00eda su visita fara\u00f3nica), Y LOS GRANDES MEDIOS DE COMUNICACI\u00d3N, SE ENTIENDE; PERO TAL VEZ NO ES CONVENIENTE ESO DE ADELANTAR YA SU DISPOSICI\u00d3N DE VIOLAR LAS LEYES BAJO EL AMPARO DE UN SUPUESTO \u201cCARRO COMPLETO\u201d (QUE ES LO QUE HIZO EL PRI DURANTE SU LARGO REINADO).<\/p>\n<p>SEXTO: EL EZLN TIENE YA LA AMARGA EXPERIENCIA DE ACEPTAR EL CONTACTO CON UN SE\u00d1OR QUE DESPU\u00c9S SER\u00cdA DECLARADO PRESIDENTE ELECTO.  NOS REFERIMOS AL SE\u00d1OR ERNESTO ZEDILLO PONCE DE LE\u00d3N, QUIEN APROVECH\u00d3 ESOS CONTACTOS INICIALES PARA PLANEAR EL ANIQUILAMIENTO DE LA DIRIGENCIA ZAPATISTA DE ENTONCES.  QUIEN OPER\u00d3 ESA TRAICI\u00d3N, EL SE\u00d1OR ESTEBAN MOCTEZUMA BARRAG\u00c1N, ES AHORA UNO DE LOS PROPUESTOS PARA FORMAR PARTE DEL GOBIERNO QUE SUPUESTAMENTE HABR\u00c1 DE TOMAR POSESI\u00d3N EL 1 DE DICIEMBRE DEL 2018, NO ANTES.  IGNORAMOS SI AHORA EL SE\u00d1OR SOLALINDE PRETENDE RELEVAR AL SE\u00d1OR MOCTEZUMA BARRAG\u00c1N EN LAS FUNCIONES QUE TUVO CON ZEDILLO.<\/p>\n<p>S\u00c9PTIMO: NO ES DE NUESTRA INCUMBENCIA, PERO MAL HACEN, QUIENES SE AUTODENOMINAN \u201cEL CAMBIO VERDADERO\u201d, AL ARRANCAR CON MENTIRAS, CALUMNIAS Y AMENAZAS.  YA LO HICIERON CON LO DEL PAPA, AHORA CON EL EZLN.  EST\u00c1N REPITIENDO LOS \u201cUSOS Y COSTUMBRES\u201d DE QUIENES DICEN HABER QUITADO DEL GOBIERNO.<\/p>\n<p>OCTAVO: COMO HA SIDO P\u00daBLICO, DESDE HACE AL MENOS 16 A\u00d1OS, DESPU\u00c9S DE LA CONTRARREFORMA IND\u00cdGENA, EL EZLN NO HA DIALOGADO CON LOS GOBIERNOS FEDERALES.  NI CON FOX DESPU\u00c9S DE 2001, NI CON CALDER\u00d3N, NI CON PE\u00d1A NIETO.  A NUESTRA DISPOSICI\u00d3N DE DI\u00c1LOGO SE HA RESPONDIDO SIEMPRE CON LA MENTIRA, LA CALUMNIA Y LA TRAICI\u00d3N.  SI HACEN FAVOR, PR\u00c9STENLE AL SE\u00d1OR SOLALINDE RECORTES DE PRENSA Y LIBROS QUE DETALLAN ESTO, PORQUE EST\u00c1 HACIENDO LO MISMO.<\/p>\n<p>NOVENO Y \u00daLTIMO: SI SOMOS \u201cSECTARIOS\u201d, \u201cMARGINALES\u201d Y \u201cRADICALES\u201d; SI ESTAMOS \u201cAISLADOS\u201d Y \u201cSOLOS\u201d; SI NO ESTAMOS \u201cDE MODA\u201d; SI NO REPRESENTAMOS NADA NI A NADIE; ENTONCES \u00bfPOR QU\u00c9 NO NOS DEJAN EN PAZ Y SIGUEN CELEBRANDO SU \u201cTRIUNFO\u201d? \u00bfPOR QU\u00c9 NO MEJOR SE PREPARAN BIEN, Y SIN MENTIRAS, PARA LOS 5 A\u00d1OS Y 10 MESES QUE ESTAR\u00c1N EN EL GOBIERNO FEDERAL? Y ORGAN\u00cdCENSE, PORQUE HASTA PARA PELEAR POR EL HUESO Y RECIBIR FELICITACIONES DEL DINERO ES MEJOR ESTAR ORGANIZAD@S.<\/p>\n<p>  \u00bfNOSOTRAS, NOSOTROS, NOSOTROAS, ZAPATISTAS?  PUES SEGUIREMOS EN LO QUE ESTAMOS DESDE HACE YA CASI 25 A\u00d1OS:<\/p>\n<p>\u00a1RESISTENCIA Y REBELD\u00cdA!<\/p>\n<p>  PORQUE LA LIBERTAD NO SE RECIBE NI COMO LIMOSNA, NI COMO FAVOR HUMANO O DIVINO; SE CONQUISTA LUCHANDO.<\/p>\n<p>ES TODO.<\/p>\n<p>Desde las monta\u00f1as del Sureste Mexicano.<\/p>\n<p>Por el Comit\u00e9 Clandestino Revolucionario Ind\u00edgena-Comandancia General del<\/p>\n<p>Ej\u00e9rcito Zapatista de Liberaci\u00f3n Nacional.<\/p>\n<p>Subcomandante Insurgente Mois\u00e9s.<\/p>\n<p>(100% mexicano, 100% originario de la lengua tzeltal (o \u201cind\u00edgena tzeltal\u201d para el se\u00f1or Solalinde), y 100% zapatista).<\/p>\n<p>M\u00e9xico, Julio del 2018.<\/p>\n<p><a href=\"http:\/\/enlacezapatista.ezln.org.mx\/2018\/07\/17\/desmiente-el-ejercito-zapatista-de-liberacion-nacional-contacto-alguno-con-amlo-comunicado-del-ccri-cg-del-ezln\/\">http:\/\/enlacezapatista.ezln.org.mx\/2018\/07\/17\/desmiente-el-ejercito-zapatista-de-liberacion-nacional-contacto-alguno-con-amlo-comunicado-del-ccri-cg-del-ezln\/<\/a><\/p>\n","protected":false},"excerpt":{"rendered":"<p>EJ\u00c9RCITO ZAPATISTA DE LIBERACI\u00d3N NACIONAL. M\u00c9XICO. AL PUEBLO DE M\u00c9XICO: A LOS PUEBLOS Y GOBIERNOS DEL MUNDO: A LOS MEDIOS LIBRES, ALTERNATIVOS, AUT\u00d3NOMOS O COMO SE LLAMEN: A LA SEXTA &hellip; <a href=\"https:\/\/www.grieta.org.mx\/index.php\/2018\/07\/17\/desmiente-el-ejercito-zapatista-de-liberacion-nacional-contacto-alguno-con-amlo-comunicado-del-ccri-cg-del-ezln\/\" class=\"more-link\">Leer m\u00e1s<\/a><\/p>\n","protected":false},"author":2,"featured_media":21928,"comment_status":"closed","ping_status":"closed","sticky":false,"template":"","format":"standard","meta":{"ngg_post_thumbnail":0,"_jetpack_newsletter_access":"","_jetpack_dont_email_post_to_subs":false,"_jetpack_newsletter_tier_id":0,"_jetpack_memberships_contains_paywalled_content":false,"_jetpack_memberships_contains_paid_content":false,"footnotes":""},"categories":[80,74,907],"tags":[],"class_list":["post-24778","post","type-post","status-publish","format-standard","has-post-thumbnail","hentry","category-cintillo","category-ezln","category-ezln-2","entry"],"jetpack_featured_media_url":"https:\/\/www.grieta.org.mx\/wp-content\/uploads\/2018\/03\/14524434_1106112876131411_958039263622046936_o.jpg","jetpack_sharing_enabled":true,"jetpack_shortlink":"https:\/\/wp.me\/p7ZJR4-6rE","jetpack_likes_enabled":false,"jetpack-related-posts":[{"id":72408,"url":"https:\/\/www.grieta.org.mx\/index.php\/2025\/10\/17\/informe-del-congreso-nacional-indigena-y-el-ejercito-zapatista-de-liberacion-nacional-sobre-lo-recaudado-para-las-comunidades-de-la-sierra-norte-de-veracruz-afectadas-por-las-intensas-lluvias-de-los-u\/","url_meta":{"origin":24778,"position":0},"title":"INFORME DEL CONGRESO NACIONAL IND\u00cdGENA Y EL EJ\u00c9RCITO ZAPATISTA DE LIBERACI\u00d3N NACIONAL SOBRE LO RECAUDADO PARA LAS COMUNIDADES DE LA SIERRA NORTE DE VERACRUZ AFECTADAS POR LAS INTENSAS LLUVIAS DE LOS \u00daLTIMOS D\u00cdAS","author":"grieta","date":"17 octubre, 2025","format":false,"excerpt":"INFORME DEL CONGRESO NACIONAL IND\u00cdGENA Y EL EJ\u00c9RCITO ZAPATISTA DE LIBERACI\u00d3N NACIONAL SOBRE LO RECAUDADO PARA LAS COMUNIDADES DE LA SIERRA NORTE DE VERACRUZ AFECTADAS POR LAS INTENSAS LLUVIAS DE LOS \u00daLTIMOS D\u00cdAS A nuestras hermanas y hermanos de los pueblos originarios de la Sierra Norte de Veracruz. Al Congreso\u2026","rel":"","context":"En &quot;CINTILLO&quot;","block_context":{"text":"CINTILLO","link":"https:\/\/www.grieta.org.mx\/index.php\/category\/cintillo\/"},"img":{"alt_text":"","src":"https:\/\/i0.wp.com\/www.grieta.org.mx\/wp-content\/uploads\/2025\/10\/CINTILLO_informe.jpg?resize=350%2C200&ssl=1","width":350,"height":200,"srcset":"https:\/\/i0.wp.com\/www.grieta.org.mx\/wp-content\/uploads\/2025\/10\/CINTILLO_informe.jpg?resize=350%2C200&ssl=1 1x, https:\/\/i0.wp.com\/www.grieta.org.mx\/wp-content\/uploads\/2025\/10\/CINTILLO_informe.jpg?resize=525%2C300&ssl=1 1.5x, https:\/\/i0.wp.com\/www.grieta.org.mx\/wp-content\/uploads\/2025\/10\/CINTILLO_informe.jpg?resize=700%2C400&ssl=1 2x"},"classes":[]},{"id":42476,"url":"https:\/\/www.grieta.org.mx\/index.php\/2019\/12\/23\/acuerdos-y-pronunciamiento-de-la-iv-asamblea-nacional-del-cni-cig-y-ezln\/","url_meta":{"origin":24778,"position":1},"title":"Acuerdos y pronunciamiento de la IV Asamblea Nacional del CNI-CIG y EZLN","author":"grieta","date":"23 diciembre, 2019","format":false,"excerpt":"Radio Zapatista. El 19 de diciembre de 2019 concluy\u00f3 la IV Asamblea Nacional del Congreso Nacional Ind\u00edgena \u2013 Concejo Ind\u00edgena de Gobierno y el Ej\u00e9rcito Zapatista de Liberaci\u00f3n Nacional. Despu\u00e9s de dos d\u00edas de deliberaciones a puerta cerrada, se realiz\u00f3 la plenaria abierta, en el Caracol Jacinto Canek, Cideci\/UniTierra, en\u2026","rel":"","context":"En &quot;CINTILLO&quot;","block_context":{"text":"CINTILLO","link":"https:\/\/www.grieta.org.mx\/index.php\/category\/cintillo\/"},"img":{"alt_text":"","src":"https:\/\/i0.wp.com\/www.grieta.org.mx\/wp-content\/uploads\/2019\/12\/1-2.jpg?resize=350%2C200&ssl=1","width":350,"height":200,"srcset":"https:\/\/i0.wp.com\/www.grieta.org.mx\/wp-content\/uploads\/2019\/12\/1-2.jpg?resize=350%2C200&ssl=1 1x, https:\/\/i0.wp.com\/www.grieta.org.mx\/wp-content\/uploads\/2019\/12\/1-2.jpg?resize=525%2C300&ssl=1 1.5x, https:\/\/i0.wp.com\/www.grieta.org.mx\/wp-content\/uploads\/2019\/12\/1-2.jpg?resize=700%2C400&ssl=1 2x"},"classes":[]},{"id":70981,"url":"https:\/\/www.grieta.org.mx\/index.php\/2025\/02\/16\/alto-a-los-ataques-contra-la-ucizoni-pronunciamiento-del-congreso-nacional-indigena-y-el-ezln-en-apoyo-a-quienes-resisten-en-el-istmo\/","url_meta":{"origin":24778,"position":2},"title":"ALTO A LOS ATAQUES CONTRA LA UCIZONI. PRONUNCIAMIENTO DEL CONGRESO NACIONAL IND\u00cdGENA Y EL EZLN EN APOYO A QUIENES RESISTEN EN EL ISTMO","author":"grieta","date":"16 febrero, 2025","format":false,"excerpt":"ALTO A LOS ATAQUES CONTRA LA UCIZONI PRONUNCIAMIENTO DEL CONGRESO NACIONAL IND\u00cdGENA Y EL EZLN EN APOYO A QUIENES RESISTEN EN EL ISTMO. A los pueblos ind\u00edgenas de M\u00e9xico y del mundo A las organizaciones en resistencia A la sociedad civil nacional e internacional Hermanas y hermanos: Desde el Congreso\u2026","rel":"","context":"En &quot;CINTILLO&quot;","block_context":{"text":"CINTILLO","link":"https:\/\/www.grieta.org.mx\/index.php\/category\/cintillo\/"},"img":{"alt_text":"","src":"https:\/\/i0.wp.com\/www.grieta.org.mx\/wp-content\/uploads\/2025\/02\/ucizoni.png?resize=350%2C200&ssl=1","width":350,"height":200,"srcset":"https:\/\/i0.wp.com\/www.grieta.org.mx\/wp-content\/uploads\/2025\/02\/ucizoni.png?resize=350%2C200&ssl=1 1x, https:\/\/i0.wp.com\/www.grieta.org.mx\/wp-content\/uploads\/2025\/02\/ucizoni.png?resize=525%2C300&ssl=1 1.5x, https:\/\/i0.wp.com\/www.grieta.org.mx\/wp-content\/uploads\/2025\/02\/ucizoni.png?resize=700%2C400&ssl=1 2x"},"classes":[]},{"id":61821,"url":"https:\/\/www.grieta.org.mx\/index.php\/2021\/09\/20\/comunidad-nahua-de-santa-maria-ostula-integrante-del-congreso-nacional-indigena-se-solidariza-con-las-comunidades-zapatistas\/","url_meta":{"origin":24778,"position":3},"title":"Comunidad nahua de Santa Mar\u00eda Ostula, integrante del Congreso Nacional Ind\u00edgena, se solidariza con las comunidades Zapatistas","author":"grieta","date":"20 septiembre, 2021","format":false,"excerpt":"COMUNIDAD NAHUA DE SANTA MAR\u00cdA OSTULA, MICHOAC\u00c1N\/RADIO ZAPATISTA #AltoALaGuerraContraLasComunidadesZapatistas #RutilioEscand\u00f3n #RutilioRepresor #AltoALaGuerraEnChiapas #OstulaVive A todos los medios de comunicaci\u00f3n, Al Ej\u00e9rcito Zapatista de Liberaci\u00f3n Nacional, Al Congreso Nacional Ind\u00edgena, Al Concejo Ind\u00edgena de Gobierno, A las organizaciones sociales, A la poblaci\u00f3n en general, Por medio de este comunicado, la comunidad\u2026","rel":"","context":"En &quot;CINTILLO&quot;","block_context":{"text":"CINTILLO","link":"https:\/\/www.grieta.org.mx\/index.php\/category\/cintillo\/"},"img":{"alt_text":"","src":"https:\/\/i0.wp.com\/www.grieta.org.mx\/wp-content\/uploads\/2021\/09\/Zap-Nahuas.jpg?resize=350%2C200&ssl=1","width":350,"height":200,"srcset":"https:\/\/i0.wp.com\/www.grieta.org.mx\/wp-content\/uploads\/2021\/09\/Zap-Nahuas.jpg?resize=350%2C200&ssl=1 1x, https:\/\/i0.wp.com\/www.grieta.org.mx\/wp-content\/uploads\/2021\/09\/Zap-Nahuas.jpg?resize=525%2C300&ssl=1 1.5x"},"classes":[]},{"id":46224,"url":"https:\/\/www.grieta.org.mx\/index.php\/2020\/03\/16\/por-coronavirus-el-ezln-cierra-caracoles-y-llama-a-no-abandonar-las-luchas-actuales-comunicado\/","url_meta":{"origin":24778,"position":4},"title":"POR CORONAVIRUS EL EZLN CIERRA CARACOLES Y LLAMA A NO ABANDONAR LAS LUCHAS ACTUALES (COMUNICADO)","author":"grieta","date":"16 marzo, 2020","format":false,"excerpt":"COMUNICADO DEL COMIT\u00c9 CLANDESTINO REVOLUCIONARIO IND\u00cdGENA-COMANDANCIA GENERAL DEL EJ\u00c9RCITO ZAPATISTA DE LIBERACI\u00d3N NACIONAL. M\u00c9XICO. 16 DE MARZO DEL 2020. AL PUEBLO DE MEXICO: A LOS PUEBLOS DEL MUNDO: AL CONGRESO NACIONAL IND\u00cdGENA \u2013 CONCEJO IND\u00cdGENA DE GOBIERNO: A LA SEXTA NACIONAL E INTERNACIONAL: A LAS REDES DE RESISTENCIA Y REBELD\u00cdA:\u2026","rel":"","context":"En &quot;CINTILLO&quot;","block_context":{"text":"CINTILLO","link":"https:\/\/www.grieta.org.mx\/index.php\/category\/cintillo\/"},"img":{"alt_text":"","src":"https:\/\/i0.wp.com\/www.grieta.org.mx\/wp-content\/uploads\/2020\/03\/21841-ezln-ejercito-zapatista_400px.jpg?resize=350%2C200&ssl=1","width":350,"height":200},"classes":[]},{"id":27703,"url":"https:\/\/www.grieta.org.mx\/index.php\/2018\/11\/24\/comunicado-del-cni-cig-y-ezln-al-pueblo-mapuche\/","url_meta":{"origin":24778,"position":5},"title":"Comunicado [conjunto del CNI, CIG y EZLN] al pueblo Mapuche","author":"grieta","date":"24 noviembre, 2018","format":false,"excerpt":"Comunicado: Al pueblo mapuche Al pueblo chileno A los pueblos originarios de Am\u00e9rica A la Sexta Internacional Hermanos y hermanas del digno pueblo mapuche, Los pueblos, naciones, tribus y barrios que conformamos el Congreso Nacional Ind\u00edgena, el Concejo Ind\u00edgena de Gobierno y el EZLN abrazamos solidariamente la familia del compa\u00f1ero\u2026","rel":"","context":"En &quot;CINTILLO&quot;","block_context":{"text":"CINTILLO","link":"https:\/\/www.grieta.org.mx\/index.php\/category\/cintillo\/"},"img":{"alt_text":"","src":"","width":0,"height":0},"classes":[]}],"_links":{"self":[{"href":"https:\/\/www.grieta.org.mx\/index.php\/wp-json\/wp\/v2\/posts\/24778","targetHints":{"allow":["GET"]}}],"collection":[{"href":"https:\/\/www.grieta.org.mx\/index.php\/wp-json\/wp\/v2\/posts"}],"about":[{"href":"https:\/\/www.grieta.org.mx\/index.php\/wp-json\/wp\/v2\/types\/post"}],"author":[{"embeddable":true,"href":"https:\/\/www.grieta.org.mx\/index.php\/wp-json\/wp\/v2\/users\/2"}],"replies":[{"embeddable":true,"href":"https:\/\/www.grieta.org.mx\/index.php\/wp-json\/wp\/v2\/comments?post=24778"}],"version-history":[{"count":1,"href":"https:\/\/www.grieta.org.mx\/index.php\/wp-json\/wp\/v2\/posts\/24778\/revisions"}],"predecessor-version":[{"id":24780,"href":"https:\/\/www.grieta.org.mx\/index.php\/wp-json\/wp\/v2\/posts\/24778\/revisions\/24780"}],"wp:featuredmedia":[{"embeddable":true,"href":"https:\/\/www.grieta.org.mx\/index.php\/wp-json\/wp\/v2\/media\/21928"}],"wp:attachment":[{"href":"https:\/\/www.grieta.org.mx\/index.php\/wp-json\/wp\/v2\/media?parent=24778"}],"wp:term":[{"taxonomy":"category","embeddable":true,"href":"https:\/\/www.grieta.org.mx\/index.php\/wp-json\/wp\/v2\/categories?post=24778"},{"taxonomy":"post_tag","embeddable":true,"href":"https:\/\/www.grieta.org.mx\/index.php\/wp-json\/wp\/v2\/tags?post=24778"}],"curies":[{"name":"wp","href":"https:\/\/api.w.org\/{rel}","templated":true}]}}