{"id":24718,"date":"2018-07-16T15:45:15","date_gmt":"2018-07-16T20:45:15","guid":{"rendered":"http:\/\/www.grieta.org.mx\/?p=24718"},"modified":"2018-07-16T15:47:35","modified_gmt":"2018-07-16T20:47:35","slug":"autorizan-presa-en-tlapacoya-pero-antes-consulta-indigena-puebla","status":"publish","type":"post","link":"https:\/\/www.grieta.org.mx\/index.php\/2018\/07\/16\/autorizan-presa-en-tlapacoya-pero-antes-consulta-indigena-puebla\/","title":{"rendered":"Autorizan presa en Tlapacoya, pero antes consulta ind\u00edgena (Puebla)"},"content":{"rendered":"<p><img loading=\"lazy\" decoding=\"async\" data-attachment-id=\"24719\" data-permalink=\"https:\/\/www.grieta.org.mx\/index.php\/2018\/07\/16\/autorizan-presa-en-tlapacoya-pero-antes-consulta-indigena-puebla\/imagen-hidroelectrica_1_0\/\" data-orig-file=\"https:\/\/www.grieta.org.mx\/wp-content\/uploads\/2018\/07\/imagen-hidroelectrica_1_0.jpg\" data-orig-size=\"640,426\" data-comments-opened=\"0\" data-image-meta=\"{&quot;aperture&quot;:&quot;0&quot;,&quot;credit&quot;:&quot;&quot;,&quot;camera&quot;:&quot;&quot;,&quot;caption&quot;:&quot;&quot;,&quot;created_timestamp&quot;:&quot;0&quot;,&quot;copyright&quot;:&quot;&quot;,&quot;focal_length&quot;:&quot;0&quot;,&quot;iso&quot;:&quot;0&quot;,&quot;shutter_speed&quot;:&quot;0&quot;,&quot;title&quot;:&quot;&quot;,&quot;orientation&quot;:&quot;0&quot;}\" data-image-title=\"imagen-hidroelectrica_1_0\" data-image-description=\"\" data-image-caption=\"\" data-medium-file=\"https:\/\/www.grieta.org.mx\/wp-content\/uploads\/2018\/07\/imagen-hidroelectrica_1_0-300x200.jpg\" data-large-file=\"https:\/\/www.grieta.org.mx\/wp-content\/uploads\/2018\/07\/imagen-hidroelectrica_1_0.jpg\" src=\"http:\/\/www.grieta.org.mx\/wp-content\/uploads\/2018\/07\/imagen-hidroelectrica_1_0-300x200.jpg\" alt=\"\" width=\"300\" height=\"200\" class=\"aligncenter size-medium wp-image-24719\" srcset=\"https:\/\/www.grieta.org.mx\/wp-content\/uploads\/2018\/07\/imagen-hidroelectrica_1_0-300x200.jpg 300w, https:\/\/www.grieta.org.mx\/wp-content\/uploads\/2018\/07\/imagen-hidroelectrica_1_0.jpg 640w\" sizes=\"auto, (max-width: 300px) 100vw, 300px\" \/><\/p>\n<p>Leticia \u00c1nimas Vargas\/ Municipios Puebla<\/p>\n<blockquote><p>Tlapacoya, Pue.- Condicionada a la realizaci\u00f3n de una consulta ind\u00edgena, la obtenci\u00f3n de un permiso de cambio de uso de suelo forestal y una licencia de la Comisi\u00f3n Nacional del Agua (Conagua) para el uso de las aguas del r\u00edo Ajajalpan, la Semarnat autoriz\u00f3 a la empresa Deselec Comexhidro la construcci\u00f3n de la presa Zoquiapa de la hidroel\u00e9ctrica Puebla 1 en el municipio de Tlapacoya.<\/p><\/blockquote>\n<p>De concretarse la obra cuyo permiso fue publicado este 12 de julio en la Gaceta Ecol\u00f3gica n\u00famero 34, ser\u00eda el segundo embalse que se construir\u00eda en el cauce ubicado en territorio de los pueblos totonaco y nahua en la Sierra Norte de la entidad y formar\u00e1 parte de la generadora de energ\u00eda con la que se pretende autoabastecer a la transnacional Walmart, seg\u00fan la concesi\u00f3n E\/1067\/AUT\/2013, otorgada por tiempo indefinido por la Comisi\u00f3n Reguladora de Energ\u00eda  en favor de Deselec.<\/p>\n<p>Sin embargo, antes de realizar cualquier trabajo, la empresa deber\u00e1 lanzar a \u201cconvocatoria de la Secretar\u00eda de Energ\u00eda\u201d, en coordinaci\u00f3n con la Secretar\u00eda de Gobernaci\u00f3n, una consulta a los pueblos ind\u00edgenas afectados que evite la violaci\u00f3n de los derechos establecidos en los art\u00edculos 1 y 2 de la Constituci\u00f3n General de la Rep\u00fablica y en el Convenio 169 de la Organizaci\u00f3n Internacional del Trabajo (OIT).<\/p>\n<p>Adem\u00e1s de que Deselec tampoco podr\u00e1 hacer alguna obra o actividad en tanto no obtenga la concesi\u00f3n de la Conagua para el uso de las aguas del r\u00edo Ajajalpan (Zoquiapa) y la licencia de cambio de uso de suelo forestal por parte del Consejo Estatal Forestal de Puebla, de la que forma parte la Comisi\u00f3n Nacional Forestal (Conafor).<\/p>\n<p>A la fecha, Semarnat \u00fanicamente ha realizado una consulta p\u00fablica sobre el proyecto, aunque de car\u00e1cter t\u00e9cnico, en la que algunas personas establecieron las razones por las que consideran que la hidroel\u00e9ctrica afectar\u00e1 los ecosistemas de la zona comprendida entre los poblados de Zoquiapa y Xochigcutla, en el municipio de Tlapacoya.<\/p>\n<p>Los trabajos para la construcci\u00f3n de la presa que almacenar\u00e1 900 mil metros c\u00fabicos de agua, comprenden la preparaci\u00f3n del \u00e1rea de afectaci\u00f3n directa de 3.8334 hect\u00e1reas en las que es necesario cambiar el uso de suelo en casi un 50 por ciento.  Tambi\u00e9n se pretende hacer una cortina de 42 metros de altura, la tuber\u00eda de conducci\u00f3n y una caseta de descarga.<\/p>\n<p>La obra, seg\u00fan la empresa, tiene el objetivo captar y derivar el agua del r\u00edo Zoquiapa (Ajajalpan) para conducirla a otro embalse denominado \u201cP.H. Puebla 1 -ya autorizado- a fin de complementar el gasto para generar energ\u00eda el\u00e9ctrica\u201d.<\/p>\n<p>Privada pero con dinero p\u00fablico<\/p>\n<p>La empresa Deselec 1, subsidiaria de Comexhidro, constituida por Salom\u00f3n Camhaji Samra, ex director de la antigua paraestatal Altos Hornos de M\u00e9xico, ahora privatizada, es la encargada de las obras que autoabastecer\u00e1n de electricidad a Walmart, Waldo\u2019s Mart, Suburbia, Vips, Colchas de M\u00e9xico y una persona f\u00edsica llamada Ileana Jinich Mekler, seg\u00fan un permiso de la Comisi\u00f3n Reguladora de Energ\u00eda.<\/p>\n<p>Este corporativo, seg\u00fan datos del centro de an\u00e1lisis PODER, recibi\u00f3 financiamiento del Departamento de Estado de Estados Unidos para la promoci\u00f3n de energ\u00edas renovables y recursos del Fondo Nacional de Infraestructura de Banobras, orientado a asumir los riesgos a la inversi\u00f3n para fomentar la participaci\u00f3n de la iniciativa privada en proyectos de infraestructura.<\/p>\n<p>De acuerdo con PODER, a las comunidades afectadas por el proyecto no se les proveer\u00e1 de electricidad, adem\u00e1s de que el proceso de consulta a las mismas inici\u00f3 cinco a\u00f1os despu\u00e9s de haber sido otorgado el primer permiso y cuando hicieron solicitudes de acceso a la informaci\u00f3n para conocer el proceso de consulta se les contest\u00f3 que est\u00e1 protegido por \u201csecreto industrial\u201d.<\/p>\n<p>La empresa ha promovido la creaci\u00f3n de la organizaci\u00f3n Campesinos Unidos de San Felipe Tepatl\u00e1n y Tlapacoya, adem\u00e1s de BioSierra A. C., usando recursos p\u00fablicos destinados a fines privados como la entrega de proyectos productivos que hizo el ex coordinador de Apoyos Financieros de la Secretar\u00eda de Econom\u00eda del estado de Puebla, Eduardo P\u00e9rez Merchant, en octubre de 2013.<\/p>\n<p>Mientras que en junio de 2016 el Instituto Nacional de Antropolog\u00eda e Historia (INAH) dio su visto bueno a la construcci\u00f3n de la Hidroel\u00e9ctrica Puebla 1 en territorio del pueblo totonak\u00fa no obstante haber encontrado al menos un sitio potencial de monumentos arqueol\u00f3gicos.<\/p>\n<p><a href=\"http:\/\/m.municipiospuebla.mx\/index.php\/nota\/2018-07-13\/al-momento\/autorizan-presa-en-zoquiapan-pero-con-consulta-ind%C3%ADgena\">http:\/\/m.municipiospuebla.mx\/index.php\/nota\/2018-07-13\/al-momento\/autorizan-presa-en-zoquiapan-pero-con-consulta-ind%C3%ADgena<\/a><\/p>\n","protected":false},"excerpt":{"rendered":"<p>Leticia \u00c1nimas Vargas\/ Municipios Puebla Tlapacoya, Pue.- Condicionada a la realizaci\u00f3n de una consulta ind\u00edgena, la obtenci\u00f3n de un permiso de cambio de uso de suelo forestal y una licencia &hellip; <a href=\"https:\/\/www.grieta.org.mx\/index.php\/2018\/07\/16\/autorizan-presa-en-tlapacoya-pero-antes-consulta-indigena-puebla\/\" class=\"more-link\">Leer m\u00e1s<\/a><\/p>\n","protected":false},"author":2,"featured_media":24719,"comment_status":"closed","ping_status":"closed","sticky":false,"template":"","format":"standard","meta":{"ngg_post_thumbnail":0,"_jetpack_newsletter_access":"","_jetpack_dont_email_post_to_subs":false,"_jetpack_newsletter_tier_id":0,"_jetpack_memberships_contains_paywalled_content":false,"_jetpack_memberships_contains_paid_content":false,"footnotes":""},"categories":[70,80,974,1,954,1443,3,922,942,2,1245,38,26],"tags":[732,109],"class_list":["post-24718","post","type-post","status-publish","format-standard","has-post-thumbnail","hentry","category-26-sierra-puebla","category-cintillo","category-esp-puebla","category-espejos-de-la-resistencia","category-espejos-estados","category-hidroelectrica-puebla-1","category-megaproyectos","category-megaproyectos-estados","category-mp-puebla","category-noticias-nacionales","category-oposicion-a-las-hidroelectricas-en-puebla","category-proyectos-hidricos","category-puebla","tag-hidroelectricas","tag-mineria","entry"],"jetpack_featured_media_url":"https:\/\/www.grieta.org.mx\/wp-content\/uploads\/2018\/07\/imagen-hidroelectrica_1_0.jpg","jetpack_sharing_enabled":true,"jetpack_shortlink":"https:\/\/wp.me\/p7ZJR4-6qG","jetpack_likes_enabled":false,"jetpack-related-posts":[{"id":40243,"url":"https:\/\/www.grieta.org.mx\/index.php\/2019\/09\/24\/omitieron-consulta-indigena-en-proyecto-de-hidroelectrica-en-puebla-acusan\/","url_meta":{"origin":24718,"position":0},"title":"Omitieron consulta ind\u00edgena en proyecto de hidroel\u00e9ctrica en Puebla, acusan","author":"Admin","date":"24 septiembre, 2019","format":false,"excerpt":"Berenice Mart\u00ednez \/ El Sol de Puebla Integrantes de la organizaci\u00f3n civil Fundar y pobladores de la Sierra Norte de Puebla expusieron las afectaciones que ha generado el proyecto de la hidroel\u00e9ctrica 1 en comunidades del estado, con el consentimiento de autoridades ambientales y culturales como la Semarnat, Conagua, INAH\u2026","rel":"","context":"En &quot;26. Sierra Puebla&quot;","block_context":{"text":"26. Sierra Puebla","link":"https:\/\/www.grieta.org.mx\/index.php\/category\/espejos-de-la-resistencia\/26-sierra-puebla\/"},"img":{"alt_text":"","src":"https:\/\/i0.wp.com\/www.grieta.org.mx\/wp-content\/uploads\/2019\/10\/EFPWOa9XUAAyUYf-1.jpg?resize=350%2C200&ssl=1","width":350,"height":200,"srcset":"https:\/\/i0.wp.com\/www.grieta.org.mx\/wp-content\/uploads\/2019\/10\/EFPWOa9XUAAyUYf-1.jpg?resize=350%2C200&ssl=1 1x, https:\/\/i0.wp.com\/www.grieta.org.mx\/wp-content\/uploads\/2019\/10\/EFPWOa9XUAAyUYf-1.jpg?resize=525%2C300&ssl=1 1.5x, https:\/\/i0.wp.com\/www.grieta.org.mx\/wp-content\/uploads\/2019\/10\/EFPWOa9XUAAyUYf-1.jpg?resize=700%2C400&ssl=1 2x"},"classes":[]},{"id":36703,"url":"https:\/\/www.grieta.org.mx\/index.php\/2019\/07\/18\/reconoce-juez-federal-irregularidades-en-permisos-de-hidroelectrica-puebla\/","url_meta":{"origin":24718,"position":1},"title":"Reconoce juez federal irregularidades en permisos de hidroel\u00e9ctrica (Puebla)","author":"Admin","date":"18 julio, 2019","format":false,"excerpt":"Laura Ruiz \/ e-consulta Comunidades totonacas de Puebla lograron que un juez federal reconociera como inv\u00e1lidos los permisos para el Proyecto Hidroel\u00e9ctrica Puebla 1. El amparo fue promovido por habitantes de San Felipe Tepatl\u00e1n, Altica y San Mateo Tlacotepec, junto con el Consejo Tiyat Tlali. Seg\u00fan la sentencia se deber\u00eda\u2026","rel":"","context":"En &quot;26. Sierra Puebla&quot;","block_context":{"text":"26. Sierra Puebla","link":"https:\/\/www.grieta.org.mx\/index.php\/category\/espejos-de-la-resistencia\/26-sierra-puebla\/"},"img":{"alt_text":"","src":"https:\/\/i0.wp.com\/www.grieta.org.mx\/wp-content\/uploads\/2019\/07\/hidro_7_0.jpg?resize=350%2C200&ssl=1","width":350,"height":200,"srcset":"https:\/\/i0.wp.com\/www.grieta.org.mx\/wp-content\/uploads\/2019\/07\/hidro_7_0.jpg?resize=350%2C200&ssl=1 1x, https:\/\/i0.wp.com\/www.grieta.org.mx\/wp-content\/uploads\/2019\/07\/hidro_7_0.jpg?resize=525%2C300&ssl=1 1.5x"},"classes":[]},{"id":28678,"url":"https:\/\/www.grieta.org.mx\/index.php\/2019\/01\/24\/criminalizan-a-totonacos-por-denunciar-anomalias-de-magaproyectos-en-puebla\/","url_meta":{"origin":24718,"position":2},"title":"Criminalizan a totonacos por denunciar anomal\u00edas de megaproyectos en Puebla","author":"grieta","date":"24 enero, 2019","format":false,"excerpt":"Lorena Gonz\u00e1lez Guzm\u00e1n \/ \u00c1ngulo 7 Organizaciones y defensores del pueblo totonaco han padecido criminalizaci\u00f3n en la Sierra Norte, derivada de las denuncias p\u00fablicas y legales contra la simulaci\u00f3n de consulta del Proyecto Hidroel\u00e9ctrico Puebla 1, acus\u00f3 el Centro de An\u00e1lisis e Investigaci\u00f3n (Fundar). En su investigaci\u00f3n denominada \u201cLibre determinaci\u00f3n\u2026","rel":"","context":"En &quot;26. Sierra Puebla&quot;","block_context":{"text":"26. Sierra Puebla","link":"https:\/\/www.grieta.org.mx\/index.php\/category\/espejos-de-la-resistencia\/26-sierra-puebla\/"},"img":{"alt_text":"","src":"https:\/\/i0.wp.com\/www.grieta.org.mx\/wp-content\/uploads\/2019\/01\/direct-20.jpg?resize=350%2C200&ssl=1","width":350,"height":200,"srcset":"https:\/\/i0.wp.com\/www.grieta.org.mx\/wp-content\/uploads\/2019\/01\/direct-20.jpg?resize=350%2C200&ssl=1 1x, https:\/\/i0.wp.com\/www.grieta.org.mx\/wp-content\/uploads\/2019\/01\/direct-20.jpg?resize=525%2C300&ssl=1 1.5x"},"classes":[]},{"id":40614,"url":"https:\/\/www.grieta.org.mx\/index.php\/2019\/10\/17\/dan-luz-verde-a-proyecto-hidroelectrico-en-la-sierra-de-puebla\/","url_meta":{"origin":24718,"position":3},"title":"Dan luz verde a proyecto hidroel\u00e9ctrico en la Sierra de Puebla","author":"Admin","date":"17 octubre, 2019","format":false,"excerpt":"Isreal Velazqu\u00e9z \/ La Silla Rota El Poder Judicial de la Federaci\u00f3n neg\u00f3 el amparo interpuesto en 2016 por integrantes de tres comunidades totonacas de la Sierra Norte de Puebla en contra del Proyecto Hidroel\u00e9ctrico Puebla 1 (PHP1) que pretende desarrollarse en los municipios San Felipe Tepatl\u00e1n, Ahuacatl\u00e1n y Tlapacoya,\u2026","rel":"","context":"En &quot;26. Sierra Puebla&quot;","block_context":{"text":"26. Sierra Puebla","link":"https:\/\/www.grieta.org.mx\/index.php\/category\/espejos-de-la-resistencia\/26-sierra-puebla\/"},"img":{"alt_text":"","src":"https:\/\/i0.wp.com\/www.grieta.org.mx\/wp-content\/uploads\/2019\/10\/disenohidroelectrica10-focus-0-0-983-557.jpg?resize=350%2C200&ssl=1","width":350,"height":200,"srcset":"https:\/\/i0.wp.com\/www.grieta.org.mx\/wp-content\/uploads\/2019\/10\/disenohidroelectrica10-focus-0-0-983-557.jpg?resize=350%2C200&ssl=1 1x, https:\/\/i0.wp.com\/www.grieta.org.mx\/wp-content\/uploads\/2019\/10\/disenohidroelectrica10-focus-0-0-983-557.jpg?resize=525%2C300&ssl=1 1.5x, https:\/\/i0.wp.com\/www.grieta.org.mx\/wp-content\/uploads\/2019\/10\/disenohidroelectrica10-focus-0-0-983-557.jpg?resize=700%2C400&ssl=1 2x"},"classes":[]},{"id":69852,"url":"https:\/\/www.grieta.org.mx\/index.php\/2024\/09\/26\/ayuntamiento-de-ahuacatlan-revoca-permisos-a-hidroelectrica-que-busca-suministrar-energia-a-walmart-puebla\/","url_meta":{"origin":24718,"position":4},"title":"Ayuntamiento de Ahuacatl\u00e1n revoca permisos a hidroel\u00e9ctrica que busca suministrar energ\u00eda a Walmart (Puebla)","author":"Admin","date":"26 septiembre, 2024","format":false,"excerpt":"Por Gabriela Hern\u00e1ndez \/ Proceso PUEBLA, Pue. (apro).- El ayuntamiento de Ahuacatl\u00e1n revoc\u00f3 permisos que esa comuna hab\u00eda otorgado en 2009 a la empresa Comexhidro-Deselec para construir una hidroel\u00e9ctrica sobre el r\u00edo Ajajalpan, en la Sierra Norte de Puebla, que pretende suministrar energ\u00eda a las tiendas Walmart. En sesi\u00f3n celebrada\u2026","rel":"","context":"En &quot;26. Sierra Puebla&quot;","block_context":{"text":"26. Sierra Puebla","link":"https:\/\/www.grieta.org.mx\/index.php\/category\/espejos-de-la-resistencia\/26-sierra-puebla\/"},"img":{"alt_text":"","src":"https:\/\/i0.wp.com\/www.grieta.org.mx\/wp-content\/uploads\/2019\/06\/hidroel%C3%A9ctrica.jpg?resize=350%2C200&ssl=1","width":350,"height":200,"srcset":"https:\/\/i0.wp.com\/www.grieta.org.mx\/wp-content\/uploads\/2019\/06\/hidroel%C3%A9ctrica.jpg?resize=350%2C200&ssl=1 1x, https:\/\/i0.wp.com\/www.grieta.org.mx\/wp-content\/uploads\/2019\/06\/hidroel%C3%A9ctrica.jpg?resize=525%2C300&ssl=1 1.5x, https:\/\/i0.wp.com\/www.grieta.org.mx\/wp-content\/uploads\/2019\/06\/hidroel%C3%A9ctrica.jpg?resize=700%2C400&ssl=1 2x"},"classes":[]},{"id":36706,"url":"https:\/\/www.grieta.org.mx\/index.php\/2019\/07\/18\/exigen-la-cancelacion-de-los-permisos-del-proyecto-hidroelectrico-puebla-1\/","url_meta":{"origin":24718,"position":5},"title":"Exigen la cancelaci\u00f3n de los permisos del Proyecto Hidroel\u00e9ctrico Puebla 1","author":"Admin","date":"18 julio, 2019","format":false,"excerpt":"La sentencia debe reconocer que los permisos violaron, entre otros, el derecho a la consulta y al consentimiento previo, libre e informado, as\u00ed como la obligaci\u00f3n de realizar estudios de impacto social. La construcci\u00f3n de la hidroel\u00e9ctrica traer\u00e1 como consecuencia la disminuci\u00f3n en la calidad del agua, generaci\u00f3n de gases\u2026","rel":"","context":"En &quot;26. Sierra Puebla&quot;","block_context":{"text":"26. Sierra Puebla","link":"https:\/\/www.grieta.org.mx\/index.php\/category\/espejos-de-la-resistencia\/26-sierra-puebla\/"},"img":{"alt_text":"","src":"https:\/\/i0.wp.com\/www.grieta.org.mx\/wp-content\/uploads\/2019\/07\/Hidroel%C3%A9ctrica_11-696x464.jpg?resize=350%2C200&ssl=1","width":350,"height":200,"srcset":"https:\/\/i0.wp.com\/www.grieta.org.mx\/wp-content\/uploads\/2019\/07\/Hidroel%C3%A9ctrica_11-696x464.jpg?resize=350%2C200&ssl=1 1x, https:\/\/i0.wp.com\/www.grieta.org.mx\/wp-content\/uploads\/2019\/07\/Hidroel%C3%A9ctrica_11-696x464.jpg?resize=525%2C300&ssl=1 1.5x"},"classes":[]}],"_links":{"self":[{"href":"https:\/\/www.grieta.org.mx\/index.php\/wp-json\/wp\/v2\/posts\/24718","targetHints":{"allow":["GET"]}}],"collection":[{"href":"https:\/\/www.grieta.org.mx\/index.php\/wp-json\/wp\/v2\/posts"}],"about":[{"href":"https:\/\/www.grieta.org.mx\/index.php\/wp-json\/wp\/v2\/types\/post"}],"author":[{"embeddable":true,"href":"https:\/\/www.grieta.org.mx\/index.php\/wp-json\/wp\/v2\/users\/2"}],"replies":[{"embeddable":true,"href":"https:\/\/www.grieta.org.mx\/index.php\/wp-json\/wp\/v2\/comments?post=24718"}],"version-history":[{"count":1,"href":"https:\/\/www.grieta.org.mx\/index.php\/wp-json\/wp\/v2\/posts\/24718\/revisions"}],"predecessor-version":[{"id":24720,"href":"https:\/\/www.grieta.org.mx\/index.php\/wp-json\/wp\/v2\/posts\/24718\/revisions\/24720"}],"wp:featuredmedia":[{"embeddable":true,"href":"https:\/\/www.grieta.org.mx\/index.php\/wp-json\/wp\/v2\/media\/24719"}],"wp:attachment":[{"href":"https:\/\/www.grieta.org.mx\/index.php\/wp-json\/wp\/v2\/media?parent=24718"}],"wp:term":[{"taxonomy":"category","embeddable":true,"href":"https:\/\/www.grieta.org.mx\/index.php\/wp-json\/wp\/v2\/categories?post=24718"},{"taxonomy":"post_tag","embeddable":true,"href":"https:\/\/www.grieta.org.mx\/index.php\/wp-json\/wp\/v2\/tags?post=24718"}],"curies":[{"name":"wp","href":"https:\/\/api.w.org\/{rel}","templated":true}]}}