{"id":24664,"date":"2018-07-11T16:44:52","date_gmt":"2018-07-11T21:44:52","guid":{"rendered":"http:\/\/www.grieta.org.mx\/?p=24664"},"modified":"2018-07-15T12:55:26","modified_gmt":"2018-07-15T17:55:26","slug":"preparan-encuentro-de-comunidades-en-rebeldia-contra-empresas-mineras-porque-concesionaron-30-mil-hectareas","status":"publish","type":"post","link":"https:\/\/www.grieta.org.mx\/index.php\/2018\/07\/11\/preparan-encuentro-de-comunidades-en-rebeldia-contra-empresas-mineras-porque-concesionaron-30-mil-hectareas\/","title":{"rendered":"Preparan encuentro de comunidades en rebeld\u00eda contra empresas mineras porque concesionaron 30 mil hect\u00e1reas (Oaxaca)"},"content":{"rendered":"<p>P\u00e1gina 3.<\/p>\n<p>Pedro Mat\u00edas,<\/p>\n<p>Oaxaca.- En el marco del D\u00eda Estatal de Rebeld\u00eda contra la Miner\u00eda se realizar\u00e1 el Encuentro de los Valles Centrales: Aqu\u00ed Decimos S\u00ed a la Vida, No a la Miner\u00eda para enfrentar las afectaciones porque el 70 % por ciento de su territorio, es decir, 130 mil hect\u00e1reas, ha sido concesionadas a la empresa canadiense Fortuna Silver.<\/p>\n<p><img loading=\"lazy\" decoding=\"async\" data-attachment-id=\"24665\" data-permalink=\"https:\/\/www.grieta.org.mx\/index.php\/2018\/07\/11\/preparan-encuentro-de-comunidades-en-rebeldia-contra-empresas-mineras-porque-concesionaron-30-mil-hectareas\/contra-mineras-istmo-1\/\" data-orig-file=\"https:\/\/www.grieta.org.mx\/wp-content\/uploads\/2018\/07\/Contra-mineras-Istmo-1.jpg\" data-orig-size=\"900,550\" data-comments-opened=\"0\" data-image-meta=\"{&quot;aperture&quot;:&quot;0&quot;,&quot;credit&quot;:&quot;&quot;,&quot;camera&quot;:&quot;&quot;,&quot;caption&quot;:&quot;&quot;,&quot;created_timestamp&quot;:&quot;1468141213&quot;,&quot;copyright&quot;:&quot;&quot;,&quot;focal_length&quot;:&quot;0&quot;,&quot;iso&quot;:&quot;0&quot;,&quot;shutter_speed&quot;:&quot;0&quot;,&quot;title&quot;:&quot;&quot;,&quot;orientation&quot;:&quot;0&quot;}\" data-image-title=\"Contra-mineras-Istmo-1\" data-image-description=\"\" data-image-caption=\"\" data-medium-file=\"https:\/\/www.grieta.org.mx\/wp-content\/uploads\/2018\/07\/Contra-mineras-Istmo-1-300x183.jpg\" data-large-file=\"https:\/\/www.grieta.org.mx\/wp-content\/uploads\/2018\/07\/Contra-mineras-Istmo-1.jpg\" src=\"http:\/\/www.grieta.org.mx\/wp-content\/uploads\/2018\/07\/Contra-mineras-Istmo-1-300x183.jpg\" alt=\"\" width=\"300\" height=\"183\" class=\"aligncenter size-medium wp-image-24665\" srcset=\"https:\/\/www.grieta.org.mx\/wp-content\/uploads\/2018\/07\/Contra-mineras-Istmo-1-300x183.jpg 300w, https:\/\/www.grieta.org.mx\/wp-content\/uploads\/2018\/07\/Contra-mineras-Istmo-1-768x469.jpg 768w, https:\/\/www.grieta.org.mx\/wp-content\/uploads\/2018\/07\/Contra-mineras-Istmo-1-818x500.jpg 818w, https:\/\/www.grieta.org.mx\/wp-content\/uploads\/2018\/07\/Contra-mineras-Istmo-1.jpg 900w\" sizes=\"auto, (max-width: 300px) 100vw, 300px\" \/><\/p>\n<p>As\u00ed lo dio a conocer el representante del colectivo oaxaque\u00f1os en defensa de los territorios, Neftal\u00ed Reyes M\u00e9ndez, quien agreg\u00f3 que en este encuentro a realizarse el pr\u00f3ximo 22 de julio en el municipio de San Antonino Castillo Velasco participaran alrededor de 30 comunidades de los distritos de Tlacolula, Ejutla y Ocotl\u00e1n.<\/p>\n<p>Explic\u00f3 que el objetivo de este encuentro es compartir y dise\u00f1ar estrategias para enfrentar las afectaciones ambientales, sociales y culturales producidas por las concesiones y proyectos mineros en los territorios de Oaxaca, ya que se pretende establecer un corredor minero que abarcar\u00eda de Tlacolula a Ejutla.<\/p>\n<p>Afortunadamente, dijo, ya son varias las comunidades que han decidido sumarse a esta tipo de resistencias al enterarse que sus territorios han sido concesionados sin ser consultados y sobre todo por los graves impactos ambientales que est\u00e1n provocando en San Jos\u00e9 del Progreso, San Pedro Totolapan y Magdalena Teitipac.<\/p>\n<p>Reyes M\u00e9ndez explic\u00f3 que el 22 de julio de 2015 se estableci\u00f3 el D\u00eda Estatal de Rebeld\u00eda contra la Miner\u00eda por lo que decidieron realizar ese encuentro para dise\u00f1ar estrategias de resistencia.<\/p>\n<p>Hizo hincapi\u00e9 que de 130 mil hect\u00e1reas concesionadas a Fortuna Silver, 80 mil corresponden a Ocotl\u00e1n y Ejutla y el resto, unas 50 mil a San Juan Chilateca y San Antonino Castillo Velasco.<\/p>\n<p>Al encuentro convocan las Autoridades de San Antonino Castillo Velasco, la Coordinadora de Pueblos Unidos por el Cuidado y la Defensa del Agua (COPUDA), el Frente de Autoridades Municipales y Agrarias (FAMA) y el Colectivo Oaxaque\u00f1o en Defensa de los Territorios.<\/p>\n<p>Esta actividad es un acuerdo de comunidades de Valles Centrales que se encuentran defendiendo su territorio frente a concesiones y proyectos mineros, tambi\u00e9n forma parte de los acuerdos generados en el Segundo Encuentro Estatal de Pueblos, Comunidades y Organizaciones \u201cAqu\u00ed Decimos S\u00ed a la Vida, No a la Miner\u00eda\u201d realizado en la comunidad de Magdalena Teitipac en el mes de febrero del presente a\u00f1o.<\/p>\n<p><a href=\"https:\/\/pagina3.mx\/2018\/07\/preparan-encuentro-de-comunidades-en-rebeldia-contra-empresas-mineras-porque-concesionaron-30-mil-hectareas\/\" rel=\"noopener\" target=\"_blank\">https:\/\/pagina3.mx\/2018\/07\/preparan-encuentro-de-comunidades-en-rebeldia-contra-empresas-mineras-porque-concesionaron-30-mil-hectareas\/<\/a><\/p>\n","protected":false},"excerpt":{"rendered":"<p>P\u00e1gina 3. Pedro Mat\u00edas, Oaxaca.- En el marco del D\u00eda Estatal de Rebeld\u00eda contra la Miner\u00eda se realizar\u00e1 el Encuentro de los Valles Centrales: Aqu\u00ed Decimos S\u00ed a la Vida, &hellip; <a href=\"https:\/\/www.grieta.org.mx\/index.php\/2018\/07\/11\/preparan-encuentro-de-comunidades-en-rebeldia-contra-empresas-mineras-porque-concesionaron-30-mil-hectareas\/\" class=\"more-link\">Leer m\u00e1s<\/a><\/p>\n","protected":false},"author":2,"featured_media":24665,"comment_status":"closed","ping_status":"closed","sticky":false,"template":"","format":"standard","meta":{"ngg_post_thumbnail":0,"_jetpack_newsletter_access":"","_jetpack_dont_email_post_to_subs":false,"_jetpack_newsletter_tier_id":0,"_jetpack_memberships_contains_paywalled_content":false,"_jetpack_memberships_contains_paid_content":false,"footnotes":""},"categories":[80,1357,2,25],"tags":[],"class_list":["post-24664","post","type-post","status-publish","format-standard","has-post-thumbnail","hentry","category-cintillo","category-conflictos-mineros-en-oaxaca","category-noticias-nacionales","category-oaxaca","entry"],"jetpack_featured_media_url":"https:\/\/www.grieta.org.mx\/wp-content\/uploads\/2018\/07\/Contra-mineras-Istmo-1.jpg","jetpack_sharing_enabled":true,"jetpack_shortlink":"https:\/\/wp.me\/p7ZJR4-6pO","jetpack_likes_enabled":false,"jetpack-related-posts":[{"id":44855,"url":"https:\/\/www.grieta.org.mx\/index.php\/2020\/02\/21\/se-opone-cuatro-venados-a-la-mineria-oaxaca\/","url_meta":{"origin":24664,"position":0},"title":"Se opone Cuatro Venados a la miner\u00eda (Oaxaca)","author":"grieta","date":"21 febrero, 2020","format":false,"excerpt":"Noticias \/ Octavio V\u00e9lez. Comuneros de San Pablo Cuatro Venados, regi\u00f3n de Valles Centrales, denunciaron que el gobierno federal de Enrique Pe\u00f1a Nieto entreg\u00f3 tres concesiones mineras en su territorio para la explotaci\u00f3n de oro y plata, sin su consentimiento y sin respetar sus derechos. En conferencia de prensa, la\u2026","rel":"","context":"En &quot;CINTILLO&quot;","block_context":{"text":"CINTILLO","link":"https:\/\/www.grieta.org.mx\/index.php\/category\/cintillo\/"},"img":{"alt_text":"","src":"https:\/\/i0.wp.com\/www.grieta.org.mx\/wp-content\/uploads\/2020\/02\/copia_de_minera_1.jpg?resize=350%2C200&ssl=1","width":350,"height":200,"srcset":"https:\/\/i0.wp.com\/www.grieta.org.mx\/wp-content\/uploads\/2020\/02\/copia_de_minera_1.jpg?resize=350%2C200&ssl=1 1x, https:\/\/i0.wp.com\/www.grieta.org.mx\/wp-content\/uploads\/2020\/02\/copia_de_minera_1.jpg?resize=525%2C300&ssl=1 1.5x, https:\/\/i0.wp.com\/www.grieta.org.mx\/wp-content\/uploads\/2020\/02\/copia_de_minera_1.jpg?resize=700%2C400&ssl=1 2x, https:\/\/i0.wp.com\/www.grieta.org.mx\/wp-content\/uploads\/2020\/02\/copia_de_minera_1.jpg?resize=1050%2C600&ssl=1 3x"},"classes":[]},{"id":70622,"url":"https:\/\/www.grieta.org.mx\/index.php\/2024\/11\/15\/comunidades-zapotecas-de-valles-centrales-de-oaxaca-rechazan-la-mineria-y-exigen-la-cancelacion-de-proyectos-extractivistas\/","url_meta":{"origin":24664,"position":1},"title":"Comunidades zapotecas de Valles Centrales de Oaxaca rechazan la miner\u00eda y exigen la cancelaci\u00f3n de proyectos extractivistas","author":"grieta","date":"15 noviembre, 2024","format":false,"excerpt":"Imagen: Somos el Medio 29 comunidades zapotecas de los Valles Centrales de Oaxaca firmaron una declaratoria regional para prohibir la miner\u00eda en sus territorios, exigiendo la cancelaci\u00f3n del proyecto minero San Jos\u00e9 y las concesiones otorgadas sin su consentimiento, en defensa de sus derechos, el medio ambiente y su tejido\u2026","rel":"","context":"En &quot;CINTILLO&quot;","block_context":{"text":"CINTILLO","link":"https:\/\/www.grieta.org.mx\/index.php\/category\/cintillo\/"},"img":{"alt_text":"","src":"https:\/\/i0.wp.com\/www.grieta.org.mx\/wp-content\/uploads\/2024\/12\/466868332_588359390253850_6499656997780845187_n.jpg?resize=350%2C200&ssl=1","width":350,"height":200,"srcset":"https:\/\/i0.wp.com\/www.grieta.org.mx\/wp-content\/uploads\/2024\/12\/466868332_588359390253850_6499656997780845187_n.jpg?resize=350%2C200&ssl=1 1x, https:\/\/i0.wp.com\/www.grieta.org.mx\/wp-content\/uploads\/2024\/12\/466868332_588359390253850_6499656997780845187_n.jpg?resize=525%2C300&ssl=1 1.5x, https:\/\/i0.wp.com\/www.grieta.org.mx\/wp-content\/uploads\/2024\/12\/466868332_588359390253850_6499656997780845187_n.jpg?resize=700%2C400&ssl=1 2x, https:\/\/i0.wp.com\/www.grieta.org.mx\/wp-content\/uploads\/2024\/12\/466868332_588359390253850_6499656997780845187_n.jpg?resize=1050%2C600&ssl=1 3x, https:\/\/i0.wp.com\/www.grieta.org.mx\/wp-content\/uploads\/2024\/12\/466868332_588359390253850_6499656997780845187_n.jpg?resize=1400%2C800&ssl=1 4x"},"classes":[]},{"id":145,"url":"https:\/\/www.grieta.org.mx\/index.php\/2016\/02\/01\/mineria-en-oaxaca-imposicion-temor-y-despojo\/","url_meta":{"origin":24664,"position":2},"title":"Miner\u00eda en Oaxaca: imposici\u00f3n, temor y despojo","author":"grieta","date":"1 febrero, 2016","format":false,"excerpt":"Roc\u00edo Flores, Oaxaca Ejutla de Crespo, Oaxaca.- \u201cEl territorio es abajo, arriba\u201d, el territorio no s\u00f3lo es s\u00f3lo una parcela de tierra, es el agua, las plantas, los r\u00edos, nuestras familias, nuestros derechos\u201d, coincidieron habitantes de 48 comunidades de Oaxaca y otros pa\u00edses a quienes se les ha violentado su\u2026","rel":"","context":"En &quot;CINTILLO&quot;","block_context":{"text":"CINTILLO","link":"https:\/\/www.grieta.org.mx\/index.php\/category\/cintillo\/"},"img":{"alt_text":"","src":"https:\/\/i0.wp.com\/www.grieta.org.mx\/wp-content\/uploads\/2018\/03\/14524434_1106112876131411_958039263622046936_o.jpg?resize=350%2C200&ssl=1","width":350,"height":200,"srcset":"https:\/\/i0.wp.com\/www.grieta.org.mx\/wp-content\/uploads\/2018\/03\/14524434_1106112876131411_958039263622046936_o.jpg?resize=350%2C200&ssl=1 1x, https:\/\/i0.wp.com\/www.grieta.org.mx\/wp-content\/uploads\/2018\/03\/14524434_1106112876131411_958039263622046936_o.jpg?resize=525%2C300&ssl=1 1.5x, https:\/\/i0.wp.com\/www.grieta.org.mx\/wp-content\/uploads\/2018\/03\/14524434_1106112876131411_958039263622046936_o.jpg?resize=700%2C400&ssl=1 2x"},"classes":[]},{"id":57760,"url":"https:\/\/www.grieta.org.mx\/index.php\/2021\/02\/08\/covid19-freno-epidemia-de-rebeldia-vs-mineria-en-pueblos-indigenas-oaxaca\/","url_meta":{"origin":24664,"position":3},"title":"Covid19 fren\u00f3 epidemia de rebeld\u00eda vs miner\u00eda en pueblos ind\u00edgenas (Oaxaca)","author":"grieta","date":"8 febrero, 2021","format":false,"excerpt":"P\u00e1gina 3 \/ Pedro Mat\u00edas. OAXACA, Oax. (pagina3.mx).- Cuando la epidemia de la rebeld\u00eda contra la miner\u00eda parec\u00eda haber contagiado a los pueblos originarios de Oaxaca, lleg\u00f3 la pandemia de la Covid-19, para frenar, aislar e inmovilizar los procesos de resistencia. Ganaban amparos en defensa de su territorio contra los\u2026","rel":"","context":"En &quot;CINTILLO&quot;","block_context":{"text":"CINTILLO","link":"https:\/\/www.grieta.org.mx\/index.php\/category\/cintillo\/"},"img":{"alt_text":"","src":"https:\/\/i0.wp.com\/www.grieta.org.mx\/wp-content\/uploads\/2021\/03\/7-1.jpg?resize=350%2C200&ssl=1","width":350,"height":200,"srcset":"https:\/\/i0.wp.com\/www.grieta.org.mx\/wp-content\/uploads\/2021\/03\/7-1.jpg?resize=350%2C200&ssl=1 1x, https:\/\/i0.wp.com\/www.grieta.org.mx\/wp-content\/uploads\/2021\/03\/7-1.jpg?resize=525%2C300&ssl=1 1.5x, https:\/\/i0.wp.com\/www.grieta.org.mx\/wp-content\/uploads\/2021\/03\/7-1.jpg?resize=700%2C400&ssl=1 2x"},"classes":[]},{"id":68528,"url":"https:\/\/www.grieta.org.mx\/index.php\/2024\/02\/19\/que-ni-lo-intenten-nuestro-territorio-es-libre-de-mineria-le-dicen-zoques-de-chimalapas-a-canadiense-minaurum-gold-y-gobierno-federal-oaxaca\/","url_meta":{"origin":24664,"position":4},"title":"\u201cQue ni lo intenten, nuestro territorio es libre de miner\u00eda\u201d le dicen zoques de Chimalapas a canadiense Minaurum Gold y gobierno federal (Oaxaca)","author":"grieta","date":"19 febrero, 2024","format":false,"excerpt":"Imagen: Istmo Press Diana Manzo \/ Istmo Press \u201cQue ni lo intenten, nuestro territorio es libre de Mineria \u201d, le dicen comuneros zoques al gobierno federal y a la empresa minera canadiense Minaurum Gold tras un anuncio publico de querer explotar este territorio ubicado en el Istmo oaxaque\u00f1o. Los comuneros\u2026","rel":"","context":"En &quot;CINTILLO&quot;","block_context":{"text":"CINTILLO","link":"https:\/\/www.grieta.org.mx\/index.php\/category\/cintillo\/"},"img":{"alt_text":"","src":"https:\/\/i0.wp.com\/www.grieta.org.mx\/wp-content\/uploads\/2024\/02\/1708409990085-800x445-1.jpg?resize=350%2C200&ssl=1","width":350,"height":200,"srcset":"https:\/\/i0.wp.com\/www.grieta.org.mx\/wp-content\/uploads\/2024\/02\/1708409990085-800x445-1.jpg?resize=350%2C200&ssl=1 1x, https:\/\/i0.wp.com\/www.grieta.org.mx\/wp-content\/uploads\/2024\/02\/1708409990085-800x445-1.jpg?resize=525%2C300&ssl=1 1.5x, https:\/\/i0.wp.com\/www.grieta.org.mx\/wp-content\/uploads\/2024\/02\/1708409990085-800x445-1.jpg?resize=700%2C400&ssl=1 2x"},"classes":[]},{"id":62468,"url":"https:\/\/www.grieta.org.mx\/index.php\/2021\/10\/09\/oaxaca-se-manifiestan-contra-la-mineria-canadiense\/","url_meta":{"origin":24664,"position":5},"title":"Oaxaca: Se manifiestan contra la miner\u00eda canadiense","author":"grieta","date":"9 octubre, 2021","format":false,"excerpt":"Avispa Midia \/ Rafael E. Lozano. A tres a\u00f1os de que la Minera Cuzcatl\u00e1n, filial de la canadiense Fortuna Silver Mines ubicada en San Jos\u00e9 del Progreso, Oaxaca, derramara desechos t\u00f3xicos de su presa de jales en el r\u00edo Coyote, clausuraron el 8 de octubre el evento denominado \u201cEncuentros Ind\u00edgenas\u2026","rel":"","context":"En &quot;CINTILLO&quot;","block_context":{"text":"CINTILLO","link":"https:\/\/www.grieta.org.mx\/index.php\/category\/cintillo\/"},"img":{"alt_text":"","src":"https:\/\/i0.wp.com\/www.grieta.org.mx\/wp-content\/uploads\/2021\/10\/a-2.jpg?resize=350%2C200&ssl=1","width":350,"height":200,"srcset":"https:\/\/i0.wp.com\/www.grieta.org.mx\/wp-content\/uploads\/2021\/10\/a-2.jpg?resize=350%2C200&ssl=1 1x, https:\/\/i0.wp.com\/www.grieta.org.mx\/wp-content\/uploads\/2021\/10\/a-2.jpg?resize=525%2C300&ssl=1 1.5x, https:\/\/i0.wp.com\/www.grieta.org.mx\/wp-content\/uploads\/2021\/10\/a-2.jpg?resize=700%2C400&ssl=1 2x, https:\/\/i0.wp.com\/www.grieta.org.mx\/wp-content\/uploads\/2021\/10\/a-2.jpg?resize=1050%2C600&ssl=1 3x"},"classes":[]}],"_links":{"self":[{"href":"https:\/\/www.grieta.org.mx\/index.php\/wp-json\/wp\/v2\/posts\/24664","targetHints":{"allow":["GET"]}}],"collection":[{"href":"https:\/\/www.grieta.org.mx\/index.php\/wp-json\/wp\/v2\/posts"}],"about":[{"href":"https:\/\/www.grieta.org.mx\/index.php\/wp-json\/wp\/v2\/types\/post"}],"author":[{"embeddable":true,"href":"https:\/\/www.grieta.org.mx\/index.php\/wp-json\/wp\/v2\/users\/2"}],"replies":[{"embeddable":true,"href":"https:\/\/www.grieta.org.mx\/index.php\/wp-json\/wp\/v2\/comments?post=24664"}],"version-history":[{"count":1,"href":"https:\/\/www.grieta.org.mx\/index.php\/wp-json\/wp\/v2\/posts\/24664\/revisions"}],"predecessor-version":[{"id":24708,"href":"https:\/\/www.grieta.org.mx\/index.php\/wp-json\/wp\/v2\/posts\/24664\/revisions\/24708"}],"wp:featuredmedia":[{"embeddable":true,"href":"https:\/\/www.grieta.org.mx\/index.php\/wp-json\/wp\/v2\/media\/24665"}],"wp:attachment":[{"href":"https:\/\/www.grieta.org.mx\/index.php\/wp-json\/wp\/v2\/media?parent=24664"}],"wp:term":[{"taxonomy":"category","embeddable":true,"href":"https:\/\/www.grieta.org.mx\/index.php\/wp-json\/wp\/v2\/categories?post=24664"},{"taxonomy":"post_tag","embeddable":true,"href":"https:\/\/www.grieta.org.mx\/index.php\/wp-json\/wp\/v2\/tags?post=24664"}],"curies":[{"name":"wp","href":"https:\/\/api.w.org\/{rel}","templated":true}]}}